{"id":120576,"date":"2025-06-30T10:00:00","date_gmt":"2025-06-30T08:00:00","guid":{"rendered":"https:\/\/obera.fr\/nuestro-consejo\/temoignages-tailleurs-pierre\/"},"modified":"2025-07-08T14:08:27","modified_gmt":"2025-07-08T12:08:27","slug":"temoignages-tailleurs-pierre","status":"publish","type":"post","link":"https:\/\/obera.fr\/es\/nuestro-consejo\/temoignages-tailleurs-pierre\/","title":{"rendered":"\u00abYa no pod\u00edamos ver el sol en el taller\u00bb: testimonios de canteros enfrentados al polvo y la silicosis"},"content":{"rendered":"\n<p>En los talleres de canter\u00eda, el polvo forma parte del decorado. Pero lo que ayer parec\u00eda inofensivo ahora se reconoce como un <strong>riesgo importante para la salud<\/strong>. Entrevistamos a varios canteros en distintas etapas de su carrera. Nos cuentan sus experiencias, sus preocupaciones&#8230; y las soluciones que han puesto en marcha para protegerse.     <\/p>\n\n<h2 class=\"wp-block-heading\">\u2726 Pierre, 58 a\u00f1os &#8211; 35 a\u00f1os en el oficio  <\/h2>\n\n<p><em>\u00abEn aquella \u00e9poca, la gente no hablaba de silicosis. Era normal toser.  <\/em><\/p>\n\n<p>\u00abEmpec\u00e9 en la canter\u00eda cuando ten\u00eda 20 a\u00f1os. Trabaj\u00e1bamos entre nubes de polvo. Entonces no ten\u00edamos m\u00e1scaras ni ventilaci\u00f3n. Pensaba que era normal acabar el d\u00eda con la garganta ardiendo. Ahora tengo una fibrosis incipiente. Mi m\u00e9dico me dijo que era silicosis. Si lo hubiera sabido&#8230;\u00bb.  <\/p>\n\n<h2 class=\"wp-block-heading\">\u2726 Lina, 32 a\u00f1os &#8211; Oficial cantero  <\/h2>\n\n<p><em>\u00abPronto me di cuenta de que el polvo no s\u00f3lo era sucio. Era peligroso\u00bb.  <\/em><\/p>\n\n<p>\u00abCuando me incorpor\u00e9 al oficio, me sorprendi\u00f3 ver algunos talleres sin extracci\u00f3n de aire. Afortunadamente, donde yo trabajo tenemos purificadores OberA y unidades m\u00f3viles de extracci\u00f3n. Eso lo cambia todo: el aire es respirable y estamos menos cansados. Trabajamos mejor, con m\u00e1s serenidad.  <\/p>\n\n<h2 class=\"wp-block-heading\">\u2726 Julien, 41 a\u00f1os &#8211; Jefe de taller  <\/h2>\n\n<p><em>\u00abInvertir en un buen sistema significa proteger a tu equipo\u00bb.  <\/em><\/p>\n\n<p>\u00abDirijo un taller con unos diez sastres. El polvo de s\u00edlice es nuestro enemigo silencioso. Desde que instalamos un sistema de eliminaci\u00f3n de polvo OberA, las reacciones han sido un\u00e1nimes: menos tos, menos polvo por todas partes, un mejor entorno de trabajo. Es una inversi\u00f3n que tiene sentido en t\u00e9rminos humanos, y que adem\u00e1s cumple los requisitos normativos.  <\/p>\n\n<h3 class=\"wp-block-heading\">Lo que dicen estos testimonios  <\/h3>\n\n<ul class=\"wp-block-list\">\n<li>Algunos artesanos experimentados se han dado cuenta recientemente de este hecho.  <\/li>\n\n\n\n<li>Las generaciones m\u00e1s j\u00f3venes est\u00e1n mejor informadas, pero buscan talleres que inviertan en su salud.  <\/li>\n\n\n\n<li>Las soluciones t\u00e9cnicas existen: son <strong>inversiones preventivas esenciales<\/strong>, no artilugios.  <\/li>\n<\/ul>\n\n<h2 class=\"wp-block-heading\">Herramientas para respirar mejor y trabajar mejor<\/h2>\n\n<p>OberA apoya a los talleres en su transici\u00f3n hacia un entorno m\u00e1s saludable con soluciones a medida:  <\/p>\n\n<ul class=\"wp-block-list\">\n<li><strong>Cajas m\u00f3viles <\/strong>: ideales para peque\u00f1as estructuras u operaciones puntuales.  <\/li>\n\n\n\n<li><strong>Colectores de polvo fijos <\/strong>: para un tratamiento centralizado de alto rendimiento.  <\/li>\n\n\n\n<li><strong>Purificadores de <\/strong> aire: para una purificaci\u00f3n continua del aire.  <\/li>\n<\/ul>\n\n<p><strong>Porque no merece la pena perder la salud por ning\u00fan trabajo.  <\/strong><\/p>\n\n<p><strong>OberA<\/strong>, socio de los canteros.<\/p>\n","protected":false},"excerpt":{"rendered":"<p>En los talleres de canter\u00eda, el polvo forma parte del decorado. Pero lo que ayer parec\u00eda inofensivo ahora se reconoce como un riesgo importante para la salud.   <\/p>\n","protected":false},"author":13,"featured_media":120535,"comment_status":"open","ping_status":"closed","sticky":false,"template":"","format":"standard","meta":{"_acf_changed":false,"_seopress_robots_primary_cat":"none","_seopress_titles_title":"Canteros: actuar contra el polvo y la silicosis","_seopress_titles_desc":"Silicosis, fatiga, tos: los canteros hablan. OberA ofrece soluciones para unos talleres m\u00e1s sanos y seguros. ","_seopress_robots_index":"","footnotes":""},"categories":[50],"tags":[],"class_list":["post-120576","post","type-post","status-publish","format-standard","has-post-thumbnail","hentry","category-nuestro-consejo","generate-columns","tablet-grid-50","mobile-grid-100","grid-parent","grid-50","no-featured-image-padding","resize-featured-image"],"acf":[],"_links":{"self":[{"href":"https:\/\/obera.fr\/es\/wp-json\/wp\/v2\/posts\/120576","targetHints":{"allow":["GET"]}}],"collection":[{"href":"https:\/\/obera.fr\/es\/wp-json\/wp\/v2\/posts"}],"about":[{"href":"https:\/\/obera.fr\/es\/wp-json\/wp\/v2\/types\/post"}],"author":[{"embeddable":true,"href":"https:\/\/obera.fr\/es\/wp-json\/wp\/v2\/users\/13"}],"replies":[{"embeddable":true,"href":"https:\/\/obera.fr\/es\/wp-json\/wp\/v2\/comments?post=120576"}],"version-history":[{"count":1,"href":"https:\/\/obera.fr\/es\/wp-json\/wp\/v2\/posts\/120576\/revisions"}],"predecessor-version":[{"id":120577,"href":"https:\/\/obera.fr\/es\/wp-json\/wp\/v2\/posts\/120576\/revisions\/120577"}],"wp:featuredmedia":[{"embeddable":true,"href":"https:\/\/obera.fr\/es\/wp-json\/wp\/v2\/media\/120535"}],"wp:attachment":[{"href":"https:\/\/obera.fr\/es\/wp-json\/wp\/v2\/media?parent=120576"}],"wp:term":[{"taxonomy":"category","embeddable":true,"href":"https:\/\/obera.fr\/es\/wp-json\/wp\/v2\/categories?post=120576"},{"taxonomy":"post_tag","embeddable":true,"href":"https:\/\/obera.fr\/es\/wp-json\/wp\/v2\/tags?post=120576"}],"curies":[{"name":"wp","href":"https:\/\/api.w.org\/{rel}","templated":true}]}}