{"id":123899,"date":"2025-07-18T10:00:00","date_gmt":"2025-07-18T08:00:00","guid":{"rendered":"https:\/\/obera.fr\/nuestro-consejo\/vie-artisan-tailleur\/"},"modified":"2025-07-22T12:05:48","modified_gmt":"2025-07-22T10:05:48","slug":"vie-artisan-tailleur","status":"publish","type":"post","link":"https:\/\/obera.fr\/es\/nuestro-consejo\/vie-artisan-tailleur\/","title":{"rendered":"Vivir mi vida como sastre en 2025: entre la pasi\u00f3n y la cautela"},"content":{"rendered":"\n<p><em>\u00abNo puedes trabajar con la piedra. Tienes que respetarla.  <\/em><\/p>\n\n<p>Eso es lo que me dijo mi entrenador el primer d\u00eda. Diez a\u00f1os despu\u00e9s, se ha convertido en mi mantra. Ser cantero en 2025 sigue siendo una cuesti\u00f3n de pasi\u00f3n. Pero hoy tambi\u00e9n se trata de <strong>tomar precauciones<\/strong>.     <\/p>\n\n<h2 class=\"wp-block-heading\">  6.30 h &#8211; El taller se despierta  <\/h2>\n\n<p>El silencio de la ma\u00f1ana, el olor a caf\u00e9&#8230; y el sonido familiar del compresor. Abro las puertas del taller. Hay bloques de piedra caliza sobre caballetes, las herramientas est\u00e1n listas. \u00bfQu\u00e9 es lo que m\u00e1s me gusta de este trabajo? La transformaci\u00f3n. Coger una materia prima y convertirla en un dintel, una columna, una obra de arte.       <\/p>\n\n<p>Pero en los \u00faltimos a\u00f1os, otro tema ha pasado a formar parte de nuestra vida cotidiana: el <strong>polvo<\/strong>. El que no siempre se ve, pero est\u00e1 en todas partes. En el aire, en nuestros pulmones. Y a veces, en nuestra salud.     <\/p>\n\n<h2 class=\"wp-block-heading\">  9.00 &#8211; El polvo ya no es una fatalidad  <\/h2>\n\n<div class=\"wp-block-columns is-layout-flex wp-container-core-columns-is-layout-28f84493 wp-block-columns-is-layout-flex\">\n<div class=\"wp-block-column is-layout-flow wp-block-column-is-layout-flow\" style=\"flex-basis:66.66%\">\n<p>En los viejos tiempos, trabaj\u00e1bamos en nubes grises. Los veteranos sol\u00edan decir: <em>\u00abTose y se te pasar\u00e1\u00bb.<\/em> Hoy s\u00e9 que no pasar\u00e1. Se queda.     <\/p>\n\n\n\n<p>En 2025, no podemos seguir ignorando los peligros de <strong>la silicosis<\/strong>, la enfermedad pulmonar causada por la inhalaci\u00f3n de s\u00edlice. Ya se ha cobrado la vida de algunos de nuestros colegas. Por eso tenemos cuidado.    <\/p>\n\n\n\n<p>En nuestro taller, instalamos un <strong>colector de polvo acoplado a un purificador de aire OberA<\/strong>. El primero capta el polvo directamente en la fuente, lo m\u00e1s cerca posible de los puestos de trabajo. El segundo filtra continuamente el aire ambiente. Resultado: <strong>respiras mejor, trabajas mejor<\/strong>.     <\/p>\n\n\n\n<p>Desde que establecimos este sistema, es evidente. Menos polvo en los bancos de trabajo, menos en el aire&#8230; y menos en nuestros pulmones.   <\/p>\n<\/div>\n\n\n\n<div class=\"wp-block-column is-layout-flow wp-block-column-is-layout-flow\" style=\"flex-basis:33.33%\">\n<div class=\"wp-block-columns is-layout-flex wp-container-core-columns-is-layout-28f84493 wp-block-columns-is-layout-flex\">\n<div class=\"wp-block-column is-layout-flow wp-block-column-is-layout-flow\">\n<figure class=\"wp-block-image aligncenter size-full is-resized\"><img decoding=\"async\" width=\"600\" height=\"600\" src=\"https:\/\/obera.fr\/wp-content\/uploads\/2020\/10\/extracteur-poussiere-pulverulente-DUSTOMAT-16.png\" alt=\"Humo - Colector de polvo\" class=\"wp-image-1307\" style=\"width:115px;height:auto\" srcset=\"https:\/\/obera.fr\/wp-content\/uploads\/2020\/10\/extracteur-poussiere-pulverulente-DUSTOMAT-16.png 600w, https:\/\/obera.fr\/wp-content\/uploads\/2020\/10\/extracteur-poussiere-pulverulente-DUSTOMAT-16-300x300.png 300w, https:\/\/obera.fr\/wp-content\/uploads\/2020\/10\/extracteur-poussiere-pulverulente-DUSTOMAT-16-150x150.png 150w\" sizes=\"(max-width: 600px) 100vw, 600px\" \/><figcaption class=\"wp-element-caption\">DUSTOMAT 16<\/figcaption><\/figure>\n\n\n\n<figure class=\"wp-block-image aligncenter size-full is-resized\"><img decoding=\"async\" width=\"600\" height=\"600\" src=\"https:\/\/obera.fr\/wp-content\/uploads\/2023\/05\/epur050-2.png\" alt=\"epur050 2\" class=\"wp-image-22619\" style=\"width:99px;height:auto\" srcset=\"https:\/\/obera.fr\/wp-content\/uploads\/2023\/05\/epur050-2.png 600w, https:\/\/obera.fr\/wp-content\/uploads\/2023\/05\/epur050-2-300x300.png 300w, https:\/\/obera.fr\/wp-content\/uploads\/2023\/05\/epur050-2-150x150.png 150w\" sizes=\"(max-width: 600px) 100vw, 600px\" \/><figcaption class=\"wp-element-caption\">ePUR050<\/figcaption><\/figure>\n<\/div>\n<\/div>\n<\/div>\n<\/div>\n\n<h2 class=\"wp-block-heading\">  12.30 &#8211; Pausa para merendar y conversaci\u00f3n  <\/h2>\n\n<p>Hablamos de trabajo, hablamos de familia. Tambi\u00e9n hablamos de seguridad. Puede sonar extra\u00f1o, pero para nosotros se ha convertido en un motivo de orgullo. Trabajar en un taller limpio y bien equipado tambi\u00e9n significa <strong>respetar nuestro oficio y nuestros cuerpos<\/strong>.     <\/p>\n\n<p>Tambi\u00e9n atrae a los j\u00f3venes. Tenemos dos aprendices. Quieren trabajar con herramientas modernas, en buenas condiciones. Rechazan los talleres polvorientos de otra \u00e9poca. Y con raz\u00f3n.      <\/p>\n\n<h2 class=\"wp-block-heading\">  15h00 &#8211; Preservar el gesto, sin sacrificar la salud  <\/h2>\n\n<p>Todav\u00eda hay quien dice <em>\u00abantes era mejor\u00bb.<\/em> Puede que sea as\u00ed. Pero <strong>hoy, es m\u00e1s seguro<\/strong>. Y eso no cambia la belleza del gesto. Seguimos tallando con un cincel, a mano, con el mismo cuidado. Salvo que respiramos mejor.     <\/p>\n\n<p>Porque al final, una buena herramienta no puede sustituir al artesano&#8230; pero puede <strong>protegerle<\/strong>.  <\/p>\n\n<h2 class=\"wp-block-heading\">  18.00 h &#8211; Fin de la jornada, orgullo intacto  <\/h2>\n\n<p>Guardo mis herramientas. Miro la pieza que he hecho. Una arquivolta para una iglesia catalogada. Hay polvo en mi bata, pero menos en mis pulmones. Y eso lo cambia todo.      <\/p>\n\n<h2 class=\"wp-block-heading\">  La pasi\u00f3n y la prudencia pueden coexistir  <\/h2>\n\n<div class=\"wp-block-columns is-layout-flex wp-container-core-columns-is-layout-28f84493 wp-block-columns-is-layout-flex\">\n<div class=\"wp-block-column is-layout-flow wp-block-column-is-layout-flow\" style=\"flex-basis:66.66%\">\n<p>Ser cantero en 2025 no significa renunciar a la tradici\u00f3n. Significa enriquecerla. Significa seguir transmitiendo los conocimientos ancestrales utilizando las soluciones actuales.    <\/p>\n\n\n\n<p><strong>Con sus purificadores y captadores de polvo<\/strong>, <strong>OberA <\/strong>ayuda a los artesanos a construir un futuro m\u00e1s sano y sostenible.  <\/p>\n\n\n\n<p>Porque preservar una profesi\u00f3n significa tambi\u00e9n preservar a quienes la ejercen.<\/p>\n<\/div>\n\n\n\n<div class=\"wp-block-column is-layout-flow wp-block-column-is-layout-flow\" style=\"flex-basis:33.33%\">\n<figure class=\"wp-block-image aligncenter size-large is-resized\"><img decoding=\"async\" width=\"1024\" height=\"1024\" src=\"https:\/\/obera.fr\/wp-content\/uploads\/2025\/05\/securite-1024x1024.png\" alt=\"seguridad\" class=\"wp-image-121315\" style=\"width:132px;height:auto\" srcset=\"https:\/\/obera.fr\/wp-content\/uploads\/2025\/05\/securite-1024x1024.png 1024w, https:\/\/obera.fr\/wp-content\/uploads\/2025\/05\/securite-300x300.png 300w, https:\/\/obera.fr\/wp-content\/uploads\/2025\/05\/securite-150x150.png 150w, https:\/\/obera.fr\/wp-content\/uploads\/2025\/05\/securite-768x768.png 768w, https:\/\/obera.fr\/wp-content\/uploads\/2025\/05\/securite.png 1200w\" sizes=\"(max-width: 1024px) 100vw, 1024px\" \/><\/figure>\n<\/div>\n<\/div>\n","protected":false},"excerpt":{"rendered":"<p>Eso es lo que me dijo mi entrenador el primer d\u00eda. Diez a\u00f1os despu\u00e9s, se ha convertido en mi mantra. Ser cantero en 2025 sigue siendo una cuesti\u00f3n de pasi\u00f3n. Pero hoy tambi\u00e9n se trata de tomar precauciones.     <\/p>\n","protected":false},"author":13,"featured_media":124599,"comment_status":"open","ping_status":"closed","sticky":false,"template":"","format":"standard","meta":{"_acf_changed":false,"_seopress_robots_primary_cat":"none","_seopress_titles_title":"Canteros en 2025: entre la pasi\u00f3n y la prevenci\u00f3n","_seopress_titles_desc":"En 2025, ser cantero significa combinar tradici\u00f3n y seguridad. Gracias a OberA, los artesanos pueden respirar mejor y trabajar en un taller sano y moderno. ","_seopress_robots_index":"","footnotes":""},"categories":[50],"tags":[],"class_list":["post-123899","post","type-post","status-publish","format-standard","has-post-thumbnail","hentry","category-nuestro-consejo","generate-columns","tablet-grid-50","mobile-grid-100","grid-parent","grid-50","no-featured-image-padding","resize-featured-image"],"acf":[],"_links":{"self":[{"href":"https:\/\/obera.fr\/es\/wp-json\/wp\/v2\/posts\/123899","targetHints":{"allow":["GET"]}}],"collection":[{"href":"https:\/\/obera.fr\/es\/wp-json\/wp\/v2\/posts"}],"about":[{"href":"https:\/\/obera.fr\/es\/wp-json\/wp\/v2\/types\/post"}],"author":[{"embeddable":true,"href":"https:\/\/obera.fr\/es\/wp-json\/wp\/v2\/users\/13"}],"replies":[{"embeddable":true,"href":"https:\/\/obera.fr\/es\/wp-json\/wp\/v2\/comments?post=123899"}],"version-history":[{"count":2,"href":"https:\/\/obera.fr\/es\/wp-json\/wp\/v2\/posts\/123899\/revisions"}],"predecessor-version":[{"id":124577,"href":"https:\/\/obera.fr\/es\/wp-json\/wp\/v2\/posts\/123899\/revisions\/124577"}],"wp:featuredmedia":[{"embeddable":true,"href":"https:\/\/obera.fr\/es\/wp-json\/wp\/v2\/media\/124599"}],"wp:attachment":[{"href":"https:\/\/obera.fr\/es\/wp-json\/wp\/v2\/media?parent=123899"}],"wp:term":[{"taxonomy":"category","embeddable":true,"href":"https:\/\/obera.fr\/es\/wp-json\/wp\/v2\/categories?post=123899"},{"taxonomy":"post_tag","embeddable":true,"href":"https:\/\/obera.fr\/es\/wp-json\/wp\/v2\/tags?post=123899"}],"curies":[{"name":"wp","href":"https:\/\/api.w.org\/{rel}","templated":true}]}}