{"id":133580,"date":"2025-11-04T11:42:40","date_gmt":"2025-11-04T09:42:40","guid":{"rendered":"https:\/\/obera.fr\/nuestro-consejo\/medicion-de-la-calidad-del-aire-interior-interes-y-principio\/"},"modified":"2025-11-21T10:31:39","modified_gmt":"2025-11-21T08:31:39","slug":"medicion-de-la-calidad-del-aire-interior-interes-y-principio","status":"publish","type":"post","link":"https:\/\/obera.fr\/es\/nuestro-consejo\/medicion-de-la-calidad-del-aire-interior-interes-y-principio\/","title":{"rendered":"Medici\u00f3n de la calidad del aire interior: inter\u00e9s y principio"},"content":{"rendered":"\n<p>Seg\u00fan datos de la OMS, \u00a1Francia registrar\u00eda cerca de 50 000 muertes al a\u00f1o relacionadas con la <strong>contaminaci\u00f3n del aire<\/strong>, es decir, 10 veces m\u00e1s que los accidentes de tr\u00e1fico! Adem\u00e1s, se estima que el aire interior de una vivienda o de un local profesional est\u00e1 entre 5 y 10 veces m\u00e1s contaminado que el del entorno exterior.<\/p>\n\n<p><\/p>\n\n<p>La <strong>calidad del aire en la empresa<\/strong> constituye, por tanto, un reto crucial, para la salud de los trabajadores, pero tambi\u00e9n para la productividad de los establecimientos. En este contexto, la implantaci\u00f3n de un sistema de <strong>medici\u00f3n de la calidad del aire interior<\/strong> resulta imprescindible. \u00bfQu\u00e9 par\u00e1metros deben tenerse en cuenta? \u00bfQu\u00e9 beneficios aporta la <g id=\"gid_2\">vigilancia de la calidad del aire<\/g> y c\u00f3mo ponerla en pr\u00e1ctica? Descubra todos nuestros consejos.    <\/p>\n\n<p><\/p>\n\n<h2 class=\"wp-block-heading\" id=\"quels-sont-les-parametres-de-la-qualite-de-l-air-interieur\">\u00bfCu\u00e1les son los par\u00e1metros de la calidad del aire interior?<\/h2>\n\n<p>La evaluaci\u00f3n de la <a href=\"https:\/\/obera.fr\/es\/nuestro-consejo\/qualite-l-air-interieur-critere-essentiel-industrie\/\">calidad del aire interior<\/a> se basa en <strong>la b\u00fasqueda de productos contaminantes y la medici\u00f3n de ciertos valores f\u00edsicos<\/strong> como la temperatura y la humedad relativa. <\/p>\n\n<h3 class=\"wp-block-heading\" id=\"la-concentration-en-polluants-et-particules\">La concentraci\u00f3n de contaminantes y part\u00edculas<\/h3>\n\n<p>En la oficina o en los edificios industriales, los empleados est\u00e1n expuestos a dos grandes <strong>fuentes de contaminaci\u00f3n del aire<\/strong>:<\/p>\n\n<ul class=\"wp-block-list\">\n<li><strong>Compuestos org\u00e1nicos vol\u00e1tiles (COV<\/strong> ), como el formaldeh\u00eddo, un gas producido por los productos qu\u00edmicos y los materiales de construcci\u00f3n;<\/li>\n\n\n\n<li>las <strong>part\u00edculas s\u00f3lidas o l\u00edquidas<\/strong> en suspensi\u00f3n en el aire, como el polvo, los aerosoles y los microorganismos (virus, bacterias, mohos, etc.).<\/li>\n<\/ul>\n\n<p>Los <strong>efectos sobre la salud y el medio ambiente<\/strong> aumentan con la concentraci\u00f3n de los contaminantes en el aire y el tiempo de exposici\u00f3n.<\/p>\n\n<h3 class=\"wp-block-heading\" id=\"la-temperature-et-le-niveau-d-humidite\">La temperatura y el nivel de humedad<\/h3>\n\n<p>La medici\u00f3n de la calidad del aire interior tambi\u00e9n pasa por la <strong>vigilancia de la temperatura y de la humedad relativa<\/strong>. Unos valores excesivos contribuyen a la proliferaci\u00f3n de los contaminantes biol\u00f3gicos, as\u00ed como a la degradaci\u00f3n de los materiales, de los productos acabados y del entorno de trabajo. Adem\u00e1s, la temperatura y la humedad acent\u00faan los efectos irritantes de los compuestos org\u00e1nicos vol\u00e1tiles (COV).  <\/p>\n\n<h2 class=\"wp-block-heading\" id=\"quel-est-l-interet-de-la-mesure-de-la-qualite-de-l-air-interieur\">\u00bfCu\u00e1l es el inter\u00e9s de la medici\u00f3n de la calidad del aire interior?<\/h2>\n\n<p>El mantenimiento de un aire interior sano en los locales profesionales constituye una <strong>obligaci\u00f3n reglamentaria<\/strong> para el empleador. La reducci\u00f3n del nivel de contaminaci\u00f3n en la oficina representa tambi\u00e9n una <strong>ganancia de productividad<\/strong> para los establecimientos. <\/p>\n\n<h3 class=\"wp-block-heading\" id=\"respecter-les-valeurs-limites-d-exposition-professionnelle-vlep\">Respetar los Valores L\u00edmite de Exposici\u00f3n Profesional (VLEP)<\/h3>\n\n<p>Impuestos por el C\u00f3digo del Trabajo, los Valores L\u00edmite de Exposici\u00f3n Profesional (VLEP) fijan un <strong>nivel de concentraci\u00f3n m\u00e1ximo para los productos contaminantes y las part\u00edculas<\/strong> con el fin de limitar los efectos sobre la salud de los empleados. Unos valores excesivos conllevan una suspensi\u00f3n del puesto de trabajo hasta la puesta en pr\u00e1ctica de medidas destinadas a limitar la exposici\u00f3n del empleado. <\/p>\n\n<h3 class=\"wp-block-heading\" id=\"garantir-un-environnement-de-travail-sain-et-productif\">Garantizar un entorno de trabajo saludable y productivo<\/h3>\n\n<p>Adem\u00e1s de su car\u00e1cter reglamentario, la medici\u00f3n de la calidad del aire interior presenta un cierto <a href=\"https:\/\/obera.fr\/es\/nuestro-consejo\/comment-rafraichissement-evaporation-ameliorer-production-industrielle\/\">n\u00famero de ventajas para los establecimientos<\/a>:<\/p>\n\n<ul class=\"wp-block-list\">\n<li>La <strong>mejora de la salud de los colaboradores<\/strong> contribuye a limitar el absentismo y la frecuencia de las bajas laborales.<\/li>\n\n\n\n<li>La <strong>reducci\u00f3n de los dep\u00f3sitos de part\u00edculas en los aparatos y los suelos<\/strong> permite realizar econom\u00edas de mantenimiento.<\/li>\n\n\n\n<li>La vigilancia del nivel de exposici\u00f3n a los contaminantes y part\u00edculas asegura la <strong>calidad de los procesos y de los productos acabados<\/strong>.<\/li>\n<\/ul>\n\n<h2 class=\"wp-block-heading\" id=\"comment-mesurer-la-qualite-de-l-air-interieur\">\u00bfC\u00f3mo medir la calidad del aire interior?<\/h2>\n\n<p>El <strong><a href=\"https:\/\/obera.fr\/es\/nuestro-consejo\/qai-diagnostic-qualite-de-l-air-interieur-batiments-industriels\/\">diagn\u00f3stico de la calidad del aire interior<\/a><\/strong> constituye una primera evaluaci\u00f3n del nivel de contaminaci\u00f3n en sus edificios. A continuaci\u00f3n, debe ponerse en marcha una vigilancia regular gracias a unos <strong>aparatos de medici\u00f3n espec\u00edficos<\/strong>. <\/p>\n\n<h3 class=\"wp-block-heading\" id=\"effectuer-un-diagnostic-qualite-de-l-air-interieur\">Efectuar un diagn\u00f3stico de la calidad del aire interior<\/h3>\n\n<p>El <strong>diagn\u00f3stico de la calidad del aire interior (CAI)<\/strong> constituye una obligaci\u00f3n reglamentaria para los edificios que acogen a ni\u00f1os. Se impondr\u00e1 en todos los establecimientos que reciben p\u00fablico a partir de 2023. Experto en el \u00e1mbito del <a href=\"https:\/\/obera.fr\/es\/nuestro-consejo\/traitement-air-industriel-guide-complet\/\">tratamiento del aire industrial<\/a>, OBERA realiza un diagn\u00f3stico que incluye:  <\/p>\n\n<ul class=\"wp-block-list\">\n<li>la <strong>b\u00fasqueda de las fuentes de contaminaci\u00f3n del aire<\/strong> en sus locales;<\/li>\n\n\n\n<li><strong>medir la concentraci\u00f3n de part\u00edculas y contaminantes<\/strong> (COV, formaldeh\u00eddo, etc.).<\/li>\n<\/ul>\n\n<h3 class=\"wp-block-heading\" id=\"utiliser-un-appareil-de-mesure-de-la-qualite-de-l-air-interieur\">Utilizar un aparato de medici\u00f3n de la calidad del aire interior<\/h3>\n\n<p>La <a href=\"https:\/\/obera.fr\/es\/nuestro-consejo\/analyse-qualite-l-air-interieur\/\">medici\u00f3n de la calidad del aire interior<\/a> se efect\u00faa gracias a unos aparatos capaces de detectar la naturaleza y la concentraci\u00f3n de los contaminantes. Nuestra gama de <strong>analizadores de aire industriales y profesionales<\/strong> asegura la vigilancia continua de los par\u00e1metros de la calidad del aire interior: <\/p>\n\n<ul class=\"wp-block-list\">\n<li><strong>concentraci\u00f3n de contaminantes gaseosos<\/strong>: compuestos org\u00e1nicos vol\u00e1tiles (COV) y di\u00f3xido de carbono (CO2) ;<\/li>\n\n\n\n<li><strong>concentraci\u00f3n y tama\u00f1o de las part\u00edculas<\/strong>: polvo y part\u00edculas finas PM 2,5 y PM 10 ;<\/li>\n\n\n\n<li><strong>temperatura y tasa de humedad relativa<\/strong>.<\/li>\n<\/ul>\n\n<p>Los datos se transmiten directamente al ordenador, donde los valores se muestran en forma de gr\u00e1fico. El <strong>an\u00e1lisis en tiempo real<\/strong> permite llevar a cabo una acci\u00f3n r\u00e1pida y eficaz en caso de mediciones no conformes a los VLEP. <\/p>\n\n<p>Para m\u00e1s <strong>informaci\u00f3n sobre la medici\u00f3n de la calidad del aire interior<\/strong>, no dude en ponerse en contacto con nosotros. Le invitamos tambi\u00e9n a consultar nuestros consejos sobre la implantaci\u00f3n de un sistema de tratamiento del aire industrial. <\/p>\n\n<blockquote class=\"wp-block-quote is-layout-flow wp-block-quote-is-layout-flow\">\n<p>Lee tambi\u00e9n: Gu\u00eda sobre <a href=\"https:\/\/obera.fr\/conseils\/rafraichissement-adiabatique-confort-thermique-naturel\/\">la refrigeraci\u00f3n adiab\u00e1tica y el confort t\u00e9rmico natural<\/a>.<\/p>\n<\/blockquote>\n","protected":false},"excerpt":{"rendered":"<p>Seg\u00fan datos de la OMS, \u00a1Francia registrar\u00eda cerca de 50.000 muertes al a\u00f1o relacionadas con la contaminaci\u00f3n del aire, es decir, 10 veces m\u00e1s que los accidentes de tr\u00e1fico! Adem\u00e1s, se estima que el aire interior de una vivienda o de un local profesional est\u00e1 entre 5 y 10 veces m\u00e1s contaminado que el del entorno exterior.<\/p>\n","protected":false},"author":13,"featured_media":95238,"comment_status":"open","ping_status":"closed","sticky":false,"template":"","format":"standard","meta":{"_acf_changed":false,"_seopress_robots_primary_cat":"none","_seopress_titles_title":"Mesure de la qualit\u00e9 de l\u2019air int\u00e9rieur : int\u00e9r\u00eat et principe","_seopress_titles_desc":"Selon les donn\u00e9es de l\u2019OMS, la France comptabiliserait pr\u00e8s de 50 000 d\u00e9c\u00e8s par an li\u00e9s \u00e0 la\u00a0pollution de l\u2019air, soit 10 fois plus que les accidents de la route !","_seopress_robots_index":"","footnotes":""},"categories":[50],"tags":[],"class_list":["post-133580","post","type-post","status-publish","format-standard","has-post-thumbnail","hentry","category-nuestro-consejo","generate-columns","tablet-grid-50","mobile-grid-100","grid-parent","grid-50","no-featured-image-padding","resize-featured-image"],"acf":[],"_links":{"self":[{"href":"https:\/\/obera.fr\/es\/wp-json\/wp\/v2\/posts\/133580","targetHints":{"allow":["GET"]}}],"collection":[{"href":"https:\/\/obera.fr\/es\/wp-json\/wp\/v2\/posts"}],"about":[{"href":"https:\/\/obera.fr\/es\/wp-json\/wp\/v2\/types\/post"}],"author":[{"embeddable":true,"href":"https:\/\/obera.fr\/es\/wp-json\/wp\/v2\/users\/13"}],"replies":[{"embeddable":true,"href":"https:\/\/obera.fr\/es\/wp-json\/wp\/v2\/comments?post=133580"}],"version-history":[{"count":1,"href":"https:\/\/obera.fr\/es\/wp-json\/wp\/v2\/posts\/133580\/revisions"}],"predecessor-version":[{"id":133698,"href":"https:\/\/obera.fr\/es\/wp-json\/wp\/v2\/posts\/133580\/revisions\/133698"}],"wp:featuredmedia":[{"embeddable":true,"href":"https:\/\/obera.fr\/es\/wp-json\/wp\/v2\/media\/95238"}],"wp:attachment":[{"href":"https:\/\/obera.fr\/es\/wp-json\/wp\/v2\/media?parent=133580"}],"wp:term":[{"taxonomy":"category","embeddable":true,"href":"https:\/\/obera.fr\/es\/wp-json\/wp\/v2\/categories?post=133580"},{"taxonomy":"post_tag","embeddable":true,"href":"https:\/\/obera.fr\/es\/wp-json\/wp\/v2\/tags?post=133580"}],"curies":[{"name":"wp","href":"https:\/\/api.w.org\/{rel}","templated":true}]}}