{"id":134259,"date":"2025-09-14T07:36:00","date_gmt":"2025-09-14T05:36:00","guid":{"rendered":"https:\/\/obera.fr\/nuestro-consejo\/confort-termico-en-espacios-comerciales-los-refrigeradores-ic-la-solucion-movil-para-comercios\/"},"modified":"2026-02-04T16:17:29","modified_gmt":"2026-02-04T14:17:29","slug":"confort-termico-en-espacios-comerciales-los-refrigeradores-ic-la-solucion-movil-para-comercios","status":"publish","type":"post","link":"https:\/\/obera.fr\/es\/comercio\/confort-termico-en-espacios-comerciales-los-refrigeradores-ic-la-solucion-movil-para-comercios\/","title":{"rendered":"Refrigeradores IC OberA: confort t\u00e9rmico para comercios y salas de exposici\u00f3n"},"content":{"rendered":"\n<p>Refrigerar su comercio en periodos de mucho calor se convierte en una prioridad para garantizar la comodidad de los clientes y de los empleados. Los <strong>enfriadores de aire adiab\u00e1ticos OberA<\/strong> ofrecen una soluci\u00f3n <strong>econ\u00f3mica y ecol\u00f3gica<\/strong> para bajar r\u00e1pidamente la temperatura interior. <\/p>\n\n<div class=\"wp-block-columns is-layout-flex wp-container-core-columns-is-layout-28f84493 wp-block-columns-is-layout-flex\">\n<div class=\"wp-block-column is-layout-flow wp-block-column-is-layout-flow\" style=\"flex-basis:66.66%\">\n<p>Estos sistemas de refrigeraci\u00f3n por evaporaci\u00f3n de agua purifican el aire al mismo tiempo que lo enfr\u00edan. OberA le propone equipos <strong>plug &amp; play<\/strong>, f\u00e1ciles de instalar y de desplazar, que consumen hasta un <strong>80 % menos de energ\u00eda<\/strong> que un aire acondicionado cl\u00e1sico. <\/p>\n\n\n\n<p>Calidad del aire mejorada: las unidades OberA filtran y sanean el aire, limitando el polvo y los microorganismos.<br\/>Los <a href=\"https:\/\/obera.fr\/es\/produits\/rafraichisseurs-air\/rafraichisseurs-par-evaporation-ic\/\">enfriadores de aire industriales de la gama IC<\/a> desarrollados por <strong>OberA<\/strong> permiten refrigerar eficazmente los espacios comerciales sin obras, a menor coste y de forma eco-responsable.<\/p>\n\n\n\n<p>Confort y eficacia instant\u00e1neos: un ventilador potente remueve el aire y reduce la temperatura varios grados.<\/p>\n<\/div>\n\n\n\n<div class=\"wp-block-column is-layout-flow wp-block-column-is-layout-flow\" style=\"flex-basis:33.33%\">\n<figure class=\"wp-block-image aligncenter size-large is-resized\"><img decoding=\"async\" width=\"1024\" height=\"683\" src=\"https:\/\/obera.fr\/wp-content\/uploads\/2025\/08\/raf-point-de-vente-1024x683.png\" alt=\"raf punto de venta\" class=\"wp-image-128719\" style=\"width:300px;height:auto\" srcset=\"https:\/\/obera.fr\/wp-content\/uploads\/2025\/08\/raf-point-de-vente-1024x683.png 1024w, https:\/\/obera.fr\/wp-content\/uploads\/2025\/08\/raf-point-de-vente-300x200.png 300w, https:\/\/obera.fr\/wp-content\/uploads\/2025\/08\/raf-point-de-vente-768x512.png 768w, https:\/\/obera.fr\/wp-content\/uploads\/2025\/08\/raf-point-de-vente.png 1200w\" sizes=\"(max-width: 1024px) 100vw, 1024px\" \/><\/figure>\n<\/div>\n<\/div>\n\n<h2 class=\"wp-block-heading\">\u00bfPor qu\u00e9 refrigerar su tienda?<\/h2>\n\n<p>Un <strong>calor fuerte<\/strong> en un espacio comercial puede perjudicar la actividad y el <strong>confort t\u00e9rmico<\/strong>. Los clientes se sienten menos a gusto, y el <strong>trabajo<\/strong> de los empleados es m\u00e1s penoso. Refrigerar su comercio permite, por lo tanto:  <\/p>\n\n<ul class=\"wp-block-list\">\n<li>Optimizar la <strong>actividad<\/strong> (ventas y atenci\u00f3n) incluso cuando hace calor.<br\/><\/li>\n\n\n\n<li>Mejorar el <strong>confort<\/strong> de los asalariados y clientes, evitando la fatiga y las irritaciones.<br\/><\/li>\n\n\n\n<li>Proteger el <strong>margen comercial<\/strong> manteniendo una temperatura agradable todo el a\u00f1o.<br\/><\/li>\n<\/ul>\n\n<p>Los enfriadores adiab\u00e1ticos OberA est\u00e1n especialmente dise\u00f1ados para los entornos <strong>comerciales<\/strong> y talleres. Su sistema m\u00f3vil evita instalar un equipo pesado. Simplemente tiene que enchufar la unidad, llenar el dep\u00f3sito de agua y el aire caliente de la <strong>tienda<\/strong> se aspira y se enfr\u00eda. Este ventilador de alta potencia reduce el calor sin generar una isla de calor ni desprender gas refrigerante nocivo.   <\/p>\n\n<h2 class=\"wp-block-heading\">La gama IC: modelos para cada formato de tienda<\/h2>\n\n<p>OberA propone la gama <strong>IC<\/strong> adaptada a diferentes vol\u00famenes comerciales. Cada modelo dispone de un <strong>caudal de aire<\/strong> espec\u00edfico y de un dep\u00f3sito de agua dimensionado para refrigerar eficazmente el aire <strong>de la tienda<\/strong>. <\/p>\n\n<p>Las caracter\u00edsticas principales se resumen a continuaci\u00f3n.<\/p>\n\n<div class=\"wp-block-columns is-layout-flex wp-container-core-columns-is-layout-28f84493 wp-block-columns-is-layout-flex\">\n<div class=\"wp-block-column is-layout-flow wp-block-column-is-layout-flow\">\n<h3 class=\"wp-block-heading has-text-align-center\">CI 12<\/h3>\n\n\n\n<figure class=\"wp-block-image size-large\"><img decoding=\"async\" width=\"1024\" height=\"1024\" src=\"https:\/\/obera.fr\/wp-content\/uploads\/2025\/07\/ic-12-2-1024x1024.png\" alt=\"ic 12\" class=\"wp-image-124143\" srcset=\"https:\/\/obera.fr\/wp-content\/uploads\/2025\/07\/ic-12-2-1024x1024.png 1024w, https:\/\/obera.fr\/wp-content\/uploads\/2025\/07\/ic-12-2-300x300.png 300w, https:\/\/obera.fr\/wp-content\/uploads\/2025\/07\/ic-12-2-150x150.png 150w, https:\/\/obera.fr\/wp-content\/uploads\/2025\/07\/ic-12-2-768x768.png 768w, https:\/\/obera.fr\/wp-content\/uploads\/2025\/07\/ic-12-2.png 1200w\" sizes=\"(max-width: 1024px) 100vw, 1024px\" \/><\/figure>\n\n\n\n<p>Ideal para los peque\u00f1os comercios de proximidad (boutiques, salones, oficinas de peque\u00f1o tama\u00f1o). Muy compacto (43 kg) y con ruedas, se desliza detr\u00e1s de una caja o en un pasillo para refrigerar hasta 150 m\u00b2. <\/p>\n<\/div>\n\n\n\n<div class=\"wp-block-column is-layout-flow wp-block-column-is-layout-flow\">\n<h3 class=\"wp-block-heading has-text-align-center\">CI 22<\/h3>\n\n\n\n<figure class=\"wp-block-image size-large\"><img decoding=\"async\" width=\"1024\" height=\"1024\" src=\"https:\/\/obera.fr\/wp-content\/uploads\/2025\/07\/ic-22-2-1024x1024.png\" alt=\"ic 22\" class=\"wp-image-124296\" srcset=\"https:\/\/obera.fr\/wp-content\/uploads\/2025\/07\/ic-22-2-1024x1024.png 1024w, https:\/\/obera.fr\/wp-content\/uploads\/2025\/07\/ic-22-2-300x300.png 300w, https:\/\/obera.fr\/wp-content\/uploads\/2025\/07\/ic-22-2-150x150.png 150w, https:\/\/obera.fr\/wp-content\/uploads\/2025\/07\/ic-22-2-768x768.png 768w, https:\/\/obera.fr\/wp-content\/uploads\/2025\/07\/ic-22-2.png 1200w\" sizes=\"(max-width: 1024px) 100vw, 1024px\" \/><\/figure>\n\n\n\n<p>Concebido para las superficies medianas (tiendas bio, vest\u00edbulos de venta, agencias) hasta 250 m\u00b2. Su gran dep\u00f3sito (130 L) ofrece una buena autonom\u00eda, e integra una l\u00e1mpara UV para una higiene \u00f3ptima del agua. <\/p>\n<\/div>\n\n\n\n<div class=\"wp-block-column is-layout-flow wp-block-column-is-layout-flow\">\n<h3 class=\"wp-block-heading has-text-align-center\">CI 30<\/h3>\n\n\n\n<figure class=\"wp-block-image size-large\"><img decoding=\"async\" width=\"1024\" height=\"1024\" src=\"https:\/\/obera.fr\/wp-content\/uploads\/2025\/07\/ic-30-4-1024x1024.png\" alt=\"ic 30\" class=\"wp-image-124370\" srcset=\"https:\/\/obera.fr\/wp-content\/uploads\/2025\/07\/ic-30-4-1024x1024.png 1024w, https:\/\/obera.fr\/wp-content\/uploads\/2025\/07\/ic-30-4-300x300.png 300w, https:\/\/obera.fr\/wp-content\/uploads\/2025\/07\/ic-30-4-150x150.png 150w, https:\/\/obera.fr\/wp-content\/uploads\/2025\/07\/ic-30-4-768x768.png 768w, https:\/\/obera.fr\/wp-content\/uploads\/2025\/07\/ic-30-4.png 1200w\" sizes=\"(max-width: 1024px) 100vw, 1024px\" \/><\/figure>\n\n\n\n<p>Destinado a las grandes superficies comerciales (salas de exposici\u00f3n, jardiner\u00edas, mercados cubiertos), refrigera hasta 400 m\u00b2. Con sus 280 L de dep\u00f3sito y su caudal potente, mantiene un <strong>confort t\u00e9rmico<\/strong> incluso en zonas con mucha afluencia. <\/p>\n<\/div>\n<\/div>\n\n<div class=\"wp-block-buttons is-content-justification-center is-layout-flex wp-container-core-buttons-is-layout-a89b3969 wp-block-buttons-is-layout-flex\">\n<div class=\"wp-block-button\"><a class=\"wp-block-button__link wp-element-button\" href=\"https:\/\/obera.fr\/es\/produits\/rafraichisseurs-air\/rafraichisseurs-par-evaporation-ic\/\">Descubra nuestra gama IC<\/a><\/div>\n<\/div>\n\n<div style=\"height:34px\" aria-hidden=\"true\" class=\"wp-block-spacer\"><\/div>\n\n<figure class=\"wp-block-table\"><table class=\"has-fixed-layout\"><tbody><tr><td><strong>Modelo<\/strong><\/td><td><strong>Caudal de aire (m\u00b3\/h)<\/strong><\/td><td><strong>Superficie m\u00e1xima (m\u00b2)<\/strong><\/td><td><strong>Dep\u00f3sito (L)<\/strong><\/td><td><strong>Peso<\/strong><\/td><\/tr><tr><td><strong>CI 12<\/strong><\/td><td>12.000<\/td><td>150<\/td><td>70<\/td><td>43 kg<\/td><\/tr><tr><td><strong>CI 22<\/strong><\/td><td>22.000<\/td><td>250<\/td><td>130<\/td><td>50 kg<\/td><\/tr><tr><td><strong>CI 30<\/strong><\/td><td>30.000<\/td><td>400<\/td><td>280<\/td><td>110 kg<\/td><\/tr><\/tbody><\/table><\/figure>\n\n<p>Todos estos modelos poseen un <strong>pilotaje simplificado<\/strong> (panel de control y mando a distancia) y producen un nivel sonoro razonable (similar al de un aspirador) para la comodidad del personal.<br\/>Garantizan una refrigeraci\u00f3n progresiva del aire gracias a la evaporaci\u00f3n natural del agua. El sistema tambi\u00e9n integra una <strong>ventilaci\u00f3n<\/strong> continua: el aire de la estancia se renueva cada 3\u20135 minutos, lo que sanea la atm\u00f3sfera y limita la concentraci\u00f3n de polvo y de microorganismos (sin proyectar agua gracias al medio evaporativo). <\/p>\n\n<h2 class=\"wp-block-heading\">Ventajas energ\u00e9ticas y ecol\u00f3gicas<\/h2>\n\n<p>Elegir OberA es optar por un sistema de <strong>refrigeraci\u00f3n<\/strong> con un impacto energ\u00e9tico y medioambiental controlado. Los enfriadores adiab\u00e1ticos consumen muy poca electricidad y <strong>agua<\/strong>, lo que reduce los gastos energ\u00e9ticos. <\/p>\n\n<p>En comparaci\u00f3n con un aire acondicionado cl\u00e1sico, puede ahorrar hasta un <strong>80 % de energ\u00eda<\/strong>. En la pr\u00e1ctica, esto significa una factura m\u00e1s ligera durante los picos de calor: un argumento financiero s\u00f3lido para un propietario de tienda. <\/p>\n\n<p>Adem\u00e1s, el procedimiento es <strong>ecol\u00f3gico<\/strong>: no utiliza fluido refrigerante y evita la expulsi\u00f3n de aire caliente hacia el exterior. El \u00fanico recurso que se consume es agua (8\u201330 L\/h seg\u00fan el modelo), f\u00e1cilmente recargable. <\/p>\n\n<h2 class=\"wp-block-heading\">Consejos pr\u00e1cticos y puesta en marcha<\/h2>\n\n<p>Para sacar el m\u00e1ximo partido a un enfriador OberA, col\u00f3quelo idealmente en una zona de <strong>ventilaci\u00f3n cruzada<\/strong> o frente al lugar m\u00e1s caliente de la tienda (cerca de un escaparate soleado o de un espacio de preparaci\u00f3n). Como los modelos son m\u00f3viles, puede multiplicar las unidades seg\u00fan la superficie. Algunas acciones sencillas:  <\/p>\n\n<ul class=\"wp-block-list\">\n<li><strong>Llenar regularmente el dep\u00f3sito<\/strong> con agua limpia (sistema de circulaci\u00f3n continua).<\/li>\n\n\n\n<li><strong>Vaciar y limpiar<\/strong> la cuba antes del invierno para eliminar los dep\u00f3sitos (el prefiltro patentado Pureflow limita la obstrucci\u00f3n).<\/li>\n\n\n\n<li><strong>Dirigir el flujo de aire<\/strong> hacia las zonas estrat\u00e9gicas (cajas, puestos, puesto de trabajo).<\/li>\n\n\n\n<li><strong>Medir la temperatura<\/strong> antes y despu\u00e9s de la instalaci\u00f3n para verificar la eficacia.<\/li>\n<\/ul>\n\n<p>Estas etapas garantizan una <strong>refrigeraci\u00f3n homog\u00e9nea<\/strong> y un confort duradero. OberA incluso propone un servicio de asesoramiento para dimensionar el modelo adecuado en funci\u00f3n de la actividad del comercio. <\/p>\n\n<h3 class=\"wp-block-heading\">Tabla comparativa<\/h3>\n\n<figure class=\"wp-block-table\"><table class=\"has-fixed-layout\"><tbody><tr><td><strong>Criterios<\/strong><\/td><td><strong>Aire acondicionado tradicional<\/strong><\/td><td><strong>Enfriador OberA (adiab\u00e1tico)<\/strong><\/td><\/tr><tr><td><strong>Coste energ\u00e9tico<\/strong><\/td><td>Elevado (compresor el\u00e9ctrico)<\/td><td>Muy bajo (utiliza agua para refrigerar)<\/td><\/tr><tr><td><strong>Mantenimiento<\/strong><\/td><td>Complejo (fluido refrigerante)<\/td><td>Simple (sin gas, mantenimiento b\u00e1sico)<\/td><\/tr><tr><td><strong>Instalaci\u00f3n<\/strong><\/td><td>Fija y costosa<\/td><td>M\u00f3vil, plug &amp; play<\/td><\/tr><tr><td><strong>Confort de uso<\/strong><\/td><td>Calor evacuado al exterior<\/td><td>Sin isla de calor, aire purificado<\/td><\/tr><tr><td><strong>Respeto del medio ambiente<\/strong><\/td><td>Menor (gases refrigerantes)<\/td><td>Alta (sin fluido refrigerante)<\/td><\/tr><\/tbody><\/table><\/figure>\n\n<p>Esta tabla muestra que, para un <strong>comercio<\/strong>, la soluci\u00f3n OberA es <strong>m\u00e1s econ\u00f3mica y duradera<\/strong>: sus clientes disfrutan de un aire fresco y sano, y usted reduce la factura de <strong>energ\u00eda<\/strong>.<\/p>\n\n<h2 class=\"wp-block-heading\">Lo que hay que recordar:<\/h2>\n\n<p>En definitiva, <strong>refrigerar su comercio<\/strong> con OberA es invertir en una soluci\u00f3n adaptada a las <strong>actividades comerciales<\/strong> modernas. Los enfriadores adiab\u00e1ticos OberA garantizan un <strong>aire fresco<\/strong> y purificado, un <strong>confort t\u00e9rmico<\/strong> \u00f3ptimo, as\u00ed como una gesti\u00f3n sencilla y econ\u00f3mica del aire acondicionado de la tienda. La elecci\u00f3n de los modelos IC (IC 12, IC 22, IC 30) permite responder a <strong>diferentes<\/strong> necesidades de superficie y de afluencia. Con OberA, cada tienda puede beneficiarse de un entorno de trabajo agradable en periodos de calor, limitando al mismo tiempo el impacto <strong>energ\u00e9tico<\/strong> y medioambiental.   <\/p>\n","protected":false},"excerpt":{"rendered":"<p>El comercio es un sector donde la experiencia del cliente est\u00e1 directamente influenciada por el entorno del punto de venta. En per\u00edodos de calor intenso, la temperatura interior puede volverse r\u00e1pidamente inc\u00f3moda, incluso disuasoria, tanto para los clientes como para los equipos.  <\/p>\n","protected":false},"author":13,"featured_media":83751,"comment_status":"open","ping_status":"closed","sticky":false,"template":"","format":"standard","meta":{"_acf_changed":false,"_seopress_robots_primary_cat":"none","_seopress_titles_title":"Refrigerar su comercio eficazmente con OberA","_seopress_titles_desc":"Mejore la experiencia del cliente y el confort de los equipos con los refrigeradores m\u00f3viles IC de OberA: soluci\u00f3n econ\u00f3mica, ecol\u00f3gica y sin instalaci\u00f3n.","_seopress_robots_index":"","footnotes":""},"categories":[945],"tags":[408],"class_list":["post-134259","post","type-post","status-publish","format-standard","has-post-thumbnail","hentry","category-comercio","tag-neveras","generate-columns","tablet-grid-50","mobile-grid-100","grid-parent","grid-50","no-featured-image-padding","resize-featured-image"],"acf":[],"_links":{"self":[{"href":"https:\/\/obera.fr\/es\/wp-json\/wp\/v2\/posts\/134259","targetHints":{"allow":["GET"]}}],"collection":[{"href":"https:\/\/obera.fr\/es\/wp-json\/wp\/v2\/posts"}],"about":[{"href":"https:\/\/obera.fr\/es\/wp-json\/wp\/v2\/types\/post"}],"author":[{"embeddable":true,"href":"https:\/\/obera.fr\/es\/wp-json\/wp\/v2\/users\/13"}],"replies":[{"embeddable":true,"href":"https:\/\/obera.fr\/es\/wp-json\/wp\/v2\/comments?post=134259"}],"version-history":[{"count":3,"href":"https:\/\/obera.fr\/es\/wp-json\/wp\/v2\/posts\/134259\/revisions"}],"predecessor-version":[{"id":140481,"href":"https:\/\/obera.fr\/es\/wp-json\/wp\/v2\/posts\/134259\/revisions\/140481"}],"wp:featuredmedia":[{"embeddable":true,"href":"https:\/\/obera.fr\/es\/wp-json\/wp\/v2\/media\/83751"}],"wp:attachment":[{"href":"https:\/\/obera.fr\/es\/wp-json\/wp\/v2\/media?parent=134259"}],"wp:term":[{"taxonomy":"category","embeddable":true,"href":"https:\/\/obera.fr\/es\/wp-json\/wp\/v2\/categories?post=134259"},{"taxonomy":"post_tag","embeddable":true,"href":"https:\/\/obera.fr\/es\/wp-json\/wp\/v2\/tags?post=134259"}],"curies":[{"name":"wp","href":"https:\/\/api.w.org\/{rel}","templated":true}]}}