{"id":145707,"date":"2026-01-20T15:01:12","date_gmt":"2026-01-20T13:01:12","guid":{"rendered":"https:\/\/obera.fr\/nuestro-consejo\/respiran-los-franceses-aire-saludable-en-su-lugar-de-trabajo-en-invierno\/"},"modified":"2026-04-22T14:31:24","modified_gmt":"2026-04-22T12:31:24","slug":"respiran-los-franceses-aire-saludable-en-su-lugar-de-trabajo-en-invierno","status":"publish","type":"post","link":"https:\/\/obera.fr\/es\/prensa\/respiran-los-franceses-aire-saludable-en-su-lugar-de-trabajo-en-invierno\/","title":{"rendered":"\u00bfRespiran los franceses aire saludable en su lugar de trabajo en invierno?"},"content":{"rendered":"\n<div class=\"kpis-band\">\n  <div class=\"kpis-grid\">\n    <div class=\"kpi\">\n      <span class=\"kpi-val\">78%<\/span>\n      <span class=\"kpi-label\">ya han sentido aire viciado en su lugar de trabajo en invierno<\/span>\n    <\/div>\n    <div class=\"kpi\">\n      <span class=\"kpi-val\">83%<\/span>\n      <span class=\"kpi-label\">consideran que las empresas deben hacer m\u00e1s por la calidad del aire<\/span>\n    <\/div>\n    <div class=\"kpi\">\n      <span class=\"kpi-val\">4.102<\/span>\n      <span class=\"kpi-label\">personas encuestadas en Francia \u2014 encuesta representativa<\/span>\n    <\/div>\n  <\/div>\n<\/div>\n\n<div class=\"article-body\">\n\n  <!-- M\u00e9ta -->\n  <div class=\"meta-bar\">\n    <span class=\"tag-cp\">Comunicado de prensa<\/span>\n    <span class=\"meta-date\">20 de enero de 2026<\/span>\n  <\/div>\n  <h1>\u00bfRespiran los franceses aire saludable en su lugar de trabajo en invierno? <\/h1>\n\n  <!-- Intro -->\n  <p><strong>OberA revela los resultados de una nueva encuesta* realizada a 4.102 personas<\/strong> que pone de relieve un desfase persistente entre el confort t\u00e9rmico y la calidad del aire en el trabajo: temperaturas ideales muy debatidas, ventilaci\u00f3n invernal poco frecuente, ausencia de dispositivos de purificaci\u00f3n de aire, humedad poco controlada y dudas sobre las medidas adecuadas ante los virus. El estudio tambi\u00e9n destaca una fuerte expectativa hacia los empleadores: una amplia mayor\u00eda solicita acciones concretas para un aire interior m\u00e1s saludable en las empresas y los lugares p\u00fablicos. <\/p>\n\n  <!-- \u2500\u2500 SECTION 1 \u2014 Temp\u00e9rature \u2500\u2500 -->\n  <h2>\u00bfLugares de trabajo mal regulados en temperatura?<\/h2>\n\n  <p>Tener demasiado fr\u00edo o demasiado calor en el lugar de trabajo puede convertirse en un verdadero problema. Pero, sobre este tema, no todo el mundo tiene la misma visi\u00f3n de la temperatura ideal. Seg\u00fan el INRS, las referencias de confort t\u00e9rmico se sit\u00faan entre 21 y 23 \u00b0C y esta franja solo la prefiere el <strong>41%<\/strong>.   Algunos prefieren ajustes m\u00e1s sobrios a 19\u00b0C o menos, un 21%, es decir, un nivel cercano a las consignas de sobriedad energ\u00e9tica recordadas en la comunicaci\u00f3n p\u00fablica.<\/p>\n\n  <div class=\"data-table-wrap\">\n    <div class=\"data-table-title\">En invierno, \u00bfqu\u00e9 temperatura le gusta tener en su lugar de trabajo?<\/div>\n    <table class=\"data\">\n      <thead><tr><th>Temperatura<\/th><th>Resultado<\/th><\/tr><\/thead>\n      <tbody>\n        <tr><td>17 \u00b0C<\/td><td><div class=\"pct-bar-cell\"><div class=\"pct-bar\"><div class=\"pct-bar-fill\" style=\"width:2%\"><\/div><\/div><span class=\"pct-val\">2 %<\/span><\/div><\/td><\/tr>\n        <tr><td>18 \u00b0C<\/td><td><div class=\"pct-bar-cell\"><div class=\"pct-bar\"><div class=\"pct-bar-fill\" style=\"width:11%\"><\/div><\/div><span class=\"pct-val\">11 %<\/span><\/div><\/td><\/tr>\n        <tr><td>19 \u00b0C<\/td><td><div class=\"pct-bar-cell\"><div class=\"pct-bar\"><div class=\"pct-bar-fill\" style=\"width:19%\"><\/div><\/div><span class=\"pct-val\">19 %<\/span><\/div><\/td><\/tr>\n        <tr><td>20 \u00b0C<\/td><td><div class=\"pct-bar-cell\"><div class=\"pct-bar\"><div class=\"pct-bar-fill\" style=\"width:21%\"><\/div><\/div><span class=\"pct-val pct-top\">21 %<\/span><\/div><\/td><\/tr>\n        <tr><td>21 \u00b0C<\/td><td><div class=\"pct-bar-cell\"><div class=\"pct-bar\"><div class=\"pct-bar-fill\" style=\"width:18%\"><\/div><\/div><span class=\"pct-val\">18 %<\/span><\/div><\/td><\/tr>\n        <tr><td>22 \u00b0C<\/td><td><div class=\"pct-bar-cell\"><div class=\"pct-bar\"><div class=\"pct-bar-fill\" style=\"width:12%\"><\/div><\/div><span class=\"pct-val\">12 %<\/span><\/div><\/td><\/tr>\n        <tr><td>23 \u00b0C<\/td><td><div class=\"pct-bar-cell\"><div class=\"pct-bar\"><div class=\"pct-bar-fill\" style=\"width:11%\"><\/div><\/div><span class=\"pct-val\">11 %<\/span><\/div><\/td><\/tr>\n        <tr><td>M\u00e1s de 24\u00b0C<\/td><td><div class=\"pct-bar-cell\"><div class=\"pct-bar\"><div class=\"pct-bar-fill\" style=\"width:5%\"><\/div><\/div><span class=\"pct-val\">5 %<\/span><\/div><\/td><\/tr>\n        <tr><td>No lo s\u00e9<\/td><td><div class=\"pct-bar-cell\"><div class=\"pct-bar\"><div class=\"pct-bar-fill\" style=\"width:1%;background:#E5E7EB\"><\/div><\/div><span class=\"pct-val\">1 %<\/span><\/div><\/td><\/tr>\n      <\/tbody>\n    <\/table>\n  <\/div>\n\n  <!-- \u2500\u2500 SECTION 2 \u2014 Chaleur vs air renouvel\u00e9 \u2500\u2500 -->\n  <h2>Los franceses prefieren tener calor antes que aire renovado<\/h2>\n\n  <div class=\"stat-highlight\">\n    <span class=\"big-num\">48 %<\/span>\n    <div class=\"stat-text\">\n      <strong>prefieren tener mucho calor aunque el aire est\u00e9 poco renovado<\/strong>\n      <p>Frente al 41% que prioriza un aire renovado regularmente, aunque tenga que soportar un ambiente m\u00e1s fresco.<\/p>\n    <\/div>\n  <\/div>\n\n  <p>Si tuviera que elegir, casi uno de cada dos franceses prefiere tener mucho calor aunque el aire est\u00e9 poco renovado (48%), frente al 41% que prioriza un aire renovado regularmente, aunque tenga que soportar un ambiente m\u00e1s fresco. Por \u00faltimo, el 11% declara no decidirse. Estos resultados confirman el peso del confort t\u00e9rmico en la percepci\u00f3n de un entorno saludable, aun cuando las recomendaciones p\u00fablicas insisten en la importancia de ventilar a diario, incluso en invierno.  <\/p>\n\n  <div class=\"data-table-wrap\">\n    <div class=\"data-table-title\">Si tuviera que elegir, \u00bfqu\u00e9 prefiere?<\/div>\n    <table class=\"data\">\n      <thead><tr><th>Respuesta<\/th><th>Resultado<\/th><\/tr><\/thead>\n      <tbody>\n        <tr><td>Tener mucho calor aunque el aire est\u00e9 poco renovado<\/td><td><div class=\"pct-bar-cell\"><div class=\"pct-bar\"><div class=\"pct-bar-fill\" style=\"width:48%\"><\/div><\/div><span class=\"pct-val pct-top\">48 %<\/span><\/div><\/td><\/tr>\n        <tr><td>Tener un poco m\u00e1s de fresco pero un aire renovado regularmente<\/td><td><div class=\"pct-bar-cell\"><div class=\"pct-bar\"><div class=\"pct-bar-fill\" style=\"width:41%\"><\/div><\/div><span class=\"pct-val\">41 %<\/span><\/div><\/td><\/tr>\n        <tr><td>No lo s\u00e9 \/ depende<\/td><td><div class=\"pct-bar-cell\"><div class=\"pct-bar\"><div class=\"pct-bar-fill\" style=\"width:11%;background:#E5E7EB\"><\/div><\/div><span class=\"pct-val\">11 %<\/span><\/div><\/td><\/tr>\n      <\/tbody>\n    <\/table>\n  <\/div>\n\n  <!-- \u2500\u2500 SECTION 3 \u2014 Humidit\u00e9 \u2500\u2500 -->\n  <h2>Franceses preocupados por la humedad\u2026 pero sin control real<\/h2>\n\n  <div class=\"stats-duo\">\n    <div class=\"stat-card\">\n      <span class=\"num\"><span class=\"accent\">90%<\/span><\/span>\n      <span class=\"lbl\">se preocupan por la humedad del aire en el trabajo<\/span>\n    <\/div>\n    <div class=\"stat-card\">\n      <span class=\"num\"><span class=\"accent\">8%<\/span><\/span>\n      <span class=\"lbl\">solo indican que en su empresa se <strong>mide<\/strong> realmente<\/span>\n    <\/div>\n  <\/div>\n\n  <p>La humedad del aire en el trabajo es una preocupaci\u00f3n muy compartida: <strong>al 90% de las personas encuestadas le preocupa<\/strong>, pero solo el 8% indica que se mide realmente para conocer su nivel. Por el contrario, <strong>el 82% declara no disponer de un seguimiento claro<\/strong> (el 31% no sabe si existen mediciones y el 51% afirma que nadie la mide). Sin embargo, la humedad relativa es un par\u00e1metro reconocido del confort y la salud, con recomendaciones que suelen situarse en torno al 40\u201360% para limitar molestias y desequilibrios.  <\/p>\n\n  <div class=\"data-table-wrap\">\n    <div class=\"data-table-title\">\u00bfSe preocupa por la humedad presente en el aire de su lugar de trabajo?<\/div>\n    <table class=\"data\">\n      <thead><tr><th>Respuesta<\/th><th>Resultado<\/th><\/tr><\/thead>\n      <tbody>\n        <tr><td>S\u00ed, se mide para conocer su nivel<\/td><td><div class=\"pct-bar-cell\"><div class=\"pct-bar\"><div class=\"pct-bar-fill\" style=\"width:8%\"><\/div><\/div><span class=\"pct-val\">8 %<\/span><\/div><\/td><\/tr>\n        <tr><td>S\u00ed, pero no s\u00e9 si se mide<\/td><td><div class=\"pct-bar-cell\"><div class=\"pct-bar\"><div class=\"pct-bar-fill\" style=\"width:31%\"><\/div><\/div><span class=\"pct-val\">31 %<\/span><\/div><\/td><\/tr>\n        <tr><td>S\u00ed, pero nadie la mide<\/td><td><div class=\"pct-bar-cell\"><div class=\"pct-bar\"><div class=\"pct-bar-fill\" style=\"width:51%\"><\/div><\/div><span class=\"pct-val pct-top\">51 %<\/span><\/div><\/td><\/tr>\n        <tr><td>No, no me preocupa<\/td><td><div class=\"pct-bar-cell\"><div class=\"pct-bar\"><div class=\"pct-bar-fill\" style=\"width:10%;background:#E5E7EB\"><\/div><\/div><span class=\"pct-val\">10 %<\/span><\/div><\/td><\/tr>\n      <\/tbody>\n    <\/table>\n  <\/div>\n\n  <!-- \u2500\u2500 SECTION 4 \u2014 Microbes \u2500\u2500 -->\n  <h2>\u00bfQu\u00e9 soluci\u00f3n contra los microbios de los compa\u00f1eros?<\/h2>\n\n  <div class=\"stat-highlight\">\n    <span class=\"big-num\">31 %<\/span>\n    <div class=\"stat-text\">\n      <strong>eligen la estrategia m\u00e1s completa: ventilaciones cortas + purificador de aire<\/strong>\n      <p>El otro 50% se divide entre una \u00fanica acci\u00f3n \u2014 ventana (21%) o solo purificador (29%)\u2014 y el 19% no lo sabe o no hace nada.<\/p>\n    <\/div>\n  <\/div>\n\n  <p>Con el invierno, los microbios est\u00e1n en el aire. Sin embargo, las respuestas muestran una gran duda sobre los reflejos adecuados que adoptar. Solo una minor\u00eda relativa del <strong>31% elige la estrategia m\u00e1s completa: ventilaciones cortas + purificador<\/strong>. No obstante, las recomendaciones son claras: la aireaci\u00f3n y la ventilaci\u00f3n, incluso en invierno mediante aperturas repetidas de unos minutos, reducen la acumulaci\u00f3n de aerosoles.    La filtraci\u00f3n HEPA tambi\u00e9n es \u00fatil como complemento.<\/p>\n\n  <div class=\"data-table-wrap\">\n    <div class=\"data-table-title\">Para reducir los riesgos relacionados con los microbios respiratorios en el aire (aerosoles), la mejor respuesta es seg\u00fan usted:<\/div>\n    <table class=\"data\">\n      <thead><tr><th>Respuesta<\/th><th>Resultado<\/th><\/tr><\/thead>\n      <tbody>\n        <tr><td>Realizar ventilaciones cortas regulares y utilizar un purificador de aire<\/td><td><div class=\"pct-bar-cell\"><div class=\"pct-bar\"><div class=\"pct-bar-fill\" style=\"width:31%\"><\/div><\/div><span class=\"pct-val pct-top\">31 %<\/span><\/div><\/td><\/tr>\n        <tr><td>Utilizar un purificador de aire (tipo HEPA, de carb\u00f3n activo, de saturaci\u00f3n, regenerable)<\/td><td><div class=\"pct-bar-cell\"><div class=\"pct-bar\"><div class=\"pct-bar-fill\" style=\"width:29%\"><\/div><\/div><span class=\"pct-val\">29 %<\/span><\/div><\/td><\/tr>\n        <tr><td>Abrir la ventana aunque el aire exterior est\u00e9 muy fr\u00edo y posiblemente contaminado<\/td><td><div class=\"pct-bar-cell\"><div class=\"pct-bar\"><div class=\"pct-bar-fill\" style=\"width:21%\"><\/div><\/div><span class=\"pct-val\">21 %<\/span><\/div><\/td><\/tr>\n        <tr><td>No lo s\u00e9<\/td><td><div class=\"pct-bar-cell\"><div class=\"pct-bar\"><div class=\"pct-bar-fill\" style=\"width:11%;background:#E5E7EB\"><\/div><\/div><span class=\"pct-val\">11 %<\/span><\/div><\/td><\/tr>\n        <tr><td>No hacer nada en absoluto<\/td><td><div class=\"pct-bar-cell\"><div class=\"pct-bar\"><div class=\"pct-bar-fill\" style=\"width:8%;background:#E5E7EB\"><\/div><\/div><span class=\"pct-val\">8 %<\/span><\/div><\/td><\/tr>\n      <\/tbody>\n    <\/table>\n  <\/div>\n\n  <!-- \u2500\u2500 SECTION 5 \u2014 A\u00e9ration \u2500\u2500 -->\n  <h2>\u00a1Alto a las ventanas cerradas!<\/h2>\n\n  <div class=\"stats-duo\">\n    <div class=\"stat-card\">\n      <span class=\"num\"><span class=\"accent\">22%<\/span><\/span>\n      <span class=\"lbl\">solo abren las ventanas al menos una vez al d\u00eda en invierno<\/span>\n    <\/div>\n    <div class=\"stat-card\">\n      <span class=\"num\"><span class=\"accent\">54%<\/span><\/span>\n      <span class=\"lbl\">lo hacen con menos frecuencia \u2014 de los cuales <strong>el 19% nunca<\/strong><\/span>\n    <\/div>\n  <\/div>\n\n  <p>La ventilaci\u00f3n en el trabajo parece ampliamente insuficiente y mal controlada: <strong>solo el 22% declara abrir las ventanas al menos una vez al d\u00eda<\/strong> (7% varias veces, 15% una vez), mientras que el 54% lo hace con menos frecuencia (21% algunas veces por semana, 14% raramente, 19% nunca). Sobre todo, <strong>el 24% responde no saber o no disponer de ventanas<\/strong>, se\u00f1al de una falta de referencias y de la dificultad para aplicar las medidas adecuadas. <\/p>\n\n  <div class=\"data-table-wrap\">\n    <div class=\"data-table-title\">\u00bfCon qu\u00e9 frecuencia se abren las ventanas en invierno en su espacio de trabajo?<\/div>\n    <table class=\"data\">\n      <thead><tr><th>Frecuencia<\/th><th>Resultado<\/th><\/tr><\/thead>\n      <tbody>\n        <tr><td>Varias veces al d\u00eda<\/td><td><div class=\"pct-bar-cell\"><div class=\"pct-bar\"><div class=\"pct-bar-fill\" style=\"width:7%\"><\/div><\/div><span class=\"pct-val\">7 %<\/span><\/div><\/td><\/tr>\n        <tr><td>1 vez al d\u00eda<\/td><td><div class=\"pct-bar-cell\"><div class=\"pct-bar\"><div class=\"pct-bar-fill\" style=\"width:15%\"><\/div><\/div><span class=\"pct-val\">15 %<\/span><\/div><\/td><\/tr>\n        <tr><td>Algunas veces por semana<\/td><td><div class=\"pct-bar-cell\"><div class=\"pct-bar\"><div class=\"pct-bar-fill\" style=\"width:21%\"><\/div><\/div><span class=\"pct-val\">21 %<\/span><\/div><\/td><\/tr>\n        <tr><td>Raramente<\/td><td><div class=\"pct-bar-cell\"><div class=\"pct-bar\"><div class=\"pct-bar-fill\" style=\"width:14%\"><\/div><\/div><span class=\"pct-val\">14 %<\/span><\/div><\/td><\/tr>\n        <tr><td>Nunca<\/td><td><div class=\"pct-bar-cell\"><div class=\"pct-bar\"><div class=\"pct-bar-fill\" style=\"width:19%\"><\/div><\/div><span class=\"pct-val pct-top\">19 %<\/span><\/div><\/td><\/tr>\n        <tr><td>No lo s\u00e9 \/ no hay ventanas<\/td><td><div class=\"pct-bar-cell\"><div class=\"pct-bar\"><div class=\"pct-bar-fill\" style=\"width:24%;background:#E5E7EB\"><\/div><\/div><span class=\"pct-val\">24 %<\/span><\/div><\/td><\/tr>\n      <\/tbody>\n    <\/table>\n  <\/div>\n\n  <!-- \u2500\u2500 SECTION 6 \u2014 Air confin\u00e9 \u2500\u2500 -->\n  <h2>\u00bfAire viciado en el trabajo?<\/h2>\n\n  <div class=\"stat-highlight\">\n    <span class=\"big-num\">78 %<\/span>\n    <div class=\"stat-text\">\n      <strong>de los franceses ya han sentido aire viciado en su lugar de trabajo en invierno<\/strong>\n      <p>31% a menudo y 47% a veces \u2014 frente a solo el 17% que no detecta nada (14% raramente, 3% nunca).<\/p>\n    <\/div>\n  <\/div>\n\n  <p>\u00bfQui\u00e9n no ha sentido nunca aire viciado en su lugar de trabajo? <strong>El 78% de los franceses lo constata<\/strong> (31% a menudo y 47% a veces). La QAI sigue estando mal gestionada y mal comprendida: cuando el aire parece viciado, muchos no saben qu\u00e9 palancas activar (ventilaci\u00f3n, ventilaciones cortas y regulares, filtraci\u00f3n). Sin embargo, el CO\u2082 es un marcador \u00fatil de un aire insuficientemente renovado, y medidas sencillas (airear\/ventilar) reducen la acumulaci\u00f3n de contaminantes y aerosoles.  <\/p>\n\n  <div class=\"data-table-wrap\">\n    <div class=\"data-table-title\">\u00bfHa sentido alguna vez que el aire est\u00e1 viciado en el trabajo en invierno?<\/div>\n    <table class=\"data\">\n      <thead><tr><th>Respuesta<\/th><th>Resultado<\/th><\/tr><\/thead>\n      <tbody>\n        <tr><td>S\u00ed, a menudo<\/td><td><div class=\"pct-bar-cell\"><div class=\"pct-bar\"><div class=\"pct-bar-fill\" style=\"width:31%\"><\/div><\/div><span class=\"pct-val pct-top\">31 %<\/span><\/div><\/td><\/tr>\n        <tr><td>S\u00ed, a veces<\/td><td><div class=\"pct-bar-cell\"><div class=\"pct-bar\"><div class=\"pct-bar-fill\" style=\"width:47%\"><\/div><\/div><span class=\"pct-val pct-top\">47 %<\/span><\/div><\/td><\/tr>\n        <tr><td>No, raramente<\/td><td><div class=\"pct-bar-cell\"><div class=\"pct-bar\"><div class=\"pct-bar-fill\" style=\"width:14%;background:#E5E7EB\"><\/div><\/div><span class=\"pct-val\">14 %<\/span><\/div><\/td><\/tr>\n        <tr><td>No, nunca<\/td><td><div class=\"pct-bar-cell\"><div class=\"pct-bar\"><div class=\"pct-bar-fill\" style=\"width:3%;background:#E5E7EB\"><\/div><\/div><span class=\"pct-val\">3 %<\/span><\/div><\/td><\/tr>\n        <tr><td>No lo s\u00e9<\/td><td><div class=\"pct-bar-cell\"><div class=\"pct-bar\"><div class=\"pct-bar-fill\" style=\"width:5%;background:#E5E7EB\"><\/div><\/div><span class=\"pct-val\">5 %<\/span><\/div><\/td><\/tr>\n      <\/tbody>\n    <\/table>\n  <\/div>\n\n  <!-- \u2500\u2500 SECTION 7 \u2014 Maladie au bureau \u2500\u2500 -->\n  <h2>Una mala gesti\u00f3n en caso de enfermedad<\/h2>\n\n  <div class=\"stats-duo\">\n    <div class=\"stat-card\">\n      <span class=\"num\"><span class=\"accent\">43%<\/span><\/span>\n      <span class=\"lbl\">declaran ir a trabajar enfermos pese a tos o resfriado<\/span>\n    <\/div>\n    <div class=\"stat-card\">\n      <span class=\"num\"><span class=\"accent\">25%<\/span><\/span>\n      <span class=\"lbl\">solo se quedan en casa en caso de enfermedad<\/span>\n    <\/div>\n  <\/div>\n\n  <p>Cuando un compa\u00f1ero tiene tos o resfriado, la situaci\u00f3n sigue estando ampliamente mal gestionada: <strong>el 43% declara ir a trabajar enfermo<\/strong> frente a solo el 25% que se queda en casa. La cultura del presentismo sigue siendo demasiado fuerte en Francia \u2014 la Dares se\u00f1ala que m\u00e1s de un d\u00eda de baja de cada cuatro (27%) se traduce en presencia en el trabajo. Estos resultados abogan por consignas operativas en la empresa (teletrabajo si es posible, vuelta con mascarilla si hay s\u00edntomas, aireaci\u00f3n\/ventilaci\u00f3n reforzada).  <\/p>\n\n  <div class=\"data-table-wrap\">\n    <div class=\"data-table-title\">Cuando un compa\u00f1ero est\u00e1 enfermo (tos\/resfriado), \u00bfqu\u00e9 ocurre con m\u00e1s frecuencia?<\/div>\n    <table class=\"data\">\n      <thead><tr><th>Respuesta<\/th><th>Resultado<\/th><\/tr><\/thead>\n      <tbody>\n        <tr><td>Viene de todos modos (por obligaci\u00f3n)<\/td><td><div class=\"pct-bar-cell\"><div class=\"pct-bar\"><div class=\"pct-bar-fill\" style=\"width:43%\"><\/div><\/div><span class=\"pct-val pct-top\">43 %<\/span><\/div><\/td><\/tr>\n        <tr><td>Depende de los equipos \/ per\u00edodos<\/td><td><div class=\"pct-bar-cell\"><div class=\"pct-bar\"><div class=\"pct-bar-fill\" style=\"width:29%\"><\/div><\/div><span class=\"pct-val\">29 %<\/span><\/div><\/td><\/tr>\n        <tr><td>Se queda en casa<\/td><td><div class=\"pct-bar-cell\"><div class=\"pct-bar\"><div class=\"pct-bar-fill\" style=\"width:25%\"><\/div><\/div><span class=\"pct-val\">25 %<\/span><\/div><\/td><\/tr>\n        <tr><td>No lo s\u00e9<\/td><td><div class=\"pct-bar-cell\"><div class=\"pct-bar\"><div class=\"pct-bar-fill\" style=\"width:3%;background:#E5E7EB\"><\/div><\/div><span class=\"pct-val\">3 %<\/span><\/div><\/td><\/tr>\n      <\/tbody>\n    <\/table>\n  <\/div>\n\n  <!-- \u2500\u2500 SECTION 8 \u2014 R\u00e9flexes face \u00e0 un coll\u00e8gue malade \u2500\u2500 -->\n  <h2>\u00bfQu\u00e9 hacen realmente los franceses ante un compa\u00f1ero enfermo?<\/h2>\n\n  <p>Desde la Covid, algunos reflejos se han incorporado a los h\u00e1bitos colectivos. As\u00ed, ante un compa\u00f1ero enfermo, los gestos m\u00e1s citados son <strong>la higiene de manos\/desinfecci\u00f3n (53%)<\/strong> y el distanciamiento (41%). En cambio, las medidas m\u00e1s estructurantes en espacios cerrados se adoptan mucho menos: la ventilaci\u00f3n reforzada (27%) y el uso de mascarilla (18%). M\u00e1s preocupante: <strong>el 37% de los franceses cita respuestas de inacci\u00f3n<\/strong> (no cambiar su actitud, 25%, o no hacer nada en absoluto, 12%).   <\/p>\n\n  <div class=\"data-table-wrap\">\n    <div class=\"data-table-title\">Cuando un compa\u00f1ero est\u00e1 enfermo (tos\/resfriado), \u00bfqu\u00e9 hace usted con m\u00e1s frecuencia? (3 opciones como m\u00e1ximo) <\/div>\n    <table class=\"data\">\n      <thead><tr><th>Acci\u00f3n<\/th><th>Resultado<\/th><\/tr><\/thead>\n      <tbody>\n        <tr><td>Me lavo\/desinfecto las manos m\u00e1s a menudo y desinfecto mi puesto<\/td><td><div class=\"pct-bar-cell\"><div class=\"pct-bar\"><div class=\"pct-bar-fill\" style=\"width:53%\"><\/div><\/div><span class=\"pct-val pct-top\">53 %<\/span><\/div><\/td><\/tr>\n        <tr><td>Mantengo las distancias y limito los intercambios cara a cara<\/td><td><div class=\"pct-bar-cell\"><div class=\"pct-bar\"><div class=\"pct-bar-fill\" style=\"width:41%\"><\/div><\/div><span class=\"pct-val\">41 %<\/span><\/div><\/td><\/tr>\n        <tr><td>Ventilo m\u00e1s (abro la ventana cuando es posible)<\/td><td><div class=\"pct-bar-cell\"><div class=\"pct-bar\"><div class=\"pct-bar-fill\" style=\"width:27%\"><\/div><\/div><span class=\"pct-val\">27 %<\/span><\/div><\/td><\/tr>\n        <tr><td>No cambio nada \/ me adapto<\/td><td><div class=\"pct-bar-cell\"><div class=\"pct-bar\"><div class=\"pct-bar-fill\" style=\"width:25%;background:#E5E7EB\"><\/div><\/div><span class=\"pct-val\">25 %<\/span><\/div><\/td><\/tr>\n        <tr><td>Llevo mascarilla (al menos en reuni\u00f3n\/cerca)<\/td><td><div class=\"pct-bar-cell\"><div class=\"pct-bar\"><div class=\"pct-bar-fill\" style=\"width:18%\"><\/div><\/div><span class=\"pct-val\">18 %<\/span><\/div><\/td><\/tr>\n        <tr><td>Evito las reuniones presenciales \/ solicito una videoconferencia<\/td><td><div class=\"pct-bar-cell\"><div class=\"pct-bar\"><div class=\"pct-bar-fill\" style=\"width:18%\"><\/div><\/div><span class=\"pct-val\">18 %<\/span><\/div><\/td><\/tr>\n        <tr><td>Pido al compa\u00f1ero que se vaya a casa \/ que teletrabaje (si es posible)<\/td><td><div class=\"pct-bar-cell\"><div class=\"pct-bar\"><div class=\"pct-bar-fill\" style=\"width:16%\"><\/div><\/div><span class=\"pct-val\">16 %<\/span><\/div><\/td><\/tr>\n        <tr><td>Pido irme a casa para teletrabajar (si es posible)<\/td><td><div class=\"pct-bar-cell\"><div class=\"pct-bar\"><div class=\"pct-bar-fill\" style=\"width:12%\"><\/div><\/div><span class=\"pct-val\">12 %<\/span><\/div><\/td><\/tr>\n        <tr><td>No hago nada en absoluto<\/td><td><div class=\"pct-bar-cell\"><div class=\"pct-bar\"><div class=\"pct-bar-fill\" style=\"width:12%;background:#E5E7EB\"><\/div><\/div><span class=\"pct-val\">12 %<\/span><\/div><\/td><\/tr>\n        <tr><td>Lo comunico a un responsable\/RRHH (si la situaci\u00f3n plantea problemas)<\/td><td><div class=\"pct-bar-cell\"><div class=\"pct-bar\"><div class=\"pct-bar-fill\" style=\"width:6%\"><\/div><\/div><span class=\"pct-val\">6 %<\/span><\/div><\/td><\/tr>\n        <tr><td>Otro<\/td><td><div class=\"pct-bar-cell\"><div class=\"pct-bar\"><div class=\"pct-bar-fill\" style=\"width:3%;background:#E5E7EB\"><\/div><\/div><span class=\"pct-val\">3 %<\/span><\/div><\/td><\/tr>\n      <\/tbody>\n    <\/table>\n  <\/div>\n\n  <!-- \u2500\u2500 SECTION 9 \u2014 Attentes envers les entreprises \u2500\u2500 -->\n  <h2>8 de cada 10 franceses quieren acciones por parte de las empresas y los lugares p\u00fablicos<\/h2>\n\n  <div class=\"stat-highlight\">\n    <span class=\"big-num\">83 %<\/span>\n    <div class=\"stat-text\">\n      <strong>consideran que hay que hacer m\u00e1s para garantizar una calidad de aire ejemplar en las empresas y los lugares p\u00fablicos<\/strong>\n      <p>De los cuales el 56% estima que \u201ctodo est\u00e1 por hacer\u201d \u2014 una exigencia que contrasta con unas pr\u00e1cticas a\u00fan desiguales sobre el terreno.<\/p>\n    <\/div>\n  <\/div>\n\n  <p>Los franceses expresan una expectativa muy fuerte hacia las empresas y los lugares p\u00fablicos: <strong>el 83% considera que hay que hacer m\u00e1s para garantizar una calidad de aire ejemplar<\/strong>, de los cuales el 56% estima que \u201ctodo est\u00e1 por hacer\u201d. Esta exigencia tambi\u00e9n se enmarca en un d\u00e9ficit de referencias: una parte de los empleados no sabe c\u00f3mo se mide o se gestiona la calidad del aire, mientras que las autoridades recomiendan medidas sencillas y eficaces como la ventilaci\u00f3n regular y el seguimiento de indicadores (p. ej., CO\u2082). <\/p>\n\n  <div class=\"data-table-wrap\">\n    <div class=\"data-table-title\">\u00bfConsidera que las empresas y todos los lugares p\u00fablicos deber\u00edan hacer m\u00e1s esfuerzos para garantizar una calidad de aire ejemplar?<\/div>\n    <table class=\"data\">\n      <thead><tr><th>Respuesta<\/th><th>Resultado<\/th><\/tr><\/thead>\n      <tbody>\n        <tr><td>S\u00ed, absolutamente, todo est\u00e1 por hacer<\/td><td><div class=\"pct-bar-cell\"><div class=\"pct-bar\"><div class=\"pct-bar-fill\" style=\"width:56%\"><\/div><\/div><span class=\"pct-val pct-top\">56 %<\/span><\/div><\/td><\/tr>\n        <tr><td>S\u00ed, pero ya hacen muchas cosas<\/td><td><div class=\"pct-bar-cell\"><div class=\"pct-bar\"><div class=\"pct-bar-fill\" style=\"width:27%\"><\/div><\/div><span class=\"pct-val\">27 %<\/span><\/div><\/td><\/tr>\n        <tr><td>No, no es su funci\u00f3n<\/td><td><div class=\"pct-bar-cell\"><div class=\"pct-bar\"><div class=\"pct-bar-fill\" style=\"width:11%;background:#E5E7EB\"><\/div><\/div><span class=\"pct-val\">11 %<\/span><\/div><\/td><\/tr>\n        <tr><td>No lo s\u00e9 \/ no se pronuncia<\/td><td><div class=\"pct-bar-cell\"><div class=\"pct-bar\"><div class=\"pct-bar-fill\" style=\"width:6%;background:#E5E7EB\"><\/div><\/div><span class=\"pct-val\">6 %<\/span><\/div><\/td><\/tr>\n      <\/tbody>\n    <\/table>\n  <\/div>\n\n  <div class=\"section-divider\"><\/div>\n\n  <!-- \u2500\u2500 CITATION \u2500\u2500 -->\n  <blockquote class=\"quote-block\">\n    <p class=\"quote-text\">\u00abLos resultados de esta encuesta muestran un reflejo peligroso: a menudo se prioriza tener mucho calor en detrimento de un aire saludable. Sin embargo, en invierno, no siempre tenemos el reflejo de abrir las ventanas tanto como ser\u00eda necesario. Es ah\u00ed donde los sistemas de purificaci\u00f3n de aire se vuelven esenciales: complementan eficazmente la ventilaci\u00f3n y permiten reducir de manera duradera la carga de part\u00edculas y aerosoles en los espacios de trabajo, sin sacrificar el confort. Nos enfrentamos continuamente a empresas que subestiman la necesidad de mejorar y gestionar la calidad del aire de sus empleados. Una toma de conciencia que sin embargo es vital\u00bb.<\/p>\n    <p class=\"quote-author\">\n        <span class=\"quote-author-name\">Thibaut SAMSEL<\/span>\n        <span class=\"quote-author-title\">Director y fundador de OberA<\/span>\n    <\/p>\n  <\/blockquote>\n\n  <!-- \u2500\u2500 M\u00c9THODOLOGIE \u2500\u2500 -->\n  <div class=\"methodo-box\">\n    <h2>* Metodolog\u00eda<\/h2>\n    <p>Encuesta realizada a una muestra representativa de <strong>4.102 personas<\/strong> residentes en Francia, de 18 a\u00f1os o m\u00e1s. Sondeo realizado en l\u00ednea en enero de 2026 a trav\u00e9s del panel de encuestados BuzzPress (27.700 personas encuestadas electr\u00f3nicamente por email y en las redes sociales Facebook y LinkedIn). <\/p>\n    <p>Respuestas recopiladas y ponderadas en funci\u00f3n de cuotas preestablecidas destinadas a garantizar la representatividad de la muestra, a partir de datos administrativos y de datos recopilados por el INSEE.<\/p>\n    <p><strong>Perfiles de las empresas:<\/strong> Servicios a particulares (27%) \u00b7 Servicios a empresas (24%) \u00b7 Sector p\u00fablico\/parap\u00fablico (18%) \u00b7 Industria\/producci\u00f3n (16%) \u00b7 Construcci\u00f3n\/BTP (8%) \u00b7 Transporte\/log\u00edstica (6%)<\/p>\n  <\/div>\n\n<\/div><!-- \/.article-body -->\n\n\n<h2 class=\"wp-block-heading has-text-align-center\">\u00a1Han hablado de nosotros!<\/h2>\n\n<div class=\"wp-block-columns are-vertically-aligned-center is-layout-flex wp-container-core-columns-is-layout-28f84493 wp-block-columns-is-layout-flex\">\n<div class=\"wp-block-column is-vertically-aligned-center is-layout-flow wp-block-column-is-layout-flow\">\n<figure class=\"wp-block-image aligncenter size-large\"><img decoding=\"async\" width=\"1024\" height=\"538\" src=\"https:\/\/obera.fr\/wp-content\/uploads\/2026\/02\/logo_de_doctissimo-1024x538.jpg\" alt=\"logo de doctissimo\" class=\"wp-image-143878\" srcset=\"https:\/\/obera.fr\/wp-content\/uploads\/2026\/02\/logo_de_doctissimo-1024x538.jpg 1024w, https:\/\/obera.fr\/wp-content\/uploads\/2026\/02\/logo_de_doctissimo-300x158.jpg 300w, https:\/\/obera.fr\/wp-content\/uploads\/2026\/02\/logo_de_doctissimo-768x403.jpg 768w, https:\/\/obera.fr\/wp-content\/uploads\/2026\/02\/logo_de_doctissimo.jpg 1200w\" sizes=\"(max-width: 1024px) 100vw, 1024px\" \/><figcaption class=\"wp-element-caption\"><a href=\"https:\/\/www.doctissimo.fr\/famille\/travail\/sante-et-travail\/43-des-francais-vont-travailler-malades-et-les-virus-sinvitent-en-salle-de-reunion-603072.htm\" data-type=\"link\" data-id=\"https:\/\/www.doctissimo.fr\/famille\/travail\/sante-et-travail\/43-des-francais-vont-travailler-malades-et-les-virus-sinvitent-en-salle-de-reunion-603072.htm\" target=\"_blank\" rel=\"noreferrer noopener nofollow\">Ver el art\u00edculo<\/a><\/figcaption><\/figure>\n<\/div>\n\n\n\n<div class=\"wp-block-column is-vertically-aligned-center is-layout-flow wp-block-column-is-layout-flow\">\n<figure class=\"wp-block-image aligncenter size-large\"><img decoding=\"async\" width=\"1024\" height=\"1024\" src=\"https:\/\/obera.fr\/wp-content\/uploads\/2026\/02\/bfm_tv_logo-1024x1024.png\" alt=\"logo bfm tv\" class=\"wp-image-143879\" srcset=\"https:\/\/obera.fr\/wp-content\/uploads\/2026\/02\/bfm_tv_logo-1024x1024.png 1024w, https:\/\/obera.fr\/wp-content\/uploads\/2026\/02\/bfm_tv_logo-300x300.png 300w, https:\/\/obera.fr\/wp-content\/uploads\/2026\/02\/bfm_tv_logo-150x150.png 150w, https:\/\/obera.fr\/wp-content\/uploads\/2026\/02\/bfm_tv_logo-768x768.png 768w, https:\/\/obera.fr\/wp-content\/uploads\/2026\/02\/bfm_tv_logo.png 1200w\" sizes=\"(max-width: 1024px) 100vw, 1024px\" \/><figcaption class=\"wp-element-caption\"><a href=\"https:\/\/www.bfmtv.com\/sante\/video-selon-une-etude-43-des-francais-vont-travailler-en-etant-malades_VN-202601270111.html\" target=\"_blank\" rel=\"noreferrer noopener nofollow\">Ver el art\u00edculo<\/a><\/figcaption><\/figure>\n<\/div>\n\n\n\n<div class=\"wp-block-column is-vertically-aligned-center is-layout-flow wp-block-column-is-layout-flow\">\n<figure class=\"wp-block-image aligncenter size-full\"><img decoding=\"async\" width=\"640\" height=\"360\" src=\"https:\/\/obera.fr\/wp-content\/uploads\/2026\/02\/laprovence-logo-media.jpg\" alt=\"logo laprovence media\" class=\"wp-image-143880\" srcset=\"https:\/\/obera.fr\/wp-content\/uploads\/2026\/02\/laprovence-logo-media.jpg 640w, https:\/\/obera.fr\/wp-content\/uploads\/2026\/02\/laprovence-logo-media-300x169.jpg 300w\" sizes=\"(max-width: 640px) 100vw, 640px\" \/><figcaption class=\"wp-element-caption\"><a href=\"https:\/\/www.laprovence.com\/article\/societe\/40354383352299\/peur-detre-mal-vu-a-leuro-pres-sans-teletravail-43-des-francais-vont-travailler-en-etant-malades\" data-type=\"link\" data-id=\"https:\/\/www.laprovence.com\/article\/societe\/40354383352299\/peur-detre-mal-vu-a-leuro-pres-sans-teletravail-43-des-francais-vont-travailler-en-etant-malades\" target=\"_blank\" rel=\"noreferrer noopener nofollow\">Ver el art\u00edculo<\/a><\/figcaption><\/figure>\n<\/div>\n\n\n\n<div class=\"wp-block-column is-vertically-aligned-center is-layout-flow wp-block-column-is-layout-flow\">\n<figure class=\"wp-block-image aligncenter size-full\"><img decoding=\"async\" width=\"512\" height=\"512\" src=\"https:\/\/obera.fr\/wp-content\/uploads\/2026\/02\/corsematin-logo.png\" alt=\"logo corsematin\" class=\"wp-image-143881\" srcset=\"https:\/\/obera.fr\/wp-content\/uploads\/2026\/02\/corsematin-logo.png 512w, https:\/\/obera.fr\/wp-content\/uploads\/2026\/02\/corsematin-logo-300x300.png 300w, https:\/\/obera.fr\/wp-content\/uploads\/2026\/02\/corsematin-logo-150x150.png 150w\" sizes=\"(max-width: 512px) 100vw, 512px\" \/><\/figure>\n<\/div>\n\n\n\n<div class=\"wp-block-column is-vertically-aligned-center is-layout-flow wp-block-column-is-layout-flow\">\n<figure class=\"wp-block-image aligncenter size-full\"><img decoding=\"async\" width=\"500\" height=\"500\" src=\"https:\/\/obera.fr\/wp-content\/uploads\/2026\/02\/demotivteur-logo.jpg\" alt=\"logo demotivateur\" class=\"wp-image-143882\" srcset=\"https:\/\/obera.fr\/wp-content\/uploads\/2026\/02\/demotivteur-logo.jpg 500w, https:\/\/obera.fr\/wp-content\/uploads\/2026\/02\/demotivteur-logo-300x300.jpg 300w, https:\/\/obera.fr\/wp-content\/uploads\/2026\/02\/demotivteur-logo-150x150.jpg 150w\" sizes=\"(max-width: 500px) 100vw, 500px\" \/><figcaption class=\"wp-element-caption\"><a href=\"https:\/\/www.demotivateur.fr\/lifestyle\/43-des-francais-vont-travailler-en-etant-malades-selon-une-enquete-47039\" data-type=\"link\" data-id=\"https:\/\/www.demotivateur.fr\/lifestyle\/43-des-francais-vont-travailler-en-etant-malades-selon-une-enquete-47039\" target=\"_blank\" rel=\"noreferrer noopener nofollow\">Ver el art\u00edculo<\/a><\/figcaption><\/figure>\n<\/div>\n<\/div>\n\n<div class=\"wp-block-columns are-vertically-aligned-center is-layout-flex wp-container-core-columns-is-layout-28f84493 wp-block-columns-is-layout-flex\">\n<div class=\"wp-block-column is-vertically-aligned-center is-layout-flow wp-block-column-is-layout-flow\">\n<figure class=\"wp-block-image aligncenter size-full\"><img decoding=\"async\" width=\"1024\" height=\"443\" src=\"https:\/\/obera.fr\/wp-content\/uploads\/2026\/02\/logo-msn.png\" alt=\"logo msn\" class=\"wp-image-143883\" srcset=\"https:\/\/obera.fr\/wp-content\/uploads\/2026\/02\/logo-msn.png 1024w, https:\/\/obera.fr\/wp-content\/uploads\/2026\/02\/logo-msn-300x130.png 300w, https:\/\/obera.fr\/wp-content\/uploads\/2026\/02\/logo-msn-768x332.png 768w\" sizes=\"(max-width: 1024px) 100vw, 1024px\" \/><figcaption class=\"wp-element-caption\"><a href=\"https:\/\/www.msn.com\/fr-ch\/actualite\/other\/pr%C3%A8s-d-un-salari%C3%A9-sur-deux-va-travailler-malgr%C3%A9-des-signes-de-maladie\/ar-AA1V3q6q\" data-type=\"link\" data-id=\"https:\/\/www.doctissimo.fr\/famille\/travail\/sante-et-travail\/43-des-francais-vont-travailler-malades-et-les-virus-sinvitent-en-salle-de-reunion-603072.htm\" target=\"_blank\" rel=\"noreferrer noopener nofollow\">Ver el art\u00edculo<\/a><\/figcaption><\/figure>\n<\/div>\n\n\n\n<div class=\"wp-block-column is-vertically-aligned-center is-layout-flow wp-block-column-is-layout-flow\">\n<figure class=\"wp-block-image aligncenter size-large\"><img decoding=\"async\" width=\"1024\" height=\"349\" src=\"https:\/\/obera.fr\/wp-content\/uploads\/2026\/02\/logo-orange-1024x349.jpg\" alt=\"logo orange\" class=\"wp-image-143884\" srcset=\"https:\/\/obera.fr\/wp-content\/uploads\/2026\/02\/logo-orange-1024x349.jpg 1024w, https:\/\/obera.fr\/wp-content\/uploads\/2026\/02\/logo-orange-300x102.jpg 300w, https:\/\/obera.fr\/wp-content\/uploads\/2026\/02\/logo-orange-768x262.jpg 768w, https:\/\/obera.fr\/wp-content\/uploads\/2026\/02\/logo-orange-1536x523.jpg 1536w, https:\/\/obera.fr\/wp-content\/uploads\/2026\/02\/logo-orange.jpg 1659w\" sizes=\"(max-width: 1024px) 100vw, 1024px\" \/><figcaption class=\"wp-element-caption\"><a href=\"https:\/\/actu.orange.fr\/videos\/france\/selon-une-etude-43-des-francais-vont-travailler-en-etant-malades-CNT000002mZ3oz.html\" target=\"_blank\" rel=\"noreferrer noopener nofollow\">Ver el art\u00edculo<\/a><\/figcaption><\/figure>\n<\/div>\n\n\n\n<div class=\"wp-block-column is-vertically-aligned-center is-layout-flow wp-block-column-is-layout-flow\">\n<figure class=\"wp-block-image aligncenter size-full\"><img decoding=\"async\" width=\"259\" height=\"195\" src=\"https:\/\/obera.fr\/wp-content\/uploads\/2026\/02\/logo-maxiflash.png\" alt=\"logo maxiflash\" class=\"wp-image-143885\"\/><figcaption class=\"wp-element-caption\"><a href=\"https:\/\/haguenau.maxi-flash.com\/etude-les-francais-travaillent-meme-malades\/\" data-type=\"link\" data-id=\"https:\/\/www.laprovence.com\/article\/societe\/40354383352299\/peur-detre-mal-vu-a-leuro-pres-sans-teletravail-43-des-francais-vont-travailler-en-etant-malades\" target=\"_blank\" rel=\"noreferrer noopener nofollow\">Ver el art\u00edculo<\/a><\/figcaption><\/figure>\n<\/div>\n\n\n\n<div class=\"wp-block-column is-vertically-aligned-center is-layout-flow wp-block-column-is-layout-flow\">\n<figure class=\"wp-block-image aligncenter size-full\"><img decoding=\"async\" width=\"368\" height=\"108\" src=\"https:\/\/obera.fr\/wp-content\/uploads\/2026\/02\/logo_echo_mardi.png\" alt=\"logo echo mardi\" class=\"wp-image-143886\" srcset=\"https:\/\/obera.fr\/wp-content\/uploads\/2026\/02\/logo_echo_mardi.png 368w, https:\/\/obera.fr\/wp-content\/uploads\/2026\/02\/logo_echo_mardi-300x88.png 300w\" sizes=\"(max-width: 368px) 100vw, 368px\" \/><figcaption class=\"wp-element-caption\"><a href=\"https:\/\/www.echodumardi.com\/actualite\/43-des-francais-declarent-aller-travailler-meme-en-etant-malades\/amp\/\" data-type=\"link\" data-id=\"https:\/\/www.echodumardi.com\/actualite\/43-des-francais-declarent-aller-travailler-meme-en-etant-malades\/amp\/\" target=\"_blank\" rel=\"noreferrer noopener nofollow\">Ver el art\u00edculo<\/a><\/figcaption><\/figure>\n<\/div>\n\n\n\n<div class=\"wp-block-column is-vertically-aligned-center is-layout-flow wp-block-column-is-layout-flow\">\n<p class=\"has-text-align-center\">Y mucho m\u00e1s&#8230;<\/p>\n<\/div>\n<\/div>\n","protected":false},"excerpt":{"rendered":"<p>OberA revela los resultados de una nueva encuesta* realizada a 4.102 personas que pone de relieve un desfase persistente entre el confort t\u00e9rmico y la calidad del aire en el trabajo: temperaturas ideales muy debatidas, ventilaci\u00f3n invernal poco frecuente, ausencia de dispositivos de purificaci\u00f3n de aire, humedad poco controlada y dudas sobre las medidas adecuadas ante los virus. El estudio tambi\u00e9n destaca una fuerte expectativa hacia los empleadores: una amplia mayor\u00eda solicita acciones concretas para un aire interior m\u00e1s saludable en las empresas y los lugares p\u00fablicos. <\/p>\n","protected":false},"author":13,"featured_media":0,"comment_status":"open","ping_status":"closed","sticky":false,"template":"","format":"standard","meta":{"_acf_changed":false,"_seopress_robots_primary_cat":"none","_seopress_titles_title":"Estudio sobre la calidad del aire en el trabajo en invierno - OberA","_seopress_titles_desc":"OberA le presenta los resultados de una nueva encuesta realizada a 4.102 personas que pone de manifiesto una brecha entre el confort t\u00e9rmico y la calidad del aire en el trabajo","_seopress_robots_index":"","footnotes":""},"categories":[995],"tags":[119],"class_list":["post-145707","post","type-post","status-publish","format-standard","hentry","category-prensa","tag-entete-pequeno","generate-columns","tablet-grid-50","mobile-grid-100","grid-parent","grid-50","no-featured-image-padding"],"acf":[],"_links":{"self":[{"href":"https:\/\/obera.fr\/es\/wp-json\/wp\/v2\/posts\/145707","targetHints":{"allow":["GET"]}}],"collection":[{"href":"https:\/\/obera.fr\/es\/wp-json\/wp\/v2\/posts"}],"about":[{"href":"https:\/\/obera.fr\/es\/wp-json\/wp\/v2\/types\/post"}],"author":[{"embeddable":true,"href":"https:\/\/obera.fr\/es\/wp-json\/wp\/v2\/users\/13"}],"replies":[{"embeddable":true,"href":"https:\/\/obera.fr\/es\/wp-json\/wp\/v2\/comments?post=145707"}],"version-history":[{"count":6,"href":"https:\/\/obera.fr\/es\/wp-json\/wp\/v2\/posts\/145707\/revisions"}],"predecessor-version":[{"id":154261,"href":"https:\/\/obera.fr\/es\/wp-json\/wp\/v2\/posts\/145707\/revisions\/154261"}],"wp:attachment":[{"href":"https:\/\/obera.fr\/es\/wp-json\/wp\/v2\/media?parent=145707"}],"wp:term":[{"taxonomy":"category","embeddable":true,"href":"https:\/\/obera.fr\/es\/wp-json\/wp\/v2\/categories?post=145707"},{"taxonomy":"post_tag","embeddable":true,"href":"https:\/\/obera.fr\/es\/wp-json\/wp\/v2\/tags?post=145707"}],"curies":[{"name":"wp","href":"https:\/\/api.w.org\/{rel}","templated":true}]}}