{"id":36599,"date":"2024-10-24T10:50:30","date_gmt":"2024-10-24T08:50:30","guid":{"rendered":"https:\/\/obera.fr\/sin-categorizar\/purificadores-de-aire-hepa-14-para-centros-de-ensenanza-secundaria-soluciones-dedicadas-a-la-contaminacion-interior-en-las-escuelas\/"},"modified":"2025-04-14T15:35:57","modified_gmt":"2025-04-14T13:35:57","slug":"purificateur-air-college","status":"publish","type":"post","link":"https:\/\/obera.fr\/es\/nuestro-consejo\/purificateur-air-college\/","title":{"rendered":"Purificador de aire HEPA 14 para escuelas: soluciones dedicadas a la contaminaci\u00f3n interior en las escuelas"},"content":{"rendered":"\n<p>Los purificadores de aire OberA est\u00e1n dedicados a la <strong>calidad del aire en establecimientos como guarder\u00edas, escuelas, colegios y liceos<\/strong>. Para proteger la salud de los ni\u00f1os y del personal, los sistemas de filtraci\u00f3n est\u00e1n configurados para filtrar y eliminar el polvo, los virus, las bacterias, el polen, las part\u00edculas qu\u00edmicas y la contaminaci\u00f3n exterior. Equipos<strong> de alto rendimiento <\/strong>para limitar el riesgo de infecciones respiratorias, asma y epidemias.    <\/p>\n\n<h2 class=\"wp-block-heading\">Fuentes de contaminaci\u00f3n en las escuelas<\/h2>\n\n<figure class=\"wp-block-image alignright size-large is-resized\"><img decoding=\"async\" width=\"1024\" height=\"683\" src=\"https:\/\/obera.fr\/wp-content\/uploads\/2024\/10\/ecole-1024x683.jpg\" alt=\"El profesor se&#xF1;ala a los alumnos que levantan la mano\" class=\"wp-image-53300\" style=\"width:353px;height:auto\" srcset=\"https:\/\/obera.fr\/wp-content\/uploads\/2024\/10\/ecole-1024x683.jpg 1024w, https:\/\/obera.fr\/wp-content\/uploads\/2024\/10\/ecole-300x200.jpg 300w, https:\/\/obera.fr\/wp-content\/uploads\/2024\/10\/ecole-768x513.jpg 768w, https:\/\/obera.fr\/wp-content\/uploads\/2024\/10\/ecole-1536x1025.jpg 1536w, https:\/\/obera.fr\/wp-content\/uploads\/2024\/10\/ecole-2048x1367.jpg 2048w\" sizes=\"(max-width: 1024px) 100vw, 1024px\" \/><\/figure>\n\n<p>Las aulas y salas de estudio son <strong>el patio de recreo favorito de virus y bacterias<\/strong>. Pero eso no es todo: tambi\u00e9n hay otros contaminantes que pueden afectar a la salud de los ni\u00f1os, una poblaci\u00f3n especialmente fr\u00e1gil. Entre ellos est\u00e1n :  <\/p>\n\n<ul class=\"wp-block-list\">\n<li>Productos qu\u00edmicos utilizados para el mantenimiento y la limpieza de las aulas;<\/li>\n\n\n\n<li>La <strong>situaci\u00f3n geogr\u00e1fica de la escuela<\/strong>, que puede estar en una zona de alta contaminaci\u00f3n;<\/li>\n\n\n\n<li>Materiales utilizados en la construcci\u00f3n del establecimiento y mobiliario que emiten <a href=\"https:\/\/obera.fr\/conseils\/quels-procedes-ameliorent-qualite-air-eliminant-cov\/\">compuestos org\u00e1nicos vol\u00e1tiles (COV<\/a> ) que permanecen suspendidos en el aire;<\/li>\n\n\n\n<li><strong>Virus y bacterias que pueden transmitirse<\/strong> entre alumnos y personal, como el covid 19, en el que, a pesar de las medidas de barrera, el virus sigue circulando.<\/li>\n<\/ul>\n\n<p>Si tenemos en cuenta que los alumnos pasan el 90% del d\u00eda en el aula, est\u00e1 claro que el riesgo de propagaci\u00f3n de virus es especialmente alto.  <\/p>\n\n<p><\/p>\n\n<p class=\"has-text-align-center\">\u00bb  <em>Aunque el riesgo de infecci\u00f3n es un <strong>problema importante para las escuelas<\/strong>, la calidad del aire tambi\u00e9n influye en las capacidades cognitivas de los ni\u00f1os. Es en parte responsable de la disminuci\u00f3n de la concentraci\u00f3n y puede tener consecuencias en el rendimiento acad\u00e9mico de los alumnos.  \u00bb  <\/em><\/p>\n\n<p>Lo dice Thibaut Samsel, Director General, especializado en el tratamiento del aire desde hace 20 a\u00f1os.<\/p>\n\n<h2 class=\"wp-block-heading\">Calidad del aire interior: \u00bfc\u00f3mo podemos proteger la salud de los ni\u00f1os y del personal docente?<\/h2>\n\n<h3 class=\"wp-block-heading\">Calidad del aire: obligaciones de los directores de centros escolares en Francia  <\/h3>\n\n<p>Para limitar la contaminaci\u00f3n en los espacios p\u00fablicos, los <strong>Ministerios de Sanidad y Medio Ambiente han puesto en marcha un plan de acci\u00f3n<\/strong> que incluye a las escuelas. Desde 2015, en virtud del decreto n\u00ba 2015-1000, los directores de los centros escolares est\u00e1n obligados a controlar la calidad del aire interior.   <\/p>\n\n<p><\/p>\n\n<p>Es obligatorio controlar y <strong>no superar los umbrales autorizados de concentraci\u00f3n de contaminantes<\/strong> en los establecimientos, como el C02, el formaldeh\u00eddo, el percloroetileno y el benceno.<\/p>\n\n<p>Sensores de CO2, analizadores de aire de las aulas con alertas cuando se superan los umbrales de CO2&#8230; Adem\u00e1s de purificadores de aire profesionales, ofrecemos equipos de vigilancia para satisfacer tus necesidades.<\/p>\n\n<h3 class=\"wp-block-heading\">Covid, virus, part\u00edculas finas, contaminaci\u00f3n&#8230; \u00bfqu\u00e9 purificador de aire es mejor para aulas y zonas comunes?  <\/h3>\n\n<p>Para garantizar la eficacia de tu equipo, te recomendamos que<strong>optes por purificadores con un sistema de filtraci\u00f3n HEPA<\/strong> capaz de capturar hasta el 99,995% de virus, bacterias, polen y<a href=\"https:\/\/obera.fr\/es\/nuestro-consejo\/filtre-hepa-et-purificateur-d-air\/\"> part\u00edculas finas (filtro HEPA 14)<\/a>. Estos filtros son capaces de recoger part\u00edculas en suspensi\u00f3n de 0,3 micras o m\u00e1s. <\/p>\n\n<p><\/p>\n\n<p>Tambi\u00e9n es esencial comprobar la capacidad de cobertura de la unidad, para que pueda <strong>recircular el aire por toda el aula<\/strong>, de forma continua. Para la <strong>comodidad de alumnos y profesores<\/strong>, aseg\u00farate de que el equipo sea silencioso. <\/p>\n\n<p><\/p>\n\n<p class=\"has-text-align-center\"><em>\u00bfLo sab\u00edas? Todos nuestros purificadores de aire son plug &amp; play: basta con enchufarlo a una toma dom\u00e9stica cuando lo recibas, y empezar\u00e1 a funcionar. En cuanto a la colocaci\u00f3n, <strong>lo ideal es colocar <\/strong>el purificador <strong>delante de la pizarra <\/strong>o al fondo de la clase (en el centro) para captar el mayor n\u00famero posible de contaminantes. Aun as\u00ed, es aconsejable ventilar las aulas, sobre todo durante los descansos. La potencia de filtraci\u00f3n del purificador de aire OberA no se ver\u00e1 afectada en modo alguno.    <\/em><\/p>\n\n<h2 class=\"wp-block-heading\">Purificadores de aire antivirus OberA con filtro HEPA: tratan el 99,995% de los virus y bacterias de tus aulas<\/h2>\n\n<p>Los filtros HEPA est\u00e1n <strong>dise\u00f1ados para capturar las part\u00edculas m\u00e1s peque\u00f1as<\/strong>, incluidos virus y bacterias. Son tan populares en centros educativos como en salas blancas y laboratorios m\u00e9dicos. A\u00f1adimos otros niveles de filtraci\u00f3n a nuestros purificadores de aire de carb\u00f3n activado, como un filtro de part\u00edculas, para poder tratar todos los tama\u00f1os de contaminantes.  <\/p>\n\n<p><\/p>\n\n<p>Ofrecemos varias gamas de equipos con filtros HEPA para uso continuo en centros escolares:<\/p>\n\n<div class=\"wp-block-columns is-layout-flex wp-container-core-columns-is-layout-28f84493 wp-block-columns-is-layout-flex\">\n<div class=\"wp-block-column is-layout-flow wp-block-column-is-layout-flow\" style=\"flex-basis:33.34%\">\n<figure class=\"wp-block-image aligncenter size-full is-resized\"><a href=\"https:\/\/obera.fr\/produits\/purificateurs-air\/poussieres-epur-b01-ecoprime\/\"><img decoding=\"async\" width=\"433\" height=\"433\" src=\"https:\/\/obera.fr\/wp-content\/uploads\/2020\/09\/epur-b01-ecoprime.jpg\" alt=\"Ober&#xE1; - Purificador de aire\" class=\"wp-image-1008\" style=\"width:250px\" srcset=\"https:\/\/obera.fr\/wp-content\/uploads\/2020\/09\/epur-b01-ecoprime.jpg 433w, https:\/\/obera.fr\/wp-content\/uploads\/2020\/09\/epur-b01-ecoprime-300x300.jpg 300w, https:\/\/obera.fr\/wp-content\/uploads\/2020\/09\/epur-b01-ecoprime-150x150.jpg 150w\" sizes=\"(max-width: 433px) 100vw, 433px\" \/><\/a><figcaption class=\"wp-element-caption\"><a href=\"https:\/\/obera.fr\/es\/produits\/purificateurs-air\/epur-b01-purificador-de-aire-ecoprime-para-polvo\/\">EPUR B01 EcoPrime<\/a><\/figcaption><\/figure>\n\n\n\n<ul class=\"wp-block-list\">\n<li>Compacta y silenciosa;<\/li>\n\n\n\n<li>Tratamiento de virus, bacterias, polvo y aerosoles;<\/li>\n\n\n\n<li>Ideal para purificar aulas peque\u00f1as (de 20 a 60m2);<\/li>\n\n\n\n<li>99,53% de eficacia en el tratamiento de virus y bacterias.<\/li>\n<\/ul>\n<\/div>\n\n\n\n<div class=\"wp-block-column is-layout-flow wp-block-column-is-layout-flow\" style=\"flex-basis:33.34%\">\n<figure class=\"wp-block-image aligncenter size-full is-resized\"><a href=\"https:\/\/obera.fr\/produits\/purificateurs-air\/anti-covid-virus-bacteries\/epur05\/\"><img decoding=\"async\" width=\"600\" height=\"600\" src=\"https:\/\/obera.fr\/wp-content\/uploads\/2021\/05\/Sans-titre-17.jpg\" alt=\"epur05\" class=\"wp-image-5552\" style=\"width:250px\" srcset=\"https:\/\/obera.fr\/wp-content\/uploads\/2021\/05\/Sans-titre-17.jpg 600w, https:\/\/obera.fr\/wp-content\/uploads\/2021\/05\/Sans-titre-17-300x300.jpg 300w, https:\/\/obera.fr\/wp-content\/uploads\/2021\/05\/Sans-titre-17-150x150.jpg 150w\" sizes=\"(max-width: 600px) 100vw, 600px\" \/><\/a><figcaption class=\"wp-element-caption\"><a href=\"https:\/\/obera.fr\/es\/produits\/purificateurs-air\/purificadores-de-aire-antivirus-y-antibacterianos-covid-19\/purificador-de-aire-epur05\/\">EPUR 05<\/a><\/figcaption><\/figure>\n\n\n\n<ul class=\"wp-block-list\">\n<li>Dise\u00f1o discreto;<\/li>\n\n\n\n<li>Tratamiento de virus, bacterias, polvos finos, CMR (agentes qu\u00edmicos) y aerosoles;<\/li>\n\n\n\n<li>Habitaci\u00f3n de hasta 100 m2 ;<\/li>\n\n\n\n<li>99,9% de eficacia en el tratamiento de virus y bacterias.<\/li>\n<\/ul>\n<\/div>\n\n\n\n<div class=\"wp-block-column is-layout-flow wp-block-column-is-layout-flow\" style=\"flex-basis:33.33%\">\n<figure class=\"wp-block-image aligncenter size-full is-resized\"><a href=\"https:\/\/obera.fr\/produits\/purificateurs-air\/anti-covid-virus-bacteries\/virbox\/\"><img decoding=\"async\" width=\"547\" height=\"688\" src=\"https:\/\/obera.fr\/wp-content\/uploads\/2021\/04\/Virbox-1-et-2.png\" alt=\"virbox 1 y 2\" class=\"wp-image-5271\" style=\"width:198px;height:auto\" srcset=\"https:\/\/obera.fr\/wp-content\/uploads\/2021\/04\/Virbox-1-et-2.png 547w, https:\/\/obera.fr\/wp-content\/uploads\/2021\/04\/Virbox-1-et-2-239x300.png 239w\" sizes=\"(max-width: 547px) 100vw, 547px\" \/><\/a><figcaption class=\"wp-element-caption\"><a href=\"https:\/\/obera.fr\/es\/produits\/purificateurs-air\/purificadores-de-aire-antivirus-y-antibacterianos-covid-19\/purificador-de-aire-antivirus-virbox\/\">VIRBOX 750<\/a><\/figcaption><\/figure>\n\n\n\n<ul class=\"wp-block-list\">\n<li>Flexible y silencioso, sensor de C02 opcional ;<\/li>\n\n\n\n<li>Virus, bacterias, polvo ;<\/li>\n\n\n\n<li>Superficie tratada hasta 200m2 ;<\/li>\n\n\n\n<li>Eliminaci\u00f3n del 99,995% de virus y bacterias.<\/li>\n<\/ul>\n<\/div>\n<\/div>\n\n<p><\/p>\n","protected":false},"excerpt":{"rendered":"<p>Los purificadores de aire OberA est\u00e1n dedicados a la calidad del aire en establecimientos como guarder\u00edas, escuelas, colegios y liceos. Para proteger la salud de los ni\u00f1os y del personal, los sistemas de filtraci\u00f3n est\u00e1n configurados para filtrar y eliminar el polvo, los virus, las bacterias, el polen, las part\u00edculas qu\u00edmicas y la contaminaci\u00f3n exterior. <\/p>\n","protected":false},"author":13,"featured_media":81004,"comment_status":"open","ping_status":"closed","sticky":false,"template":"","format":"standard","meta":{"_acf_changed":false,"_seopress_robots_primary_cat":"none","_seopress_titles_title":"Purificadores de aire de alto rendimiento para colegios I OberA","_seopress_titles_desc":"Mejora la calidad del aire interior y reduce el riesgo de infecciones, alergias y asma en tu centro escolar.","_seopress_robots_index":"","footnotes":""},"categories":[50],"tags":[119],"class_list":["post-36599","post","type-post","status-publish","format-standard","has-post-thumbnail","hentry","category-nuestro-consejo","tag-entete-pequeno","generate-columns","tablet-grid-50","mobile-grid-100","grid-parent","grid-50","no-featured-image-padding","resize-featured-image"],"acf":[],"_links":{"self":[{"href":"https:\/\/obera.fr\/es\/wp-json\/wp\/v2\/posts\/36599","targetHints":{"allow":["GET"]}}],"collection":[{"href":"https:\/\/obera.fr\/es\/wp-json\/wp\/v2\/posts"}],"about":[{"href":"https:\/\/obera.fr\/es\/wp-json\/wp\/v2\/types\/post"}],"author":[{"embeddable":true,"href":"https:\/\/obera.fr\/es\/wp-json\/wp\/v2\/users\/13"}],"replies":[{"embeddable":true,"href":"https:\/\/obera.fr\/es\/wp-json\/wp\/v2\/comments?post=36599"}],"version-history":[{"count":4,"href":"https:\/\/obera.fr\/es\/wp-json\/wp\/v2\/posts\/36599\/revisions"}],"predecessor-version":[{"id":81241,"href":"https:\/\/obera.fr\/es\/wp-json\/wp\/v2\/posts\/36599\/revisions\/81241"}],"wp:featuredmedia":[{"embeddable":true,"href":"https:\/\/obera.fr\/es\/wp-json\/wp\/v2\/media\/81004"}],"wp:attachment":[{"href":"https:\/\/obera.fr\/es\/wp-json\/wp\/v2\/media?parent=36599"}],"wp:term":[{"taxonomy":"category","embeddable":true,"href":"https:\/\/obera.fr\/es\/wp-json\/wp\/v2\/categories?post=36599"},{"taxonomy":"post_tag","embeddable":true,"href":"https:\/\/obera.fr\/es\/wp-json\/wp\/v2\/tags?post=36599"}],"curies":[{"name":"wp","href":"https:\/\/api.w.org\/{rel}","templated":true}]}}