{"id":37036,"date":"2023-04-18T10:12:23","date_gmt":"2023-04-18T08:12:23","guid":{"rendered":"https:\/\/obera.fr\/sin-categorizar\/refrigeradores-adiabaticos-moviles-para-refrigeracion-de-emergencia-y-necesidades-temporales\/"},"modified":"2025-04-25T09:58:26","modified_gmt":"2025-04-25T07:58:26","slug":"le-rafraichisseur-adiabatique-mobile-repond-aux-situations-de-rafraichissement-durgence-et-aux-besoins-temporaires","status":"publish","type":"post","link":"https:\/\/obera.fr\/es\/nuestro-consejo\/le-rafraichisseur-adiabatique-mobile-repond-aux-situations-de-rafraichissement-durgence-et-aux-besoins-temporaires\/","title":{"rendered":"El refrigerador adiab\u00e1tico m\u00f3vil cumple los requisitos de refrigeraci\u00f3n de emergencia y las necesidades temporales"},"content":{"rendered":"\n<p>No cabe duda de que <strong>el cambio clim\u00e1tico est\u00e1 generando m\u00e1s calor anual<\/strong> y olas de calor imprevistas.<\/p>\n\n<p>Estos periodos aleatorios pueden <strong>desbordar el sistema de refrigeraci\u00f3n habitual de un centro<\/strong>. Esto lleva a situaciones l\u00edmite que hay que resolver muy r\u00e1pidamente. Los trabajadores pierden productividad y arriesgan su salud (aire viciado, peores condiciones de trabajo). El <strong>funcionamiento de los equipos se vuelve incierto <\/strong>(riesgo electrost\u00e1tico, riesgo de sobrecalentamiento) con consecuencias para la producci\u00f3n.   <\/p>\n\n<p>En<strong> <\/strong>Los enfriadores adiab\u00e1ticos m\u00f3viles son la respuesta a este problema. Se instalan en s\u00f3lo 5 minutos. Est\u00e1n inmediatamente listos para su uso. Producen aire fr\u00edo muy r\u00e1pidamente. Satisfacen r\u00e1pidamente diversas necesidades de refrigeraci\u00f3n. Se <a href=\"https:\/\/obera.fr\/es\/nuestro-consejo\/le-rafraichissement-adiabatique-savere-un-mode-de-climatisation-tres-economique\/\">pueden adaptar a la amplia gama de problemas<\/a> <strong>a los que se enfrentan las empresas cuando hace calor<\/strong>.     <\/p>\n\n<p>Se colocan en una gran variedad de ubicaciones. Se pueden instalar varios <strong>refrigeradores adiab\u00e1ticos m\u00f3viles<\/strong> para hacer frente a emergencias simult\u00e1neas en distintos lugares. \u00bfCambian las prioridades de refrigeraci\u00f3n? El enfriador evaporativo m\u00f3vil se desplaza al instante.   <\/p>\n\n<div class=\"wp-block-columns is-layout-flex wp-container-core-columns-is-layout-28f84493 wp-block-columns-is-layout-flex\">\n<div class=\"wp-block-column is-layout-flow wp-block-column-is-layout-flow\" style=\"flex-basis:50%\">\n<p>La <a href=\"https:\/\/obera.fr\/es\/nuestro-consejo\/comment-fonctionne-un-rafraichisseur-adiabatique\/\">nevera adiab\u00e1tica<\/a> m\u00f3vil tambi\u00e9n responde a <strong>necesidades temporales y puntuales<\/strong>, generalmente vinculadas a un evento programado por la empresa en sus instalaciones. En verano, el acto suele celebrarse en un espacio exterior no aislado (terraza, carpa, patio). Durante una ola de calor, los participantes pueden <strong>encontrarse en un ambiente inc\u00f3modo<\/strong>, perjudicial para los objetivos del acto. La refrigeraci\u00f3n adiab\u00e1tica es ideal para este tipo de situaciones, ya que funciona perfectamente en un entorno muy ventilado.   <\/p>\n\n\n\n<p>Si el proceso de decidir si<strong>invertir en la empresa<\/strong> lleva tiempo, en una situaci\u00f3n de emergencia optaremos por el alquiler. El alquiler tambi\u00e9n puede utilizarse para un periodo de prueba durante la temporada c\u00e1lida. Esto puede servir para <strong>identificar las necesidades de refrigeraci\u00f3n adiab\u00e1tica de la empresa<\/strong> y preparar el proyecto de inversi\u00f3n.  <\/p>\n<\/div>\n\n\n\n<div class=\"wp-block-column is-layout-flow wp-block-column-is-layout-flow\" style=\"flex-basis:50%\">\n<figure class=\"wp-block-embed is-type-video is-provider-youtube wp-block-embed-youtube wp-embed-aspect-16-9 wp-has-aspect-ratio\"><div class=\"wp-block-embed__wrapper\">\n<iframe title=\"Rafraichisseur d&#039;air - Gamme IC - OberA\" width=\"1200\" height=\"675\" src=\"https:\/\/www.youtube.com\/embed\/NG-Ssy2oM70?feature=oembed\" frameborder=\"0\" allow=\"accelerometer; autoplay; clipboard-write; encrypted-media; gyroscope; picture-in-picture; web-share\" referrerpolicy=\"strict-origin-when-cross-origin\" allowfullscreen><\/iframe>\n<\/div><\/figure>\n<\/div>\n<\/div>\n\n<div style=\"height:20px\" aria-hidden=\"true\" class=\"wp-block-spacer\"><\/div>\n\n<div class=\"wp-block-buttons is-content-justification-center is-layout-flex wp-container-core-buttons-is-layout-a89b3969 wp-block-buttons-is-layout-flex\">\n<div class=\"wp-block-button\"><a class=\"wp-block-button__link wp-element-button\" href=\"https:\/\/obera.fr\/es\/contact\/\">\u00bfNECESITAS ASESORAMIENTO PERSONALIZADO?<\/a><\/div>\n<\/div>\n","protected":false},"excerpt":{"rendered":"<p>No hay duda de que el cambio clim\u00e1tico est\u00e1 generando m\u00e1s calor anual y olas de calor inesperadas. Estos periodos aleatorios pueden desbordar el sistema de refrigeraci\u00f3n habitual de un lugar.   <\/p>\n","protected":false},"author":4,"featured_media":89791,"comment_status":"closed","ping_status":"closed","sticky":false,"template":"","format":"standard","meta":{"_acf_changed":false,"_seopress_robots_primary_cat":"none","_seopress_titles_title":"Refrigeradores adiab\u00e1ticos m\u00f3viles: la respuesta a necesidades urgentes","_seopress_titles_desc":"El enfriador adiab\u00e1tico es una soluci\u00f3n eficaz para situaciones de emergencia y necesidades temporales de aire acondicionado.","_seopress_robots_index":"","footnotes":""},"categories":[50],"tags":[119],"class_list":["post-37036","post","type-post","status-publish","format-standard","has-post-thumbnail","hentry","category-nuestro-consejo","tag-entete-pequeno","generate-columns","tablet-grid-50","mobile-grid-100","grid-parent","grid-50","no-featured-image-padding","resize-featured-image"],"acf":[],"_links":{"self":[{"href":"https:\/\/obera.fr\/es\/wp-json\/wp\/v2\/posts\/37036","targetHints":{"allow":["GET"]}}],"collection":[{"href":"https:\/\/obera.fr\/es\/wp-json\/wp\/v2\/posts"}],"about":[{"href":"https:\/\/obera.fr\/es\/wp-json\/wp\/v2\/types\/post"}],"author":[{"embeddable":true,"href":"https:\/\/obera.fr\/es\/wp-json\/wp\/v2\/users\/4"}],"replies":[{"embeddable":true,"href":"https:\/\/obera.fr\/es\/wp-json\/wp\/v2\/comments?post=37036"}],"version-history":[{"count":3,"href":"https:\/\/obera.fr\/es\/wp-json\/wp\/v2\/posts\/37036\/revisions"}],"predecessor-version":[{"id":89845,"href":"https:\/\/obera.fr\/es\/wp-json\/wp\/v2\/posts\/37036\/revisions\/89845"}],"wp:featuredmedia":[{"embeddable":true,"href":"https:\/\/obera.fr\/es\/wp-json\/wp\/v2\/media\/89791"}],"wp:attachment":[{"href":"https:\/\/obera.fr\/es\/wp-json\/wp\/v2\/media?parent=37036"}],"wp:term":[{"taxonomy":"category","embeddable":true,"href":"https:\/\/obera.fr\/es\/wp-json\/wp\/v2\/categories?post=37036"},{"taxonomy":"post_tag","embeddable":true,"href":"https:\/\/obera.fr\/es\/wp-json\/wp\/v2\/tags?post=37036"}],"curies":[{"name":"wp","href":"https:\/\/api.w.org\/{rel}","templated":true}]}}