{"id":37040,"date":"2023-04-18T09:57:36","date_gmt":"2023-04-18T07:57:36","guid":{"rendered":"https:\/\/obera.fr\/sin-categorizar\/el-enfriador-adiabatico-es-un-dispositivo-bioclimatico-respetuoso-con-el-medio-ambiente\/"},"modified":"2025-04-23T09:07:31","modified_gmt":"2025-04-23T07:07:31","slug":"le-rafraichisseur-adiabatique-represente-un-dispositif-bioclimatique-respectueux-de-lenvironnement","status":"publish","type":"post","link":"https:\/\/obera.fr\/es\/nuestro-consejo\/le-rafraichisseur-adiabatique-represente-un-dispositif-bioclimatique-respectueux-de-lenvironnement\/","title":{"rendered":"El enfriador adiab\u00e1tico es un dispositivo bioclim\u00e1tico respetuoso con el medio ambiente"},"content":{"rendered":"\n<h2 class=\"wp-block-heading\">El enfriador adiab\u00e1tico contribuye al ahorro de energ\u00eda<\/h2>\n\n<p><strong>La refrigeraci\u00f3n adiab\u00e1tica<\/strong> puede describirse como el sistema de aire acondicionado m\u00e1s eficiente energ\u00e9ticamente del mercado.<\/p>\n\n<p>El<strong> proceso natural de evaporaci\u00f3n del agua <\/strong>proporciona la mayor parte de la capacidad de refrigeraci\u00f3n de la nevera. El consumo de energ\u00eda para la ventilaci\u00f3n y la circulaci\u00f3n del agua representa s\u00f3lo el 5% de la capacidad de refrigeraci\u00f3n proporcionada. Y su <strong>eficiencia energ\u00e9tica<\/strong> es tanto mayor cuanto m\u00e1s c\u00e1lido es el clima. Esto se debe a que a <strong>temperaturas m\u00e1s altas el proceso de evaporaci\u00f3n se acelera<\/strong>, lo que significa que se extrae m\u00e1s calor del aire. La capacidad de refrigeraci\u00f3n de la nevera aumenta, mientras que el consumo de energ\u00eda del aparato sigue siendo el mismo.    <\/p>\n\n<p>Adem\u00e1s, los edificios con poco o ning\u00fan aislamiento no <strong>consumen mucha m\u00e1s energ\u00eda <\/strong>, ya que el 95% de la capacidad de refrigeraci\u00f3n del sistema adiab\u00e1tico depende de la evaporaci\u00f3n del agua.<\/p>\n\n<div class=\"wp-block-columns is-layout-flex wp-container-core-columns-is-layout-28f84493 wp-block-columns-is-layout-flex\">\n<div class=\"wp-block-column is-layout-flow wp-block-column-is-layout-flow\" style=\"flex-basis:50%\">\n<p>La energ\u00eda que necesitan <strong>los motores el\u00e9ctricos<\/strong> que accionan los ciclos de agua y aire del refrigerador requiere muy poca potencia, tanto en el arranque como durante el funcionamiento. Las p\u00e9rdidas de energ\u00eda debidas a la fricci\u00f3n mec\u00e1nica en la ventilaci\u00f3n y la circulaci\u00f3n del agua representan s\u00f3lo el 5% del<strong> consumo energ\u00e9tico<\/strong>, gracias a la sencillez de la configuraci\u00f3n del hardware. <\/p>\n\n\n\n<p>Por supuesto, el consumo el\u00e9ctrico depende de la velocidad de<strong> ventilaci\u00f3n y circulaci\u00f3n del agua<\/strong>. Puede variar entre 1 y 3 kWh, seg\u00fan el modelo, para enfriar una superficie de 250 m\u00b2. En definitiva, un <a href=\"https:\/\/obera.fr\/es\/nuestro-consejo\/comment-fonctionne-un-rafraichisseur-adiabatique\/\">enfriador adiab\u00e1tico <\/a>es una fuente de ahorro energ\u00e9tico en aire acondicionado en tiempo caluroso para cualquier instalaci\u00f3n industrial.  <\/p>\n<\/div>\n\n\n\n<div class=\"wp-block-column is-layout-flow wp-block-column-is-layout-flow\" style=\"flex-basis:50%\">\n<figure class=\"wp-block-embed is-type-video is-provider-youtube wp-block-embed-youtube wp-embed-aspect-16-9 wp-has-aspect-ratio\"><div class=\"wp-block-embed__wrapper\">\n<iframe title=\"Rafraichisseur d&#039;air - Gamme IC - OberA\" width=\"1200\" height=\"675\" src=\"https:\/\/www.youtube.com\/embed\/NG-Ssy2oM70?feature=oembed\" frameborder=\"0\" allow=\"accelerometer; autoplay; clipboard-write; encrypted-media; gyroscope; picture-in-picture; web-share\" referrerpolicy=\"strict-origin-when-cross-origin\" allowfullscreen><\/iframe>\n<\/div><\/figure>\n<\/div>\n<\/div>\n\n<h2 class=\"wp-block-heading\">La refrigeraci\u00f3n adiab\u00e1tica se caracteriza por un consumo moderado de agua<\/h2>\n\n<p>El<strong> sector industrial<\/strong> consume una media de 500 litros al d\u00eda por trabajador. Un refrigerador adiab\u00e1tico evapora 120 litros al d\u00eda para una <strong>sala de 250 m\u00b2.<\/strong> Si esta sala tiene 12 puestos de trabajo, esto equivale al 2% del consumo medio diario. <\/p>\n\n<p>El bajo consumo de agua de una <strong>nevera adiab\u00e1tica<\/strong> no entra en conflicto con las restricciones de uso anunciadas para el periodo estival, relacionadas con el calentamiento global.<\/p>\n\n<p>Adem\u00e1s,<strong> el agua consumida en forma de vapor de agua <\/strong>no est\u00e1 sujeta a ninguna contaminaci\u00f3n industrial; vuelve a la atm\u00f3sfera, continuando su ciclo natural. Del mismo modo, el agua drenada puede verterse sin tratamiento previo en <strong>el sistema de aguas residuales del pol\u00edgono industrial.<\/strong> <\/p>\n\n<h2 class=\"wp-block-heading\">La refrigeraci\u00f3n adiab\u00e1tica tiene una baja huella ecol\u00f3gica<\/h2>\n\n<p>Observamos que el <strong>enfriador adiab\u00e1tico funciona con un consumo muy bajo de energ\u00eda y agua<\/strong>. Su huella de carbono es moderada. <\/p>\n\n<figure class=\"wp-block-image alignright size-full is-resized\"><img decoding=\"async\" width=\"613\" height=\"441\" src=\"https:\/\/obera.fr\/wp-content\/uploads\/2024\/09\/ecologie.png\" alt=\"mano sujetando la tierra con una planta en crecimiento\" class=\"wp-image-33973\" style=\"width:278px;height:auto\" srcset=\"https:\/\/obera.fr\/wp-content\/uploads\/2024\/09\/ecologie.png 613w, https:\/\/obera.fr\/wp-content\/uploads\/2024\/09\/ecologie-300x216.png 300w\" sizes=\"(max-width: 613px) 100vw, 613px\" \/><\/figure>\n\n<p>El refrigerador adiab\u00e1tico no utiliza ninguno de los refrigerantes que contribuyen a la contaminaci\u00f3n atmosf\u00e9rica y a la destrucci\u00f3n de la capa de ozono. Su \u00fanico refrigerante es el vapor de agua. Por tanto, un <strong>refrigerador <\/strong>adiab\u00e1tico <strong>no contribuye al efecto invernadero <\/strong>vinculado a las emisiones de refrigerantes producidas por el hombre. Ya que el vapor de agua s\u00f3lo contribuye al efecto invernadero nativo de la Tierra ligado al ciclo natural del agua. Es m\u00e1s, un refrigerador adiab\u00e1tico emite una cantidad \u00ednfima de vapor de agua en comparaci\u00f3n con la cantidad emitida por<strong> las actividades industriales<\/strong>.    <\/p>\n\n<p>Por \u00faltimo, la sencilla configuraci\u00f3n material de un refrigerador adiab\u00e1tico significa que es altamente reciclable al final de su vida \u00fatil. El propileno de la carcasa puede reciclarse en \u00e1cido acr\u00edlico, que se utiliza para fabricar pol\u00edmeros como el poliestireno y el PVC. Del mismo modo, el<strong>aluminio de la carcasa es altamente reciclable<\/strong>. El ventilador, la bomba, las sondas y otras piezas se consideran residuos el\u00e9ctricos y electr\u00f3nicos y deben recogerse y tratarse de acuerdo con la<strong> directiva europea RAEE<\/strong>. El panel evaporativo puede compostarse en un centro de recogida de residuos.    <\/p>\n\n<p>A lo largo de su ciclo de vida, la<strong> nevera<\/strong> adiab\u00e1tica<strong> genera un bajo impacto medioambiental.<\/strong> La compra de una nevera adiab\u00e1tica forma parte de la pol\u00edtica de desarrollo sostenible de una empresa como acci\u00f3n contra el calentamiento global.<\/p>\n\n<div style=\"height:20px\" aria-hidden=\"true\" class=\"wp-block-spacer\"><\/div>\n\n<div class=\"wp-block-buttons alignwide is-content-justification-center is-layout-flex wp-container-core-buttons-is-layout-a89b3969 wp-block-buttons-is-layout-flex\">\n<div class=\"wp-block-button\"><a class=\"wp-block-button__link wp-element-button\" href=\"https:\/\/obera.fr\/es\/contact\/\">\u00bfNECESITAS ASESORAMIENTO PERSONALIZADO?<\/a><\/div>\n<\/div>\n","protected":false},"excerpt":{"rendered":"<p>El enfriador adiab\u00e1tico es un dispositivo bioclim\u00e1tico respetuoso con el medio ambiente. Contribuye al ahorro energ\u00e9tico, se caracteriza por un consumo moderado de agua y tiene una huella ecol\u00f3gica reducida. <\/p>\n","protected":false},"author":4,"featured_media":85585,"comment_status":"closed","ping_status":"closed","sticky":false,"template":"","format":"standard","meta":{"_acf_changed":false,"_seopress_robots_primary_cat":"none","_seopress_titles_title":"Refrigeradores adiab\u00e1ticos: ecodispositivos bioclim\u00e1ticos","_seopress_titles_desc":"Respetuoso con el medio ambiente, el enfriador adiab\u00e1tico es un dispositivo bioclim\u00e1tico para reducir la temperatura de tus espacios de trabajo.","_seopress_robots_index":"","footnotes":""},"categories":[50],"tags":[119],"class_list":["post-37040","post","type-post","status-publish","format-standard","has-post-thumbnail","hentry","category-nuestro-consejo","tag-entete-pequeno","generate-columns","tablet-grid-50","mobile-grid-100","grid-parent","grid-50","no-featured-image-padding","resize-featured-image"],"acf":[],"_links":{"self":[{"href":"https:\/\/obera.fr\/es\/wp-json\/wp\/v2\/posts\/37040","targetHints":{"allow":["GET"]}}],"collection":[{"href":"https:\/\/obera.fr\/es\/wp-json\/wp\/v2\/posts"}],"about":[{"href":"https:\/\/obera.fr\/es\/wp-json\/wp\/v2\/types\/post"}],"author":[{"embeddable":true,"href":"https:\/\/obera.fr\/es\/wp-json\/wp\/v2\/users\/4"}],"replies":[{"embeddable":true,"href":"https:\/\/obera.fr\/es\/wp-json\/wp\/v2\/comments?post=37040"}],"version-history":[{"count":3,"href":"https:\/\/obera.fr\/es\/wp-json\/wp\/v2\/posts\/37040\/revisions"}],"predecessor-version":[{"id":85924,"href":"https:\/\/obera.fr\/es\/wp-json\/wp\/v2\/posts\/37040\/revisions\/85924"}],"wp:featuredmedia":[{"embeddable":true,"href":"https:\/\/obera.fr\/es\/wp-json\/wp\/v2\/media\/85585"}],"wp:attachment":[{"href":"https:\/\/obera.fr\/es\/wp-json\/wp\/v2\/media?parent=37040"}],"wp:term":[{"taxonomy":"category","embeddable":true,"href":"https:\/\/obera.fr\/es\/wp-json\/wp\/v2\/categories?post=37040"},{"taxonomy":"post_tag","embeddable":true,"href":"https:\/\/obera.fr\/es\/wp-json\/wp\/v2\/tags?post=37040"}],"curies":[{"name":"wp","href":"https:\/\/api.w.org\/{rel}","templated":true}]}}