{"id":37131,"date":"2020-11-20T16:36:00","date_gmt":"2020-11-20T14:36:00","guid":{"rendered":"https:\/\/obera.fr\/sin-categorizar\/contaminacion-atmosferica-impacto-en-la-salud\/"},"modified":"2025-05-07T11:05:38","modified_gmt":"2025-05-07T09:05:38","slug":"pollution-air-impact-sante","status":"publish","type":"post","link":"https:\/\/obera.fr\/es\/nuestro-consejo\/pollution-air-impact-sante\/","title":{"rendered":"Contaminaci\u00f3n atmosf\u00e9rica: impacto en la salud"},"content":{"rendered":"\n<h2 class=\"wp-block-heading\" id=\"maladies-dues-a-la-qualite-de-l-air\">Enfermedades causadas por la calidad del aire<\/h2>\n\n<p>\u00a1Nunca animar\u00edas a tu hijo a respirar los gases de escape! Y sin embargo, al vivir en una atm\u00f3sfera contaminada, absorbes sin saberlo un gran volumen de part\u00edculas nocivas. <\/p>\n\n<p>El polvo es nocivo por su propia naturaleza, pero tambi\u00e9n por su <a href=\"https:\/\/obera.fr\/es\/nuestro-consejo\/facteurs-de-risque\/\" data-type=\"post\" data-id=\"1837\" target=\"_blank\" rel=\"noreferrer noopener\">biopersistencia<\/a>. Adem\u00e1s, las part\u00edculas suelen fusionarse con contaminantes qu\u00edmicos. \u00c9stos quedan atrapados en tu cuerpo y pueden pasar potencialmente a trav\u00e9s de las mucosas alveolares al torrente sangu\u00edneo.  <\/p>\n\n<p>Por \u00faltimo, el polvo se compone de contaminantes f\u00edsicos, qu\u00edmicos y biol\u00f3gicos. Estos contaminantes provocan enfermedades relacionadas con la exposici\u00f3n a part\u00edculas finas, como : <\/p>\n\n<ul class=\"wp-block-list\">\n<li>Asma<\/li>\n\n\n\n<li>Alergias<\/li>\n\n\n\n<li>Dolor de cabeza<\/li>\n\n\n\n<li>N\u00e1useas (especialmente en el caso de los COV)<\/li>\n\n\n\n<li>Irritaci\u00f3n\/inflamaci\u00f3n de las v\u00edas respiratorias<\/li>\n\n\n\n<li>Traque\u00edtis\/bronquitis<\/li>\n\n\n\n<li>Enfermedades de las v\u00edas respiratorias<\/li>\n\n\n\n<li>Fibrosis pulmonar<\/li>\n\n\n\n<li>C\u00e1nceres<\/li>\n<\/ul>\n\n<figure class=\"wp-block-image alignwide size-large\"><img decoding=\"async\" width=\"1024\" height=\"368\" src=\"https:\/\/obera.fr\/wp-content\/uploads\/2020\/11\/impact-sante-1024x368.jpg\" alt=\"Impacto Sante\" class=\"wp-image-1850\" srcset=\"https:\/\/obera.fr\/wp-content\/uploads\/2020\/11\/impact-sante-1024x368.jpg 1024w, https:\/\/obera.fr\/wp-content\/uploads\/2020\/11\/impact-sante-300x108.jpg 300w, https:\/\/obera.fr\/wp-content\/uploads\/2020\/11\/impact-sante-768x276.jpg 768w, https:\/\/obera.fr\/wp-content\/uploads\/2020\/11\/impact-sante-1536x552.jpg 1536w, https:\/\/obera.fr\/wp-content\/uploads\/2020\/11\/impact-sante.jpg 1920w\" sizes=\"(max-width: 1024px) 100vw, 1024px\" \/><\/figure>\n\n<h2 class=\"wp-block-heading\" id=\"les-maladies-professionnelles-specifiques-a-une-mauvaise-qualite-de-l-air\">Enfermedades profesionales espec\u00edficas de la mala calidad del aire<\/h2>\n\n<p>Determinados sectores de actividad concentran enfermedades profesionales espec\u00edficas. La m\u00e1s conocida es el c\u00e1ncer de pulm\u00f3n en el caso de los trabajadores en contacto con amianto. <\/p>\n\n<p>Los riesgos para el organismo dependen de la frecuencia de exposici\u00f3n, la cantidad de part\u00edculas inhaladas y la naturaleza de las part\u00edculas.<\/p>\n\n<p>En general, si el nivel de polvo PM 2,5 es elevado, cualquier tipo de part\u00edcula es susceptible de provocar c\u00e1ncer. Por tanto, es esencial tomar las medidas adecuadas. <\/p>\n","protected":false},"excerpt":{"rendered":"<p>\u00a1Nunca animar\u00edas a tu hijo a respirar los gases de escape! Y sin embargo, al vivir en una atm\u00f3sfera contaminada, absorbes sin saberlo un gran volumen de part\u00edculas nocivas.  \u00bfQu\u00e9 enfermedades provoca la mala calidad del aire?<\/p>\n","protected":false},"author":4,"featured_media":82038,"comment_status":"closed","ping_status":"closed","sticky":false,"template":"","format":"standard","meta":{"_acf_changed":false,"_seopress_robots_primary_cat":"none","_seopress_titles_title":"Contaminaci\u00f3n atmosf\u00e9rica: impacto en la salud","_seopress_titles_desc":"El polvo es nocivo por su propia naturaleza, pero tambi\u00e9n por su biopersistencia. Las part\u00edculas se mezclan a menudo con contaminantes qu\u00edmicos. ","_seopress_robots_index":"","footnotes":""},"categories":[50],"tags":[],"class_list":["post-37131","post","type-post","status-publish","format-standard","has-post-thumbnail","hentry","category-nuestro-consejo","generate-columns","tablet-grid-50","mobile-grid-100","grid-parent","grid-50","no-featured-image-padding","resize-featured-image"],"acf":[],"_links":{"self":[{"href":"https:\/\/obera.fr\/es\/wp-json\/wp\/v2\/posts\/37131","targetHints":{"allow":["GET"]}}],"collection":[{"href":"https:\/\/obera.fr\/es\/wp-json\/wp\/v2\/posts"}],"about":[{"href":"https:\/\/obera.fr\/es\/wp-json\/wp\/v2\/types\/post"}],"author":[{"embeddable":true,"href":"https:\/\/obera.fr\/es\/wp-json\/wp\/v2\/users\/4"}],"replies":[{"embeddable":true,"href":"https:\/\/obera.fr\/es\/wp-json\/wp\/v2\/comments?post=37131"}],"version-history":[{"count":3,"href":"https:\/\/obera.fr\/es\/wp-json\/wp\/v2\/posts\/37131\/revisions"}],"predecessor-version":[{"id":99663,"href":"https:\/\/obera.fr\/es\/wp-json\/wp\/v2\/posts\/37131\/revisions\/99663"}],"wp:featuredmedia":[{"embeddable":true,"href":"https:\/\/obera.fr\/es\/wp-json\/wp\/v2\/media\/82038"}],"wp:attachment":[{"href":"https:\/\/obera.fr\/es\/wp-json\/wp\/v2\/media?parent=37131"}],"wp:term":[{"taxonomy":"category","embeddable":true,"href":"https:\/\/obera.fr\/es\/wp-json\/wp\/v2\/categories?post=37131"},{"taxonomy":"post_tag","embeddable":true,"href":"https:\/\/obera.fr\/es\/wp-json\/wp\/v2\/tags?post=37131"}],"curies":[{"name":"wp","href":"https:\/\/api.w.org\/{rel}","templated":true}]}}