{"id":37141,"date":"2020-11-20T16:20:07","date_gmt":"2020-11-20T14:20:07","guid":{"rendered":"https:\/\/obera.fr\/sin-categorizar\/cuales-son-los-riesgos-de-no-cumplir-el-vlep\/"},"modified":"2025-05-07T10:20:17","modified_gmt":"2025-05-07T08:20:17","slug":"vlep-quels-risques-cas-de-non-respect-reglementation","status":"publish","type":"post","link":"https:\/\/obera.fr\/es\/nuestro-consejo\/vlep-quels-risques-cas-de-non-respect-reglementation\/","title":{"rendered":"\u00bfCu\u00e1les son los riesgos si no se respetan los VLEP?"},"content":{"rendered":"\n<h2 class=\"wp-block-heading\">\u00bfQu\u00e9 es el VLEP?<\/h2>\n\n<p>El art\u00edculo R4412-149 del C\u00f3digo Laboral franc\u00e9s establece todos los valores legales que deben cumplirse. Existen dos tipos de exposici\u00f3n: exposici\u00f3n durante un d\u00eda (8 horas) o durante un periodo de 15 minutos. <\/p>\n\n<p><a href=\"https:\/\/obera.fr\/es\/nuestro-consejo\/que-es-un-limite-de-exposicion-profesional-u-oel\/\" data-type=\"URL\" data-id=\"https:\/\/obera.fr\/conseils\/valeur-limite-exposition-professionnelle-ou-vlep\/\">Los valores l\u00edmite de exposici\u00f3n profesional (VLEP<\/a> ) se expresan en forma de concentraci\u00f3n en el aire para una sustancia qu\u00edmica determinada y durante un periodo de tiempo establecido. Se considera que s\u00f3lo la exposici\u00f3n a concentraciones m\u00e1s elevadas o durante un per\u00edodo de tiempo m\u00e1s largo tendr\u00e1 consecuencias para la salud. <\/p>\n\n<p>El C\u00f3digo Laboral franc\u00e9s especifica los valores de determinados productos. Pero hay muchos productos que no figuran en la lista. Por tanto, es aconsejable remitirse a la lista publicada por el INRS o a los valores publicados por organismos extranjeros, sobre todo en Alemania (base de datos GESTIS).  <\/p>\n\n<blockquote class=\"wp-block-quote is-layout-flow wp-block-quote-is-layout-flow\">\n<p>Tambi\u00e9n merece la pena leer: <a href=\"https:\/\/obera.fr\/es\/nuestro-consejo\/reglementation-vlep-evaluation-risque-chimique-lieu-de-travail\/\" data-type=\"post\" data-id=\"6575\">Normativa VLEP: \u00bfc\u00f3mo debe evaluarse el riesgo qu\u00edmico en el lugar de trabajo?<\/a><\/p>\n<\/blockquote>\n\n<h3 class=\"wp-block-heading\">Polvo sin efectos espec\u00edficos<\/h3>\n\n<p>La tasa que debe respetarse para los polvos sin influencia espec\u00edfica en la salud es de :<\/p>\n\n<ul class=\"wp-block-list\">\n<li>10mg\/m3 para part\u00edculas mayores de 10\u00b5m<\/li>\n\n\n\n<li>5mg\/m3 para PM 10.<\/li>\n<\/ul>\n\n<p>Por desgracia, pocas part\u00edculas se ajustan a esta descripci\u00f3n. Incluso los polvos que nos parecen m\u00e1s inofensivos (s\u00edlice, arcilla, piedra caliza, etc.) pueden tener un gran impacto en nuestra salud si las part\u00edculas son finas. <\/p>\n\n<h3 class=\"wp-block-heading\"><strong>Polvos sujetos a un VLEP espec\u00edfico<\/strong><\/h3>\n\n<p>Todos los polvos tienen un TLV espec\u00edfico. Este valor corresponde a la concentraci\u00f3n media ponderada en el tiempo de part\u00edculas permitida en la zona de respiraci\u00f3n del trabajador durante un periodo de 8 horas. Se supone que el VLEP protege al trabajador a medio y largo plazo de los efectos nocivos de este contaminante.  <\/p>\n\n<blockquote class=\"wp-block-quote is-layout-flow wp-block-quote-is-layout-flow\">\n<p>M\u00e1s informaci\u00f3n: <a href=\"https:\/\/obera.fr\/es\/nuestro-consejo\/vlep-filtration-de-poussiere-reglementation\/\" data-type=\"post\" data-id=\"6346\">Filtraci\u00f3n de polvo y VLEP y normativa<\/a>.<\/p>\n<\/blockquote>\n\n<h3 class=\"wp-block-heading\">Polvos sujetos a un OEL de corta duraci\u00f3n (STEL)<\/h3>\n\n<p>El TLV corresponde al l\u00edmite m\u00e1ximo al que puede estar expuesto el operario durante un periodo de 15 minutos. Se supone que este valor protege al operario de los efectos t\u00f3xicos inmediatos o a corto plazo. Sin embargo, seg\u00fan la ANSES, <em>\u00abno est\u00e1 destinado a prevenir la aparici\u00f3n de posibles efectos cr\u00f3nicos sobre la salud que podr\u00edan derivarse de una exposici\u00f3n repetida<\/em> \u00ab. Y, <em>\u00abA otras sustancias se les recomienda un VLCT-15min que, seg\u00fan la normativa, corresponde a la concentraci\u00f3n de agentes qu\u00edmicos medida durante un periodo de 15 minutos, mientras que su perfil toxicol\u00f3gico muestra que pueden causar un efecto grave y potencialmente irreversible durante un periodo de exposici\u00f3n muy inferior a 15 minutos<\/em> \u00ab.   <\/p>\n\n<p>Hay que tener en cuenta que, aunque la legislaci\u00f3n impone normas, los riesgos para el personal siguen siendo importantes. <strong>El INRS recomienda encarecidamente mantenerse muy por debajo de estos valores para prevenir cualquier riesgo de enfermedad profesional<\/strong>.<\/p>\n\n<h2 class=\"wp-block-heading\">\u00bfCu\u00e1les son los riesgos penales de los directivos de empresas?<\/h2>\n\n<p>La investigaci\u00f3n sobre la contaminaci\u00f3n por part\u00edculas finas despeg\u00f3 a ra\u00edz del problema del amianto. Aunque todav\u00eda no se conoc\u00edan los efectos nocivos de las part\u00edculas finas, las empresas fueron llevadas a los tribunales a ra\u00edz de enfermedades profesionales. <\/p>\n\n<p>Los empresarios pueden ser considerados <strong>responsables civiles<\/strong> cuando se produce (o puede producirse) una enfermedad o accidente laboral por culpa del empresario, es decir, cuando el empresario ha incumplido sus obligaciones legales en virtud del C\u00f3digo Laboral. La responsabilidad civil del empresario da lugar a una indemnizaci\u00f3n en forma de da\u00f1os y perjuicios pagada por la empresa (o por su seguro de responsabilidad civil), adem\u00e1s de la indemnizaci\u00f3n b\u00e1sica. <\/p>\n\n<p>El trabajador enfermo percibir\u00e1 las siguientes prestaciones:<\/p>\n\n<ul class=\"wp-block-list\">\n<li>Asistencia m\u00e9dica pagada por la empresa.<\/li>\n\n\n\n<li>Dietas compensatorias.<\/li>\n\n\n\n<li>Una pensi\u00f3n en caso de invalidez.<\/li>\n<\/ul>\n\n<p>Adem\u00e1s, el empresario tendr\u00e1 que pagar prestaciones complementarias correspondientes al <strong>90% del salario bruto durante los primeros 30 d\u00edas<\/strong> de ausencia del trabajo, y luego <strong>al 66,66% durante los 30 d\u00edas siguientes<\/strong>, salvo en casos especiales.<\/p>\n\n<p><strong>El caso del amianto demuestra que una empresa puede verse ante los tribunales si un empleado desarrolla una enfermedad profesional, aunque no se conozcan sus efectos nocivos. Los empresarios tienen la responsabilidad de proteger a sus empleados. <\/strong><\/p>\n\n<p>Por \u00faltimo, el gerente o la persona responsable de la seguridad tambi\u00e9n pueden ser objeto de sanciones. Seg\u00fan el art\u00edculo 223-1 del C\u00f3digo Penal, \u00abEl hecho de exponer directamente a otra persona a un riesgo inmediato de muerte o a una lesi\u00f3n que pueda producirle una mutilaci\u00f3n o una invalidez permanentes, mediante el incumplimiento manifiestamente deliberado de un deber particular de cuidado o de seguridad impuesto por una ley o un reglamento, se castiga con un a\u00f1o de prisi\u00f3n y 15.000 euros de multa\u00bb. <\/p>\n","protected":false},"excerpt":{"rendered":"<p>El art\u00edculo R4412-149 del C\u00f3digo Laboral franc\u00e9s es muy claro sobre el cumplimiento de los valores l\u00edmite de exposici\u00f3n profesional (VLEP). Existen dos tipos de exposici\u00f3n: la exposici\u00f3n durante un per\u00edodo de 8 horas y la exposici\u00f3n durante un per\u00edodo de 15 minutos. Lee nuestra gu\u00eda sobre los valores legales que hay que respetar.    <\/p>\n","protected":false},"author":4,"featured_media":99122,"comment_status":"open","ping_status":"closed","sticky":false,"template":"","format":"standard","meta":{"_acf_changed":false,"_seopress_robots_primary_cat":"none","_seopress_titles_title":"\u00bfCu\u00e1les son los riesgos si no se respetan los VLEP?","_seopress_titles_desc":"El C\u00f3digo Laboral franc\u00e9s establece todos los valores legales que hay que cumplir. Hay dos tipos de exposici\u00f3n: exposici\u00f3n a lo largo de un d\u00eda o a lo largo de un periodo de 15 minutos. ","_seopress_robots_index":"","footnotes":""},"categories":[50],"tags":[],"class_list":["post-37141","post","type-post","status-publish","format-standard","has-post-thumbnail","hentry","category-nuestro-consejo","generate-columns","tablet-grid-50","mobile-grid-100","grid-parent","grid-50","no-featured-image-padding","resize-featured-image"],"acf":[],"_links":{"self":[{"href":"https:\/\/obera.fr\/es\/wp-json\/wp\/v2\/posts\/37141","targetHints":{"allow":["GET"]}}],"collection":[{"href":"https:\/\/obera.fr\/es\/wp-json\/wp\/v2\/posts"}],"about":[{"href":"https:\/\/obera.fr\/es\/wp-json\/wp\/v2\/types\/post"}],"author":[{"embeddable":true,"href":"https:\/\/obera.fr\/es\/wp-json\/wp\/v2\/users\/4"}],"replies":[{"embeddable":true,"href":"https:\/\/obera.fr\/es\/wp-json\/wp\/v2\/comments?post=37141"}],"version-history":[{"count":3,"href":"https:\/\/obera.fr\/es\/wp-json\/wp\/v2\/posts\/37141\/revisions"}],"predecessor-version":[{"id":99467,"href":"https:\/\/obera.fr\/es\/wp-json\/wp\/v2\/posts\/37141\/revisions\/99467"}],"wp:featuredmedia":[{"embeddable":true,"href":"https:\/\/obera.fr\/es\/wp-json\/wp\/v2\/media\/99122"}],"wp:attachment":[{"href":"https:\/\/obera.fr\/es\/wp-json\/wp\/v2\/media?parent=37141"}],"wp:term":[{"taxonomy":"category","embeddable":true,"href":"https:\/\/obera.fr\/es\/wp-json\/wp\/v2\/categories?post=37141"},{"taxonomy":"post_tag","embeddable":true,"href":"https:\/\/obera.fr\/es\/wp-json\/wp\/v2\/tags?post=37141"}],"curies":[{"name":"wp","href":"https:\/\/api.w.org\/{rel}","templated":true}]}}