{"id":67644,"date":"2021-05-21T19:28:46","date_gmt":"2021-05-21T17:28:46","guid":{"rendered":"https:\/\/obera.fr\/nuestro-consejo\/qualite-l-air-interieur-critere-essentiel-industrie\/"},"modified":"2025-05-06T13:41:08","modified_gmt":"2025-05-06T11:41:08","slug":"qualite-l-air-interieur-critere-essentiel-industrie","status":"publish","type":"post","link":"https:\/\/obera.fr\/es\/nuestro-consejo\/qualite-l-air-interieur-critere-essentiel-industrie\/","title":{"rendered":"La calidad del aire interior, un criterio esencial en la industria"},"content":{"rendered":"\n<p><strong>La contaminaci\u00f3n atmosf\u00e9rica<\/strong> es responsable de casi 50.000 muertes al a\u00f1o en Francia. Mientras que los efectos sobre la salud de la contaminaci\u00f3n exterior, sobre todo de las part\u00edculas finas, son bien conocidos por el p\u00fablico en general, se habla menos de la contaminaci\u00f3n interior. Sin embargo, \u00a1la<strong>exposici\u00f3n a los contaminantes en el interior de las viviendas y edificios<\/strong> es de 10 a 50 veces mayor que en el exterior!  <\/p>\n\n<p>En la industria, <strong>controlar la calidad del aire interior<\/strong> es esencial para garantizar la salud y la seguridad de los empleados y el funcionamiento \u00f3ptimo de los establecimientos.  <\/p>\n\n<p>\u00bfCu\u00e1les son los par\u00e1metros de calidad del aire y las principales fuentes de contaminaci\u00f3n? \u00bfPor qu\u00e9 y c\u00f3mo podemos <strong>mejorar la calidad del aire interior<\/strong>? \u00bfCu\u00e1les son las soluciones para <strong>analizar el aire de un edificio<\/strong>? Descubre nuestras explicaciones y consejos para un entorno de trabajo saludable.   <\/p>\n\n<h2 class=\"wp-block-heading\">\u00bfQu\u00e9 es la calidad del aire interior?<\/h2>\n\n<p><strong>La calidad del aire interior (CAI)<\/strong> es una forma de comprobar que el aire de un edificio no presenta <strong>riesgos para la salud humana o el medio ambiente<\/strong>. Veamos los factores que afectan a la calidad del aire y de d\u00f3nde proceden. <\/p>\n\n<h3 class=\"wp-block-heading\">Par\u00e1metros de calidad del aire de los edificios<\/h3>\n\n<p><a href=\"https:\/\/obera.fr\/es\/nuestro-consejo\/mesure-de-la-qualite-de-l-air-interieur-interet-principe\/\" data-type=\"URL\" data-id=\"https:\/\/obera.fr\/conseils\/mesure-de-la-qualite-de-l-air-interieur-interet-principe\/\">La calidad del aire interior se mide<\/a> <strong>controlando los valores f\u00edsicos<\/strong> (temperatura, humedad, presi\u00f3n, etc.) y la <strong>concentraci\u00f3n de compuestos contaminantes<\/strong>.<\/p>\n\n<h4 class=\"wp-block-heading\">Contaminantes vol\u00e1tiles y part\u00edculas<\/h4>\n\n<p>Los locales comerciales, sobre todo los edificios industriales, contienen dos categor\u00edas de contaminantes del aire interior:<\/p>\n\n<ul class=\"wp-block-list\">\n<li><strong>contaminantes gaseosos<\/strong>: olores, vapores qu\u00edmicos, compuestos org\u00e1nicos vol\u00e1tiles (COV), etc. ;<\/li>\n\n\n\n<li><strong>contaminantes en forma de part\u00edculas<\/strong>: polvo, aerosoles, sustancias biol\u00f3gicas (virus, bacterias, esporas), etc.<\/li>\n<\/ul>\n\n<p>La exposici\u00f3n a la contaminaci\u00f3n del aire interior tiene <strong>efectos nocivos para la salud y la seguridad de los trabajadores<\/strong>. Determinados contaminantes y part\u00edculas pueden causar problemas respiratorios e incluso c\u00e1ncer. <\/p>\n\n<figure class=\"wp-block-image aligncenter size-full is-resized\"><img decoding=\"async\" width=\"1384\" height=\"692\" src=\"https:\/\/obera.fr\/wp-content\/uploads\/2021\/05\/Effet-sur-la-sante-polluants.png\" alt=\"efecto sobre la salud contaminantes\" class=\"wp-image-5947\" style=\"width:692px;height:346px\" srcset=\"https:\/\/obera.fr\/wp-content\/uploads\/2021\/05\/Effet-sur-la-sante-polluants.png 1384w, https:\/\/obera.fr\/wp-content\/uploads\/2021\/05\/Effet-sur-la-sante-polluants-300x150.png 300w, https:\/\/obera.fr\/wp-content\/uploads\/2021\/05\/Effet-sur-la-sante-polluants-1024x512.png 1024w, https:\/\/obera.fr\/wp-content\/uploads\/2021\/05\/Effet-sur-la-sante-polluants-768x384.png 768w\" sizes=\"(max-width: 1384px) 100vw, 1384px\" \/><\/figure>\n\n<blockquote class=\"wp-block-quote is-layout-flow wp-block-quote-is-layout-flow\">\n<p>Adem\u00e1s de los efectos sobre la salud, la contaminaci\u00f3n atmosf\u00e9rica tambi\u00e9n plantea <strong>riesgos para el medio ambiente<\/strong>. Los COV intervienen en la formaci\u00f3n de gases de efecto invernadero, que agravan el calentamiento global. <\/p>\n<\/blockquote>\n\n<h4 class=\"wp-block-heading\">Temperatura y humedad<\/h4>\n\n<div class=\"wp-block-columns are-vertically-aligned-center is-layout-flex wp-container-core-columns-is-layout-28f84493 wp-block-columns-is-layout-flex\">\n<div class=\"wp-block-column is-vertically-aligned-center is-layout-flow wp-block-column-is-layout-flow\" style=\"flex-basis:30%\">\n<figure class=\"wp-block-image alignleft size-full\"><img decoding=\"async\" width=\"200\" height=\"115\" src=\"https:\/\/obera.fr\/wp-content\/uploads\/2022\/08\/Temperatures.jpg\" alt=\"temperaturas\" class=\"wp-image-14096\"\/><\/figure>\n<\/div>\n\n\n\n<div class=\"wp-block-column is-vertically-aligned-center is-layout-flow wp-block-column-is-layout-flow\" style=\"flex-basis:75%\">\n<p>La calidad del aire interior tambi\u00e9n depende de sus par\u00e1metros f\u00edsicos, en particular la temperatura y la humedad. Una temperatura de entre 20 y 27 \u00b0C y una humedad relativa de entre el 35 y el 60% garantizan un nivel \u00f3ptimo de confort. Por el contrario, <strong>unos valores demasiado altos o demasiado bajos provocan un deterioro de las condiciones de trabajo<\/strong>.  <\/p>\n<\/div>\n<\/div>\n\n<div class=\"wp-block-columns are-vertically-aligned-center is-layout-flex wp-container-core-columns-is-layout-28f84493 wp-block-columns-is-layout-flex\">\n<div class=\"wp-block-column is-vertically-aligned-center is-layout-flow wp-block-column-is-layout-flow\" style=\"flex-basis:75%\">\n<p>El calentamiento excesivo de los edificios provoca <strong>contaminaci\u00f3n t\u00e9rmica<\/strong>, que favorece el desarrollo de contaminantes biol\u00f3gicos y puede estropear los productos. Del mismo modo, <strong>el vapor de agua<\/strong> genera moho y corrosi\u00f3n de los materiales met\u00e1licos. Por \u00faltimo, la humedad y la temperatura <strong>exacerban los efectos irritantes de los compuestos org\u00e1nicos vol\u00e1tiles<\/strong> (COV).  <\/p>\n<\/div>\n\n\n\n<div class=\"wp-block-column is-vertically-aligned-center is-layout-flow wp-block-column-is-layout-flow\" style=\"flex-basis:30%\">\n<figure class=\"wp-block-image alignright size-full is-resized\"><img decoding=\"async\" width=\"200\" height=\"115\" src=\"https:\/\/obera.fr\/wp-content\/uploads\/2021\/05\/Humidite.jpg\" alt=\"humedad\" class=\"wp-image-14100\" style=\"width:200px;height:115px\"\/><\/figure>\n<\/div>\n<\/div>\n\n<h3 class=\"wp-block-heading\">Fuentes de contaminaci\u00f3n del aire interior<\/h3>\n\n<p>Hay muchas causas de <strong>mala calidad del aire interior en los edificios industriales<\/strong>. Sin embargo, las tres fuentes de contaminaci\u00f3n m\u00e1s comunes son : <\/p>\n\n<ul class=\"wp-block-list\">\n<li><strong>procesos de fabricaci\u00f3n<\/strong>: los productos utilizados y el trabajo de los materiales (madera, metal, pl\u00e1stico, etc.) generan grandes cantidades de contaminantes (humos, vapores, nieblas de aceite, etc.);<\/li>\n<\/ul>\n\n<figure class=\"wp-block-image size-full is-resized\"><img decoding=\"async\" width=\"600\" height=\"115\" src=\"https:\/\/obera.fr\/wp-content\/uploads\/2022\/08\/Process-generant-des-poussieres.jpg\" alt=\"procesos generadores de polvo\" class=\"wp-image-14103\" style=\"width:450px;height:86px\" srcset=\"https:\/\/obera.fr\/wp-content\/uploads\/2022\/08\/Process-generant-des-poussieres.jpg 600w, https:\/\/obera.fr\/wp-content\/uploads\/2022\/08\/Process-generant-des-poussieres-300x58.jpg 300w\" sizes=\"(max-width: 600px) 100vw, 600px\" \/><\/figure>\n\n<ul class=\"wp-block-list\">\n<li><strong>manipulaci\u00f3n y transporte de materiales y mercanc\u00edas<\/strong>: el movimiento de maquinaria (carretillas elevadoras, camiones) desprende polvo, part\u00edculas, vapores de gasolina, etc.<\/li>\n<\/ul>\n\n<figure class=\"wp-block-image size-full is-resized\"><img decoding=\"async\" width=\"600\" height=\"115\" src=\"https:\/\/obera.fr\/wp-content\/uploads\/2022\/08\/Mouvement-de-camions-et-chariots-elevateurs.jpg\" alt=\"movimientos de camiones y carretillas elevadoras\" class=\"wp-image-14107\" style=\"width:450px;height:86px\" srcset=\"https:\/\/obera.fr\/wp-content\/uploads\/2022\/08\/Mouvement-de-camions-et-chariots-elevateurs.jpg 600w, https:\/\/obera.fr\/wp-content\/uploads\/2022\/08\/Mouvement-de-camions-et-chariots-elevateurs-300x58.jpg 300w\" sizes=\"(max-width: 600px) 100vw, 600px\" \/><\/figure>\n\n<ul class=\"wp-block-list\">\n<li><strong>flujos de aire exterior<\/strong>: las aberturas de las puertas y las diferencias de presi\u00f3n atraen y atrapan los contaminantes del ambiente en el interior de tu edificio.<\/li>\n<\/ul>\n\n<figure class=\"wp-block-image size-full is-resized\"><img decoding=\"async\" width=\"600\" height=\"115\" src=\"https:\/\/obera.fr\/wp-content\/uploads\/2022\/08\/Portes-et-halls-ouverts.jpg\" alt=\"puertas y pasillos abiertos\" class=\"wp-image-14110\" style=\"width:450px;height:86px\" srcset=\"https:\/\/obera.fr\/wp-content\/uploads\/2022\/08\/Portes-et-halls-ouverts.jpg 600w, https:\/\/obera.fr\/wp-content\/uploads\/2022\/08\/Portes-et-halls-ouverts-300x58.jpg 300w\" sizes=\"(max-width: 600px) 100vw, 600px\" \/><\/figure>\n\n<h2 class=\"wp-block-heading\">\u00bfC\u00f3mo podemos mejorar la calidad del aire interior?<\/h2>\n\n<p>Para <strong>reducir la contaminaci\u00f3n interior y sus efectos<\/strong>, hay que reducir la concentraci\u00f3n de contaminantes mediante un sistema <a href=\"https:\/\/obera.fr\/es\/nuestro-consejo\/la-guia-completa-del-tratamiento-industrial-del-aire\/\" data-type=\"URL\" data-id=\"https:\/\/obera.fr\/conseils\/traitement-air-industriel-guide-complet\/\">industrial de tratamiento del aire<\/a> y\/o de ventilaci\u00f3n del edificio. La temperatura puede controlarse mediante calefacci\u00f3n, aire acondicionado o refrigeraci\u00f3n, y la humedad secando o humidificando el aire. <\/p>\n\n<h3 class=\"wp-block-heading\">Elimina contaminantes y part\u00edculas<\/h3>\n\n<p><strong>El tratamiento industrial del aire<\/strong> consiste en <strong>captar y filtrar el aire contaminado<\/strong>. Una vez limpio de sus sustancias peligrosas, el aire purificado puede verterse fuera del edificio sin riesgo para el medio ambiente, o reinyectarse en el espacio de trabajo. Hay <strong>dos tipos de soluci\u00f3n<\/strong>: la captaci\u00f3n en origen y el tratamiento ambiental.  <\/p>\n\n<h4 class=\"wp-block-heading\">Captura en origen<\/h4>\n\n<div class=\"wp-block-columns are-vertically-aligned-center is-layout-flex wp-container-core-columns-is-layout-28f84493 wp-block-columns-is-layout-flex\">\n<div class=\"wp-block-column is-vertically-aligned-center is-layout-flow wp-block-column-is-layout-flow\" style=\"flex-basis:30%\">\n<figure class=\"wp-block-image aligncenter size-full is-resized\"><img decoding=\"async\" width=\"800\" height=\"800\" src=\"https:\/\/obera.fr\/wp-content\/uploads\/2021\/05\/Captation-a-la-source.jpg\" alt=\"captura en origen\" class=\"wp-image-5939\" style=\"width:200px;height:200px\" srcset=\"https:\/\/obera.fr\/wp-content\/uploads\/2021\/05\/Captation-a-la-source.jpg 800w, https:\/\/obera.fr\/wp-content\/uploads\/2021\/05\/Captation-a-la-source-300x300.jpg 300w, https:\/\/obera.fr\/wp-content\/uploads\/2021\/05\/Captation-a-la-source-150x150.jpg 150w, https:\/\/obera.fr\/wp-content\/uploads\/2021\/05\/Captation-a-la-source-768x768.jpg 768w\" sizes=\"(max-width: 800px) 100vw, 800px\" \/><\/figure>\n<\/div>\n\n\n\n<div class=\"wp-block-column is-vertically-aligned-center is-layout-flow wp-block-column-is-layout-flow\" style=\"flex-basis:80%\">\n<p>La captura en origen consiste en <strong>capturar los contaminantes y part\u00edculas en la fuente<\/strong> que los genera, para evitar que se propaguen por el edificio. Esto se hace mediante un <strong>sistema de captaci\u00f3n<\/strong> adaptado al puesto de trabajo: campana de extracci\u00f3n, brazo de extracci\u00f3n, cabina o mesa de extracci\u00f3n, etc. Tambi\u00e9n es posible conectar las m\u00e1quinas de producci\u00f3n a la unidad de tratamiento del aire mediante conductos o tuber\u00edas.  <\/p>\n<\/div>\n<\/div>\n\n<h4 class=\"wp-block-heading\">Tratamiento ambiental<\/h4>\n\n<div class=\"wp-block-columns are-vertically-aligned-center is-layout-flex wp-container-core-columns-is-layout-28f84493 wp-block-columns-is-layout-flex\">\n<div class=\"wp-block-column is-vertically-aligned-center is-layout-flow wp-block-column-is-layout-flow\" style=\"flex-basis:30%\">\n<figure class=\"wp-block-image aligncenter size-full is-resized\"><img decoding=\"async\" width=\"800\" height=\"800\" src=\"https:\/\/obera.fr\/wp-content\/uploads\/2021\/05\/Traitement-en-ambiance.jpg\" alt=\"tratamiento medioambiental\" class=\"wp-image-5940\" style=\"width:200px;height:200px\" srcset=\"https:\/\/obera.fr\/wp-content\/uploads\/2021\/05\/Traitement-en-ambiance.jpg 800w, https:\/\/obera.fr\/wp-content\/uploads\/2021\/05\/Traitement-en-ambiance-300x300.jpg 300w, https:\/\/obera.fr\/wp-content\/uploads\/2021\/05\/Traitement-en-ambiance-150x150.jpg 150w, https:\/\/obera.fr\/wp-content\/uploads\/2021\/05\/Traitement-en-ambiance-768x768.jpg 768w\" sizes=\"(max-width: 800px) 100vw, 800px\" \/><\/figure>\n<\/div>\n\n\n\n<div class=\"wp-block-column is-vertically-aligned-center is-layout-flow wp-block-column-is-layout-flow\" style=\"flex-basis:80%\">\n<p>Si la <strong>fuente de contaminantes<\/strong> es <strong>difusa o inaccesible<\/strong>, puedes optar por soluciones de captaci\u00f3n ambiental. Fijos o m\u00f3viles, los purificadores de aire industriales y las unidades de tratamiento de aire pueden<strong>extraer y filtrar los contaminantes y part\u00edculas presentes en el edificio<\/strong>. A menudo funcionan junto con un sistema de ventilaci\u00f3n mec\u00e1nica controlada (VMC) o de eliminaci\u00f3n de polvo industrial.  <\/p>\n<\/div>\n<\/div>\n\n<h3 class=\"wp-block-heading\">Refrigeraci\u00f3n del aire interior<\/h3>\n\n<p>Los enfriadores de aire industriales <strong>reducen la temperatura del interior de los edificios<\/strong>. M\u00e1s respetuosa con el medio ambiente, la <a href=\"https:\/\/obera.fr\/es\/nuestro-consejo\/refrigeracion-adiabatica-confort-termico-natural\/\">refrigeraci\u00f3n adiab\u00e1tica<\/a> se basa en <strong><a href=\"https:\/\/obera.fr\/es\/nuestro-consejo\/como-puede-la-refrigeracion-evaporativa-mejorar-la-produccion-industrial\/\" data-type=\"post\" data-id=\"7081\">enfriar el aire evaporando agua<\/a><\/strong>siguiendo el mismo principio que la brisa marina. Un <a href=\"https:\/\/obera.fr\/es\/nuestro-consejo\/enfriadores-adiabaticos-de-aire-faq\/\" data-type=\"post\" data-id=\"7105\">enfriador de aire<\/a> adiab\u00e1tico consume hasta 10 veces menos electricidad que un sistema de aire acondicionado convencional.  <\/p>\n\n<div class=\"wp-block-buttons is-horizontal is-content-justification-center is-layout-flex wp-container-core-buttons-is-layout-03627597 wp-block-buttons-is-layout-flex\">\n<div class=\"wp-block-button\"><a class=\"wp-block-button__link wp-element-button\" href=\"https:\/\/obera.fr\/es\/nuestro-consejo\/choisir-rafraichisseur-d-air-industriel-reguler-temperature\/\">\u00bfC\u00f3mo elegir un refrigerador de aire industrial para regular la temperatura de tu taller?<\/a><\/div>\n<\/div>\n\n<p>Lee tambi\u00e9n: <a href=\"https:\/\/obera.fr\/es\/nuestro-consejo\/donde-puedo-utilizar-un-sistema-de-refrigeracion-por-evaporacion\/\" data-type=\"post\" data-id=\"7093\">\u00bfD\u00f3nde puedo utilizar la refrigeraci\u00f3n evaporativa?<\/a><\/p>\n\n<h2 class=\"wp-block-heading\">\u00bfPor qu\u00e9 instalar un sistema de tratamiento del aire interior?<\/h2>\n\n<p>Mantener una buena calidad del aire interior es una <strong>obligaci\u00f3n legal para los empresarios<\/strong>. Tambi\u00e9n tiene <strong>una serie de beneficios para los establecimientos<\/strong>, como la seguridad de los empleados, el ahorro en mantenimiento y la mejora de la productividad. <\/p>\n\n<h3 class=\"wp-block-heading\">Cumplir la normativa sanitaria<\/h3>\n\n<p>Controlando la calidad del aire interior, puedes<strong>cumplir el C\u00f3digo Laboral franc\u00e9s y las normas sanitarias vigentes<\/strong>.<\/p>\n\n<h4 class=\"wp-block-heading\">Valores l\u00edmite de exposici\u00f3n profesional (LEP)<\/h4>\n\n<p>El C\u00f3digo del Trabajo franc\u00e9s exige <strong><a href=\"https:\/\/obera.fr\/conseils\/reglementation-vlep-evaluation-risque-chimique-lieu-de-travail\/\" data-type=\"post\" data-id=\"6575\">respetar los L\u00edmites de Exposici\u00f3n Profesional<\/a><\/strong> (VLEP). \u00c9stos corresponden al <strong>nivel m\u00e1ximo de contaminantes o part\u00edculas<\/strong> al que pueden estar expuestos los trabajadores en el transcurso de su trabajo, sin riesgo para su salud. Si no se respetan los VLEP, se suspende el puesto de trabajo hasta que se pongan en marcha soluciones para limitar la exposici\u00f3n del operario.  <\/p>\n\n<h4 class=\"wp-block-heading\">Diagn\u00f3stico de la calidad del aire interior<\/h4>\n\n<p><a href=\"https:\/\/obera.fr\/es\/nuestro-consejo\/diagnostico-de-la-calidad-del-aire-interior-en-edificios-industriales\/\">El diagn\u00f3stico de la calidad del aire interior<\/a> consiste en <strong>evaluar el nivel de contaminaci\u00f3n de una vivienda individual o de un edificio colectivo<\/strong> para aplicar las soluciones adecuadas. La Ley francesa de Compromiso Nacional con el Medio Ambiente, conocida como \u00abGrenelle 2\u00bb, tiene como objetivo <strong>mejorar la calidad del aire interior en los establecimientos abiertos al p\u00fablico<\/strong>, especialmente a los ni\u00f1os. Desde 2020, obliga a las escuelas, centros de ocio y centros de ense\u00f1anza secundaria a realizar una evaluaci\u00f3n de la calidad del aire interior. A partir de 2023, las pruebas de calidad del aire interior ser\u00e1n obligatorias para todos los establecimientos abiertos al p\u00fablico.   <\/p>\n\n<h3 class=\"wp-block-heading\">Garantizar la seguridad sanitaria de los trabajadores<\/h3>\n\n<p>La exposici\u00f3n a la contaminaci\u00f3n atmosf\u00e9rica es fuente de problemas de salud, sobre todo respiratorios. La b\u00fasqueda de un aire sano ayuda a <strong>reducir el n\u00famero de d\u00edas de enfermedad<\/strong>, evitando as\u00ed el absentismo y la interrupci\u00f3n del trabajo. <\/p>\n\n<h3 class=\"wp-block-heading\">Reduce los costes de revisi\u00f3n y mantenimiento<\/h3>\n\n<p>El tratamiento del aire interior limita el dep\u00f3sito de compuestos vol\u00e1tiles (part\u00edculas, vapores grasientos) en tus aparatos, productos y suelos de los edificios. Esto te <strong>ahorra<\/strong> dinero <strong>en mantenimiento<\/strong>. Adem\u00e1s, la eliminaci\u00f3n del polvo <strong>reduce el riesgo de fallos y aver\u00edas de los equipos<\/strong>.  <\/p>\n\n<p>M\u00e1s informaci\u00f3n: Todo lo que necesitas saber para mantener una nevera industrial.<\/p>\n\n<h3 class=\"wp-block-heading\">Mejorar la productividad y la calidad del producto<\/h3>\n\n<p>La calidad controlada del aire en cuanto a contaminantes, part\u00edculas, temperatura y humedad garantiza <strong>el buen desarrollo de la producci\u00f3n<\/strong> y la <strong>calidad de los productos acabados<\/strong>.<\/p>\n\n<h2 class=\"wp-block-heading\">\u00bfC\u00f3mo se mide la calidad del aire interior?<\/h2>\n\n<p>El<a href=\"https:\/\/obera.fr\/es\/nuestro-consejo\/analisis-de-la-calidad-del-aire-interior-nuestros-consejos\/\" data-type=\"URL\" data-id=\"https:\/\/obera.fr\/conseils\/analyse-qualite-l-air-interieur\/\">an\u00e1lisis de la calidad del aire interior<\/a> es esencial para garantizar el cumplimiento de los Valores L\u00edmite de Exposici\u00f3n Profesional (VLEP) y la salud y seguridad de tus empleados. OBERA te ofrece <strong>analizadores de aire<\/strong> que miden continuamente la calidad del aire interior: <\/p>\n\n<ul class=\"wp-block-list\">\n<li><strong>el nivel de contaminantes gaseosos<\/strong> (compuestos org\u00e1nicos vol\u00e1tiles, CO2, etc.) ;<\/li>\n\n\n\n<li><strong>el tama\u00f1o y la concentraci\u00f3n de las part\u00edculas<\/strong> (polvo, aerosoles, virus, etc.);<\/li>\n\n\n\n<li><strong>la temperatura y la humedad relativa<\/strong> del edificio.<\/li>\n<\/ul>\n\n<p><strong>Controlando<\/strong> estos par\u00e1metros <strong>en tiempo<\/strong> real, podemos responder r\u00e1pida y adecuadamente para mantener un entorno de trabajo saludable.<\/p>\n\n<blockquote class=\"wp-block-quote is-layout-flow wp-block-quote-is-layout-flow\">\n<p>Como especialistas en tratamiento industrial del aire, podemos ayudarte a encontrar soluciones a medida para tu lugar de trabajo. <a href=\"https:\/\/obera.fr\/es\/contacta-con-nosotros\/\" data-type=\"page\" data-id=\"124\">No dudes en ponerte en contacto con nosotros para obtener un diagn\u00f3stico de<\/a> la <strong>calidad del aire interior<\/strong> de tu edificio y un estudio de tus necesidades.<\/p>\n<\/blockquote>\n","protected":false},"excerpt":{"rendered":"<p>En la industria, controlar la calidad del aire interior es esencial para garantizar la salud y la seguridad de los trabajadores y el funcionamiento \u00f3ptimo de los establecimientos. Descubre nuestras explicaciones y consejos para un entorno de trabajo saludable. <\/p>\n","protected":false},"author":4,"featured_media":96776,"comment_status":"open","ping_status":"closed","sticky":false,"template":"","format":"standard","meta":{"_acf_changed":false,"_seopress_robots_primary_cat":"none","_seopress_titles_title":"Guide de la qualit\u00e9 de l'air int\u00e9rieur en milieu industriel","_seopress_titles_desc":"Dans l'industrie, la surveillance de la qualit\u00e9 de l'air int\u00e9rieur est primordiale pour assurer la s\u00e9curit\u00e9 sanitaire des employ\u00e9s et le fonctionnement optimal des \u00e9tablissements.","_seopress_robots_index":"","footnotes":""},"categories":[50],"tags":[],"class_list":["post-67644","post","type-post","status-publish","format-standard","has-post-thumbnail","hentry","category-nuestro-consejo","generate-columns","tablet-grid-50","mobile-grid-100","grid-parent","grid-50","no-featured-image-padding","resize-featured-image"],"acf":[],"_links":{"self":[{"href":"https:\/\/obera.fr\/es\/wp-json\/wp\/v2\/posts\/67644","targetHints":{"allow":["GET"]}}],"collection":[{"href":"https:\/\/obera.fr\/es\/wp-json\/wp\/v2\/posts"}],"about":[{"href":"https:\/\/obera.fr\/es\/wp-json\/wp\/v2\/types\/post"}],"author":[{"embeddable":true,"href":"https:\/\/obera.fr\/es\/wp-json\/wp\/v2\/users\/4"}],"replies":[{"embeddable":true,"href":"https:\/\/obera.fr\/es\/wp-json\/wp\/v2\/comments?post=67644"}],"version-history":[{"count":1,"href":"https:\/\/obera.fr\/es\/wp-json\/wp\/v2\/posts\/67644\/revisions"}],"predecessor-version":[{"id":67654,"href":"https:\/\/obera.fr\/es\/wp-json\/wp\/v2\/posts\/67644\/revisions\/67654"}],"wp:featuredmedia":[{"embeddable":true,"href":"https:\/\/obera.fr\/es\/wp-json\/wp\/v2\/media\/96776"}],"wp:attachment":[{"href":"https:\/\/obera.fr\/es\/wp-json\/wp\/v2\/media?parent=67644"}],"wp:term":[{"taxonomy":"category","embeddable":true,"href":"https:\/\/obera.fr\/es\/wp-json\/wp\/v2\/categories?post=67644"},{"taxonomy":"post_tag","embeddable":true,"href":"https:\/\/obera.fr\/es\/wp-json\/wp\/v2\/tags?post=67644"}],"curies":[{"name":"wp","href":"https:\/\/api.w.org\/{rel}","templated":true}]}}