{"id":76231,"date":"2025-03-21T10:15:00","date_gmt":"2025-03-21T08:15:00","guid":{"rendered":"https:\/\/obera.fr\/nuestro-consejo\/temperatura-maxima-de-trabajo\/"},"modified":"2025-04-14T11:33:25","modified_gmt":"2025-04-14T09:33:25","slug":"temperatura-maxima-de-trabajo","status":"publish","type":"post","link":"https:\/\/obera.fr\/es\/nuestro-consejo\/temperatura-maxima-de-trabajo\/","title":{"rendered":"Temperatura m\u00e1xima en el trabajo: marco jur\u00eddico y obligaciones"},"content":{"rendered":"\n<div class=\"wp-block-columns is-layout-flex wp-container-core-columns-is-layout-28f84493 wp-block-columns-is-layout-flex\">\n<div class=\"wp-block-column is-layout-flow wp-block-column-is-layout-flow\" style=\"flex-basis:66.66%\">\n<p><strong> Las olas de calor y el aumento de las temperaturas<\/strong> afectan cada vez m\u00e1s a los entornos de trabajo, sobre todo a los que ya est\u00e1n expuestos a fuentes de calor. Aunque la legislaci\u00f3n francesa no establece un umbral preciso para las temperaturas m\u00e1ximas en el lugar de trabajo, existen normas y recomendaciones para proporcionar un marco de seguridad t\u00e9rmica y prevenir los peligros asociados al calor excesivo. Este art\u00edculo explora la normativa, las <strong>obligaciones de los empresarios y los derechos de los trabajadores<\/strong> en relaci\u00f3n con las condiciones t\u00e9rmicas, as\u00ed como los riesgos para la salud.  <\/p>\n<\/div>\n\n\n\n<div class=\"wp-block-column is-layout-flow wp-block-column-is-layout-flow\" style=\"flex-basis:33.33%\">\n<figure class=\"wp-block-image aligncenter size-large is-resized\"><img decoding=\"async\" width=\"1024\" height=\"1024\" src=\"https:\/\/obera.fr\/wp-content\/uploads\/2024\/05\/1-1024x1024.jpg\" alt=\"Trabajadores afectados por el calor en la industria\" class=\"wp-image-31002\" style=\"width:265px;height:auto\" srcset=\"https:\/\/obera.fr\/wp-content\/uploads\/2024\/05\/1-1024x1024.jpg 1024w, https:\/\/obera.fr\/wp-content\/uploads\/2024\/05\/1-300x300.jpg 300w, https:\/\/obera.fr\/wp-content\/uploads\/2024\/05\/1-150x150.jpg 150w, https:\/\/obera.fr\/wp-content\/uploads\/2024\/05\/1-768x768.jpg 768w, https:\/\/obera.fr\/wp-content\/uploads\/2024\/05\/1.jpg 1200w\" sizes=\"(max-width: 1024px) 100vw, 1024px\" \/><\/figure>\n<\/div>\n<\/div>\n\n<h2 class=\"wp-block-heading\">Normativa y recomendaciones sobre la temperatura en el trabajo<\/h2>\n\n<h3 class=\"wp-block-heading\">Sin umbral legal preciso<\/h3>\n\n<p>En Francia, no existe <strong>ninguna normativa espec\u00edfica<\/strong> que imponga un umbral m\u00e1ximo de temperatura en el lugar de trabajo. El art\u00edculo R4223-13 del C\u00f3digo de Trabajo estipula que el empresario debe \u00abgarantizar la seguridad y proteger la salud de los trabajadores\u00bb, pero no define un l\u00edmite de temperatura que no deba superarse. Por tanto, la ley no especifica valores estrictos, y deja en manos de los empresarios <strong>la tarea de garantizar unas condiciones de trabajo seguras<\/strong> en funci\u00f3n de las caracter\u00edsticas de su entorno.  <\/p>\n\n<p>Aunque la legislaci\u00f3n no establece una temperatura m\u00e1xima, hay una serie de normas y recomendaciones que orientan las pr\u00e1cticas de los empresarios cuando se trata de gestionar el calor en el lugar de trabajo.<\/p>\n\n<h3 class=\"wp-block-heading\">Normas y recomendaciones existentes<\/h3>\n\n<h4 class=\"wp-block-heading\">Norma ISO 7730  <\/h4>\n\n<div class=\"wp-block-columns is-layout-flex wp-container-core-columns-is-layout-28f84493 wp-block-columns-is-layout-flex\">\n<div class=\"wp-block-column is-layout-flow wp-block-column-is-layout-flow\" style=\"flex-basis:66.66%\">\n<p>La <strong>norma ISO 7730<\/strong>, que se aplica al dise\u00f1o de locales, define las<strong> condiciones de confort t\u00e9rmico en ambientes interiores<\/strong>. Sus recomendaciones son las siguientes: <\/p>\n\n\n\n<ul class=\"wp-block-list\">\n<li>20 y 22 grados en una oficina ;<\/li>\n\n\n\n<li>16 a 18 grados en un taller con actividad f\u00edsica media ;<\/li>\n\n\n\n<li>14 a 16 grados para una actividad f\u00edsica sostenida.<\/li>\n<\/ul>\n\n\n\n<p>Estos intervalos de temperatura se consideran \u00f3ptimos para<strong> garantizar el confort t\u00e9rmico<\/strong> sin alterar la productividad de los empleados. Estas recomendaciones se aplican principalmente a los entornos con aire acondicionado o bien ventilados. <\/p>\n\n\n\n<p><\/p>\n<\/div>\n\n\n\n<div class=\"wp-block-column is-layout-flow wp-block-column-is-layout-flow\" style=\"flex-basis:33.33%\">\n<figure class=\"wp-block-image aligncenter size-large is-resized\"><img decoding=\"async\" width=\"1024\" height=\"1024\" src=\"https:\/\/obera.fr\/wp-content\/uploads\/2025\/03\/conseil-raf-1024x1024.png\" alt=\"Normas\" class=\"wp-image-77456\" style=\"width:207px;height:auto\" srcset=\"https:\/\/obera.fr\/wp-content\/uploads\/2025\/03\/conseil-raf-1024x1024.png 1024w, https:\/\/obera.fr\/wp-content\/uploads\/2025\/03\/conseil-raf-300x300.png 300w, https:\/\/obera.fr\/wp-content\/uploads\/2025\/03\/conseil-raf-150x150.png 150w, https:\/\/obera.fr\/wp-content\/uploads\/2025\/03\/conseil-raf-768x768.png 768w, https:\/\/obera.fr\/wp-content\/uploads\/2025\/03\/conseil-raf.png 1200w\" sizes=\"(max-width: 1024px) 100vw, 1024px\" \/><\/figure>\n<\/div>\n<\/div>\n\n<h4 class=\"wp-block-heading\">Recomendaciones del INRS  <\/h4>\n\n<p>El Instituto Nacional de Investigaci\u00f3n y Seguridad (INRS) franc\u00e9s recomienda <strong>mantener la temperatura ambiente<\/strong> en un entorno laboral a un nivel en el que se minimicen los riesgos para la salud. Seg\u00fan el INRS, los peligros aumentan cuando la temperatura ambiente supera los 30\u00b0C para un trabajador sedentario, y los 28\u00b0C para el trabajo f\u00edsico. Por encima de 33\u00b0C, los <strong>peligros de insolaci\u00f3n y deshidrataci\u00f3n<\/strong> aumentan considerablemente, y hay que poner en marcha medidas preventivas con car\u00e1cter de urgencia.  <\/p>\n\n<h2 class=\"wp-block-heading\">Obligaciones del empresario en materia de seguridad t\u00e9rmica<\/h2>\n\n<h3 class=\"wp-block-heading\">Evaluar los riesgos relacionados con el calor<\/h3>\n\n<p>Los empresarios tienen la<strong>obligaci\u00f3n de garantizar la salud y la seguridad de sus trabajadores<\/strong>, incluida la gesti\u00f3n del calor. Deben evaluar los riesgos t\u00e9rmicos identificando las situaciones en las que las temperaturas pueden representar un peligro para la salud de sus trabajadores. Esta evaluaci\u00f3n debe tener en cuenta la temperatura ambiente, la humedad, el tipo de trabajo realizado y la duraci\u00f3n de la exposici\u00f3n al calor. La evaluaci\u00f3n tambi\u00e9n debe considerar los efectos del calor combinados con otros factores, como la <strong>carga de trabajo f\u00edsico<\/strong>, el equipo utilizado y la ropa de trabajo. Los empresarios deben utilizar herramientas adecuadas, como term\u00f3metros e higr\u00f3metros, y, en condiciones complejas, solicitar el asesoramiento de expertos m\u00e9dicos. Una vez realizada la evaluaci\u00f3n, deben establecerse medidas preventivas<strong>para limitar la exposici\u00f3n del personal a<\/strong> condiciones peligrosas, de conformidad con el art\u00edculo L.4121-1 del C\u00f3digo Laboral franc\u00e9s.     <\/p>\n\n<h3 class=\"wp-block-heading\">Medidas preventivas a aplicar<\/h3>\n\n<div class=\"wp-block-columns is-layout-flex wp-container-core-columns-is-layout-28f84493 wp-block-columns-is-layout-flex\">\n<div class=\"wp-block-column is-layout-flow wp-block-column-is-layout-flow\" style=\"flex-basis:66.66%\">\n<ul class=\"wp-block-list\">\n<li>Horario flexible<\/li>\n<\/ul>\n\n\n\n<p>Una de las primeras cosas que hay que tener en cuenta cuando hace calor es ajustar las horas de trabajo. Puede ser necesario <strong>desplazar el trabajo a las horas m\u00e1s frescas<\/strong>, como a primera hora de la ma\u00f1ana o por la tarde. Tambi\u00e9n deben introducirse pausas regulares para que los empleados puedan descansar y rehidratarse. Adem\u00e1s, los puestos de trabajo al aire libre deben estar equipados para proporcionar una protecci\u00f3n adecuada contra las condiciones meteorol\u00f3gicas extremas, de acuerdo con el art\u00edculo R. 4225-1 del C\u00f3digo Laboral franc\u00e9s.   <\/p>\n\n\n\n<ul class=\"wp-block-list\">\n<li>Suministro de agua potable<\/li>\n<\/ul>\n\n\n\n<p>De conformidad con el art\u00edculo R. 4225-2 del C\u00f3digo Laboral franc\u00e9s, debe garantizarse el acceso de todos los trabajadores al agua potable. El<strong>empresario est\u00e1 obligado a proporcionar agua<\/strong> suficiente para evitar la deshidrataci\u00f3n, especialmente en entornos en los que los trabajadores realizan actividades f\u00edsicas o en espacios reducidos. <\/p>\n\n\n\n<ul class=\"wp-block-list\">\n<li>Ventilaci\u00f3n y aire acondicionado<\/li>\n<\/ul>\n\n\n\n<p>De conformidad con el art\u00edculo R. 4222-1 del C\u00f3digo de Trabajo franc\u00e9s, el empresario debe garantizar una renovaci\u00f3n adecuada del aire en los locales para<strong> evitar subidas excesivas de temperatura<\/strong>. En los espacios donde la contaminaci\u00f3n no es espec\u00edfica, esta renovaci\u00f3n puede hacerse mediante ventilaci\u00f3n mec\u00e1nica (ventilaci\u00f3n mec\u00e1nica controlada, por ejemplo) o ventilaci\u00f3n natural (a trav\u00e9s de ventanas, aberturas, etc.) (art\u00edculo R. 4222-4). En <strong>entornos donde el calor es dif\u00edcil de gestionar<\/strong>, como talleres o f\u00e1bricas, la instalaci\u00f3n de sistemas de ventilaci\u00f3n o aire acondicionado puede ser esencial para mantener una temperatura segura y agradable. En espacios industriales grandes y abiertos, la <a href=\"https:\/\/obera.fr\/es\/produits\/rafraichisseurs-air\/\">refrigeraci\u00f3n adiab\u00e1tica<\/a> puede ser una alternativa eficaz para garantizar unas condiciones de trabajo adecuadas y conformes.   <\/p>\n\n\n\n<p><\/p>\n<\/div>\n\n\n\n<div class=\"wp-block-column is-layout-flow wp-block-column-is-layout-flow\" style=\"flex-basis:33.33%\">\n<figure class=\"wp-block-image aligncenter size-large is-resized\"><img decoding=\"async\" width=\"1024\" height=\"1024\" src=\"https:\/\/obera.fr\/wp-content\/uploads\/2024\/07\/3-1024x1024.jpg\" alt=\"Term&#xF3;metro con flecha hacia abajo\" class=\"wp-image-33122\" style=\"width:255px;height:auto\" srcset=\"https:\/\/obera.fr\/wp-content\/uploads\/2024\/07\/3-1024x1024.jpg 1024w, https:\/\/obera.fr\/wp-content\/uploads\/2024\/07\/3-300x300.jpg 300w, https:\/\/obera.fr\/wp-content\/uploads\/2024\/07\/3-150x150.jpg 150w, https:\/\/obera.fr\/wp-content\/uploads\/2024\/07\/3-768x768.jpg 768w, https:\/\/obera.fr\/wp-content\/uploads\/2024\/07\/3-24x24.jpg 24w, https:\/\/obera.fr\/wp-content\/uploads\/2024\/07\/3-48x48.jpg 48w, https:\/\/obera.fr\/wp-content\/uploads\/2024\/07\/3-96x96.jpg 96w, https:\/\/obera.fr\/wp-content\/uploads\/2024\/07\/3.jpg 1200w\" sizes=\"(max-width: 1024px) 100vw, 1024px\" \/><\/figure>\n<\/div>\n<\/div>\n\n<h2 class=\"wp-block-heading\">Derechos de los trabajadores ante las altas temperaturas<\/h2>\n\n<h3 class=\"wp-block-heading\">Condiciones para ejercer el derecho de desistimiento<\/h3>\n\n<p>El derecho a retirarse permite a los trabajadores abandonar su puesto de trabajo en caso de peligro grave e inminente para su salud, de acuerdo con los art\u00edculos L.4131-1 a L.4131-4 del C\u00f3digo Laboral franc\u00e9s. En caso de mucho calor, si un trabajador considera que <strong>la exposici\u00f3n al calor<\/strong> puede causarle un da\u00f1o inmediato (insolaci\u00f3n, por ejemplo), puede abandonar el puesto de trabajo. Este derecho debe ejercerse dentro de un marco espec\u00edfico, y<strong>el empresario debe ser informado inmediatamente<\/strong>.    <\/p>\n\n<h3 class=\"wp-block-heading\">Procedimiento a seguir en caso de peligro grave e inminente<\/h3>\n\n<p>Cuando un <strong>trabajador ejerce su derecho de desistimiento<\/strong>, debe seguir un procedimiento espec\u00edfico:<\/p>\n\n<ol class=\"wp-block-list\">\n<li>Informa inmediatamente a tu superior jer\u00e1rquico del peligro.<\/li>\n\n\n\n<li>Justifica su retirada explicando el riesgo que conlleva.<\/li>\n\n\n\n<li>Documenta el incidente en caso de litigio.<\/li>\n<\/ol>\n\n<p>Si el<strong>empresario no toma las medidas adecuadas<\/strong> para rectificar la situaci\u00f3n, el trabajador puede decidir abandonar el lugar de trabajo sin riesgo de sanciones. El ejercicio del derecho de desistimiento no debe dar lugar a ninguna sanci\u00f3n ni deducci\u00f3n salarial. El trabajador es libre de ejercer este derecho seg\u00fan su propio criterio. En cambio, cuando la vida o la <strong>salud del trabajador no corran realmente peligro,<\/strong> el trabajador podr\u00e1 ser sancionado.   <\/p>\n\n<h2 class=\"wp-block-heading\">Consecuencias del calor extremo en la salud de los trabajadores<\/h2>\n\n<h3 class=\"wp-block-heading\">Riesgos  <\/h3>\n\n<div class=\"wp-block-columns is-layout-flex wp-container-core-columns-is-layout-28f84493 wp-block-columns-is-layout-flex\">\n<div class=\"wp-block-column is-layout-flow wp-block-column-is-layout-flow\" style=\"flex-basis:66.66%\">\n<p>La <strong>insolaci\u00f3n<\/strong>, la deshidrataci\u00f3n, los calambres musculares y la fatiga son riesgos importantes a altas temperaturas. Estos fen\u00f3menos pueden provocar graves dolencias f\u00edsicas y, en algunos casos, la hospitalizaci\u00f3n. La insolaci\u00f3n, en particular, es una urgencia m\u00e9dica que puede tener <strong>consecuencias mortales<\/strong> si la situaci\u00f3n no se trata r\u00e1pidamente.  <\/p>\n\n\n\n<p>Adem\u00e1s, el calor puede <strong>agravar patolog\u00edas preexistentes<\/strong>, sobre todo cardiorrespiratorias, renales y endocrinas. Tambi\u00e9n puede repercutir en el rendimiento f\u00edsico y la seguridad, por ejemplo dificultando el uso de herramientas por tener las manos h\u00famedas, as\u00ed como tener<strong> efectos psicol\u00f3gicos<\/strong>, como aumentar el tiempo de reacci\u00f3n o cometer errores y omisiones. <\/p>\n<\/div>\n\n\n\n<div class=\"wp-block-column is-layout-flow wp-block-column-is-layout-flow\" style=\"flex-basis:33.33%\">\n<figure class=\"wp-block-image aligncenter size-large is-resized\"><img decoding=\"async\" width=\"1024\" height=\"1024\" src=\"https:\/\/obera.fr\/wp-content\/uploads\/2025\/03\/conseil-raf-1-1024x1024.png\" alt=\"consejo de la raf (1)\" class=\"wp-image-77479\" style=\"width:246px;height:auto\" srcset=\"https:\/\/obera.fr\/wp-content\/uploads\/2025\/03\/conseil-raf-1-1024x1024.png 1024w, https:\/\/obera.fr\/wp-content\/uploads\/2025\/03\/conseil-raf-1-300x300.png 300w, https:\/\/obera.fr\/wp-content\/uploads\/2025\/03\/conseil-raf-1-150x150.png 150w, https:\/\/obera.fr\/wp-content\/uploads\/2025\/03\/conseil-raf-1-768x768.png 768w, https:\/\/obera.fr\/wp-content\/uploads\/2025\/03\/conseil-raf-1.png 1200w\" sizes=\"(max-width: 1024px) 100vw, 1024px\" \/><\/figure>\n<\/div>\n<\/div>\n\n<h3 class=\"wp-block-heading\">Se\u00f1ales de advertencia y prevenci\u00f3n personal<\/h3>\n\n<p>Los <strong>signos de advertencia de problemas de calor<\/strong> incluyen dolores de cabeza, mareos, n\u00e1useas y sudoraci\u00f3n excesiva. Hay que formar a los trabajadores para que reconozcan estos signos y reaccionen con rapidez. Las medidas preventivas individuales, como llevar ropa ligera y transpirable, hacer pausas regulares y beber agua, tambi\u00e9n son importantes para <strong>evitar los riesgos relacionados con el calor<\/strong>.  <\/p>\n\n<h2 class=\"wp-block-heading\">Normativa espec\u00edfica y medidas adecuadas<\/h2>\n\n<h3 class=\"wp-block-heading\">Disposiciones para el sector de la construcci\u00f3n y las obras p\u00fablicas<\/h3>\n\n<p>Los trabajadores de la construcci\u00f3n, sobre todo los que trabajan al aire libre durante el verano, est\u00e1n <strong>muy expuestos a los riesgos derivados del calor y las olas de calor<\/strong>. Para limitar estos riesgos, deben establecerse pausas regulares, as\u00ed como refugios climatizados o zonas de sombra, de conformidad con el art\u00edculo R. 4534-142 del C\u00f3digo de Trabajo franc\u00e9s. Adem\u00e1s, es obligatorio el acceso a un m\u00ednimo de 3 litros de agua al d\u00eda por trabajador (art\u00edculo R. 4534-143). Tambi\u00e9n se pueden organizar horarios de trabajo flexibles para <strong>evitar los periodos m\u00e1s calurosos del d\u00eda<\/strong>. En caso de condiciones extremas, el empresario puede suspender temporalmente el trabajo.    <\/p>\n\n<h3 class=\"wp-block-heading\">J\u00f3venes trabajadores<\/h3>\n\n<p><strong>La legislaci\u00f3n francesa presta especial atenci\u00f3n a los j\u00f3venes menores de 18 a\u00f1os<\/strong>, que est\u00e1n sujetos a restricciones para trabajar al aire libre cuando hace calor. Debido a su mayor sensibilidad al calor, se benefician de una protecci\u00f3n especial. Est\u00e1 prohibida la exposici\u00f3n a temperaturas extremas que puedan da\u00f1ar su salud (Art\u00edculo D. 4153-36). Hay que <strong>vigilar de cerca su estado de salud<\/strong> y adaptar sus tareas para evitar cualquier sobrecarga de calor.   <\/p>\n","protected":false},"excerpt":{"rendered":"<p>Las olas de calor y el aumento de las temperaturas afectan cada vez m\u00e1s a los entornos de trabajo, sobre todo a los que ya est\u00e1n expuestos a fuentes de calor. Aunque la legislaci\u00f3n francesa no establece un umbral preciso para la temperatura m\u00e1xima en el lugar de trabajo, existen normas y recomendaciones para proporcionar un marco de seguridad t\u00e9rmica y prevenir los peligros asociados al calor excesivo. <\/p>\n","protected":false},"author":13,"featured_media":79928,"comment_status":"open","ping_status":"closed","sticky":false,"template":"","format":"standard","meta":{"_acf_changed":false,"_seopress_robots_primary_cat":"none","_seopress_titles_title":"Temp\u00e9rature maximale au travail : cadre l\u00e9gal et obligations","_seopress_titles_desc":"En cas de fortes chaleurs, quelles sont les obligations de l\u2019employeur ? D\u00e9couvrez les r\u00e8gles sur la temp\u00e9rature maximale au travail et les mesures de pr\u00e9vention.","_seopress_robots_index":"","footnotes":""},"categories":[50],"tags":[],"class_list":["post-76231","post","type-post","status-publish","format-standard","has-post-thumbnail","hentry","category-nuestro-consejo","generate-columns","tablet-grid-50","mobile-grid-100","grid-parent","grid-50","no-featured-image-padding","resize-featured-image"],"acf":[],"_links":{"self":[{"href":"https:\/\/obera.fr\/es\/wp-json\/wp\/v2\/posts\/76231","targetHints":{"allow":["GET"]}}],"collection":[{"href":"https:\/\/obera.fr\/es\/wp-json\/wp\/v2\/posts"}],"about":[{"href":"https:\/\/obera.fr\/es\/wp-json\/wp\/v2\/types\/post"}],"author":[{"embeddable":true,"href":"https:\/\/obera.fr\/es\/wp-json\/wp\/v2\/users\/13"}],"replies":[{"embeddable":true,"href":"https:\/\/obera.fr\/es\/wp-json\/wp\/v2\/comments?post=76231"}],"version-history":[{"count":4,"href":"https:\/\/obera.fr\/es\/wp-json\/wp\/v2\/posts\/76231\/revisions"}],"predecessor-version":[{"id":77545,"href":"https:\/\/obera.fr\/es\/wp-json\/wp\/v2\/posts\/76231\/revisions\/77545"}],"wp:featuredmedia":[{"embeddable":true,"href":"https:\/\/obera.fr\/es\/wp-json\/wp\/v2\/media\/79928"}],"wp:attachment":[{"href":"https:\/\/obera.fr\/es\/wp-json\/wp\/v2\/media?parent=76231"}],"wp:term":[{"taxonomy":"category","embeddable":true,"href":"https:\/\/obera.fr\/es\/wp-json\/wp\/v2\/categories?post=76231"},{"taxonomy":"post_tag","embeddable":true,"href":"https:\/\/obera.fr\/es\/wp-json\/wp\/v2\/tags?post=76231"}],"curies":[{"name":"wp","href":"https:\/\/api.w.org\/{rel}","templated":true}]}}