{"id":90728,"date":"2022-12-06T12:36:59","date_gmt":"2022-12-06T10:36:59","guid":{"rendered":"https:\/\/obera.fr\/nuestro-consejo\/quest-ce-que-la-poussiere-en-industrie\/"},"modified":"2025-04-25T10:23:48","modified_gmt":"2025-04-25T08:23:48","slug":"quest-ce-que-la-poussiere-en-industrie","status":"publish","type":"post","link":"https:\/\/obera.fr\/es\/nuestro-consejo\/quest-ce-que-la-poussiere-en-industrie\/","title":{"rendered":"\u00bfQu\u00e9 es el polvo en la industria?"},"content":{"rendered":"\n<h2 class=\"wp-block-heading\">Polvo industrial<\/h2>\n\n<p>\u00bfQu\u00e9 es exactamente el polvo? \u00bfLos hermosos copos dorados que bailan en el aire con un rayo de sol? \u00bfLa capa gris sobre estanter\u00edas y escritorios que puede volver loca a la gente? \u00bfO la gruesa \u00abpelusa\u00bb bajo las m\u00e1quinas?   <\/p>\n\n<div class=\"wp-block-columns are-vertically-aligned-center is-layout-flex wp-container-core-columns-is-layout-28f84493 wp-block-columns-is-layout-flex\">\n<div class=\"wp-block-column is-vertically-aligned-center is-layout-flow wp-block-column-is-layout-flow\" style=\"flex-basis:66.66%\">\n<p>Ya sea en una obra, en la carpinter\u00eda, en una panader\u00eda, en un taller o en un almac\u00e9n log\u00edstico, no es raro que las personas que <strong>muelen, taladran, fresan o trituran<\/strong> materias primas, que soplan polvo con aire comprimido o que <strong>embalan, almacenan, transportan o mezclan <\/strong>mercanc\u00edas generen polvo. Lo mismo ocurre al rasgar y vaciar sacos o al barrer materiales derramados con una escoba. <\/p>\n<\/div>\n\n\n\n<div class=\"wp-block-column is-vertically-aligned-center is-layout-flow wp-block-column-is-layout-flow\" style=\"flex-basis:33.33%\">\n<figure class=\"wp-block-image aligncenter size-full\"><img decoding=\"async\" width=\"500\" height=\"200\" src=\"https:\/\/obera.fr\/wp-content\/uploads\/2022\/12\/poussiere-travail-du-bois.jpg\" alt=\"polvo de madera\" class=\"wp-image-16697\" srcset=\"https:\/\/obera.fr\/wp-content\/uploads\/2022\/12\/poussiere-travail-du-bois.jpg 500w, https:\/\/obera.fr\/wp-content\/uploads\/2022\/12\/poussiere-travail-du-bois-300x120.jpg 300w\" sizes=\"(max-width: 500px) 100vw, 500px\" \/><\/figure>\n<\/div>\n<\/div>\n\n<p>El polvo es todas estas cosas. Polvo es el nombre que reciben las part\u00edculas m\u00e1s finas suspendidas en el aire. Pueden proceder de cualquier parte: del espacio, de erupciones volc\u00e1nicas, de incendios, de la industria o de la naturaleza.  <\/p>\n\n<p>Pero el polvo tambi\u00e9n es una <strong>sustancia peligrosa<\/strong>. A menudo lo olvidamos. Los riesgos van desde la irritaci\u00f3n puramente mec\u00e1nica de las v\u00edas respiratorias hasta el desarrollo de procesos inflamatorios cr\u00f3nicos y tumores, pasando por un efecto irritante o t\u00f3xico agudo (por ejemplo, quemaduras qu\u00edmicas). Los \u00f3rganos m\u00e1s afectados son los bronquios y los pulmones, pero tambi\u00e9n las mucosas de la nariz y los ojos, la piel y otros \u00f3rganos de todo el cuerpo.   <\/p>\n\n<h2 class=\"wp-block-heading\">\u00bfQu\u00e9 es exactamente el polvo?<\/h2>\n\n<p>En general, el polvo es un conjunto de part\u00edculas diminutas, invisibles o visibles, que se encuentran en el aire. El tama\u00f1o de las part\u00edculas de polvo se mide en micr\u00f3metros (\u03bcm), o millon\u00e9simas de metro. <\/p>\n\n<div class=\"wp-block-columns are-vertically-aligned-center is-layout-flex wp-container-core-columns-is-layout-28f84493 wp-block-columns-is-layout-flex\">\n<div class=\"wp-block-column is-vertically-aligned-center is-layout-flow wp-block-column-is-layout-flow\">\n<h3 class=\"wp-block-heading\">\u00bfC\u00f3mo se forma el polvo?<\/h3>\n\n\n\n<p>Los polvos son <strong>part\u00edculas s\u00f3lidas<\/strong> muy finamente dispersas en el aire. Se producen por el tratamiento mec\u00e1nico de materiales s\u00f3lidos (por ejemplo, por amolado o tratamiento de superficies) o por suspensi\u00f3n (por ejemplo, soplando con aire comprimido o barriendo en seco con una escoba) y, por tanto, acaban en el aire que respiramos. Las part\u00edculas s\u00f3lidas formadas por procesos qu\u00edmicos o t\u00e9rmicos (por ejemplo, la soldadura) y tambi\u00e9n muy finamente dispersas en el aire se denominan humos. En sentido amplio, forman parte del polvo.   <\/p>\n\n\n\n<h3 class=\"wp-block-heading\">\u00bfQu\u00e9 papel desempe\u00f1a el tama\u00f1o del polvo fino?<\/h3>\n\n\n\n<p>Cuanto m\u00e1s peque\u00f1o es el polvo fino, m\u00e1s <strong>perjudicial <\/strong>es para la salud. Para penetrar en las v\u00edas respiratorias, las part\u00edculas deben tener un tama\u00f1o inferior a diez micras. Por debajo de 2,5 micras, penetran en los pulmones. Las <strong>part\u00edculas ultrafinas<\/strong> son casi tan peque\u00f1as como las prote\u00ednas, por lo que penetran en las c\u00e9lulas del cuerpo y de ah\u00ed al torrente sangu\u00edneo.   <\/p>\n<\/div>\n\n\n\n<div class=\"wp-block-column is-vertically-aligned-center is-layout-flow wp-block-column-is-layout-flow\">\n<figure class=\"wp-block-image aligncenter size-full is-resized\"><img decoding=\"async\" width=\"555\" height=\"390\" src=\"https:\/\/obera.fr\/wp-content\/uploads\/2022\/12\/tailles-des-particules.png\" alt=\"tama&#xF1;o de las part&#xED;culas\" class=\"wp-image-16712\" style=\"width:555px;height:390px\" srcset=\"https:\/\/obera.fr\/wp-content\/uploads\/2022\/12\/tailles-des-particules.png 555w, https:\/\/obera.fr\/wp-content\/uploads\/2022\/12\/tailles-des-particules-300x211.png 300w\" sizes=\"(max-width: 555px) 100vw, 555px\" \/><\/figure>\n<\/div>\n<\/div>\n\n<div class=\"wp-block-buttons is-horizontal is-content-justification-center is-layout-flex wp-container-core-buttons-is-layout-03627597 wp-block-buttons-is-layout-flex\">\n<div class=\"wp-block-button has-custom-width wp-block-button__width-100\"><a class=\"wp-block-button__link wp-element-button\" href=\"https:\/\/obera.fr\/es\/contacta-con-nosotros\/\">M\u00e1s informaci\u00f3n<\/a><\/div>\n<\/div>\n\n<h2 class=\"wp-block-heading\">Tipo de polvo<\/h2>\n\n<p>En la industria y la legislaci\u00f3n, existen varios tipos de polvo, como los <strong>polvos E, A y U<\/strong>. Los polvos A y U son los m\u00e1s comunes en la industria. <\/p>\n\n<div class=\"wp-block-columns is-layout-flex wp-container-core-columns-is-layout-28f84493 wp-block-columns-is-layout-flex\">\n<div class=\"wp-block-column is-layout-flow wp-block-column-is-layout-flow\">\n<h3 class=\"wp-block-heading has-text-align-center\">Polvo E<\/h3>\n\n\n\n<figure class=\"wp-block-image aligncenter size-full is-resized\"><img decoding=\"async\" width=\"300\" height=\"200\" src=\"https:\/\/obera.fr\/wp-content\/uploads\/2022\/12\/sans-titre-2022-12-05t153222.994.png\" alt=\"Polvo de clase L\" class=\"wp-image-16719\" style=\"width:225px;height:150px\"\/><figcaption class=\"wp-element-caption\">Fracci\u00f3n de polvo inhalable<\/figcaption><\/figure>\n\n\n\n<p>El polvo de cemento forma parte de la<strong>\u00abfracci\u00f3n de polvo inhalable<\/strong>\u00ab. El polvo E es lo que se conoce como \u00abfracci\u00f3n de polvo inhalable\u00bb. Se trata de part\u00edculas que pueden inhalarse por la boca y la nariz. Adem\u00e1s del polen de las flores, los ejemplos m\u00e1s citados son el polvo de cemento y la arena. Las part\u00edculas suelen <strong>tener un tama\u00f1o inferior a 100 \u00b5m<\/strong>. 1 \u00b5m corresponde a 1\/1.000.000 metros.    <\/p>\n<\/div>\n\n\n\n<div class=\"wp-block-column is-layout-flow wp-block-column-is-layout-flow\">\n<h3 class=\"wp-block-heading has-text-align-center\">polvo A<\/h3>\n\n\n\n<figure class=\"wp-block-image aligncenter size-full is-resized\"><img decoding=\"async\" width=\"300\" height=\"200\" src=\"https:\/\/obera.fr\/wp-content\/uploads\/2022\/12\/sans-titre-2022-12-05t153255.020.png\" alt=\"Clase de polvo M\" class=\"wp-image-16722\" style=\"width:225px;height:150px\"\/><figcaption class=\"wp-element-caption\">Fracci\u00f3n de polvo respirable<\/figcaption><\/figure>\n\n\n\n<p>Los humos de soldadura forman parte de la<strong>\u00abfracci\u00f3n de polvo respirable<\/strong>\u00ab. El polvo A es la llamada \u00abfracci\u00f3n de polvo respirable\u00bb. Se trata de part\u00edculas tan peque\u00f1as que pueden <strong>penetrar en los alv\u00e9olos pulmonares<\/strong>. Incluye muchos humos (por ejemplo, <strong>humos de soldadura<\/strong>) y <strong>polvo de cuarzo<\/strong>. Estas part\u00edculas son <strong>inferiores a 5 \u00b5m<\/strong>, considerablemente m\u00e1s peque\u00f1as que las part\u00edculas de polvo E.   <\/p>\n<\/div>\n\n\n\n<div class=\"wp-block-column is-layout-flow wp-block-column-is-layout-flow\">\n<h3 class=\"wp-block-heading has-text-align-center\">Polvo U<\/h3>\n\n\n\n<figure class=\"wp-block-image aligncenter size-full is-resized\"><img decoding=\"async\" width=\"300\" height=\"200\" src=\"https:\/\/obera.fr\/wp-content\/uploads\/2022\/12\/sans-titre-2022-12-05t153521.714.png\" alt=\"Polvo de clase H\" class=\"wp-image-16725\" style=\"width:225px;height:150px\"\/><figcaption class=\"wp-element-caption\">Ultrafinas o nanopart\u00edculas<\/figcaption><\/figure>\n\n\n\n<p>El polvo U se refiere a <strong>part\u00edculas ultrafinas<\/strong>. Las part\u00edculas a\u00fan m\u00e1s finas se clasifican como polvo U, de part\u00edculas ultrafinas o nanopart\u00edculas. Estos polvos <strong>tienen un tama\u00f1o inferior a 100 nan\u00f3metros<\/strong>. 1 Nm corresponde a 1\/1.000.000.000 de metros.   <\/p>\n<\/div>\n<\/div>\n\n<h2 class=\"wp-block-heading\">Fibras y polvo de fibras<\/h2>\n\n<p>En aras de la exhaustividad, no debemos olvidar <strong>las fibras<\/strong>. \u00c9stas son uno de los muchos tipos de polvo que se forman \u00abespont\u00e1neamente\u00bb en la naturaleza o que se producen en la industria mediante procesamiento manual o mec\u00e1nico.   <\/p>\n\n<p>En la naturaleza, son producidos por la erosi\u00f3n o por las plantas con flores. El viento las dispersa en el aire y, por tanto, forman parte integrante del aire que respiramos constantemente. <\/p>\n\n<div class=\"wp-block-columns are-vertically-aligned-center is-layout-flex wp-container-core-columns-is-layout-28f84493 wp-block-columns-is-layout-flex\">\n<div class=\"wp-block-column is-vertically-aligned-center is-layout-flow wp-block-column-is-layout-flow\" style=\"flex-basis:66.66%\">\n<p>En la industria, en cambio, se intenta<strong> captar el polvo o los humos <\/strong>producidos durante el mecanizado de las piezas directamente en la fuente, para <strong>purificar el aire<\/strong> y evitar que siga contaminando el aire que respiramos. Cuando no es posible captar el polvo directamente por razones t\u00e9cnicas relacionadas con el proceso, es posible instalar lo que se conoce como <strong>ventilaci\u00f3n espacial<\/strong>. <\/p>\n<\/div>\n\n\n\n<div class=\"wp-block-column is-vertically-aligned-center is-layout-flow wp-block-column-is-layout-flow\" style=\"flex-basis:33.33%\">\n<figure class=\"wp-block-image aligncenter size-full is-resized\"><img decoding=\"async\" width=\"300\" height=\"200\" src=\"https:\/\/obera.fr\/wp-content\/uploads\/2022\/12\/fibre-de-carbone.png\" alt=\"fibra de carbono\" class=\"wp-image-16728\" style=\"width:225px;height:150px\"\/><\/figure>\n<\/div>\n<\/div>\n\n<h2 class=\"wp-block-heading\">\u00bfPor qu\u00e9 es perjudicial el polvo?<\/h2>\n\n<h3 class=\"wp-block-heading\">IMPACTO EN EL MEDIO AMBIENTE<\/h3>\n\n<ul class=\"wp-block-list\">\n<li>El polvo en suspensi\u00f3n influye (y reduce) <strong>la visibilidad<\/strong>.<\/li>\n\n\n\n<li>El polvo representa un<strong> peligro inmediato para las m\u00e1quinas<\/strong> y los equipos y puede ser la causa de<strong> problemas t\u00e9cnicos<\/strong>, como <strong>el sobrecalentamiento de los componentes electr\u00f3nicos<\/strong> en ausencia de ventilaci\u00f3n, el <strong>r\u00e1pido desgaste de las piezas m\u00f3viles<\/strong> y el <strong>mal funcionamiento de los sensores<\/strong>.<\/li>\n\n\n\n<li>El polvo en suspensi\u00f3n se deposita con el tiempo en forma de capa (por ejemplo, grasienta).<\/li>\n\n\n\n<li>Este polvo puede volver al espacio de trabajo con el m\u00e1s m\u00ednimo movimiento de aire.<\/li>\n\n\n\n<li>El polvo que se asienta <strong>contamina los productos<\/strong>.<\/li>\n<\/ul>\n\n<h3 class=\"wp-block-heading\">EFECTOS SOBRE LA SALUD<\/h3>\n\n<p>Desde el punto de vista de la salud, las part\u00edculas<strong> menores de 10 o 2,5 micras<\/strong> son las m\u00e1s importantes.<\/p>\n\n<p>La <strong>fracci\u00f3n inhalable<\/strong> es la m\u00e1s peligrosa. Penetra en los alv\u00e9olos pulmonares y se deposita en ellos, alterando la capacidad de intercambio gaseoso de los pulmones y provocando inflamaci\u00f3n. La menor captaci\u00f3n de ox\u00edgeno tambi\u00e9n supone una carga indirecta para el sistema cardiovascular.  <\/p>\n\n<p>Los s\u00edntomas de la intoxicaci\u00f3n por zinc, tambi\u00e9n conocida como \u00abfiebre del fundidor\u00bb, incluyen un sabor dulce en la boca, sudoraci\u00f3n, escalofr\u00edos y dolor en las extremidades. La intoxicaci\u00f3n por zinc se produce por la<strong>inhalaci\u00f3n de humos<\/strong> producidos durante la galvanizaci\u00f3n o la soldadura de materiales galvanizados. <\/p>\n\n<div class=\"wp-block-columns are-vertically-aligned-center is-layout-flex wp-container-core-columns-is-layout-28f84493 wp-block-columns-is-layout-flex\">\n<div class=\"wp-block-column is-vertically-aligned-center is-layout-flow wp-block-column-is-layout-flow\">\n<p>El contacto con el polvo puede convertirse en una fuente de enfermedad si :<\/p>\n\n\n\n<ul class=\"wp-block-list\">\n<li>la concentraci\u00f3n es muy alta,<\/li>\n\n\n\n<li>Las part\u00edculas de polvo son lo bastante peque\u00f1as para penetrar profundamente en los pulmones (alv\u00e9olos pulmonares) a trav\u00e9s de la tr\u00e1quea y los bronquios,<\/li>\n\n\n\n<li>la forma de las part\u00edculas (por ejemplo, la fibra) favorece la penetraci\u00f3n,<\/li>\n\n\n\n<li>el polvo contiene sustancias t\u00f3xicas.<\/li>\n<\/ul>\n\n\n\n<p><strong>Las posibles consecuencias son tos, dificultad respiratoria, bronquitis, asma, irritaci\u00f3n cut\u00e1nea y ocular.<\/strong><\/p>\n<\/div>\n\n\n\n<div class=\"wp-block-column is-vertically-aligned-center is-layout-flow wp-block-column-is-layout-flow\">\n<figure class=\"wp-block-image size-large is-resized\"><img decoding=\"async\" width=\"1024\" height=\"535\" src=\"https:\/\/obera.fr\/wp-content\/uploads\/2022\/11\/dangers-fumee-de-soudure-1024x535.png\" alt=\"peligros de los humos de soldadura\" class=\"wp-image-15876\" style=\"width:512px;height:268px\" srcset=\"https:\/\/obera.fr\/wp-content\/uploads\/2022\/11\/dangers-fumee-de-soudure-1024x535.png 1024w, https:\/\/obera.fr\/wp-content\/uploads\/2022\/11\/dangers-fumee-de-soudure-300x157.png 300w, https:\/\/obera.fr\/wp-content\/uploads\/2022\/11\/dangers-fumee-de-soudure-768x401.png 768w, https:\/\/obera.fr\/wp-content\/uploads\/2022\/11\/dangers-fumee-de-soudure.png 1084w\" sizes=\"(max-width: 1024px) 100vw, 1024px\" \/><\/figure>\n<\/div>\n<\/div>\n\n<p>Por tanto, las personas expuestas a niveles elevados de contaminaci\u00f3n <strong>por part\u00edculas finas<\/strong> corren un mayor riesgo de padecer enfermedades cardiovasculares, da\u00f1os graves en las v\u00edas respiratorias, da\u00f1os en el sistema nervioso, enfermedades pulmonares cr\u00f3nicas graves, c\u00e1ncer de pulm\u00f3n, infarto de miocardio o ictus, as\u00ed como alergias. Estos factores de riesgo reducen la esperanza de vida. <\/p>\n\n<h2 class=\"wp-block-heading\">\u00bfD\u00f3nde est\u00e1 el peligro y por qu\u00e9 es peligroso para los trabajadores?<\/h2>\n\n<p>Depende de d\u00f3nde trabajes y de lo que manipules. No s\u00f3lo <strong>los polvos t\u00f3xicos<\/strong> o <strong>ultrafinos <\/strong>pueden provocar enfermedades respiratorias en caso de exposici\u00f3n intensa, sino cualquier polvo. <\/p>\n\n<p>El efecto nocivo depende de :<\/p>\n\n<ul class=\"wp-block-list\">\n<li>el<strong> tipo de polvo<\/strong>,<\/li>\n\n\n\n<li>la <strong>duraci\u00f3n <\/strong>y el<strong>grado de exposici\u00f3n al <\/strong>polvo,<\/li>\n\n\n\n<li><strong> donde<\/strong> se depositan en las v\u00edas respiratorias,<\/li>\n\n\n\n<li><strong>tama\u00f1o de <\/strong>las part\u00edculas.<\/li>\n<\/ul>\n\n<p><strong>Absorber <\/strong>grandes cantidades de polvo en poco tiempo, o absorber polvo durante a\u00f1os, aunque sea en peque\u00f1as cantidades al d\u00eda, es especialmente peligroso. Por tanto, en tales circunstancias es esencial<strong>una extracci\u00f3n eficaz del polvo<\/strong>. <\/p>\n\n<h2 class=\"wp-block-heading\">Polvo en el lugar de trabajo<\/h2>\n\n<h3 class=\"wp-block-heading\">Valores l\u00edmite de exposici\u00f3n profesional<\/h3>\n\n<p>El <strong>VLEP <\/strong>(L\u00edmite de Exposici\u00f3n Profesional) se define como la concentraci\u00f3n m\u00e1xima de un contaminante en el aire del lugar de trabajo. Para m\u00e1s informaci\u00f3n, consulta nuestro art\u00edculo sobre <a href=\"https:\/\/obera.fr\/conseils\/vlep-filtration-de-poussiere-reglementation\/\">filtraci\u00f3n de polvo y L\u00edmites de Exposici\u00f3n Profesional<\/a>. <\/p>\n\n<h3 class=\"wp-block-heading\">Riesgos para la salud en el lugar de trabajo<\/h3>\n\n<p>En t\u00e9rminos de <strong>salud <\/strong>y <strong>seguridad en el trabajo<\/strong>, los riesgos para la salud en el lugar de trabajo se diferencian seg\u00fan el tama\u00f1o y la forma de las part\u00edculas y sus propiedades materiales. El <strong>TLV <\/strong>se define como la <strong>concentraci\u00f3n m\u00e1xima de<\/strong> un contaminante en el aire del lugar de trabajo. Este valor tambi\u00e9n se conoce como <strong>LME <\/strong>(L\u00edmite de exposici\u00f3n en el lugar de trabajo). <strong>Midiendo la concentraci\u00f3n de<\/strong> part\u00edculas de polvo en el aire del lugar de trabajo, es posible comprobar si se cumple el VLEP.   <\/p>\n\n<h3 class=\"wp-block-heading\">Medir la exposici\u00f3n al polvo<\/h3>\n\n<div class=\"wp-block-columns is-layout-flex wp-container-core-columns-is-layout-28f84493 wp-block-columns-is-layout-flex\">\n<div class=\"wp-block-column is-layout-flow wp-block-column-is-layout-flow\" style=\"flex-basis:33.33%\">\n<figure class=\"wp-block-image aligncenter size-full is-resized\"><img decoding=\"async\" width=\"433\" height=\"433\" src=\"https:\/\/obera.fr\/wp-content\/uploads\/2020\/08\/compteur-de-particules.png\" alt=\"Contador de part&#xED;culas\" class=\"wp-image-714\" style=\"width:217px;height:217px\" srcset=\"https:\/\/obera.fr\/wp-content\/uploads\/2020\/08\/compteur-de-particules.png 433w, https:\/\/obera.fr\/wp-content\/uploads\/2020\/08\/compteur-de-particules-300x300.png 300w, https:\/\/obera.fr\/wp-content\/uploads\/2020\/08\/compteur-de-particules-150x150.png 150w\" sizes=\"(max-width: 433px) 100vw, 433px\" \/><figcaption class=\"wp-element-caption\">Medidor de part\u00edculas<\/figcaption><\/figure>\n<\/div>\n\n\n\n<div class=\"wp-block-column is-vertically-aligned-center is-layout-flow wp-block-column-is-layout-flow\" style=\"flex-basis:66.66%\">\n<p><strong>Los dispositivos de medici\u00f3n de<\/strong> polvo se utilizan para determinar si el nivel de polvo en el lugar de trabajo es tolerable por razones de salud. Los dispositivos extraen autom\u00e1ticamente aire del entorno de trabajo y \u00abanalizan\u00bb el polvo. La cantidad de polvo equilibrado se utiliza entonces para calcular la <strong>concentraci\u00f3n en el aire<\/strong>.  <\/p>\n\n\n\n<p>Las mediciones las realizan <strong>asociaciones profesionales<\/strong> o<strong> institutos acreditados<\/strong> (proveedores de servicios). No dudes en ponerte en contacto con nosotros. Nuestros comerciales est\u00e1n plenamente cualificados para realizar este tipo de mediciones.  <\/p>\n\n\n\n<div class=\"wp-block-buttons is-content-justification-center is-layout-flex wp-container-core-buttons-is-layout-a89b3969 wp-block-buttons-is-layout-flex\">\n<div class=\"wp-block-button\"><a class=\"wp-block-button__link wp-element-button\" href=\"https:\/\/obera.fr\/contact\/\">Pide cita<\/a><\/div>\n<\/div>\n<\/div>\n<\/div>\n\n<h3 class=\"wp-block-heading\">Clase de polvo<\/h3>\n\n<h4 class=\"wp-block-heading\">El marco jur\u00eddico y la situaci\u00f3n normativa actual<\/h4>\n\n<p>La<strong> norma internacional IEC 60 335-2-69 <\/strong>permite dividir los polvos en tres <strong>clases de polvo<\/strong> diferentes: <strong>L, M y H.<\/strong><\/p>\n\n<div class=\"wp-block-columns are-vertically-aligned-top is-layout-flex wp-container-core-columns-is-layout-28f84493 wp-block-columns-is-layout-flex\">\n<div class=\"wp-block-column is-vertically-aligned-top is-layout-flow wp-block-column-is-layout-flow\">\n<h5 class=\"wp-block-heading has-text-align-center\"><strong>POLVO CLASE L<\/strong><\/h5>\n\n\n\n<p><strong>Polvos simples e inofensivos<\/strong>, como el polvo dom\u00e9stico y materiales como arena, grava y tierra.<\/p>\n<\/div>\n\n\n\n<div class=\"wp-block-column is-vertically-aligned-top is-layout-flow wp-block-column-is-layout-flow\">\n<h5 class=\"wp-block-heading has-text-align-center\"><strong>POLVO CLASE M<\/strong><\/h5>\n\n\n\n<p><strong>Polvos con riesgo<\/strong> para la salud, como polvo de madera y polvo de masilla, imprimaci\u00f3n y barniz.<\/p>\n<\/div>\n\n\n\n<div class=\"wp-block-column is-vertically-aligned-top is-layout-flow wp-block-column-is-layout-flow\">\n<h5 class=\"wp-block-heading has-text-align-center\"><strong>POLVO CLASE H<\/strong><\/h5>\n\n\n\n<p><strong>Polvos peligrosos <\/strong>para la salud al trabajar con esporas, fibras minerales, lana de vidrio, yeso, cemento, hormig\u00f3n, cuarzo, cola o pinturas (l\u00e1tex y aceite).<\/p>\n<\/div>\n<\/div>\n\n<p>OberA puede ayudarte a clasificar los polvos producidos en tu empresa. Las clases de polvo se expresan en valores <strong>VLEP <\/strong>o <strong>LEMT<\/strong>. Este valor describe la <strong>concentraci\u00f3n m\u00e1xima permitida<\/strong> en el lugar de trabajo (indicada en <strong>mg\/m\u00b3<\/strong>) que no te har\u00e1 enfermar en caso de exposici\u00f3n prolongada (8 horas al d\u00eda). Cuanto m\u00e1s bajo sea el valor l\u00edmite, m\u00e1s peligroso es el polvo.   <\/p>\n\n<h3 class=\"wp-block-heading\">Medidas de protecci\u00f3n de la salud<\/h3>\n\n<div class=\"wp-block-columns is-layout-flex wp-container-core-columns-is-layout-28f84493 wp-block-columns-is-layout-flex\">\n<div class=\"wp-block-column is-layout-flow wp-block-column-is-layout-flow\">\n<ul class=\"wp-block-list\">\n<li>Realizar una evaluaci\u00f3n de riesgos<\/li>\n\n\n\n<li>Utiliza productos con poco polvo siempre que sea posible<\/li>\n\n\n\n<li>Utiliza procesos que produzcan poco polvo (por ejemplo, procesado h\u00famedo, aspirado)<\/li>\n\n\n\n<li>Cumplimiento de los valores l\u00edmite de exposici\u00f3n profesional (VLE) al polvo.<\/li>\n\n\n\n<li>Las medidas organizativas y t\u00e9cnicas tienen prioridad sobre las medidas de protecci\u00f3n personal.<\/li>\n\n\n\n<li>Formaci\u00f3n de operadores<\/li>\n<\/ul>\n<\/div>\n\n\n\n<div class=\"wp-block-column is-layout-flow wp-block-column-is-layout-flow\">\n<ul class=\"wp-block-list\">\n<li>No barrer en seco. No soples con aire comprimido. <\/li>\n\n\n\n<li>Lleva equipo de protecci\u00f3n para las actividades que generen mucho polvo.<\/li>\n\n\n\n<li>Limpia la piel regularmente lav\u00e1ndote o duch\u00e1ndote.<\/li>\n\n\n\n<li>Si estas medidas no evitan la exposici\u00f3n al polvo por encima de los OEL, deben utilizarse guantes de protecci\u00f3n y protecci\u00f3n respiratoria personal.<\/li>\n\n\n\n<li>Reconocimientos preventivos especiales de medicina del trabajo<\/li>\n<\/ul>\n<\/div>\n<\/div>\n\n<h2 class=\"wp-block-heading\">El sistema de aspiraci\u00f3n adecuado para tu problema de polvo<\/h2>\n\n<p>OberA ofrece a la industria una amplia gama de productos de aspiraci\u00f3n innovadores y soluciones de aspiraci\u00f3n personalizadas. Con el tipo de filtro adecuado, es posible separar casi todos los tipos de virutas y polvo. Inf\u00f3rmate sobre nuestra amplia gama de productos. Tambi\u00e9n encontraremos la soluci\u00f3n de aspiraci\u00f3n adecuada para tu problema de polvo.   <\/p>\n\n<div class=\"wp-block-columns is-layout-flex wp-container-core-columns-is-layout-28f84493 wp-block-columns-is-layout-flex\">\n<div class=\"wp-block-column is-layout-flow wp-block-column-is-layout-flow\">\n<div class=\"wp-block-buttons is-content-justification-right is-layout-flex wp-container-core-buttons-is-layout-d445cf74 wp-block-buttons-is-layout-flex\">\n<div class=\"wp-block-button\"><a class=\"wp-block-button__link wp-element-button\" href=\"https:\/\/obera.fr\/produits\/depoussiereurs-industriels\/\">VER NUESTROS Colectores de Polvo<\/a><\/div>\n<\/div>\n<\/div>\n\n\n\n<div class=\"wp-block-column is-layout-flow wp-block-column-is-layout-flow\">\n<div class=\"wp-block-buttons is-horizontal is-content-justification-center is-layout-flex wp-container-core-buttons-is-layout-03627597 wp-block-buttons-is-layout-flex\">\n<div class=\"wp-block-button has-custom-width wp-block-button__width-100\"><a class=\"wp-block-button__link wp-element-button\" href=\"https:\/\/obera.fr\/es\/contacta-con-nosotros\/\">M\u00e1s informaci\u00f3n<\/a><\/div>\n<\/div>\n<\/div>\n<\/div>\n","protected":false},"excerpt":{"rendered":"<p>\u00bfLo sabes absolutamente todo sobre el polvo? Averigua qu\u00e9 tama\u00f1os y clases de polvo existen, cu\u00e1les son los peligros para la salud y el medio ambiente del polvo en el lugar de trabajo, y c\u00f3mo medir y tratar el polvo para cumplir las distintas leyes que regulan los niveles de polvo en entornos industriales.   <\/p>\n","protected":false},"author":4,"featured_media":90553,"comment_status":"closed","ping_status":"closed","sticky":false,"template":"","format":"standard","meta":{"_acf_changed":false,"_seopress_robots_primary_cat":"none","_seopress_titles_title":"\u00bfQu\u00e9 es el polvo en la industria?","_seopress_titles_desc":"Desc\u00fabrelo todo sobre el polvo presente en los entornos industriales, los distintos peligros, las distintas legislaciones y las distintas formas de tratarlo.","_seopress_robots_index":"","footnotes":""},"categories":[50],"tags":[119],"class_list":["post-90728","post","type-post","status-publish","format-standard","has-post-thumbnail","hentry","category-nuestro-consejo","tag-entete-pequeno","generate-columns","tablet-grid-50","mobile-grid-100","grid-parent","grid-50","no-featured-image-padding","resize-featured-image"],"acf":[],"_links":{"self":[{"href":"https:\/\/obera.fr\/es\/wp-json\/wp\/v2\/posts\/90728","targetHints":{"allow":["GET"]}}],"collection":[{"href":"https:\/\/obera.fr\/es\/wp-json\/wp\/v2\/posts"}],"about":[{"href":"https:\/\/obera.fr\/es\/wp-json\/wp\/v2\/types\/post"}],"author":[{"embeddable":true,"href":"https:\/\/obera.fr\/es\/wp-json\/wp\/v2\/users\/4"}],"replies":[{"embeddable":true,"href":"https:\/\/obera.fr\/es\/wp-json\/wp\/v2\/comments?post=90728"}],"version-history":[{"count":1,"href":"https:\/\/obera.fr\/es\/wp-json\/wp\/v2\/posts\/90728\/revisions"}],"predecessor-version":[{"id":90750,"href":"https:\/\/obera.fr\/es\/wp-json\/wp\/v2\/posts\/90728\/revisions\/90750"}],"wp:featuredmedia":[{"embeddable":true,"href":"https:\/\/obera.fr\/es\/wp-json\/wp\/v2\/media\/90553"}],"wp:attachment":[{"href":"https:\/\/obera.fr\/es\/wp-json\/wp\/v2\/media?parent=90728"}],"wp:term":[{"taxonomy":"category","embeddable":true,"href":"https:\/\/obera.fr\/es\/wp-json\/wp\/v2\/categories?post=90728"},{"taxonomy":"post_tag","embeddable":true,"href":"https:\/\/obera.fr\/es\/wp-json\/wp\/v2\/tags?post=90728"}],"curies":[{"name":"wp","href":"https:\/\/api.w.org\/{rel}","templated":true}]}}