{"id":98066,"date":"2021-07-29T09:50:37","date_gmt":"2021-07-29T07:50:37","guid":{"rendered":"https:\/\/obera.fr\/nuestro-consejo\/vlep-filtration-de-poussiere-reglementation\/"},"modified":"2025-05-07T09:24:28","modified_gmt":"2025-05-07T07:24:28","slug":"vlep-filtration-de-poussiere-reglementation","status":"publish","type":"post","link":"https:\/\/obera.fr\/es\/nuestro-consejo\/vlep-filtration-de-poussiere-reglementation\/","title":{"rendered":"Filtraci\u00f3n de polvo y VLEP: actualizaci\u00f3n normativa"},"content":{"rendered":"\n<p>El <strong>polvo es una part\u00edcula<\/strong> de menos de 100 micras. Los valores l\u00edmite de exposici\u00f3n profesional<a href=\"https:\/\/obera.fr\/es\/nuestro-consejo\/reglementation-vlep-evaluation-risque-chimique-lieu-de-travail\/\" data-type=\"URL\" data-id=\"https:\/\/obera.fr\/conseils\/reglementation-vlep-evaluation-risque-chimique-lieu-de-travail\/\">(<\/a>VLEP) indican las medidas que deben adoptarse en relaci\u00f3n con el polvo en el lugar de trabajo. El polvo y los VLEP conducen a la aplicaci\u00f3n de un <strong>control de <\/strong>la calidad del aire. Para ayudarte, el INRS proporciona informaci\u00f3n sobre prevenci\u00f3n y protecci\u00f3n frente a la exposici\u00f3n al polvo en el lugar de trabajo.     <\/p>\n\n<p>\u00bfQuieres que tu <strong>actividad profesional <\/strong>sea m\u00e1s segura y reducir los riesgos para la salud? Podemos ayudarte proporcion\u00e1ndote informaci\u00f3n fiable. <\/p>\n\n<h2 class=\"wp-block-heading\">Definici\u00f3n y prevenci\u00f3n del polvo<\/h2>\n\n<p><strong>Los polvos son part\u00edculas <\/strong>con estructura cristalina: un polvo tiene forma redonda, contornos angulosos y potencial abrasivo. Todas las part\u00edculas menores de 100 micras (0,1 mm, PM 1, PM 2,5 y PM 10) entran en esta categor\u00eda de agentes peligrosos. Cuando el <strong>nivel de concentraci\u00f3n de <\/strong>PM 2,5 (tama\u00f1o de 2,5 micras) es elevado,<strong>la exposici\u00f3n profesional<\/strong> presenta riesgos de c\u00e1ncer.  <\/p>\n\n<h3 class=\"wp-block-heading\">Polvo en el trabajo: los distintos tipos<\/h3>\n\n<p><strong>Los trabajadores <\/strong>saben poco sobre los riesgos de la exposici\u00f3n en el trabajo. La evaluaci\u00f3n de riesgos, la prevenci\u00f3n y la protecci\u00f3n contra los efectos peligrosos del polvo para la salud son responsabilidad de las empresas. Hay dos tipos principales de <strong>polvo<\/strong>:  <\/p>\n\n<ul class=\"wp-block-list\">\n<li>polvos inorg\u00e1nicos (polvos industriales).<\/li>\n<\/ul>\n\n<figure class=\"wp-block-image size-full is-resized\"><img decoding=\"async\" src=\"https:\/\/obera.fr\/wp-content\/uploads\/2022\/08\/Sans-titre.jpg\" alt=\"Polvo inorg&#xE1;nico\" class=\"wp-image-14084\" width=\"275\" height=\"100\" srcset=\"https:\/\/obera.fr\/wp-content\/uploads\/2022\/08\/Sans-titre.jpg 550w, https:\/\/obera.fr\/wp-content\/uploads\/2022\/08\/Sans-titre-300x109.jpg 300w\" sizes=\"(max-width: 275px) 100vw, 275px\" \/><\/figure>\n\n<ul class=\"wp-block-list\">\n<li>polvos org\u00e1nicos (empresas textiles y de transformaci\u00f3n de alimentos).<\/li>\n<\/ul>\n\n<figure class=\"wp-block-image size-full is-resized\"><img decoding=\"async\" src=\"https:\/\/obera.fr\/wp-content\/uploads\/2021\/07\/textile.jpg\" alt=\"polvo org&#xE1;nico\" class=\"wp-image-14088\" width=\"275\" height=\"100\" srcset=\"https:\/\/obera.fr\/wp-content\/uploads\/2021\/07\/textile.jpg 550w, https:\/\/obera.fr\/wp-content\/uploads\/2021\/07\/textile-300x109.jpg 300w\" sizes=\"(max-width: 275px) 100vw, 275px\" \/><\/figure>\n\n<h3 class=\"wp-block-heading\">Los polvos m\u00e1s peligrosos para la salud<\/h3>\n\n<p>El <strong>polvo de menos de 10 micras<\/strong> (PM10) llega a las c\u00e9lulas alveolares de los pulmones. Los polvos finos pasan directamente al torrente sangu\u00edneo. Los polvos de tama\u00f1o inferior a PM1 son los m\u00e1s peligrosos, ya que presentan elevados riesgos CMR, cancer\u00edgenos y pat\u00f3genos. Por tanto, el diagn\u00f3stico de la calidad del aire en el lugar de trabajo es esencial. Cuanto m\u00e1s fino es el polvo, mayor es su <strong>concentraci\u00f3n en el aire <\/strong>y m\u00e1s tiempo permanece en suspensi\u00f3n (de 1 a 40 horas).    <\/p>\n\n<figure class=\"wp-block-image aligncenter size-full is-resized\"><img decoding=\"async\" src=\"https:\/\/obera.fr\/wp-content\/uploads\/2020\/11\/4-fraction-poussieres.jpg\" alt=\"Organismo - Toxicidad\" class=\"wp-image-1840\" width=\"375\" height=\"395\" srcset=\"https:\/\/obera.fr\/wp-content\/uploads\/2020\/11\/4-fraction-poussieres.jpg 500w, https:\/\/obera.fr\/wp-content\/uploads\/2020\/11\/4-fraction-poussieres-285x300.jpg 285w\" sizes=\"(max-width: 375px) 100vw, 375px\" \/><\/figure>\n\n<p>Cuanto m\u00e1s fino es el polvo, m\u00e1s tarda en asentarse. Por ejemplo, las part\u00edculas del tama\u00f1o de un cabello humano (50\u00b5m) se sedimentan r\u00e1pidamente (unos 6s por metro). Se sedimentan cerca de su zona de emisi\u00f3n o permanecen en suspensi\u00f3n si el movimiento del aire es lo suficientemente fuerte como para impedir su sedimentaci\u00f3n. En cambio, las part\u00edculas de 0,1\u00b5m se comportan de forma similar a las mol\u00e9culas. Se mueven seg\u00fan un movimiento browniano (aleatorio), por lo que permanecen en suspensi\u00f3n y no tienen una velocidad de sedimentaci\u00f3n medible. Caen un metro en 20 d\u00edas sin ser perturbadas. Es f\u00e1cil comprender que sin movimiento forzado (aireaci\u00f3n, ventilaci\u00f3n mec\u00e1nica, extracci\u00f3n centralizada, purificaci\u00f3n del aire), estas part\u00edculas m\u00e1s finas y peligrosas nunca se sedimentan y permanecen en suspensi\u00f3n.      <\/p>\n\n<h2 class=\"wp-block-heading\">Polvo y VLEP: lo que dice la normativa<\/h2>\n\n<p>\u00bfC\u00f3mo deben interpretarse <strong>el polvo y el VLEP <\/strong>en el lugar de trabajo? Considera que el polvo ocupacional procede de procesos de fabricaci\u00f3n, movimientos de maquinaria o manipulaci\u00f3n de mercanc\u00edas y productos. La <strong>multiplicidad de part\u00edculas de polvo en<\/strong> suspensi\u00f3n presenta riesgos para la salud. La ley ha creado una <strong>clasificaci\u00f3n de los polvos<\/strong> seg\u00fan su nivel de penetraci\u00f3n en el organismo.   <\/p>\n\n<h3 class=\"wp-block-heading\">Part\u00edculas respirables y entorno de trabajo<\/h3>\n\n<p>La <strong>relaci\u00f3n entre polvo y VLEP<\/strong> produce resultados diferentes seg\u00fan el tama\u00f1o del polvo. Las part\u00edculas respirables son las que tienen un di\u00e1metro inferior a 4 micras. Como hemos visto, la OMS rebaja el umbral a 2,5 (PM 2,5) por considerar que estas <strong>part\u00edculas son las m\u00e1s peligrosas<\/strong>. El control permanente en el lugar de trabajo es posible mediante la<strong>instalaci\u00f3n de una caja<\/strong>, una sonda o un analizador de aire.   <\/p>\n\n<h3 class=\"wp-block-heading\">Polvo tor\u00e1cico y penetraci\u00f3n: \u00bfcu\u00e1les son los valores?<\/h3>\n\n<p>El tracto respiratorio superior filtra el <strong>llamado polvo total<\/strong>. Su tama\u00f1o no supera las 100 micras, y su <strong>fracci\u00f3n tor\u00e1cica <\/strong>es inferior a 10 micras. Penetran en los pulmones, pueden irritar los bronquios y son un<strong> riesgo para el asma<\/strong>.  <\/p>\n\n<h2 class=\"wp-block-heading\">Polvo y VLEP: valor l\u00edmite de exposici\u00f3n de 8 horas<\/h2>\n\n<p>El <strong>VLEP vinculante<\/strong> (para el amianto, la madera, el s\u00edlice y las cer\u00e1micas cancer\u00edgenas) es un valor de referencia para cualquier riesgo diferido para la salud por<strong> exposici\u00f3n<\/strong>. Estas herramientas est\u00e1n destinadas al mundo laboral, y el INRS las utiliza para elaborar sus gu\u00edas de salud y seguridad. El<strong> control oficial del VLEP <\/strong>en las empresas es responsabilidad del COFRAC.  <\/p>\n\n<blockquote class=\"wp-block-quote is-layout-flow wp-block-quote-is-layout-flow\">\n<p>Lee tambi\u00e9n: \u00bfQu\u00e9 es un <a href=\"https:\/\/obera.fr\/es\/nuestro-consejo\/valeur-limite-exposition-professionnelle-ou-vlep\/\" data-type=\"post\" data-id=\"1999\">l\u00edmite de exposici\u00f3n profesional u OEL<\/a>?<\/p>\n<\/blockquote>\n\n<h3 class=\"wp-block-heading\">Valor l\u00edmite de exposici\u00f3n profesional (LEP) 8 horas<\/h3>\n\n<p>El <strong>C\u00f3digo Laboral<\/strong> franc\u00e9s define el nivel del VLEP de 8 horas en condiciones normales de temperatura. La<strong> concentraci\u00f3n<\/strong> media de polvo total debe ser inferior al umbral de 10 mg\/m\u00b3 de aire. La concentraci\u00f3n media de <strong>polvo respirable<\/strong> debe permanecer por debajo de 5 mg\/m\u00b3 de aire.  <\/p>\n\n<blockquote class=\"wp-block-quote is-layout-flow wp-block-quote-is-layout-flow\">\n<p>Tambi\u00e9n merece la pena leer: <a href=\"https:\/\/obera.fr\/es\/nuestro-consejo\/vlep-quels-risques-cas-de-non-respect-reglementation\/\" data-type=\"post\" data-id=\"1816\">\u00bfCu\u00e1les son los riesgos de incumplir los VLEP?<\/a><\/p>\n<\/blockquote>\n\n<h3 class=\"wp-block-heading\">Polvo y VLEP de 8 horas: algunos ejemplos<\/h3>\n\n<p>Algunas <strong>part\u00edculas tienen efectos<\/strong> m\u00e1s nocivos para la salud. La medici\u00f3n del VLEP es m\u00e1s estricta: polvo de madera 1 mg\/m\u00b3, polvo de s\u00edlice entre 0,1 y 0,005 mg\/m\u00b3, polvo de lino 0,2 mg\/m\u00b3, amianto 10 fibras\/cm\u00b3. Si se <strong>superan <\/strong>estos niveles, la empresa debe adoptar medidas de protecci\u00f3n y prevenci\u00f3n.  <\/p>\n\n<h2 class=\"wp-block-heading\">Existen soluciones de filtraci\u00f3n y eliminaci\u00f3n de polvo<\/h2>\n\n<figure class=\"wp-block-image aligncenter size-full is-resized\"><img decoding=\"async\" src=\"https:\/\/obera.fr\/wp-content\/uploads\/2021\/07\/Traitements-des-polluants-VLEP.jpg\" alt=\"tratamiento de contaminantes vlep\" class=\"wp-image-14091\" width=\"500\" height=\"100\" srcset=\"https:\/\/obera.fr\/wp-content\/uploads\/2021\/07\/Traitements-des-polluants-VLEP.jpg 1000w, https:\/\/obera.fr\/wp-content\/uploads\/2021\/07\/Traitements-des-polluants-VLEP-300x60.jpg 300w, https:\/\/obera.fr\/wp-content\/uploads\/2021\/07\/Traitements-des-polluants-VLEP-768x154.jpg 768w\" sizes=\"(max-width: 500px) 100vw, 500px\" \/><\/figure>\n\n<p>\u00bfTienes <strong>problemas de polvo <\/strong>en tus talleres? OBERA es especialista en tratamiento del aire y eliminaci\u00f3n de polvo desde hace 20 a\u00f1os. Protege a tu personal y tu productividad, conf\u00eda en nuestra experiencia. Rellena nuestro <strong><a href=\"https:\/\/obera.fr\/es\/contact\/\" data-type=\"page\" data-id=\"124\">formulario de contacto<\/a><\/strong> para obtener respuestas a tus preguntas.   <\/p>\n","protected":false},"excerpt":{"rendered":"<p>Los valores l\u00edmite de exposici\u00f3n profesional (normativa VLEP) indican las medidas que deben adoptarse en relaci\u00f3n con el polvo en el lugar de trabajo. Para ayudarte, el INRS proporciona informaci\u00f3n sobre prevenci\u00f3n y protecci\u00f3n frente a la exposici\u00f3n al polvo en el lugar de trabajo.   <\/p>\n","protected":false},"author":4,"featured_media":85310,"comment_status":"closed","ping_status":"closed","sticky":false,"template":"","format":"standard","meta":{"_acf_changed":false,"_seopress_robots_primary_cat":"none","_seopress_titles_title":"Filtraci\u00f3n de polvo y VLEP: la normativa en detalle","_seopress_titles_desc":"Inf\u00f3rmate sobre la normativa relativa a la filtraci\u00f3n de polvo y sus VLEP. Obera dise\u00f1a equipos capaces de cumplir estas VLEP. ","_seopress_robots_index":"","footnotes":""},"categories":[50],"tags":[119],"class_list":["post-98066","post","type-post","status-publish","format-standard","has-post-thumbnail","hentry","category-nuestro-consejo","tag-entete-pequeno","generate-columns","tablet-grid-50","mobile-grid-100","grid-parent","grid-50","no-featured-image-padding","resize-featured-image"],"acf":[],"_links":{"self":[{"href":"https:\/\/obera.fr\/es\/wp-json\/wp\/v2\/posts\/98066","targetHints":{"allow":["GET"]}}],"collection":[{"href":"https:\/\/obera.fr\/es\/wp-json\/wp\/v2\/posts"}],"about":[{"href":"https:\/\/obera.fr\/es\/wp-json\/wp\/v2\/types\/post"}],"author":[{"embeddable":true,"href":"https:\/\/obera.fr\/es\/wp-json\/wp\/v2\/users\/4"}],"replies":[{"embeddable":true,"href":"https:\/\/obera.fr\/es\/wp-json\/wp\/v2\/comments?post=98066"}],"version-history":[{"count":1,"href":"https:\/\/obera.fr\/es\/wp-json\/wp\/v2\/posts\/98066\/revisions"}],"predecessor-version":[{"id":98091,"href":"https:\/\/obera.fr\/es\/wp-json\/wp\/v2\/posts\/98066\/revisions\/98091"}],"wp:featuredmedia":[{"embeddable":true,"href":"https:\/\/obera.fr\/es\/wp-json\/wp\/v2\/media\/85310"}],"wp:attachment":[{"href":"https:\/\/obera.fr\/es\/wp-json\/wp\/v2\/media?parent=98066"}],"wp:term":[{"taxonomy":"category","embeddable":true,"href":"https:\/\/obera.fr\/es\/wp-json\/wp\/v2\/categories?post=98066"},{"taxonomy":"post_tag","embeddable":true,"href":"https:\/\/obera.fr\/es\/wp-json\/wp\/v2\/tags?post=98066"}],"curies":[{"name":"wp","href":"https:\/\/api.w.org\/{rel}","templated":true}]}}