{"id":123910,"date":"2025-07-18T10:00:00","date_gmt":"2025-07-18T08:00:00","guid":{"rendered":"https:\/\/obera.fr\/conseils\/vie-artisan-tailleur\/"},"modified":"2025-07-22T12:06:37","modified_gmt":"2025-07-22T10:06:37","slug":"vie-artisan-tailleur","status":"publish","type":"post","link":"https:\/\/obera.fr\/et\/meie-nouanne\/vie-artisan-tailleur\/","title":{"rendered":"Ela oma elu r\u00e4tsepana aastal 2025: kirglikkuse ja ettevaatlikkuse vahel"},"content":{"rendered":"\n<p><em>&#8220;Kiviga ei saa t\u00f6\u00f6tada. Sa pead seda austama.  <\/em><\/p>\n\n<p>Seda \u00fctles mulle minu treener esimesel p\u00e4eval. K\u00fcmme aastat hiljem on sellest saanud minu mantra. Kivirajat\u00f6\u00f6 2025. aastal on ikka veel kirglik. Kuid t\u00e4nap\u00e4eval on see ka <strong>ettevaatusabin\u00f5ude v\u00f5tmine<\/strong>.     <\/p>\n\n<h2 class=\"wp-block-heading\">  6.30 &#8211; t\u00f6\u00f6tuba \u00e4rkab \u00fcles.  <\/h2>\n\n<p>Hommikune vaikus, kohvil\u00f5hn&#8230; ja tuttav kompressori heli. Ma avan t\u00f6\u00f6koja uksed. Seal on paekiviplokid tugipostidel, t\u00f6\u00f6riistad on valmis. Mida ma selle t\u00f6\u00f6 juures armastan? \u00dcmberkujundamine. Toormaterjali v\u00f5tmine ja selle muutmine p\u00f5randakiviks, sambaks, kunstiteoseks.       <\/p>\n\n<p>Kuid viimastel aastatel on meie igap\u00e4evaelu osaks saanud veel \u00fcks teema: <strong>tolm<\/strong>. Selline, mida ei ole alati n\u00e4ha, kuid mis on igal pool. \u00d5hus, meie kopsudes. Ja m\u00f5nikord ka meie tervises.     <\/p>\n\n<h2 class=\"wp-block-heading\">  9.00 &#8211; Tolm ei ole enam v\u00e4ltimatu.  <\/h2>\n\n<div class=\"wp-block-columns is-layout-flex wp-container-core-columns-is-layout-28f84493 wp-block-columns-is-layout-flex\">\n<div class=\"wp-block-column is-layout-flow wp-block-column-is-layout-flow\" style=\"flex-basis:66.66%\">\n<p>Vanasti t\u00f6\u00f6tasime me hallides pilvedes. Vanasti \u00f6eldi: <em>&#8220;Lihtsalt k\u00f6hi v\u00e4lja ja see l\u00e4heb m\u00f6\u00f6da&#8221;.<\/em> T\u00e4na tean, et see ei l\u00e4he m\u00f6\u00f6da. See j\u00e4\u00e4b.     <\/p>\n\n\n\n<p>Aastal 2025 ei saa me enam eirata <strong>silikoosi<\/strong> ehk r\u00e4nidioksiidi sissehingamisest p\u00f5hjustatud kopsuhaiguse ohtu. See on juba n\u00f5udnud m\u00f5ne meie kolleegi elu. Seega oleme ettevaatlikud.    <\/p>\n\n\n\n<p>Meie t\u00f6\u00f6kojas paigaldasime <strong>tolmukoguja koos OberA \u00f5hupuhastiga<\/strong>. Esimene neist p\u00fc\u00fcab tolmu otse selle tekkekohas, v\u00f5imalikult l\u00e4hedal t\u00f6\u00f6kohtadele. Teine filtreerib pidevalt v\u00e4lis\u00f5hku. Tulemus: <strong>te hingate paremini, te t\u00f6\u00f6tate paremini<\/strong>.     <\/p>\n\n\n\n<p>Kuna me seadsime selle s\u00fcsteemi sisse, on see ilmselge. V\u00e4hem tolmu t\u00f6\u00f6pinkidel, v\u00e4hem \u00f5hus&#8230; ja v\u00e4hem meie kopsudes.   <\/p>\n<\/div>\n\n\n\n<div class=\"wp-block-column is-layout-flow wp-block-column-is-layout-flow\" style=\"flex-basis:33.33%\">\n<div class=\"wp-block-columns is-layout-flex wp-container-core-columns-is-layout-28f84493 wp-block-columns-is-layout-flex\">\n<div class=\"wp-block-column is-layout-flow wp-block-column-is-layout-flow\">\n<figure class=\"wp-block-image aligncenter size-full is-resized\"><img decoding=\"async\" width=\"600\" height=\"600\" src=\"https:\/\/obera.fr\/wp-content\/uploads\/2020\/10\/extracteur-poussiere-pulverulente-DUSTOMAT-16.png\" alt=\"Suitsu - tolmukollektor\" class=\"wp-image-1307\" style=\"width:115px;height:auto\" srcset=\"https:\/\/obera.fr\/wp-content\/uploads\/2020\/10\/extracteur-poussiere-pulverulente-DUSTOMAT-16.png 600w, https:\/\/obera.fr\/wp-content\/uploads\/2020\/10\/extracteur-poussiere-pulverulente-DUSTOMAT-16-300x300.png 300w, https:\/\/obera.fr\/wp-content\/uploads\/2020\/10\/extracteur-poussiere-pulverulente-DUSTOMAT-16-150x150.png 150w\" sizes=\"(max-width: 600px) 100vw, 600px\" \/><figcaption class=\"wp-element-caption\">DUSTOMAT 16<\/figcaption><\/figure>\n\n\n\n<figure class=\"wp-block-image aligncenter size-full is-resized\"><img decoding=\"async\" width=\"600\" height=\"600\" src=\"https:\/\/obera.fr\/wp-content\/uploads\/2023\/05\/epur050-2.png\" alt=\"epur050 2\" class=\"wp-image-22619\" style=\"width:99px;height:auto\" srcset=\"https:\/\/obera.fr\/wp-content\/uploads\/2023\/05\/epur050-2.png 600w, https:\/\/obera.fr\/wp-content\/uploads\/2023\/05\/epur050-2-300x300.png 300w, https:\/\/obera.fr\/wp-content\/uploads\/2023\/05\/epur050-2-150x150.png 150w\" sizes=\"(max-width: 600px) 100vw, 600px\" \/><figcaption class=\"wp-element-caption\">ePUR050<\/figcaption><\/figure>\n<\/div>\n<\/div>\n<\/div>\n<\/div>\n\n<h2 class=\"wp-block-heading\">  12.30 &#8211; Suupiste ja vestlus  <\/h2>\n\n<p>Me r\u00e4\u00e4gime t\u00f6\u00f6st, me r\u00e4\u00e4gime perekonnast. Me r\u00e4\u00e4gime ka turvalisusest. See v\u00f5ib k\u00f5lada kummaliselt, kuid meie jaoks on see saanud uhkusepunktiks. T\u00f6\u00f6tamine puhtas ja h\u00e4sti varustatud t\u00f6\u00f6kojas t\u00e4hendab ka seda, <strong>et austame oma k\u00e4sit\u00f6\u00f6d ja oma keha<\/strong>.     <\/p>\n\n<p>See meelitab ka noori inimesi. Meil on kaks praktikanti. Nad tahavad t\u00f6\u00f6tada kaasaegsete t\u00f6\u00f6riistadega, heades tingimustes. Nad l\u00fckkavad tagasi teise ajastu tolmused t\u00f6\u00f6kojad. Ja \u00f5igusega.      <\/p>\n\n<h2 class=\"wp-block-heading\">  15.00 &#8211; \u017eesti s\u00e4ilitamine, ilma tervist ohverdamata  <\/h2>\n\n<p>On ikka veel neid, kes \u00fctlevad, <em>et &#8220;varem olid asjad paremad&#8221;.<\/em> See v\u00f5ib nii olla. Aga <strong>t\u00e4nap\u00e4eval on see turvalisem<\/strong>. Ja see ei muuda \u017eesti ilu. Me j\u00e4tkame meisliga, k\u00e4sitsi, sama hoolega nikerdamist. Ainult et me hingame kergemini.     <\/p>\n\n<p>Sest l\u00f5ppkokkuv\u00f5ttes ei saa hea t\u00f6\u00f6riist asendada k\u00e4sit\u00f6\u00f6list&#8230; kuid ta v\u00f5ib teda <strong>kaitsta<\/strong>.  <\/p>\n\n<h2 class=\"wp-block-heading\">  18.00 &#8211; P\u00e4eva l\u00f5pp, uhkus puutumata  <\/h2>\n\n<p>Panin oma t\u00f6\u00f6riistad \u00e4ra. Vaatan tehtud t\u00f6\u00f6d. Arhivaal arhivaalile, mis on m\u00f5eldud muinsuskaitse all olevale kirikule. Mu s\u00e4rgil on tolmu, kuid v\u00e4hem kopsudes. Ja see muudab k\u00f5ike.      <\/p>\n\n<h2 class=\"wp-block-heading\">  Kirglikkus ja ettevaatlikkus v\u00f5ivad eksisteerida k\u00f5rvuti  <\/h2>\n\n<div class=\"wp-block-columns is-layout-flex wp-container-core-columns-is-layout-28f84493 wp-block-columns-is-layout-flex\">\n<div class=\"wp-block-column is-layout-flow wp-block-column-is-layout-flow\" style=\"flex-basis:66.66%\">\n<p>Aastal 2025 ei t\u00e4henda kivim\u00fc\u00fcrnikuks olemine traditsioonidest loobumist. See t\u00e4hendab selle rikastamist. See t\u00e4hendab, et j\u00e4tkata esivanemate oskusteabe edasiandmist, kasutades samal ajal t\u00e4nap\u00e4evaseid lahendusi.    <\/p>\n\n\n\n<p><strong>OberA <\/strong>aitab <strong>oma puhastite ja tolmukogujatega<\/strong> k\u00e4sit\u00f6\u00f6listel ehitada tervislikumat ja j\u00e4tkusuutlikumat tulevikku.  <\/p>\n\n\n\n<p>Sest elukutse s\u00e4ilitamine t\u00e4hendab ka nende s\u00e4ilitamist, kes seda praktiseerivad.<\/p>\n<\/div>\n\n\n\n<div class=\"wp-block-column is-layout-flow wp-block-column-is-layout-flow\" style=\"flex-basis:33.33%\">\n<figure class=\"wp-block-image aligncenter size-large is-resized\"><img decoding=\"async\" width=\"1024\" height=\"1024\" src=\"https:\/\/obera.fr\/wp-content\/uploads\/2025\/05\/securite-1024x1024.png\" alt=\"turvalisus\" class=\"wp-image-121315\" style=\"width:132px;height:auto\" srcset=\"https:\/\/obera.fr\/wp-content\/uploads\/2025\/05\/securite-1024x1024.png 1024w, https:\/\/obera.fr\/wp-content\/uploads\/2025\/05\/securite-300x300.png 300w, https:\/\/obera.fr\/wp-content\/uploads\/2025\/05\/securite-150x150.png 150w, https:\/\/obera.fr\/wp-content\/uploads\/2025\/05\/securite-768x768.png 768w, https:\/\/obera.fr\/wp-content\/uploads\/2025\/05\/securite.png 1200w\" sizes=\"(max-width: 1024px) 100vw, 1024px\" \/><\/figure>\n<\/div>\n<\/div>\n","protected":false},"excerpt":{"rendered":"<p>Seda \u00fctles mulle minu treener esimesel p\u00e4eval. K\u00fcmme aastat hiljem on sellest saanud minu mantra. Kivirajat\u00f6\u00f6 2025. aastal on ikka veel kirglik. Kuid t\u00e4nap\u00e4eval on see ka ettevaatusabin\u00f5ude v\u00f5tmine.     <\/p>\n","protected":false},"author":13,"featured_media":124586,"comment_status":"open","ping_status":"closed","sticky":false,"template":"","format":"standard","meta":{"_acf_changed":false,"_seopress_robots_primary_cat":"none","_seopress_titles_title":"Kiviraidurid aastal 2025: kirglikkuse ja ennetust\u00f6\u00f6 vahel","_seopress_titles_desc":"Aastal 2025 t\u00e4hendab kiviraiduriks olemine traditsioonide ja ohutuse \u00fchendamist. T\u00e4nu OberA-le saavad k\u00e4sit\u00f6\u00f6lised kergemini hingata ja t\u00f6\u00f6tada tervislikus, kaasaegses t\u00f6\u00f6kojas. ","_seopress_robots_index":"","footnotes":""},"categories":[296],"tags":[],"class_list":["post-123910","post","type-post","status-publish","format-standard","has-post-thumbnail","hentry","category-meie-nouanne","generate-columns","tablet-grid-50","mobile-grid-100","grid-parent","grid-50","no-featured-image-padding","resize-featured-image"],"acf":[],"_links":{"self":[{"href":"https:\/\/obera.fr\/et\/wp-json\/wp\/v2\/posts\/123910","targetHints":{"allow":["GET"]}}],"collection":[{"href":"https:\/\/obera.fr\/et\/wp-json\/wp\/v2\/posts"}],"about":[{"href":"https:\/\/obera.fr\/et\/wp-json\/wp\/v2\/types\/post"}],"author":[{"embeddable":true,"href":"https:\/\/obera.fr\/et\/wp-json\/wp\/v2\/users\/13"}],"replies":[{"embeddable":true,"href":"https:\/\/obera.fr\/et\/wp-json\/wp\/v2\/comments?post=123910"}],"version-history":[{"count":2,"href":"https:\/\/obera.fr\/et\/wp-json\/wp\/v2\/posts\/123910\/revisions"}],"predecessor-version":[{"id":124610,"href":"https:\/\/obera.fr\/et\/wp-json\/wp\/v2\/posts\/123910\/revisions\/124610"}],"wp:featuredmedia":[{"embeddable":true,"href":"https:\/\/obera.fr\/et\/wp-json\/wp\/v2\/media\/124586"}],"wp:attachment":[{"href":"https:\/\/obera.fr\/et\/wp-json\/wp\/v2\/media?parent=123910"}],"wp:term":[{"taxonomy":"category","embeddable":true,"href":"https:\/\/obera.fr\/et\/wp-json\/wp\/v2\/categories?post=123910"},{"taxonomy":"post_tag","embeddable":true,"href":"https:\/\/obera.fr\/et\/wp-json\/wp\/v2\/tags?post=123910"}],"curies":[{"name":"wp","href":"https:\/\/api.w.org\/{rel}","templated":true}]}}