{"id":67440,"date":"2020-11-20T16:38:52","date_gmt":"2020-11-20T14:38:52","guid":{"rendered":"https:\/\/obera.fr\/conseils\/qualite-air-evolution-societe\/"},"modified":"2025-05-07T10:14:55","modified_gmt":"2025-05-07T08:14:55","slug":"qualite-air-evolution-societe","status":"publish","type":"post","link":"https:\/\/obera.fr\/et\/meie-nouanne\/qualite-air-evolution-societe\/","title":{"rendered":"\u00d5hukvaliteet: muutused \u00fchiskonnas"},"content":{"rendered":"\n<h2 class=\"wp-block-heading\" id=\"evolution-future-de-la-reglementation\">Tulevased regulatiivsed arengud<\/h2>\n\n<p><em><strong>Peenosakeste saaste on \u00fcha enam uudistes. Me kuuleme palju linnapiirkondade \u00f5husaastest, peenosakeste saastamise tippudest&#8230; <\/strong><\/em><\/p>\n\n<p><em><strong>Praegu ei ole Euroopa standardid kehtestanud mingeid eeskirju \u00fclipeente osakeste kohta. Kuid skandaalid seavad selle suundumuse n\u00fc\u00fcd kahtluse alla.   <\/strong><\/em><\/p>\n\n<h2 class=\"wp-block-heading\" id=\"focus-sur-les-particules-les-plus-fines\">Keskenduge k\u00f5ige peenematele osakestele<\/h2>\n\n<h3 class=\"wp-block-heading\" id=\"fos-sur-mer\">Fos-sur-mer<\/h3>\n\n<p>2017. aastal esines Fos-sur-meris kaks korda rohkem kopsup\u00f5letikke, v\u00e4hkt\u00f5be ja s\u00fcdamehaigusi kui mujal Prantsusmaal. Linn asub \u00fches Euroopa suurimatest t\u00f6\u00f6stuspiirkondadest, kus asuvad rafineerimistehased, naftaladud ja tohutu terasetehas&#8230; <\/p>\n\n<p>P\u00e4rast tahkete osakeste heitkoguste anal\u00fc\u00fcsimist leidsid teadlased, et PM 2,5-st suuremate osakeste puhul olid tulemused normi piires. Siiski on n\u00e4idatud, et need tehased toodavad arvukalt PM 1 osakesi, samuti lenduvaid orgaanilisi \u00fchendeid ja kantserogeensete orgaaniliste \u00fchendite heitmeid, mis muudab nende heitmed \u00e4\u00e4rmiselt toksiliseks. Kahjuks on PM 1 osakeste kontsentratsiooni m\u00f5\u00f5tmised alles v\u00e4ga hiljutised. Teadlased on \u00fchel meelel, et need on peamine p\u00f5hjus, miks haiguste arv selles piirkonnas on j\u00e4rsult suurenenud.   <\/p>\n\n<p>Association de D\u00e9fense et de Protection du Littoral du Golf de Fos sur Mer on v\u00f5tnud probleemi k\u00e4sile, et pakkuda v\u00e4lja lahendusi \u00f5hukvaliteedi parandamiseks, j\u00e4lgida \u00f5husaasteainete heitkoguseid ja v\u00f5tta \u00f5iguslikke meetmeid.<\/p>\n\n<h3 class=\"wp-block-heading\" id=\"les-pics-de-pollution-aux-particules-ultrafines-dans-les-villes\">\u00dclipeente osakeste saastatuse piigid linnades<\/h3>\n\n<p>Prantsusmaa ja kogu maailma suuremates linnades esineb regulaarselt ultrafiikli-saaste tippu. Prantsusmaa tervishoiuministeeriumi s\u00f5nul peaksid inimesed v\u00e4hendama oma f\u00fc\u00fcsilist aktiivsust nii palju kui v\u00f5imalik, v\u00e4ltima v\u00e4ljas k\u00e4imist ja p\u00f6\u00f6rduma arsti poole, kui neil tekivad s\u00fcmptomid&#8230; <\/p>\n\n<p>Tehased, t\u00f6\u00f6kojad ja laod, kus tootmis- ja k\u00e4itlemisprotsesside k\u00e4igus tekkivaid saasteaineid ei p\u00fc\u00fcta (v\u00f5i p\u00fc\u00fctakse halvasti), tekitavad aga saastet, mis on sarnane suurlinnades esinevate piirm\u00e4\u00e4radega. Teoreetiliselt peaksid samad soovitused kehtima ka t\u00f6\u00f6tajate suhtes, mis tooks kaasa tootlikkuse olulise languse. <\/p>\n\n<h2 class=\"wp-block-heading\" id=\"aujourd-hui-il-y-a-peu-d-obligations-relatives-aux-particules-ultrafines-mais-qu-en-est-il-de-demain\">T\u00e4na on \u00fcliv\u00e4ikeste osakestega seotud kohustusi v\u00e4he, kuid kuidas on lood homme?<\/h2>\n\n<p>Selline skandaal, \u00f5husaastega seotud suremus, peenosakeste p\u00f5hjustatud haiguste arvu suurenemine jne sunnivad ametiv\u00f5ime olema valvsamad. See on nii meie linnades, kus on kehtestatud piirangud k\u00f5ige saastavamatele s\u00f5idukitele, tervishoiu- ja sotsiaalmeetmed jne. <\/p>\n\n<p>Selle tulemusena on karmistatud peenosakeste ohutusn\u00f5udeid. T\u00e4nap\u00e4eval m\u00f5\u00f5detakse nii saasteainete l\u00e4bim\u00f5\u00f5tu kui ka koostist. Lisaks sellele on karmistunud kutsehaiguste eest m\u00e4\u00e4ratud karistused.  <\/p>\n","protected":false},"excerpt":{"rendered":"<p>Peenosakeste saaste on \u00fcha enam uudistes. Me kuuleme palju linnapiirkondade \u00f5husaastest ja peenosakeste saaste tippudest&#8230; Uurige, kuidas \u00f5hukvaliteet meie \u00fchiskonnas areneb. <\/p>\n","protected":false},"author":4,"featured_media":81397,"comment_status":"closed","ping_status":"closed","sticky":false,"template":"","format":"standard","meta":{"_acf_changed":false,"_seopress_robots_primary_cat":"none","_seopress_titles_title":"Qualit\u00e9 de l\u2019air : \u00e9volution de la soci\u00e9t\u00e9","_seopress_titles_desc":"La pollution aux particules fines revient de plus en plus souvent au-devant de l\u2019actualit\u00e9. On entend tr\u00e8s souvent parler de la pollution de l\u2019air en milieu urbain.","_seopress_robots_index":"","footnotes":""},"categories":[296],"tags":[],"class_list":["post-67440","post","type-post","status-publish","format-standard","has-post-thumbnail","hentry","category-meie-nouanne","generate-columns","tablet-grid-50","mobile-grid-100","grid-parent","grid-50","no-featured-image-padding","resize-featured-image"],"acf":[],"_links":{"self":[{"href":"https:\/\/obera.fr\/et\/wp-json\/wp\/v2\/posts\/67440","targetHints":{"allow":["GET"]}}],"collection":[{"href":"https:\/\/obera.fr\/et\/wp-json\/wp\/v2\/posts"}],"about":[{"href":"https:\/\/obera.fr\/et\/wp-json\/wp\/v2\/types\/post"}],"author":[{"embeddable":true,"href":"https:\/\/obera.fr\/et\/wp-json\/wp\/v2\/users\/4"}],"replies":[{"embeddable":true,"href":"https:\/\/obera.fr\/et\/wp-json\/wp\/v2\/comments?post=67440"}],"version-history":[{"count":3,"href":"https:\/\/obera.fr\/et\/wp-json\/wp\/v2\/posts\/67440\/revisions"}],"predecessor-version":[{"id":67454,"href":"https:\/\/obera.fr\/et\/wp-json\/wp\/v2\/posts\/67440\/revisions\/67454"}],"wp:featuredmedia":[{"embeddable":true,"href":"https:\/\/obera.fr\/et\/wp-json\/wp\/v2\/media\/81397"}],"wp:attachment":[{"href":"https:\/\/obera.fr\/et\/wp-json\/wp\/v2\/media?parent=67440"}],"wp:term":[{"taxonomy":"category","embeddable":true,"href":"https:\/\/obera.fr\/et\/wp-json\/wp\/v2\/categories?post=67440"},{"taxonomy":"post_tag","embeddable":true,"href":"https:\/\/obera.fr\/et\/wp-json\/wp\/v2\/tags?post=67440"}],"curies":[{"name":"wp","href":"https:\/\/api.w.org\/{rel}","templated":true}]}}