{"id":105515,"date":"2025-05-30T14:57:00","date_gmt":"2025-05-30T12:57:00","guid":{"rendered":"https:\/\/obera.fr\/a-mi-tanacsunk\/purificateur-plastique\/"},"modified":"2025-07-16T11:38:22","modified_gmt":"2025-07-16T09:38:22","slug":"purificateur-plastique","status":"publish","type":"post","link":"https:\/\/obera.fr\/hu\/muanyagok-muanyag-feldolgozas-kompozit-anyagok\/purificateur-plastique\/","title":{"rendered":"L\u00e9gtiszt\u00edt\u00f3 a m\u0171anyagipar sz\u00e1m\u00e1ra"},"content":{"rendered":"\n<p>A m\u0171anyagiparban a <strong>leveg\u0151 min\u0151s\u00e9ge<\/strong> fontos t\u00e9nyez\u0151 a munkav\u00e1llal\u00f3k eg\u00e9szs\u00e9g\u00e9nek biztos\u00edt\u00e1sa \u00e9s a gy\u00e1rt\u00e1si folyamatok optimaliz\u00e1l\u00e1sa szempontj\u00e1b\u00f3l. Az OberA \u00e1ltal k\u00edn\u00e1lt professzion\u00e1lis l\u00e9gtiszt\u00edt\u00f3k hat\u00e9kony megold\u00e1st k\u00edn\u00e1lnak az <strong>\u00e1gazatra jellemz\u0151<\/strong> k\u00e1ros r\u00e9szecsk\u00e9k \u00e9s <strong>k\u00e9miai szagok<\/strong> elt\u00e1vol\u00edt\u00e1s\u00e1ra. <\/p>\n\n<h2 class=\"wp-block-heading\">M\u0171anyagipar: mi\u00e9rt v\u00e1s\u00e1roljon l\u00e9gtiszt\u00edt\u00f3t?<\/h2>\n\n<h3 class=\"wp-block-heading\">M\u0171anyag r\u00e9szecsk\u00e9k: a k\u00e1ros hat\u00e1sok  <\/h3>\n\n<div class=\"wp-block-columns is-layout-flex wp-container-core-columns-is-layout-28f84493 wp-block-columns-is-layout-flex\">\n<div class=\"wp-block-column is-layout-flow wp-block-column-is-layout-flow\" style=\"flex-basis:66.66%\">\n<p>A m\u0171anyaggy\u00e1rt\u00e1si folyamatok k\u00fcl\u00f6nb\u00f6z\u0151 szennyez\u0151 anyagokat termelnek, t\u00f6bbek k\u00f6z\u00f6tt :<\/p>\n\n\n\n<ul class=\"wp-block-list\">\n<li><strong>Finom r\u00e9szecsk\u00e9k (PM10) \u00e9s ultrafinom r\u00e9szecsk\u00e9k (PM2,5 \u00e9s PM0,1)<\/strong>, amelyek a m\u0171anyag-feldolgoz\u00e1si m\u0171veletek, p\u00e9ld\u00e1ul a fr\u00f6ccs\u00f6nt\u00e9s, az extrud\u00e1l\u00e1s \u00e9s a h\u0151form\u00e1z\u00e1s sor\u00e1n keletkeznek. Ezek a leveg\u0151ben sz\u00e1ll\u00f3 mikror\u00e9szecsk\u00e9k m\u00e9lyen a t\u00fcd\u0151be ker\u00fclve l\u00e9gz\u0151szervi probl\u00e9m\u00e1kat vagy kr\u00f3nikus gyullad\u00e1st okozhatnak.   <\/li>\n\n\n\n<li>A m\u0171anyagok hev\u00edt\u00e9se, v\u00e1g\u00e1sa \u00e9s hegeszt\u00e9se sor\u00e1n kibocs\u00e1tott <strong>ill\u00e9kony szerves vegy\u00fcletek (VOC<\/strong> ). Sztirol, formaldehid, ftal\u00e1tok&#8230; Megannyi, szabad szemmel nem l\u00e1that\u00f3 vegy\u00fclet, amelyek irrit\u00e1ci\u00f3t, idegrendszeri rendelleness\u00e9geket okozhatnak, vagy endokrin k\u00e1ros\u00edt\u00f3k\u00e9nt hatnak a kezel\u0151kre. <\/li>\n\n\n\n<li><strong> M\u00e9rgez\u0151 f\u00fcst\u00f6k \u00e9s g\u00e1zok<\/strong> szabadulnak fel, amikor bizonyos m\u0171anyagokat feldolgoznak vagy akaratlanul el\u00e9getnek. Ezek k\u00f6z\u00e9 tartozik a hidrog\u00e9n-klorid \u00e9s a hidrog\u00e9n-cianid, amelyek bel\u00e9legezve irrit\u00e1l\u00f3ak \u00e9s m\u00e9rgez\u0151ek. <\/li>\n<\/ul>\n\n\n\n<p>Ehhez j\u00f6nnek m\u00e9g a m\u0171anyagporok, amelyek felhalmoz\u00f3dhatnak a t\u00fcd\u0151ben, \u00e9s a <strong>vegyi szagok, amelyek irrit\u00e1l\u00f3ak lehetnek<\/strong>. Ezek a szennyez\u0151 anyagok nem csak a munkav\u00e1llal\u00f3k eg\u00e9szs\u00e9g\u00e9re, hanem a belt\u00e9ri leveg\u0151 min\u0151s\u00e9g\u00e9re \u00e9s az ipari biztons\u00e1gra n\u00e9zve is aggodalomra adnak okot, mivel egyes g\u0151z\u00f6k gy\u00fal\u00e9konyak vagy robban\u00e1svesz\u00e9lyesek. <strong>Megfelel\u0151 sz\u0171r\u00e9s<\/strong> n\u00e9lk\u00fcl ezek az anyagok a leveg\u0151ben maradnak, \u00e9s vesz\u00e9lyeztetik a munkak\u00f6rnyezet min\u0151s\u00e9g\u00e9t.  <\/p>\n\n\n\n<blockquote class=\"wp-block-quote is-layout-flow wp-block-quote-is-layout-flow\">\n<p><em>Az OberA tipp: haszn\u00e1ljon egy <\/em><a href=\"https:\/\/obera.fr\/hu\/produits\/purificateurs-air\/\"><em>ipari l\u00e9gtiszt\u00edt\u00f3t<\/em><\/a><em> HEPA-sz\u0171r\u0151kkel \u00e9s akt\u00edv sz\u00e9nnel felszerelt l\u00e9gsz\u0171r\u0151 haszn\u00e1lata aj\u00e1nlott ezen szennyez\u0151 anyagok felfog\u00e1s\u00e1ra \u00e9s semleges\u00edt\u00e9s\u00e9re.<\/em><\/p>\n<\/blockquote>\n<\/div>\n\n\n\n<div class=\"wp-block-column is-layout-flow wp-block-column-is-layout-flow\" style=\"flex-basis:33.33%\">\n<figure class=\"wp-block-image aligncenter size-large\"><img decoding=\"async\" width=\"1024\" height=\"1024\" src=\"https:\/\/obera.fr\/wp-content\/uploads\/2025\/05\/polluants-nocifs-1024x1024.png\" alt=\"k&#xE1;ros szennyez&#x151; anyagok\" class=\"wp-image-121106\" srcset=\"https:\/\/obera.fr\/wp-content\/uploads\/2025\/05\/polluants-nocifs-1024x1024.png 1024w, https:\/\/obera.fr\/wp-content\/uploads\/2025\/05\/polluants-nocifs-300x300.png 300w, https:\/\/obera.fr\/wp-content\/uploads\/2025\/05\/polluants-nocifs-150x150.png 150w, https:\/\/obera.fr\/wp-content\/uploads\/2025\/05\/polluants-nocifs-768x768.png 768w, https:\/\/obera.fr\/wp-content\/uploads\/2025\/05\/polluants-nocifs.png 1200w\" sizes=\"(max-width: 1024px) 100vw, 1024px\" \/><\/figure>\n<\/div>\n<\/div>\n\n<h3 class=\"wp-block-heading\">A l\u00e9gtiszt\u00edt\u00f3k tagadhatatlan el\u0151nyei a m\u0171anyagiparban<\/h3>\n\n<div class=\"wp-block-columns is-layout-flex wp-container-core-columns-is-layout-28f84493 wp-block-columns-is-layout-flex\">\n<div class=\"wp-block-column is-layout-flow wp-block-column-is-layout-flow\" style=\"flex-basis:66.66%\">\n<p>A<strong>m\u0171anyagipari<\/strong> l\u00e9gtiszt\u00edt\u00f3ba val\u00f3 befektet\u00e9s t\u00f6bb mint el\u0151vigy\u00e1zatoss\u00e1g: a biztons\u00e1gi el\u0151\u00edr\u00e1soknak megfelel\u0151, eg\u00e9szs\u00e9ges munkak\u00f6rnyezet biztos\u00edt\u00e1sa \u00e9rdek\u00e9ben elengedhetetlen. A finom r\u00e9szecsk\u00e9k, az <a href=\"https:\/\/obera.fr\/hu\/produits\/traitement-cov\/\">ill\u00e9kony szerves vegy\u00fcletek (VOC)<\/a> \u00e9s a <strong>k\u00e9miai szagok<\/strong> felfog\u00e1s\u00e1val ezek a k\u00e9sz\u00fcl\u00e9kek v\u00e9dik a m\u0171anyag szennyez\u0151anyagoknak naponta kitett munkav\u00e1llal\u00f3k eg\u00e9szs\u00e9g\u00e9t. A jobb belt\u00e9ri leveg\u0151min\u0151s\u00e9g cs\u00f6kkenti a l\u00e9gz\u0151szervi megbeteged\u00e9sek kock\u00e1zat\u00e1t, jav\u00edtja a munkakomfortot \u00e9s korl\u00e1tozza a hi\u00e1nyz\u00e1sokat, ami <strong>kulcsfontoss\u00e1g\u00fa t\u00e9nyez\u0151 a<\/strong> v\u00e1llalat <strong>termel\u00e9kenys\u00e9g\u00e9ben<\/strong>.  <\/p>\n\n\n\n<p>A munkav\u00e1llal\u00f3k v\u00e9delme mellett a <strong>l\u00e9gtiszt\u00edt\u00f3 berendez\u00e9s hozz\u00e1j\u00e1rul a berendez\u00e9sek \u00e9lettartam\u00e1hoz<\/strong> \u00e9s az ipari folyamatok optimaliz\u00e1l\u00e1s\u00e1hoz. A por \u00e9s a szennyez\u0151 anyagok elt\u00f6m\u00edthetik a g\u00e9peket, k\u00e1ros\u00edthatj\u00e1k az anyagokat \u00e9s ronthatj\u00e1k a m\u0171veletek pontoss\u00e1g\u00e1t. Egy hat\u00e9kony l\u00e9gtiszt\u00edt\u00f3 megold\u00e1s be\u00e9p\u00edt\u00e9s\u00e9vel tiszt\u00e1bb munkak\u00f6rnyezetet biztos\u00edthat,<strong> cs\u00f6kkentheti a karbantart\u00e1si k\u00f6lts\u00e9geket<\/strong> \u00e9s jav\u00edthatja a m\u0171hely vagy a gy\u00e1rt\u00f3egys\u00e9g \u00e1ltal\u00e1nos teljes\u00edtm\u00e9ny\u00e9t.  <\/p>\n<\/div>\n\n\n\n<div class=\"wp-block-column is-layout-flow wp-block-column-is-layout-flow\" style=\"flex-basis:33.33%\">\n<figure class=\"wp-block-image aligncenter size-large is-resized\"><img decoding=\"async\" width=\"1024\" height=\"1024\" src=\"https:\/\/obera.fr\/wp-content\/uploads\/2025\/01\/image-avantages-1024x1024.jpg\" alt=\"k&#xE9;pi el&#x151;ny&#xF6;k\" class=\"wp-image-57732\" style=\"width:289px;height:auto\" srcset=\"https:\/\/obera.fr\/wp-content\/uploads\/2025\/01\/image-avantages-1024x1024.jpg 1024w, https:\/\/obera.fr\/wp-content\/uploads\/2025\/01\/image-avantages-300x300.jpg 300w, https:\/\/obera.fr\/wp-content\/uploads\/2025\/01\/image-avantages-150x150.jpg 150w, https:\/\/obera.fr\/wp-content\/uploads\/2025\/01\/image-avantages-768x768.jpg 768w, https:\/\/obera.fr\/wp-content\/uploads\/2025\/01\/image-avantages-400x400.jpg 400w, https:\/\/obera.fr\/wp-content\/uploads\/2025\/01\/image-avantages-600x600.jpg 600w, https:\/\/obera.fr\/wp-content\/uploads\/2025\/01\/image-avantages.jpg 1200w\" sizes=\"(max-width: 1024px) 100vw, 1024px\" \/><\/figure>\n<\/div>\n<\/div>\n\n<p><\/p>\n\n<h2 class=\"wp-block-heading\">Hogyan kezelik a l\u00e9gtiszt\u00edt\u00f3k a m\u0171anyag \u00e1ltal kibocs\u00e1tott szennyez\u0151 anyagokat?<\/h2>\n\n<h3 class=\"wp-block-heading\">HEPA-sz\u0171r\u0151k, akt\u00edvszenes sz\u0171r\u0151k, ionrendszerek&#8230; fejlett technol\u00f3gi\u00e1k<\/h3>\n\n<p>A m\u0171anyagipar sz\u00e1m\u00e1ra k\u00e9sz\u00fclt <strong>l\u00e9gtiszt\u00edt\u00f3k<\/strong> t\u00f6bbf\u00e9le sz\u0171r\u00e9si technol\u00f3gi\u00e1t tartalmaznak.<\/p>\n\n<ul class=\"wp-block-list\">\n<li><strong>HEPA-sz\u0171r\u0151k (nagy hat\u00e9konys\u00e1g\u00fa r\u00e9szecskesz\u0171r\u0151k) <\/strong>: ezek a sz\u0171r\u0151k a finom r\u00e9szecsk\u00e9k ak\u00e1r 99,995%-\u00e1t is felfogj\u00e1k a szuszpenzi\u00f3ban, \u00edgy biztos\u00edtva a hat\u00e9kony l\u00e9gtiszt\u00edt\u00e1st;  <\/li>\n\n\n\n<li><strong>Akt\u00edvsz\u00e9nsz\u0171r\u0151k<\/strong>: elnyelik a VOC-okat \u00e9s a k\u00e9miai szagokat.<\/li>\n\n\n\n<li><strong>Ionrendszerek<\/strong>: ezek az eszk\u00f6z\u00f6k a r\u00e9szecsk\u00e9ket elektromos t\u00f6lt\u00e9ssel semleges\u00edtik, \u00edgy a sz\u0171r\u0151k k\u00f6nnyebben felfogj\u00e1k \u0151ket.<\/li>\n<\/ul>\n\n<h3 class=\"wp-block-heading\">A k\u00fcl\u00f6nbs\u00e9gek a professzion\u00e1lis \u00e9s a h\u00e1ztart\u00e1si tiszt\u00edt\u00f3k k\u00f6z\u00f6tt<\/h3>\n\n<p>Az ipari l\u00e9gtiszt\u00edt\u00f3kat<strong> nagy mennyis\u00e9g\u0171 leveg\u0151 kezel\u00e9s\u00e9re<\/strong> \u00e9s az iparra jellemz\u0151 szennyez\u0151 anyagok magas koncentr\u00e1ci\u00f3j\u00e1nak elt\u00e1vol\u00edt\u00e1s\u00e1ra tervezt\u00e9k. Nagyobb tart\u00f3ss\u00e1got \u00e9s hat\u00e9konys\u00e1got k\u00edn\u00e1lnak, mint a h\u00e1ztart\u00e1si modellek, amelyek kev\u00e9sb\u00e9 ig\u00e9nyes k\u00f6rnyezetbe alkalmasak. <\/p>\n\n<h2 class=\"wp-block-heading\">Hogyan v\u00e1lasszuk ki a megfelel\u0151 l\u00e9gtiszt\u00edt\u00f3t a m\u0171anyagipar sz\u00e1m\u00e1ra?<\/h2>\n\n<p>Az ipari szabv\u00e1nyoknak megfelel\u0151, eg\u00e9szs\u00e9ges leveg\u0151 garant\u00e1l\u00e1s\u00e1hoz sz\u00e1mos krit\u00e9riumot kell figyelembe venni: <strong>sz\u0171r\u00e9si kapacit\u00e1s, a k\u00fcl\u00f6nb\u00f6z\u0151 munkak\u00f6rnyezetekkel<\/strong> (m\u0171helyek, irod\u00e1k, rakt\u00e1rak <strong>) val\u00f3 kompatibilit\u00e1s<\/strong>, valamint a k\u00f6nny\u0171 karbantarthat\u00f3s\u00e1g \u00e9s mobilit\u00e1s.<\/p>\n\n<h3 class=\"wp-block-heading\">Sz\u0171r\u00e9si kapacit\u00e1s  <\/h3>\n\n<p>Alapvet\u0151 fontoss\u00e1g\u00fa, hogy olyan <strong>l\u00e9gtiszt\u00edt\u00f3t v\u00e1lasszon<\/strong>, amely k\u00e9pes kezelni a munkak\u00f6rnyezet\u00e9ben jelen l\u00e9v\u0151 szennyez\u0151anyagokat, figyelembe v\u00e9ve a HEPA-sz\u0171r\u0151ket a finom r\u00e9szecsk\u00e9k, \u00e9s az <a href=\"https:\/\/obera.fr\/hu\/a-mi-tanacsunk\/solutions-pour-traiter-solvants-adsorption-charbon-actif\/\">akt\u00edvsz\u00e9n-sz\u0171r\u0151ket<\/a> a VOC-ok \u00e9s szagok eset\u00e9ben. <\/p>\n\n<h3 class=\"wp-block-heading\">Kompatibilit\u00e1s a k\u00fcl\u00f6nb\u00f6z\u0151 munkak\u00f6rnyezetekkel<\/h3>\n\n<p><strong> A mobil tiszt\u00edt\u00f3berendez\u00e9sek<\/strong> nagyobb rugalmass\u00e1got biztos\u00edtanak, \u00edgy sz\u00fcks\u00e9g szerint k\u00f6nnyen \u00e1thelyezhet\u0151k a k\u00fcl\u00f6nb\u00f6z\u0151 helyis\u00e9gek k\u00f6z\u00f6tt. Ez az alkalmazkod\u00f3k\u00e9pess\u00e9g k\u00fcl\u00f6n\u00f6sen el\u0151ny\u00f6s az olyan m\u0171helyekben, ahol a <strong>szennyez\u0151forr\u00e1sok<\/strong> v\u00e1ltozhatnak. <\/p>\n\n<h3 class=\"wp-block-heading\">K\u00f6nny\u0171 karbantart\u00e1s \u00e9s mobilit\u00e1s<\/h3>\n\n<p>Egy hat\u00e9kony l\u00e9gtiszt\u00edt\u00f3nak k\u00f6nnyen karbantarthat\u00f3nak kell lennie, hogy hossz\u00fa t\u00e1von<strong> optim\u00e1lis teljes\u00edtm\u00e9nyt<\/strong> ny\u00fajtson. V\u00e1lasszon olyan modellt, amely k\u00f6nnyen cser\u00e9lhet\u0151 sz\u0171r\u0151kkel \u00e9s tel\u00edtetts\u00e9gjelz\u0151kkel rendelkezik a megel\u0151z\u0151 karbantart\u00e1s \u00e9rdek\u00e9ben. A mobilit\u00e1s szint\u00e9n kulcsfontoss\u00e1g\u00fa krit\u00e9rium: a g\u00f6rg\u0151k vagy a kompakt kialak\u00edt\u00e1s lehet\u0151v\u00e9 teszi, hogy a k\u00e9sz\u00fcl\u00e9ket a <strong>k\u00fcl\u00f6nb\u00f6z\u0151 munkater\u00fcletek<\/strong> k\u00f6z\u00f6tt mozgatni lehessen, \u00edgy optimaliz\u00e1lva a l\u00e9gtiszt\u00edt\u00e1st ott, ahol arra a legnagyobb sz\u00fcks\u00e9g van.  <\/p>\n\n<p><em>B\u00edzzon az OberA szakembereiben: az ipari k\u00f6rnyezetek l\u00e9gkezel\u00e9s\u00e9re szakosodott szakembereink tan\u00e1csot adnak \u00d6nnek a legjobb megold\u00e1sr\u00f3l. <\/em><strong><em>l\u00e9gtiszt\u00edt\u00f3 modellj\u00e9hez<\/em><\/strong><em>  a legalkalmasabb a m\u0171anyag r\u00e9szecsk\u00e9k kezel\u00e9s\u00e9re. Ha k\u00e9ts\u00e9gei vannak, a megold\u00e1s valid\u00e1l\u00e1sa \u00e9rdek\u00e9ben t\u00f6bbhetes tesztf\u00e1zist is ig\u00e9nybe vehet. <\/em><\/p>\n\n<h2 class=\"wp-block-heading\">OberA megold\u00e1sok az optim\u00e1lis leveg\u0151min\u0151s\u00e9g\u00e9rt ipari k\u00f6rnyezetben  <\/h2>\n\n<p>Az OberA ipari l\u00e9gtiszt\u00edt\u00f3k kiemelkednek sokoldal\u00fas\u00e1gukkal \u00e9s hat\u00e9konys\u00e1gukkal a m\u0171anyag szennyez\u0151 anyagok kezel\u00e9s\u00e9ben. Az <strong>ipari k\u00f6rnyezetek ig\u00e9nyeinek<\/strong> megfelel\u0151en tervezt\u00e9k \u0151ket, \u00e9s a HEPA-sz\u0171r\u0151ket, az akt\u00edvszenes sz\u0171r\u0151ket \u00e9s a fejlett technol\u00f3gi\u00e1kat \u00f6tv\u00f6zik a finom r\u00e9szecsk\u00e9k, valamint a VOC-ok \u00e9s a vegyi szagok elt\u00e1vol\u00edt\u00e1s\u00e1ra.   <\/p>\n\n<p>Az OberA a m\u0171anyagipar speci\u00e1lis ig\u00e9nyeire szabott<strong> ipari l\u00e9gtiszt\u00edt\u00f3k v\u00e1laszt\u00e9k\u00e1t <\/strong>k\u00edn\u00e1lja.<\/p>\n\n<ul class=\"wp-block-list\">\n<li><strong>ePUR:<\/strong> ez a sokoldal\u00fa modell t\u00f6bb r\u00e9teg\u0171 sz\u0171r\u00e9st haszn\u00e1l, k\u00f6zt\u00fck HEPA-sz\u0171r\u0151ket, hogy hat\u00e9konyan elt\u00e1vol\u00edtsa a finom r\u00e9szecsk\u00e9ket \u00e9s a k\u00e9miai szennyez\u0151d\u00e9seket. \u200b <\/li>\n\n\n\n<li><strong>ePUR CA<\/strong>: akt\u00edvsz\u00e9nsz\u0171r\u0151kkel felszerelve k\u00fcl\u00f6n\u00f6sen hat\u00e9kony a m\u0171anyagipari folyamatokra jellemz\u0151 VOC-ok \u00e9s szagok elnyel\u00e9s\u00e9ben. \u200b <\/li>\n\n\n\n<li><strong>Filtower<\/strong>: nagy terekbe tervezt\u00e9k, ez a l\u00e9gtiszt\u00edt\u00f3 nagy l\u00e9g\u00e1raml\u00e1sokat kezel, \u00e9s ide\u00e1lis nagy m\u0171helyek sz\u00e1m\u00e1ra. \u200b <\/li>\n\n\n\n<li><strong>EPUR150 FRESH<\/strong>: sokoldal\u00fa modell t\u00f6bb sz\u0171r\u00e9si fokozattal (G4\/F8) \u00e9s p\u00e1rologtat\u00f3 h\u0171t\u00e9si technol\u00f3gi\u00e1val a forr\u00f3 pontok h\u0171t\u00e9s\u00e9re.<\/li>\n<\/ul>\n\n<p><\/p>\n","protected":false},"excerpt":{"rendered":"<p>A m\u0171anyagiparban a leveg\u0151 min\u0151s\u00e9ge fontos t\u00e9nyez\u0151 a munkav\u00e1llal\u00f3k eg\u00e9szs\u00e9g\u00e9nek biztos\u00edt\u00e1sa \u00e9s a gy\u00e1rt\u00e1si folyamatok optimaliz\u00e1l\u00e1sa szempontj\u00e1b\u00f3l.<\/p>\n","protected":false},"author":4,"featured_media":113804,"comment_status":"open","ping_status":"closed","sticky":false,"template":"","format":"standard","meta":{"_acf_changed":false,"_seopress_robots_primary_cat":"none","_seopress_titles_title":"M\u0171anyag l\u00e9gtiszt\u00edt\u00f3: szennyez\u0151 anyagok \u00e9s szagok elt\u00e1vol\u00edt\u00e1sa","_seopress_titles_desc":"V\u00e9dje alkalmazottait \u00e9s jav\u00edtsa a leveg\u0151 min\u0151s\u00e9g\u00e9t az OberA l\u00e9gtiszt\u00edt\u00f3kkal. Hat\u00e9kony a finom r\u00e9szecsk\u00e9k \u00e9s a m\u0171anyag szennyez\u0151 anyagok ellen. Gyors, ingyenes sz\u00e1ll\u00edt\u00e1s.  ","_seopress_robots_index":"","footnotes":""},"categories":[768],"tags":[545],"class_list":["post-105515","post","type-post","status-publish","format-standard","has-post-thumbnail","hentry","category-muanyagok-muanyag-feldolgozas-kompozit-anyagok","tag-tisztitoberendezesek","generate-columns","tablet-grid-50","mobile-grid-100","grid-parent","grid-50","no-featured-image-padding","resize-featured-image"],"acf":[],"_links":{"self":[{"href":"https:\/\/obera.fr\/hu\/wp-json\/wp\/v2\/posts\/105515","targetHints":{"allow":["GET"]}}],"collection":[{"href":"https:\/\/obera.fr\/hu\/wp-json\/wp\/v2\/posts"}],"about":[{"href":"https:\/\/obera.fr\/hu\/wp-json\/wp\/v2\/types\/post"}],"author":[{"embeddable":true,"href":"https:\/\/obera.fr\/hu\/wp-json\/wp\/v2\/users\/4"}],"replies":[{"embeddable":true,"href":"https:\/\/obera.fr\/hu\/wp-json\/wp\/v2\/comments?post=105515"}],"version-history":[{"count":5,"href":"https:\/\/obera.fr\/hu\/wp-json\/wp\/v2\/posts\/105515\/revisions"}],"predecessor-version":[{"id":123469,"href":"https:\/\/obera.fr\/hu\/wp-json\/wp\/v2\/posts\/105515\/revisions\/123469"}],"wp:featuredmedia":[{"embeddable":true,"href":"https:\/\/obera.fr\/hu\/wp-json\/wp\/v2\/media\/113804"}],"wp:attachment":[{"href":"https:\/\/obera.fr\/hu\/wp-json\/wp\/v2\/media?parent=105515"}],"wp:term":[{"taxonomy":"category","embeddable":true,"href":"https:\/\/obera.fr\/hu\/wp-json\/wp\/v2\/categories?post=105515"},{"taxonomy":"post_tag","embeddable":true,"href":"https:\/\/obera.fr\/hu\/wp-json\/wp\/v2\/tags?post=105515"}],"curies":[{"name":"wp","href":"https:\/\/api.w.org\/{rel}","templated":true}]}}