{"id":107209,"date":"2025-06-03T10:16:09","date_gmt":"2025-06-03T08:16:09","guid":{"rendered":"https:\/\/obera.fr\/a-mi-tanacsunk\/purificateur-industrie-chimique\/"},"modified":"2025-11-21T11:21:43","modified_gmt":"2025-11-21T09:21:43","slug":"purificateur-industrie-chimique","status":"publish","type":"post","link":"https:\/\/obera.fr\/hu\/vegyszerek-petrolkemiai-termekek-parakemiai-termekek\/purificateur-industrie-chimique\/","title":{"rendered":"L\u00e9gtiszt\u00edt\u00f3k a vegyipar sz\u00e1m\u00e1ra"},"content":{"rendered":"\n<p>A<strong>vegyiparban, a petrolk\u00e9miai \u00e9s a gy\u00f3gyszeriparban<\/strong> a leveg\u0151 min\u0151s\u00e9ge kiemelked\u0151 fontoss\u00e1g\u00fa a csapatok biztons\u00e1g\u00e1nak \u00e9s a folyamatok megb\u00edzhat\u00f3s\u00e1g\u00e1nak garant\u00e1l\u00e1sa szempontj\u00e1b\u00f3l. Az olyan <a href=\"https:\/\/obera.fr\/hu\/produits\/purificateurs-air\/\">l\u00e9gtiszt\u00edt\u00f3k<\/a>, mint amilyeneket az OberA k\u00edn\u00e1l, alapvet\u0151 szerepet j\u00e1tszanak<strong> az eg\u00e9szs\u00e9ges \u00e9s a hat\u00e1lyos szabv\u00e1nyoknak megfelel\u0151 k\u00f6rnyezet fenntart\u00e1s\u00e1ban<\/strong>.   <\/p>\n\n<h2 class=\"wp-block-heading\">A vegyipari \u00e1gazat: leveg\u0151min\u0151s\u00e9gi k\u00e9rd\u00e9sek  <\/h2>\n\n<p>A<strong> k\u00e9miai laborat\u00f3riumok<\/strong> sz\u00e1mos l\u00e9gk\u00f6ri szennyez\u0151 anyagnak vannak kit\u00e9ve. Ezek a szennyez\u0151 anyagok a k\u00f6vetkez\u0151k: <\/p>\n\n<div class=\"wp-block-columns is-layout-flex wp-container-core-columns-is-layout-28f84493 wp-block-columns-is-layout-flex\">\n<div class=\"wp-block-column is-layout-flow wp-block-column-is-layout-flow\" style=\"flex-basis:66.66%\">\n<ul class=\"wp-block-list\">\n<li><strong>K\u00e1ros g\u00e1zok, p\u00e9ld\u00e1ul amm\u00f3nia<\/strong>, k\u00e9nvegy\u00fcletek \u00e9s nitrog\u00e9n-oxidok;<\/li>\n\n\n\n<li><strong> Finom r\u00e9szecsk\u00e9k \u00e9s aeroszolok<\/strong>, p\u00e9ld\u00e1ul polimerporok \u00e9s mikrom\u0171anyagok);<\/li>\n\n\n\n<li><strong>Ill\u00e9kony szerves vegy\u00fcletek (VOC)<\/strong>, p\u00e9ld\u00e1ul benzol, aceton \u00e9s formaldehid.  <\/li>\n<\/ul>\n\n\n\n<p>Ehhez j\u00f6n m\u00e9g a bizonyos k\u00e9miai reakci\u00f3k (szabad gy\u00f6k\u00f6k, \u00f3zon stb.) \u00e1ltal gener\u00e1lt szennyez\u0151 anyagoknak val\u00f3 kitetts\u00e9g. Ezek az <strong>anyagok sz\u00e1rmazhatnak k\u00e9miai reakci\u00f3kb\u00f3l<\/strong>, a term\u00e9kek kezel\u00e9s\u00e9b\u0151l vagy v\u00e9letlen sziv\u00e1rg\u00e1sb\u00f3l. A leveg\u0151ben val\u00f3 jelenl\u00e9t\u00fck eg\u00e9szs\u00e9g\u00fcgyi kock\u00e1zatokat jelenthet a munkav\u00e1llal\u00f3k sz\u00e1m\u00e1ra, p\u00e9ld\u00e1ul irrit\u00e1ci\u00f3t, l\u00e9gz\u0151szervi megbeteged\u00e9seket vagy m\u00e9rgez\u00e9st.  <\/p>\n\n\n\n<p>A hat\u00e9kony l\u00e9gtiszt\u00edt\u00e1s elengedhetetlen a szem\u00e9lyzet v\u00e9delme \u00e9s a biztons\u00e1gos munkak\u00f6r\u00fclm\u00e9nyek biztos\u00edt\u00e1sa \u00e9rdek\u00e9ben. Ezen t\u00falmen\u0151en a j\u00f3 min\u0151s\u00e9g\u0171 leveg\u0151 elengedhetetlen a pontos \u00e9s megb\u00edzhat\u00f3 k\u00eds\u00e9rletek elv\u00e9gz\u00e9s\u00e9hez. <strong>A l\u00e9gk\u00f6ri szennyez\u0151d\u00e9sek <\/strong>megv\u00e1ltoztathatj\u00e1k a k\u00eds\u00e9rleti eredm\u00e9nyeket, \u00e9s vesz\u00e9lyeztethetik a kutat\u00e1s reproduk\u00e1lhat\u00f3s\u00e1g\u00e1t \u00e9s \u00e9rv\u00e9nyess\u00e9g\u00e9t.  <\/p>\n<\/div>\n\n\n\n<div class=\"wp-block-column is-layout-flow wp-block-column-is-layout-flow\" style=\"flex-basis:33.33%\">\n<figure class=\"wp-block-image aligncenter size-large is-resized\"><img decoding=\"async\" width=\"1024\" height=\"1024\" src=\"https:\/\/obera.fr\/wp-content\/uploads\/2025\/06\/polluants-1-1024x1024.png\" alt=\"szennyez&#x151; anyagok (1)\" class=\"wp-image-121777\" style=\"width:269px;height:auto\" srcset=\"https:\/\/obera.fr\/wp-content\/uploads\/2025\/06\/polluants-1-1024x1024.png 1024w, https:\/\/obera.fr\/wp-content\/uploads\/2025\/06\/polluants-1-300x300.png 300w, https:\/\/obera.fr\/wp-content\/uploads\/2025\/06\/polluants-1-150x150.png 150w, https:\/\/obera.fr\/wp-content\/uploads\/2025\/06\/polluants-1-768x768.png 768w, https:\/\/obera.fr\/wp-content\/uploads\/2025\/06\/polluants-1.png 1200w\" sizes=\"(max-width: 1024px) 100vw, 1024px\" \/><\/figure>\n<\/div>\n<\/div>\n\n<p><\/p>\n\n<h2 class=\"wp-block-heading\">Hogyan felel meg egy l\u00e9gtiszt\u00edt\u00f3 a vegyipar k\u00f6vetelm\u00e9nyeinek?<\/h2>\n\n<h3 class=\"wp-block-heading\">A l\u00e9gk\u00f6ri szennyez\u0151 anyagok kik\u00fcsz\u00f6b\u00f6l\u00e9se a munkav\u00e1llal\u00f3k eg\u00e9szs\u00e9ge \u00e9rdek\u00e9ben<\/h3>\n\n<p><strong>Az ipari tiszt\u00edt\u00f3berendez\u00e9seket <\/strong>\u00fagy tervezt\u00e9k, hogy hat\u00e9konyan elt\u00e1vol\u00edts\u00e1k a leveg\u0151ben l\u00e9v\u0151 r\u00e9szecsk\u00e9ket \u00e9s vesz\u00e9lyes g\u00e1zokat. Ezen szennyez\u0151 anyagok megk\u00f6t\u00e9s\u00e9vel cs\u00f6kkentik a csapatok expoz\u00edci\u00f3j\u00e1nak kock\u00e1zat\u00e1t, \u00e9s hozz\u00e1j\u00e1rulnak a biztons\u00e1gosabb munkak\u00f6rnyezethez. Az OberA ipari l\u00e9gtiszt\u00edt\u00f3k p\u00e9ld\u00e1ul a vegyipar speci\u00e1lis ig\u00e9nyeihez igaz\u00edtott, nagy teljes\u00edtm\u00e9ny\u0171 <strong>sz\u0171r\u0151rendszerekkel vannak felszerelve <\/strong>.  <\/p>\n\n<h3 class=\"wp-block-heading\">A leveg\u0151min\u0151s\u00e9g jav\u00edt\u00e1sa a pontos, megb\u00edzhat\u00f3 k\u00eds\u00e9rletek \u00e9rdek\u00e9ben<\/h3>\n\n<p>A tiszt\u00edtott leveg\u0151 elengedhetetlen a<strong> pontos laborat\u00f3riumi k\u00eds\u00e9rletekhez<\/strong>. A l\u00e9gtiszt\u00edt\u00f3k elt\u00e1vol\u00edtj\u00e1k azokat a szennyez\u0151d\u00e9seket, amelyek zavarhatj\u00e1k a k\u00e9miai reakci\u00f3kat vagy az analitikai m\u00e9r\u00e9seket. Ez biztos\u00edtja a megb\u00edzhat\u00f3 \u00e9s reproduk\u00e1lhat\u00f3 k\u00eds\u00e9rleti eredm\u00e9nyeket, amelyek elengedhetetlenek az \u00faj term\u00e9kek vagy elj\u00e1r\u00e1sok kifejleszt\u00e9s\u00e9hez.  <\/p>\n\n<h3 class=\"wp-block-heading\">A laborat\u00f3riumi \u00e9s ipari biztons\u00e1gi el\u0151\u00edr\u00e1sok betart\u00e1sa<\/h3>\n\n<p>A<strong>vegyiparra<\/strong> szigor\u00fa<strong>el\u0151\u00edr\u00e1sok vonatkoznak<\/strong> a munkahelyi biztons\u00e1g \u00e9s leveg\u0151min\u0151s\u00e9g tekintet\u00e9ben (VLEP, 2044\/37\/EK eur\u00f3pai ir\u00e1nyelv, ISO 45001 szabv\u00e1ny, ISO 14644 szabv\u00e1ny \u00e9s EN 12469 szabv\u00e1ny a laborat\u00f3riumokra \u00e9s tisztaszob\u00e1kra vonatkoz\u00f3an). A l\u00e9gtiszt\u00edt\u00f3k haszn\u00e1lata lehet\u0151v\u00e9 teszi <g id=\"gid_1\">ezen el\u0151\u00edr\u00e1sok betart\u00e1s\u00e1t<\/g> az\u00e1ltal, hogy a szennyez\u0151anyag-koncentr\u00e1ci\u00f3kat elfogadhat\u00f3 szintre cs\u00f6kkenti. Ez nemcsak a munkav\u00e1llal\u00f3k eg\u00e9szs\u00e9g\u00e9t, hanem a k\u00f6rnyezetet is v\u00e9di a k\u00e1ros kibocs\u00e1t\u00e1sok korl\u00e1toz\u00e1s\u00e1val.  <\/p>\n\n<h2 class=\"wp-block-heading\">Hogyan m\u0171k\u00f6dnek a l\u00e9gtiszt\u00edt\u00f3k  <\/h2>\n\n<div class=\"wp-block-columns is-layout-flex wp-container-core-columns-is-layout-28f84493 wp-block-columns-is-layout-flex\">\n<div class=\"wp-block-column is-layout-flow wp-block-column-is-layout-flow\" style=\"flex-basis:66.66%\">\n<p>A l\u00e9gtiszt\u00edt\u00f3k <strong>k\u00fcl\u00f6nb\u00f6z\u0151 sz\u0171r\u00e9si technol\u00f3gi\u00e1kat<\/strong> alkalmaznak a szennyez\u0151 anyagok leveg\u0151b\u0151l val\u00f3 elt\u00e1vol\u00edt\u00e1s\u00e1ra.<g id=\"gid_1\"> A HEPA (High Efficiency Particulate Air) sz\u0171r\u0151k <\/g>a finom r\u00e9szecsk\u00e9ket, m\u00edg az akt\u00edv sz\u00e9n a g\u00e1zokat \u00e9s a k\u00e9miai g\u0151z\u00f6ket adszorbe\u00e1lja. Egyes <strong>rendszerek \u00f3zonellenes technol\u00f3gi\u00e1kat is tartalmaznak<\/strong>, hogy semleges\u00edts\u00e9k ezt a potenci\u00e1lisan k\u00e1ros g\u00e1zt.    <\/p>\n\n\n\n<p><em>Egy sz\u00f3 a szak\u00e9rt\u0151t\u0151l: a mi<\/em><strong><em> l\u00e9gtiszt\u00edt\u00f3ink professzion\u00e1lis berendez\u00e9sek<\/em><\/strong><em>  az ipar ig\u00e9nyeinek megfelel\u0151en. Sokoldal\u00fa, az ipar sz\u00e1mos ig\u00e9ny\u00e9hez igaz\u00edthat\u00f3: f\u00fcst, por, v\u00edrusok \u00e9s bakt\u00e9riumok, vegyi szennyez\u0151 anyagok stb. felfog\u00e1sa \u00e9s elt\u00e1vol\u00edt\u00e1sa. Az \u00d6n egyedi ig\u00e9nyeinek megfelel\u0151en konfigur\u00e1lhatjuk a k\u00e9sz\u00fcl\u00e9ket, p\u00e9ld\u00e1ul egy G4 sz\u0171r\u0151 \u00e9s egy akt\u00edv sz\u00e9nsz\u0171r\u0151 kombin\u00e1l\u00e1s\u00e1val, amely kifejezetten a szagokra, porra, v\u00edrusokra \u00e9s bakt\u00e9riumokra hat.   <\/em><a href=\"https:\/\/obera.fr\/hu\/a-mi-tanacsunk\/composes-organiques-volatiles-cov-impacts-gestion-industrie\/\"><em>VOC-k (ill\u00e9kony szerves vegy\u00fcletek)<\/em><\/a><strong><em>)<\/em><\/strong><em>\u00e9s g\u0151z\u00f6k. B\u00e1rmilyen ig\u00e9nye is van, seg\u00edt\u00fcnk kiv\u00e1lasztani az \u00d6n ig\u00e9nyeinek megfelel\u0151 modellt \u00e9s sz\u0171r\u0151rendszert. <\/em><\/p>\n\n\n\n<p><strong>K\u00e9tf\u00e9le l\u00e9gtiszt\u00edt\u00f3<\/strong> l\u00e9tezik, amelyek alkalmasak vegyi k\u00f6rnyezethez: mobil \u00e9s helyhez k\u00f6t\u00f6tt. A mobil modellek nagyobb rugalmass\u00e1got k\u00edn\u00e1lnak, lehet\u0151v\u00e9 t\u00e9ve, hogy a laborat\u00f3rium k\u00fcl\u00f6nb\u00f6z\u0151 ter\u00fcleteinek saj\u00e1tos ig\u00e9nyei szerint mozgathat\u00f3k legyenek. A fix egys\u00e9geket viszont \u00e1lland\u00f3an telep\u00edtik, hogy folyamatosan kezelj\u00e9k az adott ter\u00fcletek leveg\u0151j\u00e9t. A <strong>k\u00e9t t\u00edpus k\u00f6z\u00f6tti v\u00e1laszt\u00e1s<\/strong> az \u00d6n m\u0171k\u00f6d\u00e9si k\u00f6vetelm\u00e9nyeit\u0151l \u00e9s l\u00e9tes\u00edtm\u00e9nyeinek konfigur\u00e1ci\u00f3j\u00e1t\u00f3l f\u00fcgg.   <\/p>\n<\/div>\n\n\n\n<div class=\"wp-block-column is-layout-flow wp-block-column-is-layout-flow\" style=\"flex-basis:33.33%\">\n<figure class=\"wp-block-image aligncenter size-large is-resized\"><img decoding=\"async\" width=\"1024\" height=\"1024\" src=\"https:\/\/obera.fr\/wp-content\/uploads\/2025\/05\/filtration-1024x1024.png\" alt=\"sz&#x171;r&#xE9;s\" class=\"wp-image-121546\" style=\"width:337px;height:auto\" srcset=\"https:\/\/obera.fr\/wp-content\/uploads\/2025\/05\/filtration-1024x1024.png 1024w, https:\/\/obera.fr\/wp-content\/uploads\/2025\/05\/filtration-300x300.png 300w, https:\/\/obera.fr\/wp-content\/uploads\/2025\/05\/filtration-150x150.png 150w, https:\/\/obera.fr\/wp-content\/uploads\/2025\/05\/filtration-768x768.png 768w, https:\/\/obera.fr\/wp-content\/uploads\/2025\/05\/filtration.png 1200w\" sizes=\"(max-width: 1024px) 100vw, 1024px\" \/><\/figure>\n<\/div>\n<\/div>\n\n<h2 class=\"wp-block-heading\">Hogyan v\u00e1lassza ki a megfelel\u0151 l\u00e9gtiszt\u00edt\u00f3t laborat\u00f3rium\u00e1hoz?<\/h2>\n\n<h3 class=\"wp-block-heading\">Dedik\u00e1lt sz\u0171r\u0151rendszer a g\u00e1zok \u00e9s r\u00e9szecsk\u00e9k felfog\u00e1s\u00e1ra<\/h3>\n\n<p>A megfelel\u0151 l\u00e9gtiszt\u00edt\u00f3 kiv\u00e1laszt\u00e1sakor alapvet\u0151 fontoss\u00e1g\u00fa, hogy <strong>a sz\u0171r\u0151k hat\u00e9konys\u00e1g\u00e1t figyelembe vegy\u00fck<\/strong> a vegyipari \u00e1gazatra jellemz\u0151 <strong>g\u00e1zok<\/strong> \u00e9s r\u00e9szecsk\u00e9k <strong>felfog\u00e1s\u00e1ban<\/strong>. A sz\u0171r\u0151knek k\u00e9pesnek kell lenni\u00fck a munkak\u00f6rnyezetben jelen l\u00e9v\u0151 szennyez\u0151d\u00e9sek kezel\u00e9s\u00e9re. Ha p\u00e9ld\u00e1ul laborat\u00f3rium\u00e1ban szerves old\u00f3szereket kezelnek, akkor az <strong>akt\u00edvszenes sz\u0171r\u0151rendszer<\/strong> elengedhetetlen\u00fcl sz\u00fcks\u00e9ges ezen vegy\u00fcletek adszorbe\u00e1l\u00e1s\u00e1hoz.  <\/p>\n\n<h3 class=\"wp-block-heading\">A l\u00e9gtiszt\u00edt\u00f3 kapacit\u00e1sa, hogy hat\u00e9konyan lefedje a laborat\u00f3rium fel\u00fclet\u00e9t.<\/h3>\n\n<p>A<strong> l\u00e9gtiszt\u00edt\u00f3 sz\u0171r\u00e9si<\/strong> kapacit\u00e1s\u00e1nak a teljes fel\u00fcletet kezelnie kell, hogy ne tegye ki csapatait k\u00e9miai szennyez\u0151anyagoknak. A l\u00e9gtiszt\u00edt\u00f3t \u00fagy kell m\u00e9retezni, hogy a hat\u00e9kony tiszt\u00edt\u00e1shoz megfelel\u0151 gyakoris\u00e1ggal \u00faj\u00edtsa meg a leveg\u0151t. A sz\u0171r\u00e9si kapacit\u00e1st m3\/h-ban fejezik ki. Az OberA l\u00e9gtiszt\u00edt\u00f3k <strong>sz\u0171r\u00e9si kapacit\u00e1sa p\u00e9ld\u00e1ul 190 m3\/h-t\u00f3l<\/strong> 20 000 m3\/h-ig terjed, ami egy tiszta helyis\u00e9g fel\u00fclet\u00e9t eg\u00e9szen egy vegyszerrakt\u00e1rcsarnokig lefedi.     <\/p>\n\n<h3 class=\"wp-block-heading\">A fejlett technol\u00f3gi\u00e1k jelenl\u00e9te elengedhetetlen a vegyipari \u00e1gazatban<\/h3>\n\n<p>A fejlett technol\u00f3gi\u00e1k, p\u00e9ld\u00e1ul az intelligens \u00e9rz\u00e9kel\u0151k be\u00e9p\u00edt\u00e9se jav\u00edthatja a tiszt\u00edt\u00f3 hat\u00e9konys\u00e1g\u00e1t. Ezek az <g id=\"gid_0\">\u00e9rz\u00e9kel\u0151k val\u00f3s id\u0151ben \u00e9rz\u00e9kelik<\/g> a leveg\u0151 min\u0151s\u00e9g\u00e9ben bek\u00f6vetkez\u0151 <g id=\"gid_0\">v\u00e1ltoz\u00e1sokat<\/g>, \u00e9s automatikusan be\u00e1ll\u00edtj\u00e1k a k\u00e9sz\u00fcl\u00e9k m\u0171k\u00f6d\u00e9s\u00e9t. Ezenk\u00edv\u00fcl az \u00f3zon semleges\u00edt\u00e9se fontos funkci\u00f3, amely megakad\u00e1lyozza e kock\u00e1zatos g\u00e1z felhalmoz\u00f3d\u00e1s\u00e1t.  <\/p>\n\n<h2 class=\"wp-block-heading\">Aj\u00e1nlott k\u00e9miai l\u00e9gtiszt\u00edt\u00f3k<\/h2>\n\n<p>Az <strong>OberA l\u00e9gtiszt\u00edt\u00f3k<\/strong> teljes <strong>v\u00e1laszt\u00e9ka<\/strong> felszerelhet\u0151 HEPA- \u00e9s akt\u00edvszenes sz\u0171r\u0151kkel, hogy megfeleljen az \u00d6n leveg\u0151min\u0151s\u00e9gi k\u00f6vetelm\u00e9nyeinek \u00e9s k\u00f6telezetts\u00e9geinek. 5 k\u00e9sz\u00fcl\u00e9kcsal\u00e1dot k\u00edn\u00e1lunk konfigur\u00e1lhat\u00f3 sz\u0171r\u0151rendszerrel: <\/p>\n\n<ul class=\"wp-block-list\">\n<li><strong>ePUR<\/strong>: por, szagok, f\u00fcst, VOC-ok \u00e9s olajp\u00e1ra kezel\u00e9s\u00e9re tervezett helyhez k\u00f6t\u00f6tt vagy mobil l\u00e9gtiszt\u00edt\u00f3k. T\u00f6bb sz\u0171r\u00e9si fokozattal (el\u0151sz\u0171r\u0151, f\u0151sz\u0171r\u0151, diff\u00fazorsz\u0171r\u0151) \u00e9s HEPA 11 sz\u0171r\u0151vel felszerelve ezek a k\u00e9sz\u00fcl\u00e9kek hat\u00e9kony tiszt\u00edt\u00e1st biztos\u00edtanak alacsony energiafogyaszt\u00e1s mellett. El\u00e9rhet\u0151 \u00e1raml\u00e1si sebess\u00e9gek: 1250 \u00e9s 12 000 m\u00b3\/h k\u00f6z\u00f6tt.  <\/li>\n\n\n\n<li><strong>ePUR150 FRESH<\/strong>: nagy teljes\u00edtm\u00e9ny\u0171 mobil l\u00e9gtiszt\u00edt\u00f3 (15 000 m\u00b3\/h), amely a szennyez\u0151anyag-sz\u0171r\u00e9st \u00e9s a p\u00e1rologtat\u00f3 h\u0171t\u00e9st kombin\u00e1lja. G\u00f6rg\u0151inek k\u00f6sz\u00f6nhet\u0151en k\u00f6nnyen mozgathat\u00f3, nem ig\u00e9nyel \u00f6sszeszerel\u00e9st vagy elsz\u00edv\u00f3csatorn\u00e1t. Egys\u00e9genk\u00e9nt ak\u00e1r 250 m\u00b2-t is k\u00e9pes megtiszt\u00edtani \u00e9s leh\u0171teni.  <\/li>\n\n\n\n<li><strong>ePUR CA<\/strong>: akt\u00edvszenes sz\u0171r\u0151inek k\u00f6sz\u00f6nhet\u0151en g\u00e1znem\u0171 szennyez\u0151 anyagok \u00e9s szagok kezel\u00e9s\u00e9re tervezt\u00e9k. Fix vagy mobil v\u00e1ltozatban kaphat\u00f3, gyakran sz\u00edv\u00f3karral egy\u00fctt haszn\u00e1lj\u00e1k a szennyez\u0151 anyagok forr\u00e1sn\u00e1l t\u00f6rt\u00e9n\u0151 felfog\u00e1s\u00e1ra. Seg\u00edt betartani a munkahelyi expoz\u00edci\u00f3s hat\u00e1r\u00e9rt\u00e9keket (OEL).  <\/li>\n\n\n\n<li>Filtower: nagy sz\u00edv\u00f3teljes\u00edtm\u00e9ny\u0171, helyhez k\u00f6t\u00f6tt tiszt\u00edt\u00f3berendez\u00e9sek sorozata a por, a f\u00fcst, a VOC-ok \u00e9s az olajp\u00e1ra elt\u00e1vol\u00edt\u00e1s\u00e1ra. Kiz\u00e1r\u00f3lag fix kivitelben kaphat\u00f3k, targonc\u00e1val vagy daruval mozgathat\u00f3k, \u00e9s a 4.0 verzi\u00f3hoz is csatlakoztathat\u00f3k a digit\u00e1lis teljes\u00edtm\u00e9nyellen\u0151rz\u00e9shez. El\u00e9rhet\u0151 \u00e1raml\u00e1si sebess\u00e9gek: 10 000 \u00e9s 20 000 m\u00b3\/h k\u00f6z\u00f6tt.  <\/li>\n\n\n\n<li><strong>ePUR B01 EcoPrime<\/strong>: kompakt \u00e9s csendes, ide\u00e1lis kis \u00e9s k\u00f6zepes m\u00e9ret\u0171 helyis\u00e9gekbe. Sz\u00e9nnel impregn\u00e1lt HEPA-sz\u0171r\u0151vel felszerelve a szennyez\u0151 anyagok 99,9%-\u00e1t, bele\u00e9rtve a v\u00edrusokat \u00e9s bakt\u00e9riumokat is, elnyeli. Els\u0151sorban a finom \u00e9s ultrafinom r\u00e9szecsk\u00e9ket veszi c\u00e9lba, amelyek <strong>a leveg\u0151ben lebegve<\/strong> maradnak, \u00e9s a legk\u00e1rosabbak az eg\u00e9szs\u00e9gre.  <\/li>\n<\/ul>\n","protected":false},"excerpt":{"rendered":"<p>A vegyiparban, a petrolk\u00e9miai \u00e9s a gy\u00f3gyszeriparban a leveg\u0151min\u0151s\u00e9g l\u00e9tfontoss\u00e1g\u00fa a csapatok biztons\u00e1ga \u00e9s a folyamatok megb\u00edzhat\u00f3s\u00e1ga szempontj\u00e1b\u00f3l.<\/p>\n","protected":false},"author":13,"featured_media":114080,"comment_status":"open","ping_status":"closed","sticky":false,"template":"","format":"standard","meta":{"_acf_changed":false,"_seopress_robots_primary_cat":"none","_seopress_titles_title":"L\u00e9gtiszt\u00edt\u00f3k a vegyipar sz\u00e1m\u00e1ra: biztons\u00e1g","_seopress_titles_desc":"V\u00e9dje alkalmazottait \u00e9s optimaliz\u00e1lja munkak\u00f6rnyezet\u00e9t speci\u00e1lis l\u00e9gtiszt\u00edt\u00f3kkal. HEPA, akt\u00edvszenes \u00e9s g\u00e1znem\u0171 szennyez\u0151anyag-sz\u0171r\u00e9si megold\u00e1sok. ","_seopress_robots_index":"","footnotes":""},"categories":[641],"tags":[545],"class_list":["post-107209","post","type-post","status-publish","format-standard","has-post-thumbnail","hentry","category-vegyszerek-petrolkemiai-termekek-parakemiai-termekek","tag-tisztitoberendezesek","generate-columns","tablet-grid-50","mobile-grid-100","grid-parent","grid-50","no-featured-image-padding","resize-featured-image"],"acf":[],"_links":{"self":[{"href":"https:\/\/obera.fr\/hu\/wp-json\/wp\/v2\/posts\/107209","targetHints":{"allow":["GET"]}}],"collection":[{"href":"https:\/\/obera.fr\/hu\/wp-json\/wp\/v2\/posts"}],"about":[{"href":"https:\/\/obera.fr\/hu\/wp-json\/wp\/v2\/types\/post"}],"author":[{"embeddable":true,"href":"https:\/\/obera.fr\/hu\/wp-json\/wp\/v2\/users\/13"}],"replies":[{"embeddable":true,"href":"https:\/\/obera.fr\/hu\/wp-json\/wp\/v2\/comments?post=107209"}],"version-history":[{"count":6,"href":"https:\/\/obera.fr\/hu\/wp-json\/wp\/v2\/posts\/107209\/revisions"}],"predecessor-version":[{"id":133727,"href":"https:\/\/obera.fr\/hu\/wp-json\/wp\/v2\/posts\/107209\/revisions\/133727"}],"wp:featuredmedia":[{"embeddable":true,"href":"https:\/\/obera.fr\/hu\/wp-json\/wp\/v2\/media\/114080"}],"wp:attachment":[{"href":"https:\/\/obera.fr\/hu\/wp-json\/wp\/v2\/media?parent=107209"}],"wp:term":[{"taxonomy":"category","embeddable":true,"href":"https:\/\/obera.fr\/hu\/wp-json\/wp\/v2\/categories?post=107209"},{"taxonomy":"post_tag","embeddable":true,"href":"https:\/\/obera.fr\/hu\/wp-json\/wp\/v2\/tags?post=107209"}],"curies":[{"name":"wp","href":"https:\/\/api.w.org\/{rel}","templated":true}]}}