{"id":108494,"date":"2025-06-03T15:30:44","date_gmt":"2025-06-03T13:30:44","guid":{"rendered":"https:\/\/obera.fr\/a-mi-tanacsunk\/rafraichisseur-atelier-usinage\/"},"modified":"2025-11-21T11:22:33","modified_gmt":"2025-11-21T09:22:33","slug":"rafraichisseur-atelier-usinage","status":"publish","type":"post","link":"https:\/\/obera.fr\/hu\/megmunkalas-esztergalas-es-feluletkezeles\/rafraichisseur-atelier-usinage\/","title":{"rendered":"G\u00e9pm\u0171hely: l\u00e9gh\u0171t\u0151k ig\u00e9nyes ipari k\u00f6rnyezethez"},"content":{"rendered":"\n<p><strong>Ipari k\u00f6rnyezetben<\/strong>, p\u00e9ld\u00e1ul g\u00e9pm\u0171helyekben a h\u0151m\u00e9rs\u00e9klet-szab\u00e1lyoz\u00e1s elengedhetetlen a berendez\u00e9sek teljes\u00edtm\u00e9ny\u00e9nek \u00e9s a dolgoz\u00f3k j\u00f3l\u00e9t\u00e9nek garant\u00e1l\u00e1s\u00e1hoz. Az OberA, az ipari leveg\u0151kezel\u00e9s specialist\u00e1ja megold\u00e1sokat k\u00edn\u00e1l a k\u00f6vetkez\u0151kre <strong> <\/strong>az ilyen ig\u00e9nyes k\u00f6rnyezetek <a href=\"https:\/\/obera.fr\/hu\/produits\/rafraichisseurs-air\/\">saj\u00e1tos ig\u00e9nyeihez igaz\u00edtva<\/a>.<\/p>\n\n<h2 class=\"wp-block-heading\">Termikus probl\u00e9m\u00e1k a g\u00e9pm\u0171helyekben<\/h2>\n\n<p>A megmunk\u00e1l\u00e1si folyamatok nagy mennyis\u00e9g\u0171 h\u0151t termelnek, f\u0151k\u00e9nt a :  <\/p>\n\n<ul class=\"wp-block-list\">\n<li>Szersz\u00e1mg\u00e9p-m\u0171k\u00f6dtet\u00e9s;  <\/li>\n\n\n\n<li>S\u00farl\u00f3d\u00e1s az alkatr\u00e9szek k\u00f6z\u00f6tt ;  <\/li>\n\n\n\n<li>A g\u00e1z \u00e9s m\u00e1s h\u0151forr\u00e1sok haszn\u00e1lata.  <\/li>\n<\/ul>\n\n<p>Ez a h\u0151felhalmoz\u00f3d\u00e1s<strong> a berendez\u00e9sek t\u00falmeleged\u00e9s\u00e9t<\/strong> okozhatja, cs\u00f6kkentve azok hat\u00e9konys\u00e1g\u00e1t \u00e9s \u00e9lettartam\u00e1t. A magas h\u0151m\u00e9rs\u00e9klet mindenekel\u0151tt befoly\u00e1solja a munkav\u00e1llal\u00f3k koncentr\u00e1ci\u00f3j\u00e1t \u00e9s biztons\u00e1g\u00e1t, n\u00f6velve a balesetek kock\u00e1zat\u00e1t \u00e9s cs\u00f6kkentve a termel\u00e9kenys\u00e9get. <\/p>\n\n<p>A gy\u00e1rt\u00e1si \u00e9s megmunk\u00e1l\u00f3 m\u0171helyek h\u0151k\u00f6rnyezet\u00e9nek szab\u00e1lyoz\u00e1s\u00e1hoz az OberA<strong> innovat\u00edv l\u00e9gh\u0171t\u00e9si megold\u00e1sokat<\/strong> k\u00edn\u00e1l, amelyeket kifejezetten ezekre az ig\u00e9nyes k\u00f6rnyezetekre terveztek. A h\u0151m\u00e9rs\u00e9klet hat\u00e9kony \u00e9s term\u00e9szetes cs\u00f6kkent\u00e9s\u00e9re tervezett berendez\u00e9sek.   <\/p>\n\n<h2 class=\"wp-block-heading\">G\u00e9pi megmunk\u00e1l\u00e1shoz haszn\u00e1lt p\u00e1rologtat\u00f3 l\u00e9gh\u0171t\u0151k m\u0171k\u00f6d\u00e9se<\/h2>\n\n<h3 class=\"wp-block-heading\">Hogyan m\u0171k\u00f6dnek a l\u00e9gh\u0171t\u0151k<\/h3>\n\n<div class=\"wp-block-columns is-layout-flex wp-container-core-columns-is-layout-28f84493 wp-block-columns-is-layout-flex\">\n<div class=\"wp-block-column is-layout-flow wp-block-column-is-layout-flow\" style=\"flex-basis:66.66%\">\n<p>Az adiabatikus h\u0171t\u00e9s egy egyszer\u0171 elven alapul: a <a href=\"https:\/\/obera.fr\/hu\/produits\/rafraichisseurs-air\/rafraichisseurs-par-evaporation-ic\/\">v\u00edz p\u00e1rolg\u00e1s\u00e1n<\/a>. A meleg leveg\u0151t besz\u00edvj\u00e1k, \u00e9s nedves\u00edtett paneleken halad \u00e1t, ahol leh\u0171l, miel\u0151tt a k\u00f6rnyezetbe ker\u00fclne. Ez a rendszer vizet haszn\u00e1l h\u0171t\u0151k\u00f6zegk\u00e9nt, h\u0171t\u0151g\u00e1zok alkalmaz\u00e1sa n\u00e9lk\u00fcl, ami k\u00f6rnyezetbar\u00e1tt\u00e1 \u00e9s gazdas\u00e1goss\u00e1 teszi.<\/p>\n\n\n\n<p>Az ipari l\u00e9gh\u0171t\u0151knek k\u00e9t t\u00edpusa van:<\/p>\n\n\n\n<ul class=\"wp-block-list\">\n<li>Mobil: k\u00f6nnyen mozgathat\u00f3k, <strong>c\u00e9lzott, rugalmas h\u0171t\u00e9st<\/strong> biztos\u00edtanak, ide\u00e1lisak egyszeri ig\u00e9nyek vagy v\u00e1ltoz\u00f3 konfigur\u00e1ci\u00f3k eset\u00e9n.<\/li>\n\n\n\n<li>Fix: tart\u00f3san telep\u00edtve, nagy ter\u00fcleteken \u00e1lland\u00f3 h\u0171t\u00e9st biztos\u00edtanak.<\/li>\n<\/ul>\n<\/div>\n\n\n\n<div class=\"wp-block-column is-layout-flow wp-block-column-is-layout-flow\" style=\"flex-basis:33.33%\">\n<figure class=\"wp-block-image aligncenter size-full is-resized\"><img decoding=\"async\" width=\"1000\" height=\"1000\" src=\"https:\/\/obera.fr\/wp-content\/uploads\/2022\/03\/Rafraichisseur-dair-par-evaporation.jpg\" alt=\"p&#xE1;rologtat&#xF3; l&#xE9;gh&#x171;t&#x151;\" class=\"wp-image-13253\" style=\"width:238px;height:auto\" srcset=\"https:\/\/obera.fr\/wp-content\/uploads\/2022\/03\/Rafraichisseur-dair-par-evaporation.jpg 1000w, https:\/\/obera.fr\/wp-content\/uploads\/2022\/03\/Rafraichisseur-dair-par-evaporation-300x300.jpg 300w, https:\/\/obera.fr\/wp-content\/uploads\/2022\/03\/Rafraichisseur-dair-par-evaporation-150x150.jpg 150w, https:\/\/obera.fr\/wp-content\/uploads\/2022\/03\/Rafraichisseur-dair-par-evaporation-768x768.jpg 768w\" sizes=\"(max-width: 1000px) 100vw, 1000px\" \/><\/figure>\n<\/div>\n<\/div>\n\n<h3 class=\"wp-block-heading\">Mobil l\u00e9gh\u0171t\u0151k: a rugalmas, nagy teljes\u00edtm\u00e9ny\u0171 OberA megold\u00e1s<\/h3>\n\n<p>Az OberA-n\u00e1l azt a strat\u00e9giai d\u00f6nt\u00e9st hoztuk, hogy kiz\u00e1r\u00f3lag <strong>mobil h\u0171t\u0151ket<\/strong> k\u00edn\u00e1lunk <strong>ipari m\u0171helyek sz\u00e1m\u00e1ra<\/strong>, mivel ez a rugalmass\u00e1g nagy el\u0151ny a dinamikus termel\u00e9si k\u00f6rnyezetben.<\/p>\n\n<p><em>A szak\u00e9rt\u0151 v\u00e9lem\u00e9nye: Mozgathat\u00f3s\u00e1guknak k\u00f6sz\u00f6nhet\u0151en IC-h\u0171t\u0151ink gyorsan a m\u0171hely legmelegebb helyis\u00e9geibe helyezhet\u0151k, \u00edgy lehet\u0151v\u00e9 teszik, hogy<\/em><strong><em> a h\u0171t\u00e9s pontos c\u00e9lz\u00e1sa<\/em><\/strong><em>. Ez\u00e1ltal elker\u00fclhet\u0151 a k\u00f6lts\u00e9ges \u00e9s rugalmatlan fix telep\u00edt\u00e9sek sz\u00fcks\u00e9gess\u00e9ge, mik\u00f6zben optim\u00e1lis k\u00e9nyelmet \u00e9s hat\u00e9kony m\u0171k\u00f6d\u00e9st biztos\u00edt.<\/em><br\/><\/p>\n\n<h2 class=\"wp-block-heading\">A l\u00e9gh\u0171t\u0151k el\u0151nyei a megmunk\u00e1l\u00e1sban<\/h2>\n\n<div class=\"wp-block-columns is-layout-flex wp-container-core-columns-is-layout-28f84493 wp-block-columns-is-layout-flex\">\n<div class=\"wp-block-column is-layout-flow wp-block-column-is-layout-flow\" style=\"flex-basis:66.66%\">\n<h3 class=\"wp-block-heading\">C\u00e9lzott h\u0171t\u00e9s a munkater\u00fcleteken<\/h3>\n\n\n\n<p>A mobil l\u00e9gh\u0171t\u0151k jelent\u0151sen cs\u00f6kkenthetik <strong>a k\u00f6rnyezeti h\u0151m\u00e9rs\u00e9kletet<\/strong>, jav\u00edtva a dolgoz\u00f3k k\u00e9nyelm\u00e9t \u00e9s a g\u00e9pek teljes\u00edtm\u00e9ny\u00e9t.<\/p>\n\n\n\n<h3 class=\"wp-block-heading\">Jelent\u0151s energiamegtakar\u00edt\u00e1s a teljes\u00edtm\u00e9ny cs\u00f6kkent\u00e9se n\u00e9lk\u00fcl<\/h3>\n\n\n\n<p>A <a href=\"https:\/\/obera.fr\/hu\/a-mi-tanacsunk\/differences-entre-rafraichisseur-climatiseur\/\">hagyom\u00e1nyos l\u00e9gkondicion\u00e1l\u00f3 rendszerekkel<\/a> ellent\u00e9tben az adiabatikus h\u0171t\u0151k kevesebb energi\u00e1t fogyasztanak (ak\u00e1r 80%-os energiamegtakar\u00edt\u00e1s), ami cs\u00f6kkenti az \u00fczemeltet\u00e9si k\u00f6lts\u00e9geket.<\/p>\n\n\n\n<h3 class=\"wp-block-heading\">Jobb munkak\u00f6rnyezet a nagyobb biztons\u00e1g \u00e9s termel\u00e9kenys\u00e9g \u00e9rdek\u00e9ben<\/h3>\n\n\n\n<p>A h\u0171v\u00f6sebb munkak\u00f6rnyezet seg\u00edti a dolgoz\u00f3k koncentr\u00e1ci\u00f3j\u00e1t, cs\u00f6kkentve a hib\u00e1k \u00e9s balesetek kock\u00e1zat\u00e1t.<\/p>\n<\/div>\n\n\n\n<div class=\"wp-block-column is-layout-flow wp-block-column-is-layout-flow\" style=\"flex-basis:33.33%\">\n<figure class=\"wp-block-image aligncenter size-large is-resized\"><img decoding=\"async\" width=\"1024\" height=\"1024\" src=\"https:\/\/obera.fr\/wp-content\/uploads\/2025\/05\/securite-1024x1024.png\" alt=\"biztons&#xE1;g\" class=\"wp-image-121315\" style=\"width:296px;height:auto\" srcset=\"https:\/\/obera.fr\/wp-content\/uploads\/2025\/05\/securite-1024x1024.png 1024w, https:\/\/obera.fr\/wp-content\/uploads\/2025\/05\/securite-300x300.png 300w, https:\/\/obera.fr\/wp-content\/uploads\/2025\/05\/securite-150x150.png 150w, https:\/\/obera.fr\/wp-content\/uploads\/2025\/05\/securite-768x768.png 768w, https:\/\/obera.fr\/wp-content\/uploads\/2025\/05\/securite.png 1200w\" sizes=\"(max-width: 1024px) 100vw, 1024px\" \/><\/figure>\n<\/div>\n<\/div>\n\n<h3 class=\"wp-block-heading\">Hogyan v\u00e1lassza ki az OberA mobil l\u00e9gfriss\u00edt\u0151t? Legfontosabb krit\u00e9riumok <\/h3>\n\n<p>A l\u00e9gh\u0171t\u0151 kiv\u00e1laszt\u00e1sakor t\u00f6bb szempontot is figyelembe kell venni:<\/p>\n\n<ul class=\"wp-block-list\">\n<li><strong>Tart\u00e1lykapacit\u00e1s \u00e9s auton\u00f3mia<\/strong>: a nagy kapacit\u00e1s biztos\u00edtja a hosszabb auton\u00f3mi\u00e1t, cs\u00f6kkentve az \u00fajrat\u00f6lt\u00e9s sz\u00fcks\u00e9gess\u00e9g\u00e9t. Az IC OberA term\u00e9kcsal\u00e1d nagym\u00e9ret\u0171 tart\u00e1lyokkal rendelkez\u0151 h\u0171t\u0151ket k\u00edn\u00e1l, amelyek t\u00f6bb \u00f3r\u00e1s megszak\u00edt\u00e1s n\u00e9lk\u00fcli auton\u00f3mi\u00e1t biztos\u00edtanak, cs\u00f6kkentve ezzel a karbantart\u00e1si ig\u00e9nyt. <\/li>\n\n\n\n<li><strong>A megfelel\u0151 l\u00e9g\u00e1raml\u00e1si sebess\u00e9g<\/strong>: az optim\u00e1lis hat\u00e9konys\u00e1g \u00e9rdek\u00e9ben a l\u00e9g\u00e1raml\u00e1si sebess\u00e9gnek meg kell felelnie a h\u0171tend\u0151 fel\u00fcletnek. Minden OberA modell az optim\u00e1lis l\u00e9gmennyis\u00e9gre van kalibr\u00e1lva, \u00edgy garant\u00e1lva a nagy ter\u00fcletek egyenletes lefedetts\u00e9g\u00e9t. <\/li>\n\n\n\n<li><strong>Robusztuss\u00e1g \u00e9s ellen\u00e1ll\u00f3 k\u00e9pess\u00e9g<\/strong>: a berendez\u00e9seket intenz\u00edv ipari haszn\u00e1latra kell tervezni, tart\u00f3s, ellen\u00e1ll\u00f3 anyagok felhaszn\u00e1l\u00e1s\u00e1val. Az ellen\u00e1ll\u00f3 anyagok felhaszn\u00e1l\u00e1s\u00e1val gy\u00e1rtott <strong>IC-h\u0171t\u0151ink <\/strong>ellen\u00e1llnak az intenz\u00edv m\u0171helyhaszn\u00e1latnak, gyors \u00e9s egyszer\u0171 karbantart\u00e1s mellett. <br\/><\/li>\n<\/ul>\n\n<h2 class=\"wp-block-heading\">Testreszabott term\u00e9kek \u00e9s megold\u00e1sok<\/h2>\n\n<p>Az OberA Franciaorsz\u00e1gban gy\u00e1rtott, g\u00e9pm\u0171helyek sz\u00e1m\u00e1ra alkalmas, <strong>mobil ipari l\u00e9gfriss\u00edt\u0151k v\u00e1laszt\u00e9k\u00e1t<\/strong> k\u00edn\u00e1lja:<\/p>\n\n<figure class=\"wp-block-table\"><table class=\"has-fixed-layout\"><tbody><tr><td><strong>Modell<\/strong><\/td><td><strong>Fedett ter\u00fclet (m\u00b2)<\/strong><\/td><td><strong>L\u00e9g\u00e1ram (m\u00b3\/h)<\/strong><\/td><td><strong>Tart\u00e1ly kapacit\u00e1sa (L)<\/strong><\/td><td><strong>V\u00edzfogyaszt\u00e1s (L\/h)<\/strong><\/td><\/tr><tr><td><strong>IC12<\/strong><\/td><td>80 &#8211; 150<\/td><td>12 000<\/td><td>70<\/td><td>8 \u00e0 10<\/td><\/tr><tr><td><strong>IC22<\/strong><\/td><td>150 &#8211; 250<\/td><td>22 000<\/td><td>130<\/td><td>10 \u00e0 15<\/td><\/tr><tr><td><strong>IC30<\/strong><\/td><td>250 &#8211; 400<\/td><td>30 000<\/td><td>280<\/td><td>20 \u00e0 30<\/td><\/tr><\/tbody><\/table><\/figure>\n\n<h3 class=\"wp-block-heading\">PureFlow: OberA innov\u00e1ci\u00f3 a tiszt\u00e1bb leveg\u0151\u00e9rt \u00e9s a fenntarthat\u00f3bb berendez\u00e9sek\u00e9rt<\/h3>\n\n<div class=\"wp-block-columns is-layout-flex wp-container-core-columns-is-layout-28f84493 wp-block-columns-is-layout-flex\">\n<div class=\"wp-block-column is-layout-flow wp-block-column-is-layout-flow\" style=\"flex-basis:66.66%\">\n<p>Az OberA kifejlesztette a PureFlow-t, egy szabadalmaztatott <strong>el\u0151sz\u0171r\u00e9si<\/strong> technol\u00f3gi\u00e1t <strong>, amely jelent\u0151sen jav\u00edtja<\/strong> a mobil l\u00e9gfriss\u00edt\u0151k <strong>teljes\u00edtm\u00e9ny\u00e9t \u00e9s tart\u00f3ss\u00e1g\u00e1t<\/strong>.<\/p>\n\n\n\n<p>A standard rendszerekkel ellent\u00e9tben a PureFlow-val felszerelt egys\u00e9gek nagy teljes\u00edtm\u00e9ny\u0171 sz\u0171r\u0151ket \u00e9s UV l\u00e1mp\u00e1t tartalmaznak, a <strong>leveg\u0151 tiszt\u00edt\u00e1s\u00e1nak<\/strong> \u00e9s a szennyez\u0151d\u00e9sek elleni fokozott v\u00e9delem biztos\u00edt\u00e1sa \u00e9rdek\u00e9ben. Ez az innov\u00e1ci\u00f3 nemcsak eg\u00e9szs\u00e9gesebb leveg\u0151t biztos\u00edt a kezel\u0151k sz\u00e1m\u00e1ra, hanem a <strong>berendez\u00e9sek megn\u00f6velt \u00e9lettartam\u00e1t<\/strong> is, ez\u00e1ltal cs\u00f6kkentve a karbantart\u00e1si ig\u00e9nyeket \u00e9s a kapcsol\u00f3d\u00f3 k\u00f6lts\u00e9geket. <\/p>\n<\/div>\n\n\n\n<div class=\"wp-block-column is-layout-flow wp-block-column-is-layout-flow\" style=\"flex-basis:33.33%\">\n<figure class=\"wp-block-image aligncenter size-large is-resized\"><img decoding=\"async\" width=\"1024\" height=\"1024\" src=\"https:\/\/obera.fr\/wp-content\/uploads\/2025\/06\/ic-pureflow-1024x1024.png\" alt=\"ic pureflow\" class=\"wp-image-112651\" style=\"width:272px;height:auto\" srcset=\"https:\/\/obera.fr\/wp-content\/uploads\/2025\/06\/ic-pureflow-1024x1024.png 1024w, https:\/\/obera.fr\/wp-content\/uploads\/2025\/06\/ic-pureflow-300x300.png 300w, https:\/\/obera.fr\/wp-content\/uploads\/2025\/06\/ic-pureflow-150x150.png 150w, https:\/\/obera.fr\/wp-content\/uploads\/2025\/06\/ic-pureflow-768x768.png 768w, https:\/\/obera.fr\/wp-content\/uploads\/2025\/06\/ic-pureflow.png 1200w\" sizes=\"(max-width: 1024px) 100vw, 1024px\" \/><\/figure>\n<\/div>\n<\/div>\n","protected":false},"excerpt":{"rendered":"<p>Ipari k\u00f6rnyezetben, p\u00e9ld\u00e1ul g\u00e9pm\u0171helyekben a h\u0151m\u00e9rs\u00e9klet-szab\u00e1lyoz\u00e1s elengedhetetlen a berendez\u00e9sek teljes\u00edtm\u00e9ny\u00e9nek \u00e9s a dolgoz\u00f3k j\u00f3l\u00e9t\u00e9nek garant\u00e1l\u00e1s\u00e1hoz.<\/p>\n","protected":false},"author":13,"featured_media":114014,"comment_status":"open","ping_status":"closed","sticky":false,"template":"","format":"standard","meta":{"_acf_changed":false,"_seopress_robots_primary_cat":"none","_seopress_titles_title":"G\u00e9pm\u0171helyek: ipari l\u00e9gh\u0171t\u0151k","_seopress_titles_desc":"Optimaliz\u00e1lja munkak\u00f6r\u00fclm\u00e9nyeit az OberA mobil l\u00e9gh\u0171t\u0151kkel. Er\u0151teljes \u00e1raml\u00e1s, nagy tart\u00e1ly \u00e9s p\u00e1rologtat\u00f3 h\u0171t\u00e9s a berendez\u00e9sek \u00e9s a dolgoz\u00f3k v\u00e9delme \u00e9rdek\u00e9ben. ","_seopress_robots_index":"","footnotes":""},"categories":[681],"tags":[436],"class_list":["post-108494","post","type-post","status-publish","format-standard","has-post-thumbnail","hentry","category-megmunkalas-esztergalas-es-feluletkezeles","tag-hutok","generate-columns","tablet-grid-50","mobile-grid-100","grid-parent","grid-50","no-featured-image-padding","resize-featured-image"],"acf":[],"_links":{"self":[{"href":"https:\/\/obera.fr\/hu\/wp-json\/wp\/v2\/posts\/108494","targetHints":{"allow":["GET"]}}],"collection":[{"href":"https:\/\/obera.fr\/hu\/wp-json\/wp\/v2\/posts"}],"about":[{"href":"https:\/\/obera.fr\/hu\/wp-json\/wp\/v2\/types\/post"}],"author":[{"embeddable":true,"href":"https:\/\/obera.fr\/hu\/wp-json\/wp\/v2\/users\/13"}],"replies":[{"embeddable":true,"href":"https:\/\/obera.fr\/hu\/wp-json\/wp\/v2\/comments?post=108494"}],"version-history":[{"count":8,"href":"https:\/\/obera.fr\/hu\/wp-json\/wp\/v2\/posts\/108494\/revisions"}],"predecessor-version":[{"id":133724,"href":"https:\/\/obera.fr\/hu\/wp-json\/wp\/v2\/posts\/108494\/revisions\/133724"}],"wp:featuredmedia":[{"embeddable":true,"href":"https:\/\/obera.fr\/hu\/wp-json\/wp\/v2\/media\/114014"}],"wp:attachment":[{"href":"https:\/\/obera.fr\/hu\/wp-json\/wp\/v2\/media?parent=108494"}],"wp:term":[{"taxonomy":"category","embeddable":true,"href":"https:\/\/obera.fr\/hu\/wp-json\/wp\/v2\/categories?post=108494"},{"taxonomy":"post_tag","embeddable":true,"href":"https:\/\/obera.fr\/hu\/wp-json\/wp\/v2\/tags?post=108494"}],"curies":[{"name":"wp","href":"https:\/\/api.w.org\/{rel}","templated":true}]}}