{"id":108556,"date":"2025-06-03T15:50:35","date_gmt":"2025-06-03T13:50:35","guid":{"rendered":"https:\/\/obera.fr\/a-mi-tanacsunk\/rafraichisseur-ferroviaire\/"},"modified":"2025-11-21T11:22:32","modified_gmt":"2025-11-21T09:22:32","slug":"rafraichisseur-ferroviaire","status":"publish","type":"post","link":"https:\/\/obera.fr\/hu\/vasut\/rafraichisseur-ferroviaire\/","title":{"rendered":"A h\u0171t\u00e9s optimaliz\u00e1l\u00e1sa a vas\u00fati \u00e1gazatban: OberA megold\u00e1sok"},"content":{"rendered":"\n<p>A vas\u00fati iparban a<strong> h\u0151kezel\u00e9s <\/strong>kulcsfontoss\u00e1g\u00fa a szem\u00e9lyzet biztons\u00e1g\u00e1nak \u00e9s a berendez\u00e9sek megb\u00edzhat\u00f3s\u00e1g\u00e1nak biztos\u00edt\u00e1sa szempontj\u00e1b\u00f3l&#8230;. A gyakran nagy h\u0151terhel\u00e9snek kitett vas\u00fati k\u00f6rnyezet hat\u00e9kony \u00e9s megfelel\u0151 h\u0171t\u00e9si megold\u00e1sokat ig\u00e9nyel. Az OberA, az <strong>ipari leveg\u0151kezel\u00e9s specialist\u00e1ja<\/strong> olyan innovat\u00edv megold\u00e1sokat k\u00edn\u00e1l, amelyek megfelelnek a vas\u00fati \u00e1gazat speci\u00e1lis k\u00f6vetelm\u00e9nyeinek.<\/p>\n\n<figure class=\"wp-block-image alignright size-large is-resized\"><img decoding=\"async\" width=\"1024\" height=\"705\" src=\"https:\/\/obera.fr\/wp-content\/uploads\/2025\/06\/train-1-1024x705.jpg\" alt=\"vonat\" class=\"wp-image-111888\" style=\"width:427px;height:auto\" srcset=\"https:\/\/obera.fr\/wp-content\/uploads\/2025\/06\/train-1-1024x705.jpg 1024w, https:\/\/obera.fr\/wp-content\/uploads\/2025\/06\/train-1-300x207.jpg 300w, https:\/\/obera.fr\/wp-content\/uploads\/2025\/06\/train-1-768x529.jpg 768w, https:\/\/obera.fr\/wp-content\/uploads\/2025\/06\/train-1-1536x1058.jpg 1536w, https:\/\/obera.fr\/wp-content\/uploads\/2025\/06\/train-1-2048x1411.jpg 2048w\" sizes=\"(max-width: 1024px) 100vw, 1024px\" \/><\/figure>\n\n<h2 class=\"wp-block-heading\">A vas\u00fati iparra jellemz\u0151 termikus probl\u00e9m\u00e1k<\/h2>\n\n<p>A vas\u00fati iparban a<strong> h\u0151technikai k\u00e9rd\u00e9sek <\/strong>els\u0151sorban a m\u0171szaki munkak\u00f6rnyezeteket \u00e9rintik: a karbantart\u00f3 m\u0171helyeket, az \u00fczemcsarnokokat, a jelz\u0151f\u00fclk\u00e9ket, az elektromos helyis\u00e9geket, a rendez\u0151 p\u00e1lyaudvarokat \u00e9s a transzform\u00e1tor\u00e1llom\u00e1sokat. Ezek a ter\u00fcletek gyakran rosszul szell\u0151ztethet\u0151k, nagy ny\u00e1ri h\u0151s\u00e9gnek vagy <strong>bels\u0151 h\u0151kibocs\u00e1t\u00e1snak <\/strong> vannak kit\u00e9ve (\u00e1talak\u00edt\u00f3k, elektromos szekr\u00e9nyek, statikus g\u00e9pek vagy terhel\u00e9s alatt \u00e1ll\u00f3 g\u00e9pek). Ez sz\u00e1mos kih\u00edv\u00e1s el\u00e9 \u00e1ll\u00edtja a gy\u00e1rt\u00f3kat:    <\/p>\n\n<h3 class=\"wp-block-heading\">Csapatok v\u00e9delme forr\u00f3 munkater\u00fcleteken<\/h3>\n\n<p><strong>A szerviz\u00fczemeltet\u0151k \u00e9s a technikusok<\/strong> rendszeresen dolgoznak z\u00e1rt helyis\u00e9gekben, nagy h\u0151termel\u0151 berendez\u00e9sek k\u00f6zel\u00e9ben. A magas k\u00f6rnyezeti h\u0151m\u00e9rs\u00e9klet : <\/p>\n\n<ul class=\"wp-block-list\">\n<li>Cs\u00f6kkenti az \u00e9bers\u00e9get \u00e9s a koncentr\u00e1ci\u00f3t,<\/li>\n\n\n\n<li>N\u00f6veli a f\u00e1radts\u00e1g, a hib\u00e1k vagy a balesetek kock\u00e1zat\u00e1t,<\/li>\n\n\n\n<li>Lass\u00edtja a termel\u00e9kenys\u00e9get, vagy ak\u00e1r blokkol bizonyos m\u0171veleteket.<br\/><\/li>\n<\/ul>\n\n<p>A <a href=\"https:\/\/obera.fr\/hu\/produits\/rafraichisseurs-air\/\">mobil l\u00e9gfriss\u00edt\u0151 megold\u00e1sok<\/a>, mint az OberA IC term\u00e9kcsal\u00e1dja, lehet\u0151v\u00e9 teszik a kritikus ter\u00fcletek megc\u00e9lz\u00e1s\u00e1t frissebb leveg\u0151 k\u00f6zvetlen bef\u00fav\u00e1s\u00e1val a munka\u00e1llom\u00e1sokra. K\u00f6nny\u0171ek, mobilak \u00e9s neh\u00e9zkes telep\u00edt\u00e9s n\u00e9lk\u00fcl, ezek a rendszerek azonnali \u00e9s lokaliz\u00e1lt h\u0151komfortot biztos\u00edtanak, <strong>t\u00f6k\u00e9letesen illeszkedve a<\/strong> <strong>vas\u00fati k\u00f6rnyezetekhez<\/strong>.<\/p>\n\n<h3 class=\"wp-block-heading\">A m\u0171szaki \u00e9s elektromos berendez\u00e9sek megb\u00edzhat\u00f3s\u00e1g\u00e1nak biztos\u00edt\u00e1sa<\/h3>\n\n<p>A k\u00e9nyelem mellett a<strong> h\u0151stabilit\u00e1s<\/strong> is<strong> l\u00e9tfontoss\u00e1g\u00fa<\/strong> a vas\u00fati berendez\u00e9sek zavartalan m\u0171k\u00f6d\u00e9s\u00e9hez. Az elektromos szekr\u00e9nyek, jelz\u0151f\u00fclk\u00e9k, vez\u00e9rl\u0151\u00e1llom\u00e1sok \u00e9s \u00e1ram\u00e1talak\u00edt\u00f3k <strong>\u00e9rz\u00e9kenyek a h\u0151m\u00e9rs\u00e9klet-ingadoz\u00e1sokra \u00e9s -cs\u00facsokra<\/strong>. <\/p>\n\n<p><em>A t\u00falmeleged\u00e9s elektronikai meghib\u00e1sod\u00e1shoz, \u00e1ramkimarad\u00e1shoz, teljes\u00edtm\u00e9nycs\u00f6kken\u00e9shez \u00e9s ak\u00e1r elektromos t\u00fczekhez is vezethet. A h\u0171t\u00e9s ez\u00e9rt mind az \u00fczemeltet\u00e9si, mind a biztons\u00e1gi k\u00f6vetelm\u00e9nyeknek megfelel. <\/em><\/p>\n\n<p>E berendez\u00e9sek hat\u00e9kony h\u0171t\u00e9se c\u00e9lzott, alkalmazkod\u00f3 megold\u00e1sokon alapul, bele\u00e9rtve az<strong> ipari l\u00e9gh\u0171t\u0151ket <\/strong>, amelyek k\u00e9pesek kompresszorok \u00e9s h\u0171t\u0151k\u00f6zegek n\u00e9lk\u00fcl, minim\u00e1lis energiafogyaszt\u00e1s mellett m\u0171k\u00f6dni. Az OberA modellek k\u00fcl\u00f6n\u00f6sen a nagy teljes\u00edtm\u00e9ny\u0171 be\u00e9p\u00edtett ventil\u00e1tornak \u00e9s a <a href=\"https:\/\/obera.fr\/hu\/produits\/rafraichisseurs-air\/rafraichisseurs-par-evaporation-ic\/\">v\u00edzp\u00e1rologtat\u00e1ssal m\u0171k\u00f6d\u0151 h\u0171t\u0151rendszernek<\/a> k\u00f6sz\u00f6nhet\u0151en j\u00f3 l\u00e9gkering\u00e9st biztos\u00edtanak, \u00e9s korl\u00e1tozz\u00e1k a kritikus berendez\u00e9sek k\u00f6r\u00fcli forr\u00f3 pontok kialakul\u00e1s\u00e1t. <\/p>\n\n<figure class=\"wp-block-image alignleft size-large is-resized\"><img decoding=\"async\" width=\"1024\" height=\"1024\" src=\"https:\/\/obera.fr\/wp-content\/uploads\/2025\/06\/chaleur-1024x1024.png\" alt=\"h&#x151;\" class=\"wp-image-111912\" style=\"width:232px;height:auto\" srcset=\"https:\/\/obera.fr\/wp-content\/uploads\/2025\/06\/chaleur-1024x1024.png 1024w, https:\/\/obera.fr\/wp-content\/uploads\/2025\/06\/chaleur-300x300.png 300w, https:\/\/obera.fr\/wp-content\/uploads\/2025\/06\/chaleur-150x150.png 150w, https:\/\/obera.fr\/wp-content\/uploads\/2025\/06\/chaleur-768x768.png 768w, https:\/\/obera.fr\/wp-content\/uploads\/2025\/06\/chaleur.png 1080w\" sizes=\"(max-width: 1024px) 100vw, 1024px\" \/><\/figure>\n\n<h3 class=\"wp-block-heading\">Az \u00fczletmenet folytonoss\u00e1g\u00e1nak fenntart\u00e1sa sz\u00e9ls\u0151s\u00e9ges k\u00f6r\u00fclm\u00e9nyek k\u00f6z\u00f6tt<\/h3>\n\n<p>A vas\u00fati telephelyek <strong>sz\u00e9ls\u0151s\u00e9ges \u00e9ghajlati viszonyoknak<\/strong> vannak kit\u00e9ve, k\u00fcl\u00f6n\u00f6sen ny\u00e1ron vagy nagy h\u0151m\u00e9rs\u00e9klet-ingadoz\u00e1ssal jellemezhet\u0151 r\u00e9gi\u00f3kban. Egyes rakt\u00e1rak vagy karbantart\u00e1si ter\u00fcletek nem l\u00e9gkondicion\u00e1ltak \u00e9s nem rendelkeznek \u00e1lland\u00f3 szell\u0151ztet\u00e9ssel. A h\u0151s\u00e9g ez\u00e9rt hat\u00e1ssal lehet a :  <\/p>\n\n<ul class=\"wp-block-list\">\n<li>A g\u00f6rd\u00fcl\u0151\u00e1llom\u00e1ny karbantart\u00e1si m\u0171veletei,<\/li>\n\n\n\n<li>\u00d6sszeszerel\u0151 vagy ellen\u0151rz\u0151 sorok \u00fczemeltet\u00e9se,<\/li>\n\n\n\n<li>R\u00f6gz\u00edtett t\u00e1pegys\u00e9g \u00e9s vez\u00e9rl\u0151berendez\u00e9sek.<br\/><\/li>\n<\/ul>\n\n<p>Ebben az \u00f6sszef\u00fcgg\u00e9sben a <strong>mobil h\u0171t\u0151rendszerek<\/strong> nagy rugalmass\u00e1got k\u00edn\u00e1lnak: ad hoc jelleggel telep\u00edthet\u0151k egy korl\u00e1tozott ter\u00fcleten, egyik helysz\u00ednr\u0151l a m\u00e1sikra \u00e1thelyezhet\u0151k, vagy a k\u00f6zponti l\u00e9gkondicion\u00e1l\u00e1s meghib\u00e1sod\u00e1sa eset\u00e9n haszn\u00e1lhat\u00f3k. Ez egy robusztus megold\u00e1s, amely gyorsan telep\u00edthet\u0151 \u00e9s hossz\u00fa \u00e9lettartam\u00fa. <\/p>\n\n<h2 class=\"wp-block-heading\">A h\u0171t\u00e9si megold\u00e1sok \u00e1ttekint\u00e9se<\/h2>\n\n<h3 class=\"wp-block-heading\">A termikus kih\u00edv\u00e1sokra adott megfelel\u0151 v\u00e1lasz megtal\u00e1l\u00e1sa<\/h3>\n\n<p>Az<strong> OberA \u00e1ltal k\u00edn\u00e1lt h\u0171t\u00e9si megold\u00e1sok<\/strong>, k\u00fcl\u00f6n\u00f6sen az IC term\u00e9kcsal\u00e1d, a vas\u00fati ipar k\u00f6vetelm\u00e9nyeihez igaz\u00edtott megold\u00e1st k\u00edn\u00e1lnak. Hat\u00e9konys\u00e1guknak, mobilit\u00e1suknak \u00e9s alacsony energiafogyaszt\u00e1suknak k\u00f6sz\u00f6nhet\u0151en ezek a berendez\u00e9sek <strong>b\u00f6lcs v\u00e1laszt\u00e1snak<\/strong> bizonyulnak a vas\u00fati \u00e1gazat <strong>szakemberei sz\u00e1m\u00e1ra<\/strong>. <\/p>\n\n<h3 class=\"wp-block-heading\">P\u00e1rologtat\u00f3 l\u00e9gh\u0171t\u0151k (adiabatikus h\u0171t\u0151k) m\u0171k\u00f6d\u00e9se  <\/h3>\n\n<p>Az <strong>OberA IC term\u00e9kcsal\u00e1dba tartoz\u00f3 mobil l\u00e9gh\u0171t\u0151k<\/strong> a p\u00e1rolg\u00e1s elv\u00e9t haszn\u00e1lj\u00e1k a leveg\u0151 h\u0151m\u00e9rs\u00e9klet\u00e9nek cs\u00f6kkent\u00e9s\u00e9re. Ez az adiabatikus h\u0171t\u00e9sk\u00e9nt is ismert technol\u00f3gia k\u00fcl\u00f6n\u00f6sen hat\u00e9kony ipari k\u00f6rnyezetben. <\/p>\n\n<p>Sz\u00e1mos el\u0151nye van:<\/p>\n\n<ul class=\"wp-block-list\">\n<li>Mobilit\u00e1s: sz\u00fcks\u00e9g szerint k\u00f6nnyen mozgathat\u00f3;<\/li>\n\n\n\n<li>Energiahat\u00e9konys\u00e1g: cs\u00f6kkentett villamosenergia-fogyaszt\u00e1s ;<\/li>\n\n\n\n<li>Egyszer\u0171 telep\u00edt\u00e9s: nincs sz\u00fcks\u00e9g nagyobb munk\u00e1ra.<br\/><\/li>\n<\/ul>\n\n<h3 class=\"wp-block-heading\">Mi a helyzet a fed\u00e9lzeti l\u00e9gkondicion\u00e1l\u00f3 rendszerekkel?<\/h3>\n\n<p>A vonatokba \u00e9s villamosokba \u00e9p\u00edtett <strong>l\u00e9gkondicion\u00e1l\u00f3 rendszereket<\/strong> \u00fagy tervezt\u00e9k, hogy a j\u00e1rm\u0171vekben kellemes h\u0151m\u00e9rs\u00e9kletet tartsanak fenn. Rendszeres karbantart\u00e1st ig\u00e9nyelnek, \u00e9s k\u00fcl\u00f6n\u00f6s figyelmet kell ford\u00edtani az<strong>energiahat\u00e9konys\u00e1gra<\/strong>. Ny\u00edlt vagy r\u00e9szben nyitott helyis\u00e9gekben, mint p\u00e9ld\u00e1ul m\u0171helyekben, rakt\u00e1rakban vagy m\u0171szaki \u00e1llom\u00e1sokon k\u00fcl\u00f6n\u00f6sen aj\u00e1nlott az adiabatikus h\u0171t\u0151k haszn\u00e1lata. Ezek <strong>azonnali h\u0171t\u00e9st<\/strong> biztos\u00edtanak <strong>nagyobb munk\u00e1latok vagy telep\u00edt\u00e9s n\u00e9lk\u00fcl<\/strong>, \u00e9s 15-sz\u00f6r kevesebbe ker\u00fclnek, mint a hagyom\u00e1nyos l\u00e9gkondicion\u00e1l\u00f3 berendez\u00e9sek.     <\/p>\n\n<p><em>A szak\u00e9rt\u0151 szava: a p\u00e1rologtat\u00f3 h\u0171t\u0151k is z\u00f6ldebb alternat\u00edv\u00e1t jelentenek. Nem haszn\u00e1lnak   <\/em><strong><em>k\u00e1ros h\u0171t\u0151k\u00f6zeg<\/em><\/strong><em>  mint a l\u00e9gkondicion\u00e1l\u00f3k. Az \u00e1ramfogyaszt\u00e1suk 10-szer alacsonyabb, mint egy l\u00e9gkondicion\u00e1l\u00f3\u00e9. <\/em><\/p>\n\n<h3 class=\"wp-block-heading\">\u00c9rz\u00e9keny berendez\u00e9sek h\u0171t\u00e9se<\/h3>\n\n<p>Az elektromos szekr\u00e9nyek \u00e9s <strong>m\u00e1s<\/strong> kritikus <strong>elektronikai<\/strong> berendez\u00e9sek folyamatos h\u0171t\u00e9st ig\u00e9nyelnek az optim\u00e1lis hat\u00e9konys\u00e1g\u00fa m\u0171k\u00f6d\u00e9shez. A megfelel\u0151 h\u0151m\u00e9rs\u00e9klet fenntart\u00e1s\u00e1hoz speci\u00e1lis megold\u00e1sokat, p\u00e9ld\u00e1ul<strong> ipari ventil\u00e1torokat \u00e9s helyi h\u0171t\u0151rendszereket<\/strong> haszn\u00e1lnak. <\/p>\n\n<figure class=\"wp-block-image alignright size-full is-resized\"><img decoding=\"async\" width=\"608\" height=\"567\" src=\"https:\/\/obera.fr\/wp-content\/uploads\/2025\/03\/fraicheur.png\" alt=\"frissess&#xE9;g\" class=\"wp-image-76310\" style=\"width:156px;height:auto\" srcset=\"https:\/\/obera.fr\/wp-content\/uploads\/2025\/03\/fraicheur.png 608w, https:\/\/obera.fr\/wp-content\/uploads\/2025\/03\/fraicheur-300x280.png 300w\" sizes=\"(max-width: 608px) 100vw, 608px\" \/><\/figure>\n\n<h2 class=\"wp-block-heading\">Mi\u00e9rt \u00e9rdemes a vas\u00fati \u00e1gazatra szabott rendszert v\u00e1lasztani?<\/h2>\n\n<ul class=\"wp-block-list\">\n<li>Nagyobb megb\u00edzhat\u00f3s\u00e1g: kevesebb t\u00falmeleged\u00e9s miatti meghib\u00e1sod\u00e1s ;<\/li>\n\n\n\n<li>Meghosszabb\u00edtott \u00e9lettartam: a berendez\u00e9s optim\u00e1lis k\u00f6r\u00fclm\u00e9nyek k\u00f6z\u00f6tt m\u0171k\u00f6dik;<\/li>\n\n\n\n<li>Jobb k\u00e9nyelem: a szem\u00e9lyzet sz\u00e1m\u00e1ra ;<\/li>\n\n\n\n<li>Energiahat\u00e9konys\u00e1g: cs\u00f6kkentett fogyaszt\u00e1s, kisebb k\u00f6rnyezeti hat\u00e1s.<\/li>\n<\/ul>\n\n<h2 class=\"wp-block-heading\">A megfelel\u0151 s\u00ednh\u0171t\u0151rendszer kiv\u00e1laszt\u00e1sa: tan\u00e1csaink<\/h2>\n\n<h3 class=\"wp-block-heading\">A 4 OberA tipp<\/h3>\n\n<p>Az OberA csapatok, az <strong>ipari k\u00f6rnyezet leveg\u0151kezel\u00e9s\u00e9nek szak\u00e9rt\u0151i<\/strong>, a teljes\u00edtm\u00e9nyen, a k\u00f6nny\u0171 haszn\u00e1laton \u00e9s a terepi k\u00f6r\u00fclm\u00e9nyekhez val\u00f3 alkalmazkod\u00f3k\u00e9pess\u00e9gen alapul\u00f3 megk\u00f6zel\u00edt\u00e9st javasolnak.<\/p>\n\n<p>Az els\u0151 l\u00e9p\u00e9s a <strong>h\u0171t\u00e9si kapacit\u00e1s<\/strong> helyes <strong>m\u00e9retez\u00e9se<\/strong>. Ennek sor\u00e1n figyelembe kell venni a kezelend\u0151 t\u00e9rfogatot, a bels\u0151 h\u0151forr\u00e1sokat (elektromos berendez\u00e9sek, g\u00e9pek) \u00e9s a szell\u0151z\u00e9si vagy naps\u00fct\u00e9si k\u00f6r\u00fclm\u00e9nyeket. <\/p>\n\n<p><strong>A telep\u00edt\u00e9s egyszer\u0171s\u00e9ge szint\u00e9n alapvet\u0151 fontoss\u00e1g\u00fa<\/strong>, k\u00fcl\u00f6n\u00f6sen olyan k\u00f6rnyezetben, ahol minden technikai le\u00e1ll\u00e1s hat\u00e1ssal van a termel\u00e9kenys\u00e9gre. Egy mobil h\u0171t\u0151t gyorsan, munka vagy bonyolult csatlakoz\u00e1sok n\u00e9lk\u00fcl lehet telep\u00edteni, \u00e9s k\u00f6nnyen \u00e1thelyezhet\u0151 egyik ter\u00fcletr\u0151l a m\u00e1sikra. <\/p>\n\n<p>A rendszereknek meg kell felelni\u00fck a vas\u00fati \u00e1gazat k\u00f6vetelm\u00e9nyeinek is: robusztuss\u00e1g, porral, nedvess\u00e9ggel vagy h\u0151ingadoz\u00e1ssal szembeni ellen\u00e1ll\u00e1s. <strong>A j\u00f3 berendez\u00e9seknek k\u00e9pesnek kell lenni\u00fck a megszak\u00edt\u00e1s n\u00e9lk\u00fcli m\u0171k\u00f6d\u00e9sre,<\/strong> m\u00e9g roml\u00f3 k\u00f6r\u00fclm\u00e9nyek k\u00f6z\u00f6tt is. <\/p>\n\n<p>V\u00e9g\u00fcl pedig az energiahat\u00e9konys\u00e1g \u00e9s a k\u00f6nny\u0171 karbantart\u00e1s d\u00f6nt\u0151 el\u0151ny\u00f6k. <a href=\"https:\/\/obera.fr\/hu\/produits\/rafraichisseurs-air\/\">Az OberA adiabatikus h\u0171t\u0151k<\/a> keveset fogyasztanak, nem ig\u00e9nyelnek h\u0171t\u0151g\u00e1zt, \u00e9s rendszeres tiszt\u00edt\u00e1ssal k\u00f6nnyen karbantarthat\u00f3k. <\/p>\n\n<h3 class=\"wp-block-heading\">Ne feledje, amikor kiv\u00e1lasztja a h\u0171t\u0151rendszert :<\/h3>\n\n<ul class=\"wp-block-list\">\n<li><strong>A h\u0171t\u0151kapacit\u00e1s m\u00e9retez\u00e9se <\/strong>a t\u00e9rfogat \u00e9s a h\u0151forr\u00e1sok szerint;<\/li>\n\n\n\n<li><strong>V\u00e1lasszon<\/strong> olyan <strong>mobil rendszereket<\/strong>, amelyek k\u00f6nnyen telep\u00edthet\u0151k \u00e9s mozgathat\u00f3k;<\/li>\n\n\n\n<li><strong>Ellen\u0151rizze a robusztuss\u00e1got \u00e9s a vas\u00fati k\u00f6r\u00fclm\u00e9nyeknek val\u00f3 megfelel\u00e9st<\/strong> (por, p\u00e1ratartalom, \u00fct\u00e9sek);<\/li>\n\n\n\n<li><strong>V\u00e1lassza az energiahat\u00e9kony,<\/strong> \u00fcvegh\u00e1zhat\u00e1s\u00fa g\u00e1zokt\u00f3l mentes <strong>berendez\u00e9seket<\/strong>;<\/li>\n\n\n\n<li><strong>V\u00e1lasszon alacsony karbantart\u00e1si ig\u00e9ny\u0171 megold\u00e1st<\/strong> a folyamatos m\u0171k\u00f6d\u00e9s biztos\u00edt\u00e1sa \u00e9rdek\u00e9ben.<\/li>\n<\/ul>\n\n<h2 class=\"wp-block-heading\">OberA megold\u00e1sok: szak\u00e9rtelem, teljes\u00edtm\u00e9ny \u00e9s mobilit\u00e1s<\/h2>\n\n<p>Az OberA mobil l\u00e9gh\u0171t\u0151k sorozat\u00e1t k\u00edn\u00e1lja: az IC sorozatot. Az <strong>ig\u00e9nyes ipari k\u00f6rnyezetek ig\u00e9nyeinek<\/strong> megfelel\u0151en tervezett berendez\u00e9sek hat\u00e9kony, gazdas\u00e1gos \u00e9s k\u00f6rnyezetbar\u00e1t h\u0171t\u00e9si megold\u00e1st k\u00edn\u00e1lnak. <\/p>\n\n<figure class=\"wp-block-image alignright size-large is-resized\"><img decoding=\"async\" width=\"1024\" height=\"856\" src=\"https:\/\/obera.fr\/wp-content\/uploads\/2024\/11\/gamme-ic-1-1024x856.png\" alt=\"ic-tartom&#xE1;ny\" class=\"wp-image-49129\" style=\"width:246px;height:auto\" srcset=\"https:\/\/obera.fr\/wp-content\/uploads\/2024\/11\/gamme-ic-1-1024x856.png 1024w, https:\/\/obera.fr\/wp-content\/uploads\/2024\/11\/gamme-ic-1-300x251.png 300w, https:\/\/obera.fr\/wp-content\/uploads\/2024\/11\/gamme-ic-1-768x642.png 768w, https:\/\/obera.fr\/wp-content\/uploads\/2024\/11\/gamme-ic-1.png 1200w\" sizes=\"(max-width: 1024px) 100vw, 1024px\" \/><\/figure>\n\n<h3 class=\"wp-block-heading\">Az IC term\u00e9kcsal\u00e1d jellemz\u0151i :<\/h3>\n\n<ul class=\"wp-block-list\">\n<li>El\u00e9rhet\u0151 modellek: IC 12, IC 22, IC 30 ;<\/li>\n\n\n\n<li>Leveg\u0151\u00e1raml\u00e1s: ak\u00e1r 30 000 m\u00b3\/h ;<\/li>\n\n\n\n<li>Energiafogyaszt\u00e1s: alacsony, a kompresszorok hi\u00e1ny\u00e1nak k\u00f6sz\u00f6nhet\u0151en;<\/li>\n\n\n\n<li>Mobilit\u00e1s: kerekes kialak\u00edt\u00e1s a k\u00f6nny\u0171 mozgat\u00e1s \u00e9rdek\u00e9ben;<\/li>\n\n\n\n<li>Gyors telep\u00edt\u00e9s: \u00fczembe helyez\u00e9s nagyobb munk\u00e1latok n\u00e9lk\u00fcl;<\/li>\n\n\n\n<li>Pureflow el\u0151sz\u0171r\u00e9si technol\u00f3gi\u00e1val felszerelve (jav\u00edtja a berendez\u00e9sek teljes\u00edtm\u00e9ny\u00e9t \u00e9s tart\u00f3ss\u00e1g\u00e1t).<\/li>\n<\/ul>\n\n<h3 class=\"wp-block-heading\">A piacon el\u00e9rhet\u0151 megold\u00e1sok \u00f6sszehasonl\u00edt\u00e1sa<\/h3>\n\n<figure class=\"wp-block-table\"><table class=\"has-fixed-layout\"><tbody><tr><td><strong>Krit\u00e9riumok<\/strong><\/td><td><strong>OberA IC term\u00e9kcsal\u00e1d<\/strong><\/td><td><strong>Hagyom\u00e1nyos l\u00e9gkondicion\u00e1l\u00f3<\/strong><\/td><td><strong>Ipari ventil\u00e1tor<\/strong><\/td><\/tr><tr><td><strong>M\u0171k\u00f6d\u00e9si elv<\/strong><\/td><td>Term\u00e9szetes p\u00e1rolg\u00e1s<\/td><td>H\u0171t\u0151g\u00e1z s\u0171r\u00edt\u00e9se<\/td><td>L\u00e9gkering\u00e9s<\/td><\/tr><tr><td><strong>Energiafogyaszt\u00e1s<\/strong><\/td><td>Alacsony<\/td><td>Magas<\/td><td>Alacsony<\/td><\/tr><tr><td><strong>Telep\u00edt\u00e9s<\/strong><\/td><td>Egyszer\u0171, mobil<\/td><td>Komplex, r\u00f6gz\u00edtett<\/td><td>Egyszer\u0171, mobil<\/td><\/tr><tr><td><strong>H\u0171t\u00e9si hat\u00e9konys\u00e1g<\/strong><\/td><td>Magas<\/td><td>Nagyon magas<\/td><td>Alacsony<\/td><\/tr><tr><td><strong>K\u00f6rnyezeti hat\u00e1s<\/strong><\/td><td>Alacsony<\/td><td>Magas<\/td><td>Alacsony<\/td><\/tr><\/tbody><\/table><\/figure>\n\n<p><em>Nem tudja, melyik megold\u00e1s felel meg legink\u00e1bb az \u00d6n ig\u00e9nyeinek? Az OberA ipari szak\u00e9rtelme az \u00d6n rendelkez\u00e9s\u00e9re \u00e1ll, hogy <\/em><strong><em>  tan\u00e1csot adunk \u00d6nnek \u00e9s tesztelj\u00fck a legmegfelel\u0151bb h\u0171t\u00e9si megold\u00e1st<\/em><\/strong><em>  az \u00d6n egyedi ig\u00e9nyeinek megfelel\u0151en. Csapataink a diagn\u00f3zist\u00f3l az \u00fczembe helyez\u00e9sig t\u00e1mogatj\u00e1k \u00d6nt, garant\u00e1lva a teljes\u00edtm\u00e9nyt \u00e9s a megb\u00edzhat\u00f3s\u00e1got a helysz\u00ednen. A nagyobb rugalmass\u00e1g \u00e9rdek\u00e9ben mobil h\u0171t\u0151berendez\u00e9seink b\u00e9relhet\u0151ek vagy megv\u00e1s\u00e1rolhat\u00f3ak, az \u00d6n m\u0171k\u00f6d\u00e9si korl\u00e1tait\u00f3l f\u00fcgg\u0151en.  <\/em><\/p>\n","protected":false},"excerpt":{"rendered":"<p>A vas\u00fati iparban a h\u0151kezel\u00e9s kulcsfontoss\u00e1g\u00fa a szem\u00e9lyzet biztons\u00e1g\u00e1nak \u00e9s a berendez\u00e9sek megb\u00edzhat\u00f3s\u00e1g\u00e1nak biztos\u00edt\u00e1sa szempontj\u00e1b\u00f3l&#8230;. A vas\u00fati k\u00f6rnyezet gyakran nagy h\u0151terhel\u00e9snek van kit\u00e9ve, \u00e9s hat\u00e9kony, megfelel\u0151 h\u0171t\u00e9si megold\u00e1sokat ig\u00e9nyel.<\/p>\n","protected":false},"author":13,"featured_media":111874,"comment_status":"open","ping_status":"closed","sticky":false,"template":"","format":"standard","meta":{"_acf_changed":false,"_seopress_robots_primary_cat":"none","_seopress_titles_title":"S\u00ednh\u0171t\u00e9s v\u00e1s\u00e1rl\u00e1si \u00fatmutat\u00f3","_seopress_titles_desc":"Optimaliz\u00e1lja a h\u0151m\u00e9rs\u00e9kletet a vas\u00fati m\u0171helyekben az OberA mobil megold\u00e1saival. Szak\u00e9rt\u0151i tan\u00e1csad\u00e1s, helysz\u00edni tesztel\u00e9s, v\u00e1s\u00e1rl\u00e1s vagy b\u00e9rl\u00e9s. ","_seopress_robots_index":"","footnotes":""},"categories":[828],"tags":[436],"class_list":["post-108556","post","type-post","status-publish","format-standard","has-post-thumbnail","hentry","category-vasut","tag-hutok","generate-columns","tablet-grid-50","mobile-grid-100","grid-parent","grid-50","no-featured-image-padding","resize-featured-image"],"acf":[],"_links":{"self":[{"href":"https:\/\/obera.fr\/hu\/wp-json\/wp\/v2\/posts\/108556","targetHints":{"allow":["GET"]}}],"collection":[{"href":"https:\/\/obera.fr\/hu\/wp-json\/wp\/v2\/posts"}],"about":[{"href":"https:\/\/obera.fr\/hu\/wp-json\/wp\/v2\/types\/post"}],"author":[{"embeddable":true,"href":"https:\/\/obera.fr\/hu\/wp-json\/wp\/v2\/users\/13"}],"replies":[{"embeddable":true,"href":"https:\/\/obera.fr\/hu\/wp-json\/wp\/v2\/comments?post=108556"}],"version-history":[{"count":6,"href":"https:\/\/obera.fr\/hu\/wp-json\/wp\/v2\/posts\/108556\/revisions"}],"predecessor-version":[{"id":133718,"href":"https:\/\/obera.fr\/hu\/wp-json\/wp\/v2\/posts\/108556\/revisions\/133718"}],"wp:featuredmedia":[{"embeddable":true,"href":"https:\/\/obera.fr\/hu\/wp-json\/wp\/v2\/media\/111874"}],"wp:attachment":[{"href":"https:\/\/obera.fr\/hu\/wp-json\/wp\/v2\/media?parent=108556"}],"wp:term":[{"taxonomy":"category","embeddable":true,"href":"https:\/\/obera.fr\/hu\/wp-json\/wp\/v2\/categories?post=108556"},{"taxonomy":"post_tag","embeddable":true,"href":"https:\/\/obera.fr\/hu\/wp-json\/wp\/v2\/tags?post=108556"}],"curies":[{"name":"wp","href":"https:\/\/api.w.org\/{rel}","templated":true}]}}