{"id":108572,"date":"2025-06-04T10:29:29","date_gmt":"2025-06-04T08:29:29","guid":{"rendered":"https:\/\/obera.fr\/a-mi-tanacsunk\/purificateur-traitement-papier\/"},"modified":"2025-08-29T10:05:21","modified_gmt":"2025-08-29T08:05:21","slug":"purificateur-traitement-papier","status":"publish","type":"post","link":"https:\/\/obera.fr\/hu\/papir-karton-hu\/purificateur-traitement-papier\/","title":{"rendered":"Pap\u00edrr\u00e9szecsk\u00e9k kezel\u00e9s\u00e9re szolg\u00e1l\u00f3 l\u00e9gtiszt\u00edt\u00f3"},"content":{"rendered":"\n<p><strong>Azokban a professzion\u00e1lis k\u00f6rnyezetekben, ahol pap\u00edrt haszn\u00e1lnak<\/strong>, p\u00e9ld\u00e1ul nyomd\u00e1kban, k\u00f6t\u0151\u00fczemekben vagy adminisztrat\u00edv irod\u00e1kban, a leveg\u0151 min\u0151s\u00e9ge meghat\u00e1roz\u00f3 t\u00e9nyez\u0151 a dolgoz\u00f3k j\u00f3l\u00e9t\u00e9nek \u00e9s a berendez\u00e9sek teljes\u00edtm\u00e9ny\u00e9nek biztos\u00edt\u00e1sa szempontj\u00e1b\u00f3l. A <a href=\"https:\/\/obera.fr\/hu\/produits\/purificateurs-air\/\">megfelel\u0151 l\u00e9gtiszt\u00edt\u00f3k<\/a> haszn\u00e1lata hat\u00e9konyan kezeli a pap\u00edrr\u00e9szecsk\u00e9ket, a<strong> port \u00e9s a fest\u00e9kf\u00fcst\u00f6t<\/strong>, hozz\u00e1j\u00e1rulva az eg\u00e9szs\u00e9ges \u00e9s produkt\u00edv munkak\u00f6rnyezethez. <\/p>\n\n<h2 class=\"wp-block-heading\">Mi\u00e9rt haszn\u00e1ljunk l\u00e9gtiszt\u00edt\u00f3t pap\u00edr k\u00f6rnyezetben?<\/h2>\n\n<h3 class=\"wp-block-heading\">Pap\u00edrr\u00e9szecsk\u00e9k, por, fest\u00e9k&#8230; A nyomd\u00e1k \u00e9s m\u0171helyek el\u0151tt \u00e1ll\u00f3 kih\u00edv\u00e1sok<\/h3>\n\n<p>A <strong>pap\u00edr intenz\u00edv kezel\u00e9s\u00e9vel<\/strong> j\u00e1r\u00f3 tev\u00e9kenys\u00e9gek elker\u00fclhetetlen\u00fcl finom r\u00e9szecsk\u00e9ket \u00e9s port termelnek. Ezek a mikroszemcs\u00e9k sz\u00e1rmazhatnak a v\u00e1g\u00e1sb\u00f3l, hajtogat\u00e1sb\u00f3l vagy nyomtat\u00e1sb\u00f3l, \u00e9s a k\u00f6rnyezeti leveg\u0151be jutnak. Ezenk\u00edv\u00fcl a nyomtat\u00e1si folyamat sor\u00e1n haszn\u00e1lt fest\u00e9kek<strong> ill\u00e9kony szerves vegy\u00fcleteket (VOC<\/strong>) bocs\u00e1thatnak ki, amelyek potenci\u00e1lisan k\u00e1rosak a munkav\u00e1llal\u00f3k eg\u00e9szs\u00e9g\u00e9re. Ezen anyagok tart\u00f3s bel\u00e9legz\u00e9se l\u00e9gz\u0151szervi probl\u00e9m\u00e1khoz, irrit\u00e1ci\u00f3hoz vagy allergi\u00e1hoz vezethet, ami k\u00f6vetkez\u00e9sk\u00e9ppen hat\u00e1ssal lehet a termel\u00e9kenys\u00e9gre \u00e9s a hi\u00e1nyz\u00e1sok sz\u00e1m\u00e1nak n\u00f6veked\u00e9s\u00e9re.   <\/p>\n\n<h3 class=\"wp-block-heading\">Az irod\u00e1k leveg\u0151min\u0151s\u00e9g\u00e9nek kih\u00edv\u00e1sai<\/h3>\n\n<p>Az irodai k\u00f6rnyezetben a por \u00e9s a pap\u00edrr\u00e9szecsk\u00e9k felhalmoz\u00f3d\u00e1sa miatt <strong>rossz leveg\u0151min\u0151s\u00e9g<\/strong> kellemetlen \u00e9rz\u00e9st, fejf\u00e1j\u00e1st \u00e9s fokozott f\u00e1radts\u00e1got okozhat az alkalmazottak k\u00f6r\u00e9ben. A l\u00e9gtiszt\u00edt\u00f3k telep\u00edt\u00e9se seg\u00edt <strong>fenntartani az eg\u00e9szs\u00e9ges k\u00f6rnyezetet<\/strong>, \u00e9s el\u0151seg\u00edti a szem\u00e9lyzet j\u00f3l\u00e9t\u00e9t, koncentr\u00e1ci\u00f3j\u00e1t \u00e9s hat\u00e9konys\u00e1g\u00e1t. <\/p>\n\n<h2 class=\"wp-block-heading\">Nyomd\u00e1k, m\u0171helyek, irod\u00e1k: a l\u00e9gtiszt\u00edt\u00f3k el\u0151nyei  <\/h2>\n\n<div class=\"wp-block-columns is-layout-flex wp-container-core-columns-is-layout-28f84493 wp-block-columns-is-layout-flex\">\n<div class=\"wp-block-column is-layout-flow wp-block-column-is-layout-flow\" style=\"flex-basis:33.33%\">\n<figure class=\"wp-block-image aligncenter size-large is-resized\"><img decoding=\"async\" width=\"1024\" height=\"1024\" src=\"https:\/\/obera.fr\/wp-content\/uploads\/2025\/01\/image-avantages-1024x1024.jpg\" alt=\"k&#xE9;pi el&#x151;ny&#xF6;k\" class=\"wp-image-57732\" style=\"width:104px;height:auto\" srcset=\"https:\/\/obera.fr\/wp-content\/uploads\/2025\/01\/image-avantages-1024x1024.jpg 1024w, https:\/\/obera.fr\/wp-content\/uploads\/2025\/01\/image-avantages-300x300.jpg 300w, https:\/\/obera.fr\/wp-content\/uploads\/2025\/01\/image-avantages-150x150.jpg 150w, https:\/\/obera.fr\/wp-content\/uploads\/2025\/01\/image-avantages-768x768.jpg 768w, https:\/\/obera.fr\/wp-content\/uploads\/2025\/01\/image-avantages-400x400.jpg 400w, https:\/\/obera.fr\/wp-content\/uploads\/2025\/01\/image-avantages-600x600.jpg 600w, https:\/\/obera.fr\/wp-content\/uploads\/2025\/01\/image-avantages.jpg 1200w\" sizes=\"(max-width: 1024px) 100vw, 1024px\" \/><\/figure>\n<\/div>\n\n\n\n<div class=\"wp-block-column is-layout-flow wp-block-column-is-layout-flow\" style=\"flex-basis:66.66%\">\n<h3 class=\"wp-block-heading\">A por \u00e9s a pap\u00edrr\u00e9szecsk\u00e9k elt\u00e1vol\u00edt\u00e1sa<\/h3>\n\n\n\n<p><strong>A HEPA (High Efficiency Particulate Air) sz\u0171r\u0151kkel felszerelt<\/strong> l\u00e9gtiszt\u00edt\u00f3k k\u00fcl\u00f6n\u00f6sen hat\u00e9konyak a finom l\u00e9gszennyez\u0151 r\u00e9szecsk\u00e9k, k\u00f6zt\u00fck a pap\u00edrb\u00f3l sz\u00e1rmaz\u00f3 r\u00e9szecsk\u00e9k felfog\u00e1s\u00e1ban. Ezek a sz\u0171r\u0151k a 0,3 mikron m\u00e9ret\u0171 r\u00e9szecsk\u00e9k ak\u00e1r 99,97%-\u00e1t is visszatartj\u00e1k, \u00edgy biztos\u00edtva a k\u00f6rnyezeti leveg\u0151 optim\u00e1lis tiszt\u00edt\u00e1s\u00e1t. <\/p>\n<\/div>\n<\/div>\n\n<div class=\"wp-block-columns is-layout-flex wp-container-core-columns-is-layout-28f84493 wp-block-columns-is-layout-flex\">\n<div class=\"wp-block-column is-layout-flow wp-block-column-is-layout-flow\" style=\"flex-basis:33.33%\">\n<figure class=\"wp-block-image aligncenter size-large is-resized\"><img decoding=\"async\" width=\"1024\" height=\"1024\" src=\"https:\/\/obera.fr\/wp-content\/uploads\/2025\/01\/image-avantages-1024x1024.jpg\" alt=\"k&#xE9;pi el&#x151;ny&#xF6;k\" class=\"wp-image-57732\" style=\"width:104px;height:auto\" srcset=\"https:\/\/obera.fr\/wp-content\/uploads\/2025\/01\/image-avantages-1024x1024.jpg 1024w, https:\/\/obera.fr\/wp-content\/uploads\/2025\/01\/image-avantages-300x300.jpg 300w, https:\/\/obera.fr\/wp-content\/uploads\/2025\/01\/image-avantages-150x150.jpg 150w, https:\/\/obera.fr\/wp-content\/uploads\/2025\/01\/image-avantages-768x768.jpg 768w, https:\/\/obera.fr\/wp-content\/uploads\/2025\/01\/image-avantages-400x400.jpg 400w, https:\/\/obera.fr\/wp-content\/uploads\/2025\/01\/image-avantages-600x600.jpg 600w, https:\/\/obera.fr\/wp-content\/uploads\/2025\/01\/image-avantages.jpg 1200w\" sizes=\"(max-width: 1024px) 100vw, 1024px\" \/><\/figure>\n<\/div>\n\n\n\n<div class=\"wp-block-column is-layout-flow wp-block-column-is-layout-flow\" style=\"flex-basis:66.66%\">\n<h3 class=\"wp-block-heading\">Cs\u00f6kkentett porfelhalmoz\u00f3d\u00e1s<\/h3>\n\n\n\n<p>A<strong>por felhalmoz\u00f3d\u00e1sa<\/strong> befoly\u00e1solhatja az elektronikus \u00e9s mechanikus berendez\u00e9sek megfelel\u0151 m\u0171k\u00f6d\u00e9s\u00e9t, \u00e9s v\u00e9g\u00fcl meghib\u00e1sod\u00e1st vagy id\u0151 el\u0151tti elhaszn\u00e1l\u00f3d\u00e1st okozhat. Ezenk\u00edv\u00fcl a t\u00e1rolt dokumentumok gyorsabban romolhatnak a por jelenl\u00e9t\u00e9ben. A l\u00e9gtiszt\u00edt\u00f3k haszn\u00e1lata nemcsak a tiszta k\u00f6rnyezet fenntart\u00e1s\u00e1val cs\u00f6kkenti ezeket a kock\u00e1zatokat, hanem a<strong> berendez\u00e9sek \u00e9lettartam\u00e1nak meghosszabb\u00edt\u00e1s\u00e1val<\/strong> \u00e9s a dokumentumok \u00e9ps\u00e9g\u00e9nek meg\u0151rz\u00e9s\u00e9vel is.  <\/p>\n<\/div>\n<\/div>\n\n<div class=\"wp-block-columns is-layout-flex wp-container-core-columns-is-layout-28f84493 wp-block-columns-is-layout-flex\">\n<div class=\"wp-block-column is-layout-flow wp-block-column-is-layout-flow\" style=\"flex-basis:33.33%\">\n<figure class=\"wp-block-image aligncenter size-large is-resized\"><img decoding=\"async\" width=\"1024\" height=\"1024\" src=\"https:\/\/obera.fr\/wp-content\/uploads\/2025\/01\/image-avantages-1024x1024.jpg\" alt=\"k&#xE9;pi el&#x151;ny&#xF6;k\" class=\"wp-image-57732\" style=\"width:104px;height:auto\" srcset=\"https:\/\/obera.fr\/wp-content\/uploads\/2025\/01\/image-avantages-1024x1024.jpg 1024w, https:\/\/obera.fr\/wp-content\/uploads\/2025\/01\/image-avantages-300x300.jpg 300w, https:\/\/obera.fr\/wp-content\/uploads\/2025\/01\/image-avantages-150x150.jpg 150w, https:\/\/obera.fr\/wp-content\/uploads\/2025\/01\/image-avantages-768x768.jpg 768w, https:\/\/obera.fr\/wp-content\/uploads\/2025\/01\/image-avantages-400x400.jpg 400w, https:\/\/obera.fr\/wp-content\/uploads\/2025\/01\/image-avantages-600x600.jpg 600w, https:\/\/obera.fr\/wp-content\/uploads\/2025\/01\/image-avantages.jpg 1200w\" sizes=\"(max-width: 1024px) 100vw, 1024px\" \/><\/figure>\n<\/div>\n\n\n\n<div class=\"wp-block-column is-layout-flow wp-block-column-is-layout-flow\" style=\"flex-basis:66.66%\">\n<h3 class=\"wp-block-heading\">Tiszt\u00e1bb leveg\u0151 az \u00d6n telephely\u00e9n<\/h3>\n\n\n\n<p>A tiszt\u00edtott leveg\u0151 cs\u00f6kkenti a <strong>kellemetlen szagokat \u00e9s kellemesebb l\u00e9gk\u00f6rt teremt<\/strong>, ami k\u00f6zvetlen\u00fcl hozz\u00e1j\u00e1rul a csapat komfort\u00e9rzet\u00e9hez. Emellett hozz\u00e1j\u00e1rulhat a v\u00e1llalat im\u00e1zs\u00e1nak jav\u00edt\u00e1s\u00e1hoz is, mivel a munkahelyi j\u00f3l\u00e9t \u00e9s eg\u00e9szs\u00e9g ir\u00e1nti elk\u00f6telezetts\u00e9g fontos krit\u00e9rium. <\/p>\n<\/div>\n<\/div>\n\n<h3 class=\"wp-block-heading\">Hogyan m\u0171k\u00f6dnek a l\u00e9gtiszt\u00edt\u00f3k a pap\u00edrr\u00e9szecsk\u00e9k kezel\u00e9s\u00e9re<\/h3>\n\n<h3 class=\"wp-block-heading\">Korszer\u0171 sz\u0171r\u0151rendszerek<\/h3>\n\n<p><strong> Az irod\u00e1k<\/strong>, nyomd\u00e1k \u00e9s pap\u00edrfeldolgoz\u00f3 \u00fczemek<strong> l\u00e9gtiszt\u00edt\u00f3i<\/strong> \u00e1ltal\u00e1ban t\u00f6bb sz\u0171r\u00e9si szintet alkalmaznak az optim\u00e1lis tiszt\u00edt\u00e1s \u00e9rdek\u00e9ben:<\/p>\n\n<div class=\"wp-block-columns is-layout-flex wp-container-core-columns-is-layout-28f84493 wp-block-columns-is-layout-flex\">\n<div class=\"wp-block-column is-layout-flow wp-block-column-is-layout-flow\" style=\"flex-basis:66.66%\">\n<h4 class=\"wp-block-heading\">HEPA-sz\u0171r\u0151: nagy teljes\u00edtm\u00e9ny\u0171 g\u00e1t a finom r\u00e9szecsk\u00e9k ellen<\/h4>\n\n\n\n<p>A <strong>HEPA<\/strong> (High Efficiency Particulate Air) <strong>sz\u0171r\u0151<\/strong> a nagy mennyis\u00e9g\u0171 pap\u00edrport tartalmaz\u00f3 k\u00f6rnyezetbe tervezett l\u00e9gtiszt\u00edt\u00f3k kulcsfontoss\u00e1g\u00fa eleme. A lebeg\u0151 r\u00e9szecsk\u00e9k ak\u00e1r 99,97%-\u00e1t is felfogja. <strong> <\/strong>a  c\u00edmr\u0151l<strong> <\/strong>0,3 mikron, bele\u00e9rtve :<\/p>\n\n\n\n<ul class=\"wp-block-list\">\n<li>A dokumentumok <strong>v\u00e1g\u00e1sa<\/strong> \u00e9s kezel\u00e9se <strong>sor\u00e1n keletkez\u0151 pap\u00edrpor<\/strong>;<\/li>\n\n\n\n<li>L\u00e9zernyomtat\u00f3kb\u00f3l \u00e9s f\u00e9nym\u00e1sol\u00f3kb\u00f3l sz\u00e1rmaz\u00f3 r\u00e9szecsk\u00e9k;<\/li>\n\n\n\n<li>Allerg\u00e9nek, poratka \u00e9s pollenek a leveg\u0151ben.<\/li>\n<\/ul>\n\n\n\n<p><strong>S\u0171r\u0171n sz\u0151tt sz\u00e1lszerkezet\u00e9nek<\/strong> k\u00f6sz\u00f6nhet\u0151en a<a href=\"https:\/\/obera.fr\/hu\/a-mi-tanacsunk\/filtre-hepa-et-purificateur-d-air\/\"> HEPA-sz\u0171r\u0151 felfogja ezeket a szennyez\u0151d\u00e9seket <\/a>, \u00e9s megakad\u00e1lyozza azok sz\u00e9tsz\u00f3r\u00f3d\u00e1s\u00e1t, jav\u00edtva az alkalmazottak \u00e1ltal bel\u00e9legzett leveg\u0151 min\u0151s\u00e9g\u00e9t.<\/p>\n\n\n\n<h4 class=\"wp-block-heading\">Akt\u00edv sz\u00e9nsz\u0171r\u0151: semleges\u00edti a szagokat \u00e9s a vegyi anyagokat<\/h4>\n\n\n\n<p><strong> A nyomdafest\u00e9kek <\/strong>\u00e9s tonerek olyan ill\u00e9kony szerves vegy\u00fcleteket (VOC) bocs\u00e1tanak ki, amelyek k\u00e1rosak lehetnek az eg\u00e9szs\u00e9gre. Az akt\u00edvszenes sz\u0171r\u0151 elengedhetetlen ezen anyagok felsz\u00edv\u00e1s\u00e1hoz \u00e9s elt\u00e1vol\u00edt\u00e1s\u00e1hoz: <\/p>\n\n\n\n<ul class=\"wp-block-list\">\n<li>K\u00e9miai szagok tint\u00e1kb\u00f3l \u00e9s old\u00f3szerekb\u0151l;<\/li>\n\n\n\n<li>Egyes termel\u0151g\u00e9pek \u00e1ltal termelt f\u00fcst\u00f6k \u00e9s m\u00e9rgez\u0151 f\u00fcst\u00f6k;<\/li>\n\n\n\n<li>Szennyez\u0151 g\u00e1zok, p\u00e9ld\u00e1ul formaldehid \u00e9s benzol, amelyek gyakran jelen vannak a l\u00e9zernyomtat\u00f3kkal felszerelt irod\u00e1kban.<\/li>\n<\/ul>\n\n\n\n<p>Az akt\u00edv sz\u00e9n<strong> adszorpci\u00f3val <\/strong> m\u0171k\u00f6dik: a szennyez\u0151anyag-molekul\u00e1k a sz\u0171r\u0151 por\u00f3zus fel\u00fclet\u00e9n megrekednek, \u00e9s megakad\u00e1lyozz\u00e1k, hogy a belt\u00e9ri leveg\u0151be ker\u00fcljenek.<\/p>\n<\/div>\n\n\n\n<div class=\"wp-block-column is-layout-flow wp-block-column-is-layout-flow\" style=\"flex-basis:33.33%\">\n<figure class=\"wp-block-image size-large\"><img decoding=\"async\" width=\"1024\" height=\"1024\" src=\"https:\/\/obera.fr\/wp-content\/uploads\/2025\/05\/filtration-1024x1024.png\" alt=\"sz&#x171;r&#xE9;s\" class=\"wp-image-121546\" srcset=\"https:\/\/obera.fr\/wp-content\/uploads\/2025\/05\/filtration-1024x1024.png 1024w, https:\/\/obera.fr\/wp-content\/uploads\/2025\/05\/filtration-300x300.png 300w, https:\/\/obera.fr\/wp-content\/uploads\/2025\/05\/filtration-150x150.png 150w, https:\/\/obera.fr\/wp-content\/uploads\/2025\/05\/filtration-768x768.png 768w, https:\/\/obera.fr\/wp-content\/uploads\/2025\/05\/filtration.png 1200w\" sizes=\"(max-width: 1024px) 100vw, 1024px\" \/><\/figure>\n<\/div>\n<\/div>\n\n<p><\/p>\n\n<h3 class=\"wp-block-heading\">Fejlett l\u00e9gkezel\u00e9si lehet\u0151s\u00e9gek \u00e9s technol\u00f3gi\u00e1k<\/h3>\n\n<p>A <strong>hagyom\u00e1nyos sz\u0171r\u0151rendszerek<\/strong> mellett egyes irod\u00e1k \u00e9s m\u0171helyek sz\u00e1m\u00e1ra k\u00e9sz\u00fclt l\u00e9gtiszt\u00edt\u00f3k, p\u00e9ld\u00e1ul az OberA term\u00e9kcsal\u00e1d, tov\u00e1bbi funkci\u00f3kat k\u00edn\u00e1lnak a l\u00e9gkezel\u00e9s hat\u00e9konys\u00e1g\u00e1nak maximaliz\u00e1l\u00e1sa \u00e9rdek\u00e9ben:<\/p>\n\n<ul class=\"wp-block-list\">\n<li><strong>A leveg\u0151 ioniz\u00e1l\u00e1sa <\/strong>: egyes modellek negat\u00edv ionokat bocs\u00e1tanak ki, amelyek a pap\u00edrpor r\u00e9szecsk\u00e9khez tapadnak, \u00edgy a HEPA-sz\u0171r\u0151 k\u00f6nnyebben felfogja azokat;<\/li>\n\n\n\n<li><strong>A v\u00edrusok \u00e9s bakt\u00e9riumok elt\u00e1vol\u00edt\u00e1sa <\/strong>: Az egyes l\u00e9gtiszt\u00edt\u00f3kba \u00e9p\u00edtett UV-C technol\u00f3gi\u00e1k k\u00e9pesek elpuszt\u00edtani a leveg\u0151ben l\u00e9v\u0151 k\u00f3rokoz\u00f3kat;<\/li>\n\n\n\n<li><strong>Csendes \u00fczemm\u00f3d<\/strong>: ide\u00e1lis irodai helyis\u00e9gekbe, ez az \u00fczemm\u00f3d cs\u00f6kkenti a ventil\u00e1tor zaj\u00e1t, mik\u00f6zben fenntartja a hat\u00e9kony sz\u0171r\u00e9st.<\/li>\n<\/ul>\n\n<h2 class=\"wp-block-heading\">Hogyan v\u00e1lassza ki a megfelel\u0151 l\u00e9gtiszt\u00edt\u00f3t m\u0171helye vagy irod\u00e1ja sz\u00e1m\u00e1ra?<\/h2>\n\n<h3 class=\"wp-block-heading\">L\u00e9gtiszt\u00edt\u00f3 kapacit\u00e1s<\/h3>\n\n<p>L\u00e9nyeges, hogy a helyis\u00e9g m\u00e9ret\u00e9nek megfelel\u0151 kapacit\u00e1s\u00fa <strong>l\u00e9gtiszt\u00edt\u00f3t v\u00e1lasszon<\/strong>. Az alulm\u00e9retezett k\u00e9sz\u00fcl\u00e9k nem lesz hat\u00e9kony, m\u00edg a t\u00falm\u00e9retezett modell felesleges energiafogyaszt\u00e1shoz vezethet. A term\u00e9k adatlapjain <strong>\u00e1ltal\u00e1ban<\/strong> m3\/h-ban (k\u00f6bm\u00e9ter\/\u00f3ra) van megadva <strong>az<\/strong> optim\u00e1lis teljes\u00edtm\u00e9nyhez <strong>aj\u00e1nlott fel\u00fclet<\/strong>. 20 m2-es irod\u00e1ban p\u00e9ld\u00e1ul 200 m3\/h \u00e1raml\u00e1si sebess\u00e9g elegend\u0151. Egy 50 m2 alapter\u00fclet\u0171, nyitott irod\u00e1hoz 700 m3\/h \u00e1raml\u00e1si sebess\u00e9gre van sz\u00fcks\u00e9g.    <\/p>\n\n<h3 class=\"wp-block-heading\">A sz\u0171r\u0151rendszer  <\/h3>\n\n<p>Gy\u0151z\u0151dj\u00f6n meg r\u00f3la, hogy a<strong> v\u00e1lasztott l\u00e9gtiszt\u00edt\u00f3 olyan sz\u0171r\u0151kkel van felszerelve<\/strong>, amelyek alkalmazkodnak a k\u00f6rnyezet\u00e9ben jelen l\u00e9v\u0151 szennyez\u0151 anyagokhoz. Az OberA-n\u00e1l a tiszt\u00edt\u00f3berendez\u00e9seink el\u0151sz\u0171r\u00e9si fokozattal \u00e9s finom sz\u0171r\u0151kkel rendelkeznek. A legt\u00f6bb modell\u00fcnk HEPA fokozatot tartalmaz, \u00e9s kompatibilis a sz\u00e9nsz\u0171r\u0151k haszn\u00e1lat\u00e1val.  <\/p>\n\n<p>A cseresz\u0171r\u0151k el\u00e9rhet\u0151s\u00e9ge \u00e9s \u00e1ra <strong>szint\u00e9n figyelembe veend\u0151 t\u00e9nyez\u0151 <\/strong>a k\u00f6nny\u0171 \u00e9s gazdas\u00e1gos karbantart\u00e1s biztos\u00edt\u00e1sa \u00e9rdek\u00e9ben.<\/p>\n\n<blockquote class=\"wp-block-quote is-layout-flow wp-block-quote-is-layout-flow\">\n<p><em>A szak\u00e9rt\u0151 szava: az OberA-n\u00e1l, a mi <\/em><strong><em>l\u00e9gtiszt\u00edt\u00f3inkat professzion\u00e1lis k\u00f6rnyezetre tervezt\u00fck<\/em><\/strong><em>k\u00fcl\u00f6n\u00f6sen a pap\u00edrral kapcsolatosak. Olyan fejlett technol\u00f3gi\u00e1t tartalmaznak, amely hat\u00e9konyan felfogja \u00e9s elt\u00e1vol\u00edtja a tint\u00e1k \u00e1ltal kibocs\u00e1tott finom r\u00e9szecsk\u00e9ket, port \u00e9s ill\u00e9kony szerves vegy\u00fcleteket (VOC). <\/em><\/p>\n<\/blockquote>\n\n<h3 class=\"wp-block-heading\">Berendez\u00e9sek kialak\u00edt\u00e1sa \u00e9s funkcionalit\u00e1sa<\/h3>\n\n<p>A k\u00e9sz\u00fcl\u00e9k kialak\u00edt\u00e1s\u00e1nak harmonikusan illeszkednie kell a munkater\u00fclet\u00e9hez. A kompakt, feh\u00e9r modelleket diszkr\u00e9ci\u00f3juk miatt gyakran el\u0151nyben r\u00e9szes\u00edtik az irod\u00e1kban. R\u00e1ad\u00e1sul bizonyos funkci\u00f3k, p\u00e9ld\u00e1ul a <strong>leveg\u0151min\u0151s\u00e9g-jelz\u0151k<\/strong>, a csendes \u00fczemm\u00f3dok vagy az id\u0151z\u00edt\u0151 programoz\u00e1sa jav\u00edthatj\u00e1k a felhaszn\u00e1l\u00f3i \u00e9lm\u00e9nyt \u00e9s a l\u00e9gtiszt\u00edt\u00f3 hat\u00e9konys\u00e1g\u00e1t.  <\/p>\n","protected":false},"excerpt":{"rendered":"<p>Azokban a professzion\u00e1lis k\u00f6rnyezetekben, ahol pap\u00edrt haszn\u00e1lnak, p\u00e9ld\u00e1ul nyomd\u00e1kban, k\u00f6nyvk\u00f6t\u0151 m\u0171helyekben vagy adminisztrat\u00edv irod\u00e1kban, a leveg\u0151 min\u0151s\u00e9ge meghat\u00e1roz\u00f3 t\u00e9nyez\u0151 a dolgoz\u00f3k j\u00f3l\u00e9t\u00e9nek \u00e9s a berendez\u00e9sek teljes\u00edtm\u00e9ny\u00e9nek biztos\u00edt\u00e1sa szempontj\u00e1b\u00f3l.<\/p>\n","protected":false},"author":13,"featured_media":113991,"comment_status":"open","ping_status":"closed","sticky":false,"template":"","format":"standard","meta":{"_acf_changed":false,"_seopress_robots_primary_cat":"none","_seopress_titles_title":"T\u00e1vol\u00edtsa el a pap\u00edrport profi l\u00e9gtiszt\u00edt\u00f3inkkal","_seopress_titles_desc":"Jav\u00edtsa a leveg\u0151 min\u0151s\u00e9g\u00e9t professzion\u00e1lis l\u00e9gtiszt\u00edt\u00f3kkal irod\u00e1k \u00e9s m\u0171helyek sz\u00e1m\u00e1ra. Fedezze fel a HEPA- \u00e9s akt\u00edvszenes sz\u0171r\u0151ket a pap\u00edrr\u00e9szecsk\u00e9k elt\u00e1vol\u00edt\u00e1s\u00e1hoz \u00e9s a berendez\u00e9sek v\u00e9delm\u00e9hez. Gyors sz\u00e1ll\u00edt\u00e1s az Obera.fr oldalon.  ","_seopress_robots_index":"","footnotes":""},"categories":[790],"tags":[545],"class_list":["post-108572","post","type-post","status-publish","format-standard","has-post-thumbnail","hentry","category-papir-karton-hu","tag-tisztitoberendezesek","generate-columns","tablet-grid-50","mobile-grid-100","grid-parent","grid-50","no-featured-image-padding","resize-featured-image"],"acf":[],"_links":{"self":[{"href":"https:\/\/obera.fr\/hu\/wp-json\/wp\/v2\/posts\/108572","targetHints":{"allow":["GET"]}}],"collection":[{"href":"https:\/\/obera.fr\/hu\/wp-json\/wp\/v2\/posts"}],"about":[{"href":"https:\/\/obera.fr\/hu\/wp-json\/wp\/v2\/types\/post"}],"author":[{"embeddable":true,"href":"https:\/\/obera.fr\/hu\/wp-json\/wp\/v2\/users\/13"}],"replies":[{"embeddable":true,"href":"https:\/\/obera.fr\/hu\/wp-json\/wp\/v2\/comments?post=108572"}],"version-history":[{"count":10,"href":"https:\/\/obera.fr\/hu\/wp-json\/wp\/v2\/posts\/108572\/revisions"}],"predecessor-version":[{"id":128005,"href":"https:\/\/obera.fr\/hu\/wp-json\/wp\/v2\/posts\/108572\/revisions\/128005"}],"wp:featuredmedia":[{"embeddable":true,"href":"https:\/\/obera.fr\/hu\/wp-json\/wp\/v2\/media\/113991"}],"wp:attachment":[{"href":"https:\/\/obera.fr\/hu\/wp-json\/wp\/v2\/media?parent=108572"}],"wp:term":[{"taxonomy":"category","embeddable":true,"href":"https:\/\/obera.fr\/hu\/wp-json\/wp\/v2\/categories?post=108572"},{"taxonomy":"post_tag","embeddable":true,"href":"https:\/\/obera.fr\/hu\/wp-json\/wp\/v2\/tags?post=108572"}],"curies":[{"name":"wp","href":"https:\/\/api.w.org\/{rel}","templated":true}]}}