{"id":109342,"date":"2025-06-12T10:23:50","date_gmt":"2025-06-12T08:23:50","guid":{"rendered":"https:\/\/obera.fr\/a-mi-tanacsunk\/local-compresseur-surchauffe\/"},"modified":"2025-06-16T14:50:33","modified_gmt":"2025-06-16T12:50:33","slug":"local-compresseur-surchauffe","status":"publish","type":"post","link":"https:\/\/obera.fr\/hu\/a-mi-tanacsunk\/local-compresseur-surchauffe\/","title":{"rendered":"T\u00falf\u0171t\u00f6tt kompresszorterem: hogyan mentett\u00e9k meg az OberA megold\u00e1sai a termel\u00e9st?"},"content":{"rendered":"\n<h2 class=\"wp-block-heading\">Tal\u00e1latok: 100 m\u00b2-es kompresszorterem, amely meleg id\u0151ben nem haszn\u00e1lhat\u00f3.<\/h2>\n\n<p>A ny\u00e1r k\u00f6zeledt\u00e9vel egy ipari \u00fcgyf\u00e9l s\u00fcrg\u0151sen felvette vel\u00fcnk a kapcsolatot. A <strong>100 m\u00b2-es<\/strong> kompresszorterme kemenc\u00e9v\u00e9 v\u00e1ltozott, amint a k\u00fcls\u0151 h\u0151m\u00e9rs\u00e9klet 30\u00b0C f\u00f6l\u00e9 emelkedett. Ennek k\u00f6vetkezt\u00e9ben <strong>a kompresszorok<\/strong> a k\u00f6rnyezeti h\u0151 miatt le\u00e1lltak, \u00e9s a termel\u00e9s teljesen le\u00e1llt.  <\/p>\n\n<p>Ez egy tipikus eset: az iparban a m\u0171szaki helyis\u00e9gek gyakran rosszul szell\u0151ztethet\u0151k, \u00e9s nincs k\u00fcl\u00f6n l\u00e9gkondicion\u00e1l\u00e1s. M\u00e9gis olyan kritikus berendez\u00e9seknek adnak otthont, amelyek hatalmas mennyis\u00e9g\u0171 h\u0151t bocs\u00e1tanak ki. <\/p>\n\n<p><\/p>\n\n<div class=\"wp-block-columns is-layout-flex wp-container-core-columns-is-layout-28f84493 wp-block-columns-is-layout-flex\">\n<div class=\"wp-block-column is-layout-flow wp-block-column-is-layout-flow\">\n<figure class=\"wp-block-image aligncenter size-full is-resized\"><img decoding=\"async\" width=\"1000\" height=\"1000\" src=\"https:\/\/obera.fr\/wp-content\/uploads\/2025\/06\/panneau-indication-local-compresseur.webp\" alt=\"kompresszor szoba t&#xE1;bla\" class=\"wp-image-109536\" style=\"width:364px;height:auto\" srcset=\"https:\/\/obera.fr\/wp-content\/uploads\/2025\/06\/panneau-indication-local-compresseur.webp 1000w, https:\/\/obera.fr\/wp-content\/uploads\/2025\/06\/panneau-indication-local-compresseur-300x300.webp 300w, https:\/\/obera.fr\/wp-content\/uploads\/2025\/06\/panneau-indication-local-compresseur-150x150.webp 150w, https:\/\/obera.fr\/wp-content\/uploads\/2025\/06\/panneau-indication-local-compresseur-768x768.webp 768w\" sizes=\"(max-width: 1000px) 100vw, 1000px\" \/><\/figure>\n<\/div>\n\n\n\n<div class=\"wp-block-column is-layout-flow wp-block-column-is-layout-flow\">\n<figure class=\"wp-block-image aligncenter size-large is-resized\"><img decoding=\"async\" width=\"683\" height=\"1024\" src=\"https:\/\/obera.fr\/wp-content\/uploads\/2025\/06\/chatgpt-image-12-juin-2025-12_16_27-683x1024.png\" alt=\"Kompresszor szoba\" class=\"wp-image-109513\" style=\"width:376px;height:auto\" srcset=\"https:\/\/obera.fr\/wp-content\/uploads\/2025\/06\/chatgpt-image-12-juin-2025-12_16_27-683x1024.png 683w, https:\/\/obera.fr\/wp-content\/uploads\/2025\/06\/chatgpt-image-12-juin-2025-12_16_27-200x300.png 200w, https:\/\/obera.fr\/wp-content\/uploads\/2025\/06\/chatgpt-image-12-juin-2025-12_16_27-768x1152.png 768w, https:\/\/obera.fr\/wp-content\/uploads\/2025\/06\/chatgpt-image-12-juin-2025-12_16_27.png 1024w\" sizes=\"(max-width: 683px) 100vw, 683px\" \/><\/figure>\n<\/div>\n<\/div>\n<div class=\"gb-container gb-container-9290c18d\">\n\n<h2 class=\"wp-block-heading\">Az OberA v\u00e1lasz: IC mobil adiabatikus h\u0171t\u0151ink.<\/h2>\n\n\n\n<p>A szab\u00e1lyozott h\u0151m\u00e9rs\u00e9klet gyors helyre\u00e1ll\u00edt\u00e1sa \u00e9rdek\u00e9ben aj\u00e1nlottuk egy IC 22-es h\u0171t\u0151, a <strong>szabadalmaztatott OberA mobil adiabatikus h\u0171t\u0151<\/strong> b\u00e9rl\u00e9s\u00e9t, <strong>amelyet Franciaorsz\u00e1gban gy\u00e1rtanak<\/strong>, \u00e9s kifejezetten ipari k\u00f6rnyezetre terveztek.<\/p>\n\n<\/div>\n<div class=\"wp-block-columns is-layout-flex wp-container-core-columns-is-layout-28f84493 wp-block-columns-is-layout-flex\">\n<div class=\"wp-block-column is-layout-flow wp-block-column-is-layout-flow\" style=\"flex-basis:50%\">\n<div class=\"wp-block-buttons is-layout-flex wp-block-buttons-is-layout-flex\">\n<div class=\"wp-block-button\"><a class=\"wp-block-button__link has-text-align-center wp-element-button\" href=\"https:\/\/obera.fr\/location-appareil-industriel\/\">Tekintse meg l\u00e9gfriss\u00edt\u0151 b\u00e9rleti aj\u00e1nlatainkat  <\/a><\/div>\n<\/div>\n<\/div>\n<\/div>\n\n<p><\/p>\n\n<p><\/p>\n\n<div class=\"wp-block-columns is-layout-flex wp-container-core-columns-is-layout-28f84493 wp-block-columns-is-layout-flex\">\n<div class=\"wp-block-column is-layout-flow wp-block-column-is-layout-flow\" style=\"flex-basis:50%\">\n<h2 class=\"wp-block-heading\">Mi\u00e9rt ide\u00e1lis az IC22 egy kompresszorterembe?<\/h2>\n\n\n\n<ul class=\"wp-block-list\">\n<li> <strong>22 kW h\u0171t\u00e9si hat\u00e9konys\u00e1g<\/strong><\/li>\n\n\n\n<li><strong>4500 m\u00b3\/h l\u00e9g\u00e1raml\u00e1s<\/strong> a pang\u00f3 leveg\u0151 felkavar\u00e1s\u00e1ra<\/li>\n\n\n\n<li><strong>Telep\u00edt\u00e9s munka n\u00e9lk\u00fcl<\/strong>: Plug &amp; Play, n\u00e9h\u00e1ny perc alatt haszn\u00e1latba vehet\u0151<\/li>\n\n\n\n<li><strong>Helyi h\u0171t\u00e9s<\/strong> lehets\u00e9ges a kompresszorok k\u00f6r\u00fcl<\/li>\n\n\n\n<li><strong>100%-os l\u00e9g\u00fczem &#8211; h\u0171t\u0151k\u00f6zeg n\u00e9lk\u00fcl<\/strong><\/li>\n<\/ul>\n\n\n\n<p>A hagyom\u00e1nyos l\u00e9gkondicion\u00e1l\u00f3 berendez\u00e9ssel ellent\u00e9tben az <a href=\"https:\/\/obera.fr\/conseils\/le-principe-de-fonctionnement-du-refroidissement-adiabatique-air-eau-evaporation\/\">adiabatikus h\u0171t\u0151 a v\u00edz elp\u00e1rologtat\u00e1s\u00e1val m\u0171k\u00f6dik<\/a>, \u00edgy egyszerre :<\/p>\n\n\n\n<ul class=\"wp-block-list\">\n<li>Gazdas\u00e1gosabb haszn\u00e1lat<\/li>\n\n\n\n<li>K\u00f6rnyezetbar\u00e1tabb<\/li>\n\n\n\n<li>Robusztusabb ipari k\u00f6r\u00fclm\u00e9nyek k\u00f6z\u00f6tt<\/li>\n<\/ul>\n<\/div>\n\n\n\n<div class=\"wp-block-column is-layout-flow wp-block-column-is-layout-flow\" style=\"flex-basis:50%\">\n<h2 class=\"wp-block-heading\">Eredm\u00e9ny : A h\u0151m\u00e9rs\u00e9klet helyre\u00e1llt, a kompresszorok \u00fajraindultak.<\/h2>\n\n\n\n<p>Az IC 22-t kevesebb mint 48 \u00f3ra alatt sz\u00e1ll\u00edtott\u00e1k \u00e9s telep\u00edtett\u00e9k.<\/p>\n\n\n\n<p>A helyis\u00e9g h\u0151m\u00e9rs\u00e9klete 30\u00b0C al\u00e1 cs\u00f6kkent<br\/>A telep\u00edt\u00e9s \u00f3ta nem \u00e1llt le a kompresszor<br\/>A termel\u00e9s a helyis\u00e9g \u00e1talak\u00edt\u00e1sa n\u00e9lk\u00fcl \u00fajraindult.<\/p>\n\n\n\n<p><\/p>\n\n\n\n<h2 class=\"wp-block-heading\">Mi\u00e9rt ne hanyagolja el a kompresszoros helyis\u00e9geket?<\/h2>\n\n\n\n<ul class=\"wp-block-list\">\n<li>Ezek <strong>nagy h\u0151terhel\u00e9s\u0171 ter\u00fcletek<\/strong>.<\/li>\n\n\n\n<li>A hagyom\u00e1nyos szell\u0151ztet\u00e9s <strong>ny\u00e1ron nem elegend\u0151<\/strong>.<\/li>\n\n\n\n<li>A kompresszor le\u00e1ll\u00e1sa <strong>a termel\u00e9s le\u00e1ll\u00e1s\u00e1t<\/strong> jelenti &#8211; \u00e9s \u00edgy k\u00f6lts\u00e9get is.<\/li>\n<\/ul>\n<\/div>\n<\/div>\n\n<figure class=\"wp-block-image aligncenter size-large is-resized\"><img decoding=\"async\" width=\"788\" height=\"1024\" src=\"https:\/\/obera.fr\/wp-content\/uploads\/2025\/05\/ic22-made-in-france-1-788x1024.png\" alt=\"ic22 made in France\" class=\"wp-image-103987\" style=\"width:350px;height:auto\" srcset=\"https:\/\/obera.fr\/wp-content\/uploads\/2025\/05\/ic22-made-in-france-1-788x1024.png 788w, https:\/\/obera.fr\/wp-content\/uploads\/2025\/05\/ic22-made-in-france-1-231x300.png 231w, https:\/\/obera.fr\/wp-content\/uploads\/2025\/05\/ic22-made-in-france-1-768x998.png 768w, https:\/\/obera.fr\/wp-content\/uploads\/2025\/05\/ic22-made-in-france-1.png 1000w\" sizes=\"(max-width: 788px) 100vw, 788px\" \/><figcaption class=\"wp-element-caption\"><strong>IC 22-es modell<\/strong><\/figcaption><\/figure>\n\n<h2 class=\"wp-block-heading\">OberA: Gyakorlati megold\u00e1sok az ipar sz\u00e1m\u00e1ra<\/h2>\n\n<p>Az IC22 egy <strong>100%-ban mobil, 100%-ban ipari<\/strong> megold\u00e1s, amelyet Franciaorsz\u00e1gban terveztek \u00e9s gy\u00e1rtottak, hogy megfeleljen az \u00d6n telephelyeinek val\u00f3s korl\u00e1tainak.<\/p>\n\n<h3 class=\"wp-block-heading\">T\u00falmeleged\u00e9st tapasztal egy kompresszorhelyis\u00e9gben?<\/h3>\n\n<p>Vegye fel vel\u00fcnk a kapcsolatot: csapataink gyorsan tudnak beavatkozni, b\u00e1rhol Franciaorsz\u00e1gban. Az OberA seg\u00edts\u00e9g\u00e9vel \u00d6n a berendez\u00e9seit is k\u00e9zben tarthatja &#8211; ak\u00e1r 40\u00b0C alatt is. <\/p>\n\n<div class=\"wp-block-buttons is-content-justification-center is-layout-flex wp-container-core-buttons-is-layout-a89b3969 wp-block-buttons-is-layout-flex\">\n<div class=\"wp-block-button\"><a class=\"wp-block-button__link has-text-align-center wp-element-button\" href=\"https:\/\/obera.fr\/hu\/contact\/\">Kapcsolatfelv\u00e9tel<\/a><\/div>\n<\/div>\n\n<p><\/p>\n","protected":false},"excerpt":{"rendered":"<p>A ny\u00e1r k\u00f6zeledt\u00e9vel egy ipari \u00fcgyf\u00e9l s\u00fcrg\u0151sen felvette vel\u00fcnk a kapcsolatot. A 100 m\u00b2-es kompresszorhelyis\u00e9g\u00fck kemenc\u00e9v\u00e9 v\u00e1lt, amint a k\u00fcls\u0151 h\u0151m\u00e9rs\u00e9klet 30\u00b0C f\u00f6l\u00e9 emelkedett. <\/p>\n","protected":false},"author":13,"featured_media":112206,"comment_status":"open","ping_status":"closed","sticky":false,"template":"","format":"standard","meta":{"_acf_changed":false,"_seopress_robots_primary_cat":"none","_seopress_titles_title":"Local compresseur surchauff\u00e9 : solution mobile OberA IC22 efficace","_seopress_titles_desc":"Local \u00e0 40\u00b0C ? L\u2019IC22 OberA, rafra\u00eechisseur adiabatique mobile, baisse la temp\u00e9rature en 48h sans travaux. Production relanc\u00e9e, z\u00e9ro arr\u00eat de compresseur.","_seopress_robots_index":"","footnotes":""},"categories":[314],"tags":[],"class_list":["post-109342","post","type-post","status-publish","format-standard","has-post-thumbnail","hentry","category-a-mi-tanacsunk","generate-columns","tablet-grid-50","mobile-grid-100","grid-parent","grid-50","no-featured-image-padding","resize-featured-image"],"acf":[],"_links":{"self":[{"href":"https:\/\/obera.fr\/hu\/wp-json\/wp\/v2\/posts\/109342","targetHints":{"allow":["GET"]}}],"collection":[{"href":"https:\/\/obera.fr\/hu\/wp-json\/wp\/v2\/posts"}],"about":[{"href":"https:\/\/obera.fr\/hu\/wp-json\/wp\/v2\/types\/post"}],"author":[{"embeddable":true,"href":"https:\/\/obera.fr\/hu\/wp-json\/wp\/v2\/users\/13"}],"replies":[{"embeddable":true,"href":"https:\/\/obera.fr\/hu\/wp-json\/wp\/v2\/comments?post=109342"}],"version-history":[{"count":16,"href":"https:\/\/obera.fr\/hu\/wp-json\/wp\/v2\/posts\/109342\/revisions"}],"predecessor-version":[{"id":110343,"href":"https:\/\/obera.fr\/hu\/wp-json\/wp\/v2\/posts\/109342\/revisions\/110343"}],"wp:featuredmedia":[{"embeddable":true,"href":"https:\/\/obera.fr\/hu\/wp-json\/wp\/v2\/media\/112206"}],"wp:attachment":[{"href":"https:\/\/obera.fr\/hu\/wp-json\/wp\/v2\/media?parent=109342"}],"wp:term":[{"taxonomy":"category","embeddable":true,"href":"https:\/\/obera.fr\/hu\/wp-json\/wp\/v2\/categories?post=109342"},{"taxonomy":"post_tag","embeddable":true,"href":"https:\/\/obera.fr\/hu\/wp-json\/wp\/v2\/tags?post=109342"}],"curies":[{"name":"wp","href":"https:\/\/api.w.org\/{rel}","templated":true}]}}