{"id":109582,"date":"2025-06-12T12:20:50","date_gmt":"2025-06-12T10:20:50","guid":{"rendered":"https:\/\/obera.fr\/a-mi-tanacsunk\/rafraichisseur-secteur-logistique\/"},"modified":"2025-07-16T11:31:27","modified_gmt":"2025-07-16T09:31:27","slug":"rafraichisseur-secteur-logistique","status":"publish","type":"post","link":"https:\/\/obera.fr\/hu\/szallitas-es-raktarozas-logisztika\/rafraichisseur-secteur-logistique\/","title":{"rendered":"A logisztikai \u00e1gazat ig\u00e9nyeinek megfelel\u0151 l\u00e9gh\u0171t\u0151k"},"content":{"rendered":"\n<p>Az egyre ig\u00e9nyesebb logisztikai k\u00f6rnyezetben a rakt\u00e1rhelyis\u00e9gek <strong>h\u0151m\u00e9rs\u00e9klet\u00e9nek szab\u00e1lyoz\u00e1sa<\/strong> strat\u00e9giai jelent\u0151s\u00e9g\u0171v\u00e9 v\u00e1lt. <a href=\"https:\/\/obera.fr\/hu\/produits\/rafraichisseurs-air\/\">Adiabatikus h\u0171t\u00e9si<\/a> megold\u00e1sainak k\u00f6sz\u00f6nhet\u0151en az OberA seg\u00edt a v\u00e1llalatoknak optimaliz\u00e1lni a <strong>munka- \u00e9s rakt\u00e1roz\u00e1si k\u00f6r\u00fclm\u00e9nyeket<\/strong>, mik\u00f6zben az energiafogyaszt\u00e1st is kontroll\u00e1lja. <\/p>\n\n<h2 class=\"wp-block-heading\">A h\u0151szab\u00e1lyoz\u00e1s a logisztik\u00e1ban: strat\u00e9giai kih\u00edv\u00e1s<\/h2>\n\n<p>A logisztikai rakt\u00e1rakban a t\u00falzott h\u0151s\u00e9g sokkal t\u00f6bb mint kellemetlens\u00e9g: a <strong>term\u00e9kmin\u0151s\u00e9get<\/strong>, a szem\u00e9lyzet biztons\u00e1g\u00e1t \u00e9s az \u00e1ltal\u00e1nos \u00fczleti teljes\u00edtm\u00e9nyt <strong>vesz\u00e9lyeztet\u0151 t\u00e9nyez\u0151<\/strong>. Tudjon meg t\u00f6bbet. <\/p>\n\n<h3 class=\"wp-block-heading\">Kritikus h\u0151m\u00e9rs\u00e9klet-ingadoz\u00e1soknak kitett \u00e1ruk<\/h3>\n\n<p>A legt\u00f6bb<strong> logisztikai \u00e9p\u00fclet nem szigetelt \u00e9s nem l\u00e9gkondicion\u00e1lt<\/strong>. A f\u00e9mtet\u0151k \u00e9s \u00fcvegfel\u00fcletek hat\u00e1s\u00e1ra a bels\u0151 h\u0151m\u00e9rs\u00e9klet ny\u00e1ron k\u00f6nnyen meghaladhatja a 35 \u00b0C-ot. Ez val\u00f3s vesz\u00e9lyt jelent a :  <\/p>\n\n<ul class=\"wp-block-list\">\n<li><strong>H\u0171t\u00e9s n\u00e9lk\u00fcli \u00e9lelmiszerek<\/strong>, amelyek min\u0151s\u00e9ge gyorsan romolhat;<\/li>\n\n\n\n<li>H\u0151\u00e9rz\u00e9keny <strong>gy\u00f3gyszeripari vagy kozmetikai term\u00e9kek<\/strong>;<\/li>\n\n\n\n<li><strong>Elektronikus vagy m\u0171anyag alkatr\u00e9szek<\/strong>, amelyek 30\u00b0C felett megv\u00e1ltoztathat\u00f3k.<\/li>\n<\/ul>\n\n<p>M\u00e9g a csomagol\u00f3anyagok (f\u00f3lia, ragaszt\u00f3, karton) is elvesz\u00edthetik hat\u00e9konys\u00e1gukat vagy deform\u00e1l\u00f3dhatnak, ami k\u00f6zvetett vesztes\u00e9geket okozhat.<\/p>\n\n<div class=\"wp-block-columns is-layout-flex wp-container-core-columns-is-layout-28f84493 wp-block-columns-is-layout-flex\">\n<div class=\"wp-block-column is-layout-flow wp-block-column-is-layout-flow\" style=\"flex-basis:66.66%\">\n<h3 class=\"wp-block-heading\">Cs\u00f6kkent termel\u00e9kenys\u00e9g \u00e9s megn\u00f6vekedett kock\u00e1zatok az \u00fczemeltet\u0151k sz\u00e1m\u00e1ra<\/h3>\n\n\n\n<p>Az el\u0151k\u00e9sz\u00edt\u0151 vagy t\u00e1rol\u00f3 helyis\u00e9gekben uralkod\u00f3<strong> magas h\u0151m\u00e9rs\u00e9klet<\/strong> k\u00f6zvetlen hat\u00e1ssal van a csapat teljes\u00edtm\u00e9ny\u00e9re. A h\u0151s\u00e9g miatt cs\u00f6kken a koncentr\u00e1ci\u00f3, fokoz\u00f3dik a f\u00e1radts\u00e1g, \u00e9s nagyobb a mozg\u00e1sszervi megbeteged\u00e9sek vagy kellemetlens\u00e9gek kock\u00e1zata. <\/p>\n\n\n\n<p><strong>A forr\u00f3 k\u00f6rnyezet <\/strong>a csapatok termel\u00e9kenys\u00e9g\u00e9re is hat\u00e1ssal van, ami hosszabb feldolgoz\u00e1si id\u0151t, magasabb hibaar\u00e1nyt \u00e9s a szolg\u00e1ltat\u00e1s min\u0151s\u00e9g\u00e9nek roml\u00e1s\u00e1t eredm\u00e9nyezi.<\/p>\n\n\n\n<h3 class=\"wp-block-heading\">A berendez\u00e9sek \u00e9s rendszerek tesztel\u00e9se<\/h3>\n\n\n\n<p>Az emberi er\u0151forr\u00e1sok mellett a h\u0151 a logisztikai berendez\u00e9sek zavartalan m\u0171k\u00f6d\u00e9s\u00e9t is befoly\u00e1solja: a<strong> rakod\u00f3daruk, sz\u00e1ll\u00edt\u00f3szalagok, automatiz\u00e1lt v\u00e1logat\u00f3rendszerek<\/strong>stb. Ezek a m\u00e9rs\u00e9kelt h\u0151m\u00e9rs\u00e9klet-tartom\u00e1nyra tervezett g\u00e9pek a forr\u00f3 k\u00f6rnyezetben id\u0151 el\u0151tti le\u00e1ll\u00e1st vagy meghib\u00e1sod\u00e1st tapasztalhatnak.<\/p>\n<\/div>\n\n\n\n<div class=\"wp-block-column is-layout-flow wp-block-column-is-layout-flow\" style=\"flex-basis:33.33%\">\n<figure class=\"wp-block-image aligncenter size-large is-resized\"><img decoding=\"async\" width=\"1024\" height=\"1024\" src=\"https:\/\/obera.fr\/wp-content\/uploads\/2024\/05\/1-1024x1024.jpg\" alt=\"Az iparban a h&#x151;s&#xE9;gt&#x151;l szenved&#x151; munkav&#xE1;llal&#xF3;k\" class=\"wp-image-31002\" style=\"width:291px;height:auto\" srcset=\"https:\/\/obera.fr\/wp-content\/uploads\/2024\/05\/1-1024x1024.jpg 1024w, https:\/\/obera.fr\/wp-content\/uploads\/2024\/05\/1-300x300.jpg 300w, https:\/\/obera.fr\/wp-content\/uploads\/2024\/05\/1-150x150.jpg 150w, https:\/\/obera.fr\/wp-content\/uploads\/2024\/05\/1-768x768.jpg 768w, https:\/\/obera.fr\/wp-content\/uploads\/2024\/05\/1.jpg 1200w\" sizes=\"(max-width: 1024px) 100vw, 1024px\" \/><\/figure>\n<\/div>\n<\/div>\n\n<p><em>A szak\u00e9rt\u0151i v\u00e9lem\u00e9ny: ebben az \u00f6sszef\u00fcgg\u00e9sben egyre ink\u00e1bb <\/em><strong><em>strat\u00e9giai jelent\u0151s\u00e9g\u0171v\u00e9 v\u00e1lik a h\u0171t\u0151rendszer alkalmaz\u00e1sa<\/em><\/strong><em>  k\u00e9pes a belt\u00e9ri h\u0151m\u00e9rs\u00e9kletet elfogadhat\u00f3 szinten stabiliz\u00e1lni an\u00e9lk\u00fcl, hogy n\u00f6veln\u00e9 az energiak\u00f6lts\u00e9geket vagy m\u00f3dos\u00edtan\u00e1 a helysz\u00edn \u00e9p\u00edt\u00e9szet\u00e9t. Itt j\u00f6nnek a k\u00e9pbe az OberA l\u00e9gh\u0171t\u0151k. A k\u00f6vetkez\u0151 c\u00e9lokra sz\u00e1nt    <\/em><strong><em>ipari ig\u00e9nyek<\/em><\/strong><em>Ezek a megold\u00e1sok energiahat\u00e9konyak \u00e9s term\u00e9szetesen cs\u00f6kkentik a h\u0151m\u00e9rs\u00e9kletet.<\/em><\/p>\n\n<p><\/p>\n\n<h2 class=\"wp-block-heading\">Adiabatikus h\u0171t\u00e9s: megb\u00edzhat\u00f3 \u00e9s gazdas\u00e1gos technol\u00f3gia<\/h2>\n\n<h3 class=\"wp-block-heading\">Fizikai alap\u00fa technol\u00f3gia<\/h3>\n\n<div class=\"wp-block-columns is-layout-flex wp-container-core-columns-is-layout-28f84493 wp-block-columns-is-layout-flex\">\n<div class=\"wp-block-column is-layout-flow wp-block-column-is-layout-flow\" style=\"flex-basis:66.66%\">\n<p><a href=\"https:\/\/obera.fr\/hu\/a-mi-tanacsunk\/comment-fonctionne-un-rafraichisseur-adiabatique\/\">Az adiabatikus h\u0171t\u00e9s, m\u00e1s n\u00e9ven p\u00e1rolg\u00e1sh\u0171t\u00e9s elve<\/a> egy egyszer\u0171 fizikai jelens\u00e9gen alapul: amikor a v\u00edz elp\u00e1rolog, h\u0151 form\u00e1j\u00e1ban energi\u00e1t vesz fel.<strong> A h\u0171t\u0151k ezt a term\u00e9szetes folyamatot haszn\u00e1lj\u00e1k ki<\/strong> a k\u00f6rnyezeti leveg\u0151 h\u0151m\u00e9rs\u00e9klet\u00e9nek cs\u00f6kkent\u00e9s\u00e9re, h\u0171t\u0151g\u00e1zok \u00e9s energiaig\u00e9nyes kompresszorok haszn\u00e1lata n\u00e9lk\u00fcl. <\/p>\n\n\n\n<p>Gyakorlatilag a meleg k\u00fcls\u0151 leveg\u0151t a berendez\u00e9s besz\u00edvja, egy p\u00e1r\u00e1s\u00edtott p\u00e1rn\u00e1n vagy panelen (alveol\u00e1ris k\u00f6zegk\u00e9nt ismert) \u00e1thalad, majd leh\u0171tve t\u00e1vozik, miel\u0151tt sz\u00e9tosztj\u00e1k az eg\u00e9sz \u00e9p\u00fcletben. Ez a fajta rendszer lehet\u0151v\u00e9 teszi <strong>nagy t\u00e9rfogatok hat\u00e9kony h\u0171t\u00e9s\u00e9t<\/strong>, nagyon alacsony villamosenergia-fogyaszt\u00e1s mellett. <\/p>\n<\/div>\n\n\n\n<div class=\"wp-block-column is-layout-flow wp-block-column-is-layout-flow\" style=\"flex-basis:33.33%\">\n<figure class=\"wp-block-image aligncenter size-full is-resized\"><img decoding=\"async\" width=\"1000\" height=\"1000\" src=\"https:\/\/obera.fr\/wp-content\/uploads\/2022\/03\/Rafraichisseur-dair-par-evaporation.jpg\" alt=\"p&#xE1;rologtat&#xF3; l&#xE9;gh&#x171;t&#x151;\" class=\"wp-image-13253\" style=\"width:221px;height:auto\" srcset=\"https:\/\/obera.fr\/wp-content\/uploads\/2022\/03\/Rafraichisseur-dair-par-evaporation.jpg 1000w, https:\/\/obera.fr\/wp-content\/uploads\/2022\/03\/Rafraichisseur-dair-par-evaporation-300x300.jpg 300w, https:\/\/obera.fr\/wp-content\/uploads\/2022\/03\/Rafraichisseur-dair-par-evaporation-150x150.jpg 150w, https:\/\/obera.fr\/wp-content\/uploads\/2022\/03\/Rafraichisseur-dair-par-evaporation-768x768.jpg 768w\" sizes=\"(max-width: 1000px) 100vw, 1000px\" \/><\/figure>\n<\/div>\n<\/div>\n\n<h3 class=\"wp-block-heading\">A hagyom\u00e1nyos l\u00e9gkondicion\u00e1l\u00f3k intelligens alternat\u00edv\u00e1ja<\/h3>\n\n<div class=\"wp-block-columns is-layout-flex wp-container-core-columns-is-layout-28f84493 wp-block-columns-is-layout-flex\">\n<div class=\"wp-block-column is-layout-flow wp-block-column-is-layout-flow\" style=\"flex-basis:66.66%\">\n<p>A <strong>l\u00e9gkondicion\u00e1l\u00f3 berendez\u00e9sekkel ellent\u00e9tben<\/strong>, amelyek gyakorlatilag hermetikusan z\u00e1rt helyis\u00e9geket ig\u00e9nyelnek, az adiabatikus h\u0171t\u0151k k\u00fcl\u00f6n\u00f6sen j\u00f3l alkalmazhat\u00f3k nyitott \u00e9p\u00fcletekben, p\u00e9ld\u00e1ul rakt\u00e1rakban, rakod\u00f3csarnokokban vagy ipari m\u0171helyekben. A lebeg\u0151 por \u00e9s r\u00e9szecsk\u00e9k elt\u00e1vol\u00edt\u00e1s\u00e1val<strong> jav\u00edtj\u00e1k a belt\u00e9ri leveg\u0151 min\u0151s\u00e9g\u00e9t is<\/strong>. <\/p>\n\n\n\n<p>\u00cdme az adiabatikus h\u0171t\u0151k n\u00e9h\u00e1ny konkr\u00e9t el\u0151nye:<\/p>\n\n\n\n<ul class=\"wp-block-list\">\n<li><strong>K\u00f6nnyen telep\u00edthet\u0151<\/strong>: nincs sz\u00fcks\u00e9g h\u0171t\u0151h\u00e1l\u00f3zatra vagy nagyobb munk\u00e1latokra;<\/li>\n\n\n\n<li><strong>Kompatibilit\u00e1s nyitott k\u00f6rnyezetekkel<\/strong>: optim\u00e1lis m\u0171k\u00f6d\u00e9s nagy leveg\u0151fel\u00faj\u00edt\u00e1ssal ;<\/li>\n\n\n\n<li><strong>Energiatakar\u00e9koss\u00e1g<\/strong>: egyetlen motor a leveg\u0151 keringtet\u00e9s\u00e9hez \u00e9s a v\u00edz szivatty\u00faz\u00e1s\u00e1hoz;<\/li>\n\n\n\n<li><strong>Alacsony karbantart\u00e1si ig\u00e9ny<\/strong>: rendszeres tiszt\u00edt\u00e1s, nincsenek bonyolult alkatr\u00e9szek;<\/li>\n\n\n\n<li><strong>Tart\u00f3ss\u00e1g<\/strong>: egyszer\u0171 mechanikai alkatr\u00e9szek, a p\u00e1rologtat\u00f3 panelek hossz\u00fa \u00e9lettartama.<br\/><\/li>\n<\/ul>\n\n\n\n<p>Az OberA sorozat nagy kapacit\u00e1s\u00fa v\u00edztart\u00e1lyokkal van felszerelve a hosszabb auton\u00f3mia garant\u00e1l\u00e1sa \u00e9rdek\u00e9ben. Egyes modellek UV-l\u00e1mp\u00e1kkal vannak felszerelve a <strong>bakt\u00e9riumok elszaporod\u00e1s\u00e1nak<\/strong> megakad\u00e1lyoz\u00e1s\u00e1ra <strong>a hidraulikak\u00f6rben<\/strong>. A nagy l\u00e9g\u00e1raml\u00e1si sebess\u00e9g a nagy k\u00f6zegfel\u00fclettel kombin\u00e1lva gyors \u00e9s egyenletes h\u0171t\u00e9st biztos\u00edt, m\u00e9g nagy t\u00e9rfogatokn\u00e1l is.  <\/p>\n<\/div>\n\n\n\n<div class=\"wp-block-column is-layout-flow wp-block-column-is-layout-flow\" style=\"flex-basis:33.33%\">\n<figure class=\"wp-block-image aligncenter size-large is-resized\"><img decoding=\"async\" width=\"1024\" height=\"1024\" src=\"https:\/\/obera.fr\/wp-content\/uploads\/2025\/06\/31-1024x1024.png\" alt=\"31\" class=\"wp-image-111671\" style=\"width:277px;height:auto\" srcset=\"https:\/\/obera.fr\/wp-content\/uploads\/2025\/06\/31-1024x1024.png 1024w, https:\/\/obera.fr\/wp-content\/uploads\/2025\/06\/31-300x300.png 300w, https:\/\/obera.fr\/wp-content\/uploads\/2025\/06\/31-150x150.png 150w, https:\/\/obera.fr\/wp-content\/uploads\/2025\/06\/31-768x768.png 768w, https:\/\/obera.fr\/wp-content\/uploads\/2025\/06\/31.png 1200w\" sizes=\"(max-width: 1024px) 100vw, 1024px\" \/><\/figure>\n<\/div>\n<\/div>\n\n<p><\/p>\n\n<h3 class=\"wp-block-heading\">Ipari k\u00f6rnyezetre optimaliz\u00e1lva<\/h3>\n\n<p>Az OberA h\u0171t\u0151ket \u00fagy tervezt\u00e9k, hogy <strong>neh\u00e9z k\u00f6r\u00fclm\u00e9nyek k\u00f6z\u00f6tt is hat\u00e9konyan<\/strong> m\u0171k\u00f6djenek: por, nagy h\u0151s\u00e9g, p\u00e1ratartalom. Robusztus kialak\u00edt\u00e1suknak k\u00f6sz\u00f6nhet\u0151en (horganyzott ac\u00e9l alv\u00e1z, meger\u0151s\u00edtett kerekek, ellen\u00e1ll\u00f3 burkolat) ide\u00e1lisan megfelelnek a logisztikai \u00e9s ipari szektor k\u00f6vetelm\u00e9nyeinek. <\/p>\n\n<p>R\u00e1ad\u00e1sul az egyszer\u0171 szell\u0151ztet\u0151 vagy l\u00e9gkondicion\u00e1l\u00f3 megold\u00e1sokkal ellent\u00e9tben <strong>az adiabatikus h\u0171t\u00e9s lehet\u0151v\u00e9 teszi a h\u0151hat\u00e9konys\u00e1g<\/strong>, az energiatakar\u00e9koss\u00e1g \u00e9s a k\u00f6rnyezetv\u00e9delem <strong>\u00f6sszeegyeztet\u00e9s\u00e9t<\/strong>: ez tov\u00e1bbi \u00e9rv a CSR-megk\u00f6zel\u00edt\u00e9s ir\u00e1nt elk\u00f6telezett vagy a sz\u00e9nl\u00e1bnyomuk cs\u00f6kkent\u00e9s\u00e9\u00e9rt agg\u00f3d\u00f3 v\u00e1llalatok sz\u00e1m\u00e1ra.<\/p>\n\n<h2 class=\"wp-block-heading\">Konkr\u00e9t el\u0151ny\u00f6k az \u00d6n logisztikai platformja sz\u00e1m\u00e1ra<\/h2>\n\n<h3 class=\"wp-block-heading\">V\u00e9dje \u00e9rz\u00e9keny \u00e1ruit<\/h3>\n\n<p>A h\u0151\u00e9rz\u00e9keny term\u00e9kek m\u00e1r 25-30 \u00b0C-os h\u0151m\u00e9rs\u00e9kleten is k\u00e1rosodhatnak. Az OberA p\u00e1rologtat\u00f3 h\u0171t\u00e9si megold\u00e1sai lehet\u0151v\u00e9 teszik <strong>a stabil h\u0151m\u00e9rs\u00e9klet fenntart\u00e1s\u00e1t a rakt\u00e1rhelyis\u00e9gekben<\/strong> an\u00e9lk\u00fcl, hogy dr\u00e1ga vagy \u00f6sszetett rendszerekre lenne sz\u00fcks\u00e9g. <\/p>\n\n<h3 class=\"wp-block-heading\">H\u0151komfortot k\u00edn\u00e1l az \u00fczemeltet\u0151knek<\/h3>\n\n<p>A m\u00e9rs\u00e9kelt h\u0151m\u00e9rs\u00e9klet jav\u00edtja a koncentr\u00e1ci\u00f3t \u00e9s cs\u00f6kkenti a csapat f\u00e1radts\u00e1g\u00e1t. A h\u0171t\u00f6tt \u00e9s sz\u0171rt leveg\u0151nek k\u00f6sz\u00f6nhet\u0151en <strong>eg\u00e9szs\u00e9ges k\u00f6rnyezetet biztos\u00edthat<\/strong>, amely el\u0151seg\u00edti a jobb teljes\u00edtm\u00e9nyt a terepen. <\/p>\n\n<h3 class=\"wp-block-heading\">Cs\u00f6kkentse a h\u0171t\u00e9ssel kapcsolatos \u00fczemeltet\u00e9si k\u00f6lts\u00e9geket<\/h3>\n\n<p>A hagyom\u00e1nyos l\u00e9gkondicion\u00e1l\u00f3kn\u00e1l ak\u00e1r 80%-kal alacsonyabb energiafogyaszt\u00e1ssal az OberA adiabatikus h\u0171t\u0151k <a href=\"https:\/\/obera.fr\/hu\/a-mi-tanacsunk\/solution-refroidissement-efficacite-energetique\/\">fenntarthat\u00f3 gazdas\u00e1gi megold\u00e1st jelentenek<\/a>. Kevesebb villamos energia, nincs h\u0171t\u0151g\u00e1z, c\u00e9lzott hat\u00e9konys\u00e1g. <\/p>\n\n<h2 class=\"wp-block-heading\">Az \u00d6n logisztikai korl\u00e1taihoz igaz\u00edtott h\u0171t\u0151t\u00e1ska kiv\u00e1laszt\u00e1sa<\/h2>\n\n<p>A lefedend\u0151 fel\u00fclet, a l\u00e9g\u00e1raml\u00e1si sebess\u00e9g, az auton\u00f3mia: <strong>t\u00f6bb t\u00e9nyez\u0151 hat\u00e1rozza meg<\/strong> a rakt\u00e1rban alkalmazand\u00f3 megfelel\u0151 modellt. Vegye figyelembe : <\/p>\n\n<ul class=\"wp-block-list\">\n<li>Az \u00e1raml\u00e1si sebess\u00e9g (m\u00b3\/h) a fel\u00fclethez \u00e9s a naps\u00fct\u00e9snek val\u00f3 kitetts\u00e9ghez igazodik;<\/li>\n\n\n\n<li>A tart\u00e1ly v\u00edzauton\u00f3mi\u00e1ja a hosszan tart\u00f3 megszak\u00edt\u00e1s n\u00e9lk\u00fcli haszn\u00e1lathoz ;<\/li>\n\n\n\n<li>Mobilit\u00e1s, ha a berendez\u00e9seket a kezel\u0151k ig\u00e9nyei szerint kell mozgatni (rakod\u00e1si z\u00f3n\u00e1k, komissi\u00f3z\u00e1si z\u00f3n\u00e1k stb.);<\/li>\n\n\n\n<li>K\u00f6nny\u0171 karbantart\u00e1s: Az OberA modelleket gyors tiszt\u00edt\u00e1sra tervezt\u00e9k, hozz\u00e1f\u00e9rhet\u0151 alkatr\u00e9szekkel \u00e9s ellen\u00e1ll\u00f3 anyagokkal.<\/li>\n<\/ul>\n\n<h2 class=\"wp-block-heading\">OberA megold\u00e1sok az optim\u00e1lis logisztikai h\u0171t\u00e9shez<\/h2>\n\n<p>Az OberA<strong> mobil ipari h\u0171t\u0151k\u00e9sz\u00fcl\u00e9kek sz\u00e9les v\u00e1laszt\u00e9k\u00e1t k\u00edn\u00e1lja<\/strong>, amelyek megfelelnek az \u00d6n m\u0171szaki \u00e9s helysz\u0171keinek:<\/p>\n\n<ul class=\"wp-block-list\">\n<li>IC 12: kis ter\u00fcletekre (150 m\u00b2-ig), 12 000 m\u00b3\/h, 70 literes tart\u00e1ly;<\/li>\n\n\n\n<li>IC 22 : 250 m\u00b2-ig, 22 000 m\u00b3\/h, 130 L tart\u00e1ly;<\/li>\n\n\n\n<li>IC 30: 400 m\u00b2-ig terjed\u0151 fel\u00fcletekre, 30 000 m\u00b3\/h, 280 literes tart\u00e1ly.<\/li>\n<\/ul>\n\n<p>Minden mobil modell k\u00f6nnyen mozgathat\u00f3 kerekekre van szerelve, a folyamatos haszn\u00e1lathoz opcion\u00e1lis k\u00f6zvetlen v\u00edzcsatlakoz\u00e1ssal.<\/p>\n\n<h2 class=\"wp-block-heading\">Az OberA modellek \u00f6sszefoglal\u00e1sa<\/h2>\n\n<figure class=\"wp-block-table\"><table class=\"has-fixed-layout\"><tbody><tr><td>Modell<\/td><td>L\u00e9g\u00e1ram (m\u00b3\/h)<\/td><td>Fedett ter\u00fclet (m\u00b2)<\/td><td>Tart\u00e1ly kapacit\u00e1sa (L)<\/td><td>T\u00edpus<\/td><\/tr><tr><td>IC 12<\/td><td>12 000<\/td><td>Legfeljebb 150<\/td><td>70<\/td><td>Mobil<\/td><\/tr><tr><td>IC 22<\/td><td>22 000<\/td><td>Legfeljebb 250<\/td><td>130<\/td><td>Mobil<\/td><\/tr><tr><td>IC 30<\/td><td>30 000<\/td><td>Legfeljebb 400<\/td><td>280<\/td><td>Mobil<\/td><\/tr><tr><td><\/td><td><\/td><td><\/td><td><\/td><td><\/td><\/tr><\/tbody><\/table><\/figure>\n\n<h2 class=\"wp-block-heading\">OberA t\u00e1mogat\u00e1s: a term\u00e9ken t\u00fal, kulcsrak\u00e9sz megold\u00e1s<\/h2>\n\n<p>Az OberA-val <strong>megb\u00edzhat\u00f3 berendez\u00e9seket \u00e9s \u00e1tfog\u00f3 t\u00e1mogat\u00e1st<\/strong> \u00e9lvezhet:<\/p>\n\n<ul class=\"wp-block-list\">\n<li>B\u00e9relje vagy v\u00e1s\u00e1rolja meg a megold\u00e1st a k\u00f6lts\u00e9gvet\u00e9snek \u00e9s a haszn\u00e1lat id\u0151tartam\u00e1nak megfelel\u0151en;<\/li>\n\n\n\n<li>Helysz\u00edni telep\u00edt\u00e9s \u00e9s \u00fczembe helyez\u00e9s szakembereink \u00e1ltal;<\/li>\n\n\n\n<li>Karbantart\u00e1si szerz\u0151d\u00e9sek az eg\u00e9sz \u00e9ves optim\u00e1lis m\u0171k\u00f6d\u00e9s biztos\u00edt\u00e1sa \u00e9rdek\u00e9ben.<\/li>\n<\/ul>\n","protected":false},"excerpt":{"rendered":"<p>Az egyre ig\u00e9nyesebb logisztikai k\u00f6rnyezetben a rakt\u00e1rhelyis\u00e9gek h\u0151m\u00e9rs\u00e9klet\u00e9nek szab\u00e1lyoz\u00e1sa strat\u00e9giai jelent\u0151s\u00e9g\u0171v\u00e9 v\u00e1lt.  <\/p>\n","protected":false},"author":13,"featured_media":113873,"comment_status":"open","ping_status":"closed","sticky":false,"template":"","format":"standard","meta":{"_acf_changed":false,"_seopress_robots_primary_cat":"none","_seopress_titles_title":"Logisztikai l\u00e9gh\u0171t\u0151k I OberA mobil megold\u00e1sok","_seopress_titles_desc":"Alkalmazzon fenntarthat\u00f3 h\u0171t\u00e9si megold\u00e1st az OberA adiabatikus h\u0171t\u0151kkel. P\u00e1rologtat\u00f3 h\u0171t\u00e9s, nagy \u00e1raml\u00e1s, mobilit\u00e1s \u00e9s energiatakar\u00e9koss\u00e1g ipari k\u00f6rnyezetben. ","_seopress_robots_index":"","footnotes":""},"categories":[720],"tags":[436],"class_list":["post-109582","post","type-post","status-publish","format-standard","has-post-thumbnail","hentry","category-szallitas-es-raktarozas-logisztika","tag-hutok","generate-columns","tablet-grid-50","mobile-grid-100","grid-parent","grid-50","no-featured-image-padding","resize-featured-image"],"acf":[],"_links":{"self":[{"href":"https:\/\/obera.fr\/hu\/wp-json\/wp\/v2\/posts\/109582","targetHints":{"allow":["GET"]}}],"collection":[{"href":"https:\/\/obera.fr\/hu\/wp-json\/wp\/v2\/posts"}],"about":[{"href":"https:\/\/obera.fr\/hu\/wp-json\/wp\/v2\/types\/post"}],"author":[{"embeddable":true,"href":"https:\/\/obera.fr\/hu\/wp-json\/wp\/v2\/users\/13"}],"replies":[{"embeddable":true,"href":"https:\/\/obera.fr\/hu\/wp-json\/wp\/v2\/comments?post=109582"}],"version-history":[{"count":6,"href":"https:\/\/obera.fr\/hu\/wp-json\/wp\/v2\/posts\/109582\/revisions"}],"predecessor-version":[{"id":123345,"href":"https:\/\/obera.fr\/hu\/wp-json\/wp\/v2\/posts\/109582\/revisions\/123345"}],"wp:featuredmedia":[{"embeddable":true,"href":"https:\/\/obera.fr\/hu\/wp-json\/wp\/v2\/media\/113873"}],"wp:attachment":[{"href":"https:\/\/obera.fr\/hu\/wp-json\/wp\/v2\/media?parent=109582"}],"wp:term":[{"taxonomy":"category","embeddable":true,"href":"https:\/\/obera.fr\/hu\/wp-json\/wp\/v2\/categories?post=109582"},{"taxonomy":"post_tag","embeddable":true,"href":"https:\/\/obera.fr\/hu\/wp-json\/wp\/v2\/tags?post=109582"}],"curies":[{"name":"wp","href":"https:\/\/api.w.org\/{rel}","templated":true}]}}