{"id":113607,"date":"2025-06-19T13:06:21","date_gmt":"2025-06-19T11:06:21","guid":{"rendered":"https:\/\/obera.fr\/a-mi-tanacsunk\/rafraichisseur-industrie-bois\/"},"modified":"2025-07-16T11:02:46","modified_gmt":"2025-07-16T09:02:46","slug":"rafraichisseur-industrie-bois","status":"publish","type":"post","link":"https:\/\/obera.fr\/hu\/fa\/rafraichisseur-industrie-bois\/","title":{"rendered":"Faipar: professzion\u00e1lis l\u00e9gh\u0171t\u0151k kiv\u00e1laszt\u00e1sa"},"content":{"rendered":"\n<div class=\"wp-block-columns is-layout-flex wp-container-core-columns-is-layout-28f84493 wp-block-columns-is-layout-flex\">\n<div class=\"wp-block-column is-layout-flow wp-block-column-is-layout-flow\" style=\"flex-basis:66.66%\">\n<p>A faiparban az <strong>\u00e9ghajlati viszonyok<\/strong> a termel\u00e9s minden szakasz\u00e1ban meghat\u00e1roz\u00f3 szerepet j\u00e1tszanak. Az egyenletes min\u0151s\u00e9g garant\u00e1l\u00e1sa, az anyagok meg\u0151rz\u00e9se \u00e9s a biztons\u00e1gos munkak\u00f6rnyezet biztos\u00edt\u00e1sa \u00e9rdek\u00e9ben a k\u00f6rnyezeti leveg\u0151 szab\u00e1lyoz\u00e1sa egyre ink\u00e1bb a teljes\u00edtm\u00e9ny val\u00f3di mozgat\u00f3rug\u00f3j\u00e1v\u00e1 v\u00e1lik.<\/p>\n\n\n\n<p>Az OberA az ipari k\u00f6rnyezet leveg\u0151kezel\u00e9s\u00e9nek specialist\u00e1jak\u00e9nt olyan <a href=\"https:\/\/obera.fr\/hu\/produits\/rafraichisseurs-air\/\">adiabatikus h\u0171t\u00e9si<\/a> megold\u00e1sokat k\u00edn\u00e1l, amelyek t\u00f6k\u00e9letesen alkalmazkodnak a faipari \u00e1gazat saj\u00e1tos korl\u00e1taihoz. A term\u00e9szetes, gazdas\u00e1gos \u00e9s hat\u00e9kony technol\u00f3gi\u00e1nak k\u00f6sz\u00f6nhet\u0151en rendszereink lehet\u0151v\u00e9 teszik a h\u0151m\u00e9rs\u00e9klet \u00e9s a p\u00e1ratartalom szab\u00e1lyoz\u00e1s\u00e1t, mik\u00f6zben megfelelnek<strong> a faipari szakemberek<\/strong> gazdas\u00e1gi,<strong> m\u0171szaki \u00e9s k\u00f6rnyezetv\u00e9delmi<\/strong> kih\u00edv\u00e1sainak. <\/p>\n<\/div>\n\n\n\n<div class=\"wp-block-column is-layout-flow wp-block-column-is-layout-flow\" style=\"flex-basis:33.33%\">\n<figure class=\"wp-block-image aligncenter size-large is-resized\"><img decoding=\"async\" width=\"1024\" height=\"1024\" src=\"https:\/\/obera.fr\/wp-content\/uploads\/2025\/06\/industrie-du-bois-1-1024x1024.png\" alt=\"faipar\" class=\"wp-image-122079\" style=\"width:187px;height:auto\" srcset=\"https:\/\/obera.fr\/wp-content\/uploads\/2025\/06\/industrie-du-bois-1-1024x1024.png 1024w, https:\/\/obera.fr\/wp-content\/uploads\/2025\/06\/industrie-du-bois-1-300x300.png 300w, https:\/\/obera.fr\/wp-content\/uploads\/2025\/06\/industrie-du-bois-1-150x150.png 150w, https:\/\/obera.fr\/wp-content\/uploads\/2025\/06\/industrie-du-bois-1-768x768.png 768w, https:\/\/obera.fr\/wp-content\/uploads\/2025\/06\/industrie-du-bois-1.png 1200w\" sizes=\"(max-width: 1024px) 100vw, 1024px\" \/><\/figure>\n<\/div>\n<\/div>\n\n<h2 class=\"wp-block-heading\">Mi\u00e9rt v\u00e1lasszon l\u00e9gh\u0171t\u0151t a faiparban?<\/h2>\n\n<p>A faiparban a<strong>l\u00e9gh\u0171t\u0151k<\/strong> (vagy l\u00e9gh\u0171t\u0151 rendszerek, p\u00e9ld\u00e1ul p\u00e1rologtat\u00f3 h\u0171t\u0151k) haszn\u00e1lata sz\u00e1mos m\u0171szaki, emberi \u00e9s gazdas\u00e1gi okb\u00f3l elengedhetetlen. Az al\u00e1bbiakban r\u00e9szletes magyar\u00e1zatot adunk, bele\u00e9rtve az<strong>emelked\u0151 h\u0151m\u00e9rs\u00e9klet<\/strong> hat\u00e1s\u00e1t ebben a speci\u00e1lis \u00e1gazatban: <\/p>\n\n<h3 class=\"wp-block-heading\">1. A nyersanyag (fa) tart\u00f3s\u00edt\u00e1sa<\/h3>\n\n<p>A faiparban a <strong>k\u00f6rnyezeti<\/strong> <strong>h\u0151m\u00e9rs\u00e9klet \u00e9s a p\u00e1ratartalom<\/strong> d\u00f6nt\u0151 szerepet j\u00e1tszik az anyag stabilit\u00e1s\u00e1ban. Mivel a fa higroszk\u00f3pos, er\u0151sen reag\u00e1l a h\u0151m\u00e9rs\u00e9klet-v\u00e1ltoz\u00e1sokra, k\u00fcl\u00f6n\u00f6sen a t\u00falzott nedvess\u00e9gvesztes\u00e9ggel, ha t\u00fal meleg van. Ez olyan hib\u00e1khoz vezethet, mint a reped\u00e9sek, deform\u00e1ci\u00f3 vagy szab\u00e1lytalan zsugorod\u00e1s, ami vesz\u00e9lyezteti a k\u00e9szterm\u00e9kek min\u0151s\u00e9g\u00e9t. <strong>A szab\u00e1lyozott kl\u00edma fenntart\u00e1sa<\/strong> l\u00e9gh\u0171t\u0151kkel ez\u00e9rt seg\u00edt meg\u0151rizni a fa \u00e9ps\u00e9g\u00e9t \u00e9s m\u00e9retstabilit\u00e1s\u00e1t az \u00e1talak\u00edt\u00e1si folyamat sor\u00e1n.  <\/p>\n\n<h3 class=\"wp-block-heading\">2. Munkav\u00e1llal\u00f3i k\u00e9nyelem \u00e9s biztons\u00e1g<\/h3>\n\n<p>A <strong>fafeldolgoz\u00f3 m\u0171helyek <\/strong>gyakran ki vannak t\u00e9ve a h\u0151nek, zajnak \u00e9s pornak, ami a munkak\u00f6r\u00fclm\u00e9nyeket pr\u00f3b\u00e1ra teszi. Ha meleg van, a kezel\u0151ket f\u00e1radts\u00e1g, cs\u00f6kkent koncentr\u00e1ci\u00f3 \u00e9s ak\u00e1r h\u0151stressz is s\u00fajthatja, ami n\u00f6veli a balesetek kock\u00e1zat\u00e1t.<strong>A l\u00e9gh\u0171t\u0151k haszn\u00e1lata<\/strong> lehet\u0151v\u00e9 teszi a k\u00f6rnyezeti h\u0151m\u00e9rs\u00e9klet elviselhet\u0151bb szinten tart\u00e1s\u00e1t an\u00e9lk\u00fcl, hogy a leveg\u0151 kisz\u00e1radna, ellent\u00e9tben a hagyom\u00e1nyos l\u00e9gkondicion\u00e1l\u00e1ssal. Ez el\u0151seg\u00edti a szem\u00e9lyzet j\u00f3l\u00e9t\u00e9t \u00e9s jav\u00edtja a munkahelyi biztons\u00e1got.   <\/p>\n\n<h3 class=\"wp-block-heading\">3. A gy\u00fal\u00e9kony por felhalmoz\u00f3d\u00e1s\u00e1nak cs\u00f6kkent\u00e9se<\/h3>\n\n<p>A fapor er\u0151sen gy\u00fal\u00e9kony, \u00e9s <strong>ipari<\/strong> k\u00f6rnyezetben val\u00f3s vesz\u00e9lyt jelent. A l\u00e9gkering\u00e9s jav\u00edt\u00e1s\u00e1val a friss\u00edt\u0151k jobban ir\u00e1ny\u00edtj\u00e1k a finom r\u00e9szecsk\u00e9ket az elsz\u00edv\u00f3- \u00e9s szell\u0151z\u0151rendszerek fel\u00e9, cs\u00f6kkentve ezzel a k\u00f6rnyezeti leveg\u0151ben l\u00e9v\u0151 koncentr\u00e1ci\u00f3jukat. Ez seg\u00edt megel\u0151zni a robban\u00e1s vagy t\u0171zvesz\u00e9lyt, mik\u00f6zben <strong>eg\u00e9szs\u00e9gesebb munkak\u00f6rnyezetet <\/strong>biztos\u00edt.  <\/p>\n\n<h3 class=\"wp-block-heading\">4. G\u00e9phat\u00e9konys\u00e1g \u00e9s energiamegtakar\u00edt\u00e1s<\/h3>\n\n<p>A t\u00falzott h\u0151 a szersz\u00e1mg\u00e9pek teljes\u00edtm\u00e9ny\u00e9t is befoly\u00e1solhatja, mivel felgyors\u00edtja azok felmeleged\u00e9s\u00e9t \u00e9s kop\u00e1s\u00e1t.<strong> A m\u00e9rs\u00e9kelt h\u0151m\u00e9rs\u00e9klet<\/strong> optim\u00e1lis szinten tartja a berendez\u00e9sek m\u0171k\u00f6d\u00e9s\u00e9t, korl\u00e1tozza a karbantart\u00e1s miatti \u00e1ll\u00e1sid\u0151t \u00e9s meghosszabb\u00edtja \u00e9lettartamukat. Ugyanakkor a<strong> l\u00e9gh\u0171t\u0151k <\/strong>kevesebb energi\u00e1t fogyasztanak, mint a hagyom\u00e1nyos l\u00e9gkondicion\u00e1l\u00f3 rendszerek, \u00edgy a m\u0171szaki hat\u00e9konys\u00e1got \u00f6ssze lehet egyeztetni az energiamegtakar\u00edt\u00e1ssal &#8211; ami fontos el\u0151ny <a href=\"https:\/\/obera.fr\/hu\/a-mi-tanacsunk\/solution-refroidissement-efficacite-energetique\/\">egy ilyen energiaig\u00e9nyes \u00e1gazatban<\/a>.  <\/p>\n\n<h3 class=\"wp-block-heading\">5. K\u00f6rnyezeti megfontol\u00e1sok<\/h3>\n\n<p>V\u00e9g\u00fcl, \u00f6kol\u00f3giai szempontb\u00f3l a<strong> l\u00e9gfriss\u00edt\u0151k jelent\u0151s el\u0151nyt k\u00edn\u00e1lnak<\/strong>. Mivel p\u00e1rologtat\u00e1ssal m\u0171k\u00f6dnek, a hagyom\u00e1nyos l\u00e9gkondicion\u00e1l\u00f3 berendez\u00e9sekkel ellent\u00e9tben nem ig\u00e9nyelnek sem h\u0171t\u0151g\u00e1zt, sem nagy energiafogyaszt\u00e1st. Ez a h\u0171t\u00e9si m\u00f3dszer teh\u00e1t jobban k\u00edm\u00e9li a k\u00f6rnyezetet, \u00e9s k\u00fcl\u00f6n\u00f6sen alkalmas a <strong>faiparra jellemz\u0151<\/strong> nyitott vagy <strong>nagym\u00e9ret\u0171<\/strong> m\u0171helyek sz\u00e1m\u00e1ra, amelyek nagy teljes\u00edtm\u00e9ny\u0171, gazdas\u00e1gos \u00e9s fenntarthat\u00f3 megold\u00e1sokat ig\u00e9nyelnek.  <\/p>\n\n<h2 class=\"wp-block-heading\">Hogyan m\u0171k\u00f6dnek az adiabatikus h\u0171t\u0151k<\/h2>\n\n<h3 class=\"wp-block-heading\">Term\u00e9szetes elv a szab\u00e1lyozott h\u0151m\u00e9rs\u00e9klethez<\/h3>\n\n<div class=\"wp-block-columns is-layout-flex wp-container-core-columns-is-layout-28f84493 wp-block-columns-is-layout-flex\">\n<div class=\"wp-block-column is-layout-flow wp-block-column-is-layout-flow\" style=\"flex-basis:66.66%\">\n<p><strong>Az adiabatikus h\u0171t\u0151k m\u0171k\u00f6d\u00e9se<\/strong> egy egyszer\u0171, term\u00e9szetes fizikai folyamaton alapul: a meleg k\u00f6rnyezeti leveg\u0151t besz\u00edvj\u00e1k, majd egy nedves k\u00f6zegen, \u00e1ltal\u00e1ban egy v\u00edzzel \u00e1titatott m\u00e9hsejtes szerkezeten vezetik \u00e1t. Ahogy \u00e1thalad ezen a k\u00f6zegen, a leveg\u0151 p\u00e1rolg\u00e1s \u00fatj\u00e1n leadja h\u0151j\u00e9nek egy r\u00e9sz\u00e9t a v\u00edznek, ami a bef\u00fajt leveg\u0151 h\u0151m\u00e9rs\u00e9klet\u00e9nek azonnali cs\u00f6kken\u00e9s\u00e9t eredm\u00e9nyezi. <\/p>\n\n\n\n<p>A<strong> hagyom\u00e1nyos kl\u00edmaberendez\u00e9ssel<\/strong> ellent\u00e9tben ez a rendszer nem haszn\u00e1l sem h\u0171t\u0151g\u00e1zt, sem kompresszorokat, \u00edgy jelent\u0151sen cs\u00f6kkenti a berendez\u00e9s energiafelhaszn\u00e1l\u00e1s\u00e1t.<\/p>\n<\/div>\n\n\n\n<div class=\"wp-block-column is-layout-flow wp-block-column-is-layout-flow\" style=\"flex-basis:33.33%\">\n<figure class=\"wp-block-image aligncenter size-full is-resized\"><img decoding=\"async\" width=\"1000\" height=\"1000\" src=\"https:\/\/obera.fr\/wp-content\/uploads\/2022\/03\/Rafraichisseur-dair-par-evaporation.jpg\" alt=\"p&#xE1;rologtat&#xF3; l&#xE9;gh&#x171;t&#x151;\" class=\"wp-image-13253\" style=\"width:191px;height:auto\" srcset=\"https:\/\/obera.fr\/wp-content\/uploads\/2022\/03\/Rafraichisseur-dair-par-evaporation.jpg 1000w, https:\/\/obera.fr\/wp-content\/uploads\/2022\/03\/Rafraichisseur-dair-par-evaporation-300x300.jpg 300w, https:\/\/obera.fr\/wp-content\/uploads\/2022\/03\/Rafraichisseur-dair-par-evaporation-150x150.jpg 150w, https:\/\/obera.fr\/wp-content\/uploads\/2022\/03\/Rafraichisseur-dair-par-evaporation-768x768.jpg 768w\" sizes=\"(max-width: 1000px) 100vw, 1000px\" \/><\/figure>\n<\/div>\n<\/div>\n\n<h3 class=\"wp-block-heading\">El\u0151ny\u00f6k a faipari m\u0171helyek sz\u00e1m\u00e1ra  <\/h3>\n\n<ul class=\"wp-block-list\">\n<li>Hat\u00e9kony <strong>h\u0171t\u00e9s <\/strong>m\u00e9g nagy nyitott vagy f\u00e9lig nyitott terekben is;<\/li>\n\n\n\n<li>Fenntartja a <strong>stabil p\u00e1ratartalmat<\/strong>, megakad\u00e1lyozva a fa vetemed\u00e9s\u00e9t vagy zsugorod\u00e1s\u00e1t;<\/li>\n\n\n\n<li>Jav\u00edtott h\u0151komfort az \u00fczemeltet\u0151k sz\u00e1m\u00e1ra a leveg\u0151 kisz\u00e1rad\u00e1sa n\u00e9lk\u00fcl;<\/li>\n\n\n\n<li>A h\u0151s\u00e9ggel kapcsolatos kock\u00e1zatok (balesetek, f\u00e1radts\u00e1g, koncentr\u00e1ci\u00f3veszt\u00e9s) cs\u00f6kkent\u00e9se ;<\/li>\n\n\n\n<li>A <strong>finom por<\/strong> jobb eloszlat\u00e1sa, ami korl\u00e1tozza annak felhalmoz\u00f3d\u00e1s\u00e1t;<\/li>\n\n\n\n<li>Alacsony energiafogyaszt\u00e1s, egyszer\u0171 telep\u00edt\u00e9s \u00e9s cs\u00f6kkentett karbantart\u00e1s.<br\/><\/li>\n<\/ul>\n\n<blockquote class=\"wp-block-quote is-layout-flow wp-block-quote-is-layout-flow\">\n<p><em>Az OberA sz\u00f3: rendszereinket \u00fagy tervezt\u00fck, hogy alkalmazkodjanak az adott <\/em><strong><em>egyedi korl\u00e1toz\u00e1sokhoz<\/em><\/strong><em>  az egyes helysz\u00edneken: l\u00e9g\u00e1raml\u00e1s, \u00e9p\u00fclett\u00e9rfogat, tev\u00e9kenys\u00e9g t\u00edpusa \u00e9s a kezelt fafajok. Az OberA t\u00e1mogatja a faipari szakembereket a nagy teljes\u00edtm\u00e9ny\u0171, fenntarthat\u00f3 h\u0151gazd\u00e1lkod\u00e1s megval\u00f3s\u00edt\u00e1s\u00e1ra ir\u00e1nyul\u00f3 er\u0151fesz\u00edt\u00e9seikben. <\/em><\/p>\n<\/blockquote>\n\n<h2 class=\"wp-block-heading\">Tan\u00e1csad\u00e1sunk a faipari k\u00f6vetelm\u00e9nyeknek megfelel\u0151 h\u0171t\u0151k kiv\u00e1laszt\u00e1s\u00e1hoz<\/h2>\n\n<ul class=\"wp-block-list\">\n<li>\u00c9rt\u00e9kelje a kezelend\u0151 t\u00e9rfogatot: v\u00e1lasszon az \u00e9p\u00fclet m\u00e9ret\u00e9nek \u00e9s magass\u00e1g\u00e1nak megfelel\u0151 k\u00e9sz\u00fcl\u00e9ket, k\u00fcl\u00f6n\u00f6sen nyitott m\u0171helyekben.<\/li>\n\n\n\n<li><strong>Elemezze a leveg\u0151 meg\u00faj\u00edt\u00e1s\u00e1nak sz\u00fcks\u00e9gess\u00e9g\u00e9t<\/strong>: v\u00e1lasszon megfelel\u0151 l\u00e9g\u00e1raml\u00e1st a h\u0151 \u00e9s a por hat\u00e9kony elsz\u00edv\u00e1s\u00e1hoz.<\/li>\n\n\n\n<li><strong>Biztos\u00edtsa a megfelel\u0151 p\u00e1ratartalom egyens\u00faly\u00e1t<\/strong>: v\u00e1lasszon olyan adiabatikus h\u0171t\u0151t, amely stabil p\u00e1ratartalmat tart fenn, ami j\u00f3t tesz a f\u00e1nak.<\/li>\n\n\n\n<li><strong>Ellen\u0151rizze a v\u00edz- \u00e9s energiafogyaszt\u00e1st<\/strong>: v\u00e1lasszon energiatakar\u00e9kos modellt, k\u00fcl\u00f6n\u00f6sen, ha a k\u00e9sz\u00fcl\u00e9knek folyamatosan m\u0171k\u00f6dnie kell.<\/li>\n\n\n\n<li><strong>Tartsa szem el\u0151tt a karbantart\u00e1st<\/strong>: v\u00e1lasszon k\u00f6nnyen tiszt\u00edthat\u00f3 rendszert, k\u00f6nnyen hozz\u00e1f\u00e9rhet\u0151 sz\u0171r\u0151kkel \u00e9s k\u00f6zegekkel.<\/li>\n\n\n\n<li><strong>Ellen\u0151rizze a zajszintet<\/strong>: v\u00e1lasszon csendes modellt, ha \u00e9rz\u00e9keny munkahelyekr\u0151l vagy prec\u00edzi\u00f3s munk\u00e1r\u00f3l van sz\u00f3.<\/li>\n\n\n\n<li><strong>B\u00edzzon a l\u00e9gkezel\u00e9si szak\u00e9rt\u0151re <\/strong>: forduljon szakszolg\u00e1ltat\u00f3hoz a m\u00e9retez\u00e9s \u00e9s a telep\u00edt\u00e9s szem\u00e9lyre szab\u00e1s\u00e1hoz.<\/li>\n<\/ul>\n\n<h2 class=\"wp-block-heading\">IC term\u00e9kcsal\u00e1d: l\u00e9gh\u0171t\u0151k a faipar sz\u00e1m\u00e1ra<\/h2>\n\n<p>Az <strong>ig\u00e9nyes ipari k\u00f6rnyezetek<\/strong> k\u00f6vetelm\u00e9nyeinek megfelel\u0151en tervezett <a href=\"https:\/\/obera.fr\/hu\/produits\/rafraichisseurs-air\/rafraichisseurs-par-evaporation-ic\/\">IC OberA l\u00e9gh\u0171t\u0151k<\/a> olyan robusztus, k\u00f6lts\u00e9ghat\u00e9kony megold\u00e1st k\u00edn\u00e1lnak, amely t\u00f6k\u00e9letesen megfelel a faipari m\u0171helyek sz\u00e1m\u00e1ra.<\/p>\n\n<p>A nyitott vagy f\u00e9lig nyitott k\u00f6rnyezetben val\u00f3 m\u0171k\u00f6d\u00e9sre tervezett IC modellek hat\u00e9kony p\u00e1rologtat\u00f3 h\u0171t\u00e9st biztos\u00edtanak, mik\u00f6zben <strong>optim\u00e1lis p\u00e1ratartalmat garant\u00e1lnak a fa meg\u0151rz\u00e9se \u00e9rdek\u00e9ben<\/strong>. Meger\u0151s\u00edtett szerkezet\u00fck, nagy l\u00e9g\u00e1raml\u00e1si sebess\u00e9g\u00fck \u00e9s alacsony energiafogyaszt\u00e1suk strat\u00e9giai v\u00e1laszt\u00e1ss\u00e1 teszi \u0151ket azon szakemberek sz\u00e1m\u00e1ra, akik a termel\u00e9si min\u0151s\u00e9get, a munkakomfortot \u00e9s a k\u00f6lts\u00e9gkontrollt k\u00edv\u00e1nj\u00e1k \u00f6tv\u00f6zni. <\/p>\n\n<p>Az IC-tartom\u00e1ny el\u0151nyei :<\/p>\n\n<ul class=\"wp-block-list\">\n<li>Ak\u00e1r 30.000 m\u00b3\/h teljes\u00edtm\u00e9ny\u0171 l\u00e9g\u00e1raml\u00e1s;<\/li>\n\n\n\n<li>Term\u00e9szetes adiabatikus h\u0171t\u00e9s h\u0171t\u0151k\u00f6zeg n\u00e9lk\u00fcl ;<\/li>\n\n\n\n<li>Por- \u00e9s nedvess\u00e9g\u00e1ll\u00f3 anyagok ;<\/li>\n\n\n\n<li>Egyszer\u0171 tet\u0151-, homlokzati vagy mobil telep\u00edt\u00e9s a helysz\u00edni korl\u00e1tokt\u00f3l f\u00fcgg\u0151en;<\/li>\n\n\n\n<li>Cs\u00f6kkentett karbantart\u00e1s a k\u00f6zeghez \u00e9s a bels\u0151 alkatr\u00e9szekhez val\u00f3 k\u00f6nny\u0171 hozz\u00e1f\u00e9r\u00e9snek k\u00f6sz\u00f6nhet\u0151en;<\/li>\n\n\n\n<li>K\u00e9zi vagy automatikus vez\u00e9rl\u00e9s a szab\u00e1lyoz\u00e1si k\u00f6vetelm\u00e9nyekt\u0151l f\u00fcgg\u0151en ;<\/li>\n\n\n\n<li>Tervezzen olyan berendez\u00e9seket, amelyek k\u00f6nnyen elf\u00e9rnek a m\u0171helyeiben.<br\/><\/li>\n<\/ul>\n\n<p>Az IC term\u00e9kcsal\u00e1ddal az OberA konkr\u00e9t v\u00e1laszt k\u00edn\u00e1l a <strong>faipari<\/strong> termikus probl\u00e9m\u00e1kra. Szak\u00e9rt\u0151ink a m\u0171szaki tanulm\u00e1nyt\u00f3l a telep\u00edt\u00e9sig t\u00e1mogatj\u00e1k \u00d6nt a szem\u00e9lyre szabott, fenntarthat\u00f3 \u00e9s m\u00e9retezhet\u0151 megold\u00e1s \u00e9rdek\u00e9ben. <\/p>\n\n<p><\/p>\n","protected":false},"excerpt":{"rendered":"<p>A faiparban az \u00e9ghajlati viszonyok a termel\u00e9s minden szakasz\u00e1ban meghat\u00e1roz\u00f3 szerepet j\u00e1tszanak.<\/p>\n","protected":false},"author":13,"featured_media":113758,"comment_status":"open","ping_status":"closed","sticky":false,"template":"","format":"standard","meta":{"_acf_changed":false,"_seopress_robots_primary_cat":"none","_seopress_titles_title":"Adiabatikus h\u0171t\u0151k faipari m\u0171helyek sz\u00e1m\u00e1ra","_seopress_titles_desc":"Fedezze fel az OberA IC term\u00e9kcsal\u00e1dot: fafeldolgoz\u00f3 m\u0171helyek sz\u00e1m\u00e1ra tervezett adiabatikus l\u00e9gh\u0171t\u0151k. Teljes\u00edtm\u00e9ny, szab\u00e1lyozott p\u00e1ratartalom \u00e9s tart\u00f3s h\u0151komfort. ","_seopress_robots_index":"","footnotes":""},"categories":[508],"tags":[436],"class_list":["post-113607","post","type-post","status-publish","format-standard","has-post-thumbnail","hentry","category-fa","tag-hutok","generate-columns","tablet-grid-50","mobile-grid-100","grid-parent","grid-50","no-featured-image-padding","resize-featured-image"],"acf":[],"_links":{"self":[{"href":"https:\/\/obera.fr\/hu\/wp-json\/wp\/v2\/posts\/113607","targetHints":{"allow":["GET"]}}],"collection":[{"href":"https:\/\/obera.fr\/hu\/wp-json\/wp\/v2\/posts"}],"about":[{"href":"https:\/\/obera.fr\/hu\/wp-json\/wp\/v2\/types\/post"}],"author":[{"embeddable":true,"href":"https:\/\/obera.fr\/hu\/wp-json\/wp\/v2\/users\/13"}],"replies":[{"embeddable":true,"href":"https:\/\/obera.fr\/hu\/wp-json\/wp\/v2\/comments?post=113607"}],"version-history":[{"count":4,"href":"https:\/\/obera.fr\/hu\/wp-json\/wp\/v2\/posts\/113607\/revisions"}],"predecessor-version":[{"id":122829,"href":"https:\/\/obera.fr\/hu\/wp-json\/wp\/v2\/posts\/113607\/revisions\/122829"}],"wp:featuredmedia":[{"embeddable":true,"href":"https:\/\/obera.fr\/hu\/wp-json\/wp\/v2\/media\/113758"}],"wp:attachment":[{"href":"https:\/\/obera.fr\/hu\/wp-json\/wp\/v2\/media?parent=113607"}],"wp:term":[{"taxonomy":"category","embeddable":true,"href":"https:\/\/obera.fr\/hu\/wp-json\/wp\/v2\/categories?post=113607"},{"taxonomy":"post_tag","embeddable":true,"href":"https:\/\/obera.fr\/hu\/wp-json\/wp\/v2\/tags?post=113607"}],"curies":[{"name":"wp","href":"https:\/\/api.w.org\/{rel}","templated":true}]}}