{"id":123888,"date":"2025-07-18T10:00:00","date_gmt":"2025-07-18T08:00:00","guid":{"rendered":"https:\/\/obera.fr\/a-mi-tanacsunk\/vie-artisan-tailleur\/"},"modified":"2025-07-22T12:06:35","modified_gmt":"2025-07-22T10:06:35","slug":"vie-artisan-tailleur","status":"publish","type":"post","link":"https:\/\/obera.fr\/hu\/a-mi-tanacsunk\/vie-artisan-tailleur\/","title":{"rendered":"\u00c9lem az \u00e9letemet szab\u00f3k\u00e9nt 2025-ben: a szenved\u00e9ly \u00e9s az \u00f3vatoss\u00e1g k\u00f6z\u00f6tt"},"content":{"rendered":"\n<p><em>&#8222;K\u0151vel nem lehet dolgozni. Tisztelned kell.  <\/em><\/p>\n\n<p>Ezt mondta nekem az edz\u0151m az els\u0151 napon. T\u00edz \u00e9vvel k\u00e9s\u0151bb ez lett a mantr\u00e1m. K\u0151m\u0171vesnek lenni 2025-ben m\u00e9g mindig szenved\u00e9ly k\u00e9rd\u00e9se. De ma m\u00e1r az <strong>el\u0151vigy\u00e1zatoss\u00e1gr\u00f3l<\/strong> is sz\u00f3l.     <\/p>\n\n<h2 class=\"wp-block-heading\">  6.30 &#8211; A m\u0171hely \u00e9bred\u00e9se  <\/h2>\n\n<p>A reggeli csend, a k\u00e1v\u00e9 illata&#8230; \u00e9s a kompresszor ismer\u0151s hangja. Kinyitom a m\u0171hely ajtaj\u00e1t. \u00c1llv\u00e1nyokon m\u00e9szk\u0151t\u00f6mb\u00f6k \u00e1llnak, a szersz\u00e1mok k\u00e9szenl\u00e9tben. Mit szeretek ebben a munk\u00e1ban? Az \u00e1talak\u00edt\u00e1st. Egy nyersanyagb\u00f3l karzatot, oszlopot, m\u0171alkot\u00e1st k\u00e9sz\u00edteni bel\u0151le.       <\/p>\n\n<p>Az elm\u00falt n\u00e9h\u00e1ny \u00e9vben azonban egy m\u00e1sik t\u00e9ma is a mindennapjaink r\u00e9sz\u00e9v\u00e9 v\u00e1lt: a <strong>por<\/strong>. Az a fajta, amit nem mindig l\u00e1thatunk, de mindenhol ott van. A leveg\u0151ben, a t\u00fcd\u0151nkben. \u00c9s n\u00e9ha az eg\u00e9szs\u00e9g\u00fcnkben is.     <\/p>\n\n<h2 class=\"wp-block-heading\">  9.00 &#8211; A por t\u00f6bb\u00e9 nem elker\u00fclhetetlen  <\/h2>\n\n<div class=\"wp-block-columns is-layout-flex wp-container-core-columns-is-layout-28f84493 wp-block-columns-is-layout-flex\">\n<div class=\"wp-block-column is-layout-flow wp-block-column-is-layout-flow\" style=\"flex-basis:66.66%\">\n<p>A r\u00e9gi id\u0151kben sz\u00fcrke felh\u0151kben dolgoztunk. A r\u00e9gi \u00f6regek azt mondt\u00e1k: <em>&#8222;Csak k\u00f6h\u00f6gd ki, \u00e9s elm\u00falik&#8221;.<\/em> Ma m\u00e1r tudom, hogy nem fog elm\u00falni. Marad.     <\/p>\n\n\n\n<p>2025-ben m\u00e1r nem hagyhatjuk figyelmen k\u00edv\u00fcl a <strong>szilik\u00f3zis<\/strong>, a szil\u00edcium-dioxid bel\u00e9gz\u00e9se \u00e1ltal okozott t\u00fcd\u0151betegs\u00e9g vesz\u00e9lyeit. Ez m\u00e1r n\u00e9h\u00e1ny koll\u00e9g\u00e1nk \u00e9let\u00e9t k\u00f6vetelte. Ez\u00e9rt \u00f3vatosak vagyunk.    <\/p>\n\n\n\n<p>M\u0171hely\u00fcnkben egy <strong>OberA l\u00e9gtiszt\u00edt\u00f3val \u00f6sszekapcsolt porgy\u0171jt\u0151t<\/strong> helyezt\u00fcnk el. Az el\u0151bbi k\u00f6zvetlen\u00fcl a forr\u00e1sn\u00e1l, a munka\u00e1llom\u00e1sokhoz a lehet\u0151 legk\u00f6zelebb gy\u0171jti be a port. A m\u00e1sodik folyamatosan sz\u0171ri a k\u00f6rnyezeti leveg\u0151t. Az eredm\u00e9ny: <strong>\u00d6n jobban l\u00e9legzik, jobban dolgozik<\/strong>.     <\/p>\n\n\n\n<p>Mivel mi hoztuk l\u00e9tre ezt a rendszert, ez nyilv\u00e1nval\u00f3. Kevesebb por van a munkapadokon, kevesebb a leveg\u0151ben&#8230; \u00e9s kevesebb a t\u00fcd\u0151nkben.   <\/p>\n<\/div>\n\n\n\n<div class=\"wp-block-column is-layout-flow wp-block-column-is-layout-flow\" style=\"flex-basis:33.33%\">\n<div class=\"wp-block-columns is-layout-flex wp-container-core-columns-is-layout-28f84493 wp-block-columns-is-layout-flex\">\n<div class=\"wp-block-column is-layout-flow wp-block-column-is-layout-flow\">\n<figure class=\"wp-block-image aligncenter size-full is-resized\"><img decoding=\"async\" width=\"600\" height=\"600\" src=\"https:\/\/obera.fr\/wp-content\/uploads\/2020\/10\/extracteur-poussiere-pulverulente-DUSTOMAT-16.png\" alt=\"F&#xFC;st - Porgy&#x171;jt&#x151;\" class=\"wp-image-1307\" style=\"width:115px;height:auto\" srcset=\"https:\/\/obera.fr\/wp-content\/uploads\/2020\/10\/extracteur-poussiere-pulverulente-DUSTOMAT-16.png 600w, https:\/\/obera.fr\/wp-content\/uploads\/2020\/10\/extracteur-poussiere-pulverulente-DUSTOMAT-16-300x300.png 300w, https:\/\/obera.fr\/wp-content\/uploads\/2020\/10\/extracteur-poussiere-pulverulente-DUSTOMAT-16-150x150.png 150w\" sizes=\"(max-width: 600px) 100vw, 600px\" \/><figcaption class=\"wp-element-caption\">DUSTOMAT 16<\/figcaption><\/figure>\n\n\n\n<figure class=\"wp-block-image aligncenter size-full is-resized\"><img decoding=\"async\" width=\"600\" height=\"600\" src=\"https:\/\/obera.fr\/wp-content\/uploads\/2023\/05\/epur050-2.png\" alt=\"epur050 2\" class=\"wp-image-22619\" style=\"width:99px;height:auto\" srcset=\"https:\/\/obera.fr\/wp-content\/uploads\/2023\/05\/epur050-2.png 600w, https:\/\/obera.fr\/wp-content\/uploads\/2023\/05\/epur050-2-300x300.png 300w, https:\/\/obera.fr\/wp-content\/uploads\/2023\/05\/epur050-2-150x150.png 150w\" sizes=\"(max-width: 600px) 100vw, 600px\" \/><figcaption class=\"wp-element-caption\">ePUR050<\/figcaption><\/figure>\n<\/div>\n<\/div>\n<\/div>\n<\/div>\n\n<h2 class=\"wp-block-heading\">  12.30 &#8211; Uzsonnasz\u00fcnet \u00e9s besz\u00e9lget\u00e9s  <\/h2>\n\n<p>Besz\u00e9l\u00fcnk a munk\u00e1r\u00f3l, besz\u00e9l\u00fcnk a csal\u00e1dr\u00f3l. Besz\u00e9l\u00fcnk a biztons\u00e1gr\u00f3l is. Tal\u00e1n furcs\u00e1n hangzik, de sz\u00e1munkra ez b\u00fcszkes\u00e9gg\u00e9 v\u00e1lt. Egy tiszta, j\u00f3l felszerelt m\u0171helyben dolgozni azt is jelenti, hogy <strong>tisztelj\u00fck a mesters\u00e9g\u00fcnket \u00e9s a test\u00fcnket<\/strong>.     <\/p>\n\n<p>Vonzza a fiatalokat is. K\u00e9t gyakornokunk van. Modern eszk\u00f6z\u00f6kkel, j\u00f3 k\u00f6r\u00fclm\u00e9nyek k\u00f6z\u00f6tt akarnak dolgozni. Elutas\u00edtj\u00e1k egy m\u00e1sik korszak poros m\u0171helyeit. \u00c9s joggal.      <\/p>\n\n<h2 class=\"wp-block-heading\">  15h00 &#8211; A gesztus meg\u0151rz\u00e9se az eg\u00e9szs\u00e9g fel\u00e1ldoz\u00e1sa n\u00e9lk\u00fcl  <\/h2>\n\n<p>M\u00e9g mindig vannak olyanok, akik azt mondj\u00e1k, <em>hogy &#8222;r\u00e9gen minden jobb volt&#8221;.<\/em> Ez lehet, hogy \u00edgy van. De <strong>ma m\u00e1r biztons\u00e1gosabb<\/strong>. \u00c9s ez nem v\u00e1ltoztat a gesztus sz\u00e9ps\u00e9g\u00e9n. Tov\u00e1bbra is v\u00e9s\u0151vel, k\u00e9zzel, ugyanazzal a gondoss\u00e1ggal faragunk. Kiv\u00e9ve, hogy k\u00f6nnyebben l\u00e9legz\u00fcnk.     <\/p>\n\n<p>Mert v\u00e9g\u00fcl is egy j\u00f3 szersz\u00e1m nem helyettes\u00edtheti a mesterembert&#8230; de <strong>megv\u00e9dheti<\/strong> \u0151t.  <\/p>\n\n<h2 class=\"wp-block-heading\">  18.00 &#8211; A nap v\u00e9ge, a b\u00fcszkes\u00e9g \u00e9rintetlen\u00fcl marad  <\/h2>\n\n<p>Eltettem a szersz\u00e1maimat. R\u00e1n\u00e9zek az \u00e1ltalam k\u00e9sz\u00edtett darabra. Egy archivolt egy m\u0171eml\u00e9k templom sz\u00e1m\u00e1ra. A k\u00f6penyemen por van, de a t\u00fcd\u0151mben kev\u00e9sb\u00e9. \u00c9s ez mindent megv\u00e1ltoztat.      <\/p>\n\n<h2 class=\"wp-block-heading\">  A szenved\u00e9ly \u00e9s az \u00f3vatoss\u00e1g megf\u00e9r egym\u00e1s mellett  <\/h2>\n\n<div class=\"wp-block-columns is-layout-flex wp-container-core-columns-is-layout-28f84493 wp-block-columns-is-layout-flex\">\n<div class=\"wp-block-column is-layout-flow wp-block-column-is-layout-flow\" style=\"flex-basis:66.66%\">\n<p>K\u0151m\u0171vesnek lenni 2025-ben nem jelenti a hagyom\u00e1nyok megtagad\u00e1s\u00e1t. Azt jelenti, hogy gazdag\u00edtani kell azt. Azt jelenti, hogy tov\u00e1bb kell adni az \u0151si tud\u00e1st, mik\u00f6zben a mai megold\u00e1sokat haszn\u00e1ljuk.    <\/p>\n\n\n\n<p><strong>Tiszt\u00edt\u00f3berendez\u00e9seivel \u00e9s porlev\u00e1laszt\u00f3ival<\/strong> az <strong>OberA <\/strong>seg\u00edt a k\u00e9zm\u0171veseknek egy eg\u00e9szs\u00e9gesebb, fenntarthat\u00f3bb j\u00f6v\u0151 \u00e9p\u00edt\u00e9s\u00e9ben.  <\/p>\n\n\n\n<p>Mert egy szakma meg\u0151rz\u00e9se azt is jelenti, hogy meg kell \u0151rizni azokat, akik azt gyakorolj\u00e1k.<\/p>\n<\/div>\n\n\n\n<div class=\"wp-block-column is-layout-flow wp-block-column-is-layout-flow\" style=\"flex-basis:33.33%\">\n<figure class=\"wp-block-image aligncenter size-large is-resized\"><img decoding=\"async\" width=\"1024\" height=\"1024\" src=\"https:\/\/obera.fr\/wp-content\/uploads\/2025\/05\/securite-1024x1024.png\" alt=\"biztons&#xE1;g\" class=\"wp-image-121315\" style=\"width:132px;height:auto\" srcset=\"https:\/\/obera.fr\/wp-content\/uploads\/2025\/05\/securite-1024x1024.png 1024w, https:\/\/obera.fr\/wp-content\/uploads\/2025\/05\/securite-300x300.png 300w, https:\/\/obera.fr\/wp-content\/uploads\/2025\/05\/securite-150x150.png 150w, https:\/\/obera.fr\/wp-content\/uploads\/2025\/05\/securite-768x768.png 768w, https:\/\/obera.fr\/wp-content\/uploads\/2025\/05\/securite.png 1200w\" sizes=\"(max-width: 1024px) 100vw, 1024px\" \/><\/figure>\n<\/div>\n<\/div>\n","protected":false},"excerpt":{"rendered":"<p>Ezt mondta nekem az edz\u0151m az els\u0151 napon. T\u00edz \u00e9vvel k\u00e9s\u0151bb ez lett a mantr\u00e1m. K\u0151m\u0171vesnek lenni 2025-ben m\u00e9g mindig szenved\u00e9ly k\u00e9rd\u00e9se. De ma m\u00e1r az el\u0151vigy\u00e1zatoss\u00e1gr\u00f3l is sz\u00f3l.     <\/p>\n","protected":false},"author":13,"featured_media":124589,"comment_status":"open","ping_status":"closed","sticky":false,"template":"","format":"standard","meta":{"_acf_changed":false,"_seopress_robots_primary_cat":"none","_seopress_titles_title":"K\u0151farag\u00f3k 2025-ben: szenved\u00e9ly \u00e9s megel\u0151z\u00e9s k\u00f6z\u00f6tt","_seopress_titles_desc":"2025-ben k\u0151m\u0171vesnek lenni a hagyom\u00e1ny \u00e9s a biztons\u00e1g \u00f6tv\u00f6z\u00e9s\u00e9t jelenti. Az OberA-nak k\u00f6sz\u00f6nhet\u0151en a mesteremberek k\u00f6nnyebben l\u00e9legezhetnek \u00e9s eg\u00e9szs\u00e9ges, modern m\u0171helyben dolgozhatnak. ","_seopress_robots_index":"","footnotes":""},"categories":[314],"tags":[],"class_list":["post-123888","post","type-post","status-publish","format-standard","has-post-thumbnail","hentry","category-a-mi-tanacsunk","generate-columns","tablet-grid-50","mobile-grid-100","grid-parent","grid-50","no-featured-image-padding","resize-featured-image"],"acf":[],"_links":{"self":[{"href":"https:\/\/obera.fr\/hu\/wp-json\/wp\/v2\/posts\/123888","targetHints":{"allow":["GET"]}}],"collection":[{"href":"https:\/\/obera.fr\/hu\/wp-json\/wp\/v2\/posts"}],"about":[{"href":"https:\/\/obera.fr\/hu\/wp-json\/wp\/v2\/types\/post"}],"author":[{"embeddable":true,"href":"https:\/\/obera.fr\/hu\/wp-json\/wp\/v2\/users\/13"}],"replies":[{"embeddable":true,"href":"https:\/\/obera.fr\/hu\/wp-json\/wp\/v2\/comments?post=123888"}],"version-history":[{"count":2,"href":"https:\/\/obera.fr\/hu\/wp-json\/wp\/v2\/posts\/123888\/revisions"}],"predecessor-version":[{"id":124605,"href":"https:\/\/obera.fr\/hu\/wp-json\/wp\/v2\/posts\/123888\/revisions\/124605"}],"wp:featuredmedia":[{"embeddable":true,"href":"https:\/\/obera.fr\/hu\/wp-json\/wp\/v2\/media\/124589"}],"wp:attachment":[{"href":"https:\/\/obera.fr\/hu\/wp-json\/wp\/v2\/media?parent=123888"}],"wp:term":[{"taxonomy":"category","embeddable":true,"href":"https:\/\/obera.fr\/hu\/wp-json\/wp\/v2\/categories?post=123888"},{"taxonomy":"post_tag","embeddable":true,"href":"https:\/\/obera.fr\/hu\/wp-json\/wp\/v2\/tags?post=123888"}],"curies":[{"name":"wp","href":"https:\/\/api.w.org\/{rel}","templated":true}]}}