{"id":134201,"date":"2025-08-31T09:51:06","date_gmt":"2025-08-31T07:51:06","guid":{"rendered":"https:\/\/obera.fr\/a-mi-tanacsunk\/parologtato-hutok-strategiai-elony-a-nyomdai-kornyezetek-szamara\/"},"modified":"2026-02-04T15:59:57","modified_gmt":"2026-02-04T13:59:57","slug":"parologtato-hutok-strategiai-elony-a-nyomdai-kornyezetek-szamara","status":"publish","type":"post","link":"https:\/\/obera.fr\/hu\/nyomtatas\/parologtato-hutok-strategiai-elony-a-nyomdai-kornyezetek-szamara\/","title":{"rendered":"OberA IC h\u0171t\u0151k: adiabatikus h\u0171t\u00e9si megold\u00e1s nyomd\u00e1k sz\u00e1m\u00e1ra"},"content":{"rendered":"\n<p>A nyomd\u00e1kban a h\u0151 gyorsan a termel\u00e9s ellens\u00e9g\u00e9v\u00e9 v\u00e1lhat. Az ofszetnyom\u00f3g\u00e9pek, a feldolgoz\u00f3 g\u00e9pek \u00e9s egy\u00e9b berendez\u00e9sek sok <strong>h\u0151t<\/strong> termelnek, amikor teljes kapacit\u00e1ssal m\u0171k\u00f6dnek. <\/p>\n\n<div class=\"wp-block-columns is-layout-flex wp-container-core-columns-is-layout-28f84493 wp-block-columns-is-layout-flex\">\n<div class=\"wp-block-column is-layout-flow wp-block-column-is-layout-flow\" style=\"flex-basis:66.66%\">\n<p>Ny\u00e1ron vagy er\u0151s h\u0151m\u00e9rs\u00e9klet-emelked\u00e9s eset\u00e9n egy rosszul h\u0171t\u00f6tt m\u0171helyben a <strong>bels\u0151 h\u0151m\u00e9rs\u00e9klet<\/strong> a komfortz\u00f3n\u00e1n t\u00falra emelkedhet. K\u00f6vetkezm\u00e9nyek: el\u0151re nem l\u00e1that\u00f3 g\u00e9ple\u00e1ll\u00e1sok (berendez\u00e9sek t\u00falmeleged\u00e9se), ingadoz\u00f3 nyomtat\u00e1si min\u0151s\u00e9g (a tinta \u00e9s a pap\u00edr \u00e9rz\u00e9keny a v\u00e1ltoz\u00e1sokra), \u00e9s a h\u0151t\u0151l kellemetlen\u00fcl \u00e9rz\u0151 szem\u00e9lyzet. <\/p>\n\n\n\n<p>Az <strong>\u00fczemeltet\u0151k termel\u00e9kenys\u00e9g\u00e9nek<\/strong> \u00e9s j\u00f3ll\u00e9t\u00e9nek biztos\u00edt\u00e1sa \u00e9rdek\u00e9ben kulcsfontoss\u00e1g\u00fa a h\u0151m\u00e9rs\u00e9klet szab\u00e1lyoz\u00e1sa a nyomdai m\u0171helyben.<\/p>\n\n\n\n<p>Az <a href=\"https:\/\/obera.fr\/hu\/produits\/rafraichisseurs-air\/rafraichisseurs-par-evaporation-ic\/\">IC p\u00e1rologtat\u00f3 h\u0171t\u0151k<\/a>, amelyeket az <strong>OberA<\/strong> fejlesztett ki, hat\u00e9konyan v\u00e1laszolnak ezekre a kih\u00edv\u00e1sokra term\u00e9szetes, mobil \u00e9s gazdas\u00e1gos technol\u00f3gi\u00e1jukkal.<\/p>\n<\/div>\n\n\n\n<div class=\"wp-block-column is-layout-flow wp-block-column-is-layout-flow\" style=\"flex-basis:33.33%\">\n<figure class=\"wp-block-image aligncenter size-large is-resized\"><img decoding=\"async\" width=\"1024\" height=\"683\" src=\"https:\/\/obera.fr\/wp-content\/uploads\/2025\/08\/raf-secteur-tertiaire-2-1024x683.png\" alt=\"Tercier szektor h&#x171;t&#x151; (2)\" class=\"wp-image-128844\" style=\"width:210px;height:auto\" srcset=\"https:\/\/obera.fr\/wp-content\/uploads\/2025\/08\/raf-secteur-tertiaire-2-1024x683.png 1024w, https:\/\/obera.fr\/wp-content\/uploads\/2025\/08\/raf-secteur-tertiaire-2-300x200.png 300w, https:\/\/obera.fr\/wp-content\/uploads\/2025\/08\/raf-secteur-tertiaire-2-768x512.png 768w, https:\/\/obera.fr\/wp-content\/uploads\/2025\/08\/raf-secteur-tertiaire-2.png 1200w\" sizes=\"(max-width: 1024px) 100vw, 1024px\" \/><\/figure>\n<\/div>\n<\/div>\n\n<h2 class=\"wp-block-heading\">Az adiabatikus h\u0171t\u00e9s: term\u00e9szetes \u00e9s gazdas\u00e1gos megold\u00e1s<\/h2>\n\n<p>A nagy m\u0171helyek l\u00e9gkondicion\u00e1l\u00e1s\u00e1nak kih\u00edv\u00e1saival szemben az <strong>adiabatikus h\u0171t\u00e9s<\/strong> innovat\u00edv, gazdas\u00e1gos \u00e9s k\u00f6rnyezetbar\u00e1t megold\u00e1sk\u00e9nt jelenik meg.<\/p>\n\n<p>Ez a <a href=\"https:\/\/obera.fr\/hu\/a-mi-tanacsunk\/le-principe-de-fonctionnement-du-refroidissement-adiabatique-air-eau-evaporation\/\" data-type=\"link\" data-id=\"https:\/\/obera.fr\/conseils\/le-principe-de-fonctionnement-du-refroidissement-adiabatique-air-eau-evaporation\/\">p\u00e1rologtat\u00f3 h\u0171t\u00e9si technol\u00f3gia<\/a> egy bev\u00e1lt term\u00e9szetes elven alapul: a forr\u00f3 leveg\u0151t egy nedves k\u00f6zegen (v\u00edzzel \u00e1titatott m\u00e9hsejtbet\u00e9t) kereszt\u00fcl sz\u00edvj\u00e1k be, \u00e9s a v\u00edz p\u00e1rolg\u00e1sa r\u00e9v\u00e9n leh\u0171tve t\u00e1vozik.<\/p>\n\n<p>Nincs kompresszor vagy h\u0171t\u0151k\u00f6zeg haszn\u00e1latban: csak v\u00edz \u00e9s ventil\u00e1tor. Az eredm\u00e9ny egy friss \u00e9s p\u00e1r\u00e1s l\u00e9g\u00e1ram, amely t\u00f6bb fokkal cs\u00f6kkentheti a k\u00f6rnyezeti h\u0151m\u00e9rs\u00e9kletet, a k\u00f6r\u00fclm\u00e9nyekt\u0151l f\u00fcgg\u0151en (min\u00e9l melegebb \u00e9s sz\u00e1razabb az alapleveg\u0151, ann\u00e1l jelent\u0151sebb a h\u0171t\u00e9s). <\/p>\n\n<p>Az adiabatikus l\u00e9gh\u0171t\u0151k el\u0151nye, hogy <strong>nagy t\u00e9rfogatokat h\u0171tenek<\/strong> minim\u00e1lis \u00e1ramfogyaszt\u00e1ssal. Val\u00f3j\u00e1ban csak egy ventil\u00e1tort \u00e9s egy kis v\u00edzszivatty\u00fat ig\u00e9nyelnek, ami rendk\u00edv\u00fcl energiatakar\u00e9koss\u00e1 teszi \u0151ket: ak\u00e1r <strong>80%-kal kevesebb energi\u00e1t<\/strong> fogyasztanak egy hagyom\u00e1nyos ipari l\u00e9gkondicion\u00e1l\u00f3hoz k\u00e9pest. <\/p>\n\n<p>Ez az energiahat\u00e9konys\u00e1g jelent\u0151s megtakar\u00edt\u00e1st eredm\u00e9nyez \u00d6n\u00f6knek, nyomd\u00e1szoknak, mik\u00f6zben cs\u00f6kkenti a berendez\u00e9s sz\u00e9n-dioxid-l\u00e1bnyom\u00e1t.<\/p>\n\n<div style=\"height:62px\" aria-hidden=\"true\" class=\"wp-block-spacer\"><\/div>\n\n<h2 class=\"wp-block-heading\">K\u00e9zzelfoghat\u00f3 el\u0151ny\u00f6k a termel\u00e9s \u00e9s a k\u00e9nyelem szempontj\u00e1b\u00f3l<\/h2>\n\n<p>Az <strong>adiabatikus h\u0171t\u0151rendszer<\/strong> bevezet\u00e9se a nyomd\u00e1ban azonnali el\u0151ny\u00f6kkel j\u00e1r a helysz\u00ednen. El\u0151sz\u00f6r is, a m\u0171hely <strong>h\u0151stabilit\u00e1sa<\/strong> biztos\u00edtja az \u00e1lland\u00f3 nyomtat\u00e1si min\u0151s\u00e9get. <\/p>\n\n<p>A nyomdag\u00e9pek, legyenek azok digit\u00e1lis nyomtat\u00f3k vagy ofszet rot\u00e1ci\u00f3s g\u00e9pek, megb\u00edzhat\u00f3bban m\u0171k\u00f6dnek a megfelel\u0151 h\u0151m\u00e9rs\u00e9kleten tartott k\u00f6rnyezetben. A t\u00falmeleged\u00e9s miatti g\u00e9ple\u00e1ll\u00e1sok jelent\u0151sen cs\u00f6kkennek, ami korl\u00e1tozza a nem tervezett termel\u00e9si megszak\u00edt\u00e1sokat. <\/p>\n\n<p>Kevesebb sz\u00fcnet \u00e9s g\u00e9p h\u0171t\u00e9s <strong>n\u00f6veli a berendez\u00e9s rendelkez\u00e9sre \u00e1ll\u00e1s\u00e1t<\/strong>, ez\u00e1ltal jav\u00edtja az \u00e1ltal\u00e1nos termel\u00e9kenys\u00e9get.<\/p>\n\n<h3 class=\"wp-block-heading\">Az \u00fczemeltet\u0151k k\u00e9nyelm\u00e9t sem szabad elhanyagolni!<\/h3>\n\n<p>A h\u0171v\u00f6s \u00e9s szell\u0151ztetett nyomd\u00e1ban val\u00f3 munkav\u00e9gz\u00e9s jav\u00edtja a munkak\u00f6r\u00fclm\u00e9nyeket, k\u00fcl\u00f6n\u00f6sen a h\u0151s\u00e9gperi\u00f3dusokban.<\/p>\n\n<p>Az alkalmazottak kev\u00e9sb\u00e9 szenvednek a h\u0151s\u00e9gt\u0151l, kimer\u00fclts\u00e9g n\u00e9lk\u00fcl tudnak a feladataikra koncentr\u00e1lni, \u00e9s cs\u00f6kken az rosszull\u00e9t kock\u00e1zata. A k\u00e9nyelmes szem\u00e9lyzet hat\u00e9konyabb \u00e9s kevesebb hib\u00e1t v\u00e9t: igazi er\u00e9nyes k\u00f6r a v\u00e1llalat sz\u00e1m\u00e1ra. <\/p>\n\n<p>A k\u00f6rnyezeti h\u0151m\u00e9rs\u00e9klet \u00e9sszer\u0171 szinten tart\u00e1s\u00e1val hossz\u00fa t\u00e1von is v\u00e9dj\u00fck a dolgoz\u00f3k eg\u00e9szs\u00e9g\u00e9t (h\u0151stressz, kisz\u00e1rad\u00e1s stb. megel\u0151z\u00e9se).<\/p>\n\n<h3 class=\"wp-block-heading\">A leveg\u0151min\u0151s\u00e9g jav\u00edt\u00e1sa<\/h3>\n\n<p>Egy m\u00e1sik el\u0151ny a m\u0171hely <strong>leveg\u0151min\u0151s\u00e9g\u00e9nek jav\u00edt\u00e1sa<\/strong>. Az OberA p\u00e1rologtat\u00f3 l\u00e9gh\u0171t\u0151i folyamatos leveg\u0151cser\u00e9t biztos\u00edtanak (nyitott rendszerben m\u0171k\u00f6dnek, friss, h\u0171t\u00f6tt leveg\u0151t juttatva be). <\/p>\n\n<p>Ezenk\u00edv\u00fcl k\u00e9sz\u00fcl\u00e9keink sz\u0171r\u0151ket is tartalmazhatnak, amelyek felfogj\u00e1k a lebeg\u0151 r\u00e9szecsk\u00e9ket \u00e9s port, valamint v\u00edztiszt\u00edt\u00f3 rendszert. Modelljeink UV l\u00e1mp\u00e1kkal vannak felszerelve a v\u00edztart\u00e1lyban, amelyek elpuszt\u00edtj\u00e1k a bakt\u00e9riumokat \u00e9s alg\u00e1kat, \u00e9s n\u00e9melyik\u00fck el\u0151sz\u0171r\u0151vel (G4 szabv\u00e1ny) rendelkezik a por visszatart\u00e1s\u00e1ra. <\/p>\n\n<h2 class=\"wp-block-heading\">OberA IC term\u00e9kcsal\u00e1d: mobil h\u0171t\u0151k nyomd\u00e1k sz\u00e1m\u00e1ra<\/h2>\n\n<p>Az OberA az IC term\u00e9kcsal\u00e1d h\u00e1rom modellj\u00e9t k\u00edn\u00e1lja, amelyek k\u00fcl\u00f6nb\u00f6z\u0151 m\u0171helym\u00e9retekhez igazodnak:<\/p>\n\n<p>A nyomd\u00e1k h\u0171t\u00e9si ig\u00e9nyeinek kiel\u00e9g\u00edt\u00e9se \u00e9rdek\u00e9ben az <strong>OberA<\/strong> az <strong>IC<\/strong> l\u00e9gh\u0171t\u0151 term\u00e9kcsal\u00e1dot k\u00edn\u00e1lja: mobil p\u00e1rologtat\u00f3 k\u00e9sz\u00fcl\u00e9keket, amelyeket a teljes\u00edtm\u00e9ny \u00e9s a rugalmass\u00e1g \u00f6tv\u00f6z\u00e9s\u00e9re terveztek.<\/p>\n\n<p>Ezek az adiabatikus h\u0171t\u0151k h\u00e1rom modellben kaphat\u00f3k, amelyek k\u00fcl\u00f6nb\u00f6z\u0151 m\u0171helyter\u00fcletekhez igazodnak, a kis zsebm\u0171helyt\u0151l a nagy rakt\u00e1rig. Minden modell k\u00f6nnyen telep\u00edthet\u0151 (nincs sz\u00fcks\u00e9g nagy munk\u00e1latokra, csak egy 230 V-os elektromos aljzatra \u00e9s v\u00edzell\u00e1t\u00e1sra), \u00e9s k\u00f6nnyen mozgathat\u00f3 az ig\u00e9nyeknek megfelel\u0151en, kerekes kialak\u00edt\u00e1s\u00e1nak k\u00f6sz\u00f6nhet\u0151en. <\/p>\n\n<div class=\"wp-block-columns is-layout-flex wp-container-core-columns-is-layout-28f84493 wp-block-columns-is-layout-flex\">\n<div class=\"wp-block-column is-layout-flow wp-block-column-is-layout-flow\">\n<h3 class=\"wp-block-heading has-text-align-center\">IC 12<\/h3>\n\n\n\n<p>12 000 m\u00b3\/h l\u00e9g\u00e1ram ak\u00e1r <strong>150 m\u00b2<\/strong> fel\u00fcletre. Ez az ultrakompakt \u00e9s mobil modell ide\u00e1lis a <strong>korl\u00e1tozott termel\u00e9si ter\u00fcletek<\/strong> vagy kis m\u0171helyek h\u0171t\u00e9s\u00e9re. Helytakar\u00e9kos, mindenhol elf\u00e9r, \u00e9s kellemes h\u0171v\u00f6ss\u00e9get biztos\u00edt a sz\u0171k helyeken, ahol minden n\u00e9gyzetm\u00e9ter sz\u00e1m\u00edt.  <\/p>\n\n\n\n<figure class=\"wp-block-image size-large\"><img decoding=\"async\" width=\"1024\" height=\"1024\" src=\"https:\/\/obera.fr\/wp-content\/uploads\/2025\/07\/ic-12-2-1024x1024.png\" alt=\"ic 12\" class=\"wp-image-124143\" srcset=\"https:\/\/obera.fr\/wp-content\/uploads\/2025\/07\/ic-12-2-1024x1024.png 1024w, https:\/\/obera.fr\/wp-content\/uploads\/2025\/07\/ic-12-2-300x300.png 300w, https:\/\/obera.fr\/wp-content\/uploads\/2025\/07\/ic-12-2-150x150.png 150w, https:\/\/obera.fr\/wp-content\/uploads\/2025\/07\/ic-12-2-768x768.png 768w, https:\/\/obera.fr\/wp-content\/uploads\/2025\/07\/ic-12-2.png 1200w\" sizes=\"(max-width: 1024px) 100vw, 1024px\" \/><\/figure>\n\n\n\n<ul class=\"wp-block-list\">\n<li>L\u00e9gsz\u00e1ll\u00edt\u00e1s: 12 000 m\u00b3\/\u00f3ra<\/li>\n\n\n\n<li>Ide\u00e1lis fel\u00fclet: ak\u00e1r 150 m\u00b2<\/li>\n\n\n\n<li>Kompakt \u00e9s mobil, t\u00f6k\u00e9letes a korl\u00e1tozott termel\u00e9si ter\u00fcletekre<\/li>\n<\/ul>\n<\/div>\n\n\n\n<div class=\"wp-block-column is-layout-flow wp-block-column-is-layout-flow\">\n<h3 class=\"wp-block-heading has-text-align-center\">IC 22<\/h3>\n\n\n\n<p>22 000 m\u00b3\/h l\u00e9g\u00e1ram ak\u00e1r <strong>250 m\u00b2<\/strong> fel\u00fcletre. Sokoldal\u00fa, kiv\u00e1l\u00f3 kompromisszumot k\u00edn\u00e1l a <strong>h\u0171t\u00e9si teljes\u00edtm\u00e9ny \u00e9s a mobilit\u00e1s<\/strong> k\u00f6z\u00f6tt, a legt\u00f6bb szabv\u00e1nyos m\u0171helyhez alkalmas, \u00e9s be\u00e9p\u00edtett UV rendszerrel van felszerelve a <strong>v\u00edzhigi\u00e9nia<\/strong> biztos\u00edt\u00e1s\u00e1ra. <\/p>\n\n\n\n<figure class=\"wp-block-image size-large\"><img decoding=\"async\" width=\"1024\" height=\"1024\" src=\"https:\/\/obera.fr\/wp-content\/uploads\/2025\/07\/ic-22-2-1024x1024.png\" alt=\"ic 22\" class=\"wp-image-124296\" srcset=\"https:\/\/obera.fr\/wp-content\/uploads\/2025\/07\/ic-22-2-1024x1024.png 1024w, https:\/\/obera.fr\/wp-content\/uploads\/2025\/07\/ic-22-2-300x300.png 300w, https:\/\/obera.fr\/wp-content\/uploads\/2025\/07\/ic-22-2-150x150.png 150w, https:\/\/obera.fr\/wp-content\/uploads\/2025\/07\/ic-22-2-768x768.png 768w, https:\/\/obera.fr\/wp-content\/uploads\/2025\/07\/ic-22-2.png 1200w\" sizes=\"(max-width: 1024px) 100vw, 1024px\" \/><\/figure>\n\n\n\n<ul class=\"wp-block-list\">\n<li>L\u00e9gsz\u00e1ll\u00edt\u00e1s: 22 000 m\u00b3\/\u00f3ra<\/li>\n\n\n\n<li>Ide\u00e1lis fel\u00fclet: ak\u00e1r 250 m\u00b2<\/li>\n\n\n\n<li>Nagyon j\u00f3 kompromisszum az er\u0151 \u00e9s a mobilit\u00e1s k\u00f6z\u00f6tt a standard m\u0171helyek sz\u00e1m\u00e1ra<\/li>\n\n\n\n<li>UV rendszerrel felszerelve a v\u00edz higi\u00e9ni\u00e1j\u00e1\u00e9rt<\/li>\n<\/ul>\n<\/div>\n\n\n\n<div class=\"wp-block-column is-layout-flow wp-block-column-is-layout-flow\">\n<h3 class=\"wp-block-heading has-text-align-center\">IC 30<\/h3>\n\n\n\n<p>30 000 m\u00b3\/h l\u00e9g\u00e1ram, nagyon nagy nyomd\u00e1khoz vagy ak\u00e1r <strong>400 m\u00b2<\/strong>-es rakt\u00e1rakhoz tervezve. Er\u0151teljes \u00e9s robusztus, hat\u00e9konyan k\u00e9pes h\u0171teni nagy t\u00e9rfogatokat, mik\u00f6zben <strong>k\u00f6nnyen mozgathat\u00f3<\/strong>, hogy a m\u0171hely legmelegebb ter\u00fcleteit c\u00e9lozza meg. <\/p>\n\n\n\n<figure class=\"wp-block-image size-large\"><img decoding=\"async\" width=\"1024\" height=\"1024\" src=\"https:\/\/obera.fr\/wp-content\/uploads\/2025\/07\/ic-30-4-1024x1024.png\" alt=\"ic 30\" class=\"wp-image-124370\" srcset=\"https:\/\/obera.fr\/wp-content\/uploads\/2025\/07\/ic-30-4-1024x1024.png 1024w, https:\/\/obera.fr\/wp-content\/uploads\/2025\/07\/ic-30-4-300x300.png 300w, https:\/\/obera.fr\/wp-content\/uploads\/2025\/07\/ic-30-4-150x150.png 150w, https:\/\/obera.fr\/wp-content\/uploads\/2025\/07\/ic-30-4-768x768.png 768w, https:\/\/obera.fr\/wp-content\/uploads\/2025\/07\/ic-30-4.png 1200w\" sizes=\"(max-width: 1024px) 100vw, 1024px\" \/><\/figure>\n\n\n\n<ul class=\"wp-block-list\">\n<li>L\u00e9gsz\u00e1ll\u00edt\u00e1s: 30 000 m\u00b3\/\u00f3ra<\/li>\n\n\n\n<li>Nagy nyomd\u00e1k vagy csomagol\u00f3 rakt\u00e1rak sz\u00e1m\u00e1ra tervezve<\/li>\n<\/ul>\n<\/div>\n<\/div>\n\n<div class=\"wp-block-buttons is-content-justification-center is-layout-flex wp-container-core-buttons-is-layout-a89b3969 wp-block-buttons-is-layout-flex\">\n<div class=\"wp-block-button\"><a class=\"wp-block-button__link wp-element-button\" href=\"https:\/\/obera.fr\/hu\/produits\/rafraichisseurs-air\/rafraichisseurs-par-evaporation-ic\/\">Fedezze fel IC term\u00e9kcsal\u00e1dunkat<\/a><\/div>\n<\/div>\n\n<p>Az IC term\u00e9kcsal\u00e1d ezen 3 h\u0171t\u0151je osztozik az OberA h\u00edrnev\u00e9t megalapoz\u00f3 tulajdons\u00e1gokon: <strong>megb\u00edzhat\u00f3<\/strong>, ipari felhaszn\u00e1l\u00e1sra tervezett konstrukci\u00f3 \u00e9s <strong>plug-and-play<\/strong> haszn\u00e1lat.<\/p>\n\n<p>Val\u00f3j\u00e1ban k\u00f6zvetlen\u00fcl a v\u00edzh\u00e1l\u00f3zatra csatlakoztatva, vagy \u00f6n\u00e1ll\u00f3an, nagy kapacit\u00e1s\u00fa be\u00e9p\u00edtett tart\u00e1lyuknak k\u00f6sz\u00f6nhet\u0151en is m\u0171k\u00f6dhetnek. A felt\u00f6lt\u00e9s automatiz\u00e1lt \u00fasz\u00f3kapcsol\u00f3val, ha a v\u00edzcs\u0151 csatlakoztatva van, vagy manu\u00e1lisan, egyszer\u0171en vizet \u00f6ntve a tart\u00e1lyba, ha ink\u00e1bb cs\u0151korl\u00e1toz\u00e1s n\u00e9lk\u00fcl szeretn\u00e9k mozgatni \u0151ket. <\/p>\n\n<p>N\u00e9h\u00e1ny percen bel\u00fcl a k\u00e9sz\u00fcl\u00e9k \u00fczemk\u00e9sz, \u00e9s friss leveg\u0151t \u00e1raszt a m\u0171helybe, a ventil\u00e1tor sebess\u00e9g\u00e9nek \u00e9s az oszcill\u00e1ci\u00f3nak a be\u00e1ll\u00edt\u00e1si lehet\u0151s\u00e9g\u00e9vel a c\u00e9lter\u00fclet egyenletes lefed\u00e9s\u00e9hez. A karbantart\u00e1s n\u00e9h\u00e1ny ellen\u0151rz\u00e9sre korl\u00e1toz\u00f3dik (a sz\u0171r\u0151 \u00e9s a nedves k\u00f6zeg rendszeres tiszt\u00edt\u00e1sa, a tart\u00e1ly \u00fcr\u00edt\u00e9se), \u00e9s nem ig\u00e9nyel k\u00fcl\u00f6nleges m\u0171szaki ismereteket. <\/p>\n\n<h2 class=\"wp-block-heading\">Az OberA-val a nyomda mindig h\u0171v\u00f6s marad<\/h2>\n\n<p>Az <strong>adiabatikus elven alapul\u00f3 nyomdai h\u0171t\u0151rendszerbe<\/strong> val\u00f3 befektet\u00e9s biztos\u00edtja a termel\u00e9st a meleg id\u0151szakokban, \u00e9s tart\u00f3san jav\u00edtja a munkak\u00f6r\u00fclm\u00e9nyeket.<\/p>\n\n<p>Az OberA IC term\u00e9kcsal\u00e1dhoz hasonl\u00f3 megold\u00e1ssal minden nyomda \u2013 kicsi vagy nagy \u2013 <strong>gazdas\u00e1gosan<\/strong> \u00e9s <strong>k\u00f6rnyezetbar\u00e1t m\u00f3don<\/strong> tarthatja m\u0171hely\u00e9t megfelel\u0151 h\u0151m\u00e9rs\u00e9kleten, mik\u00f6zben \u00e9lvezheti a rugalmas \u00e9s mobil telep\u00edt\u00e9s el\u0151nyeit. A h\u0151stabilit\u00e1s, a g\u00e9ple\u00e1ll\u00e1sok cs\u00f6kken\u00e9se \u00e9s a k\u00e9nyelem n\u00f6veked\u00e9se <strong>hat\u00e9konyabb termel\u00e9st<\/strong> \u00e9s jobb form\u00e1ban l\u00e9v\u0151 alkalmazottakat eredm\u00e9nyez, m\u00e9g a ny\u00e1r k\u00f6zep\u00e9n is. Az OberA, az ipari leveg\u0151kezel\u00e9s ter\u00e9n szerzett szak\u00e9rtelm\u00e9vel, <strong>megb\u00edzhat\u00f3 partnerk\u00e9nt<\/strong> pozicion\u00e1lja mag\u00e1t, hogy t\u00e1mogassa \u00d6nt ebben a kih\u00edv\u00e1sban. <strong>Fedezze fel IC term\u00e9kcsal\u00e1dunkat<\/strong>, \u00e9s ne habozzon kapcsolatba l\u00e9pni vel\u00fcnk, hogy megtal\u00e1lja a nyomd\u00e1j\u00e1hoz legink\u00e1bb illeszked\u0151 h\u0171t\u00e9si megold\u00e1st: mert a h\u0171v\u00f6s \u00e9s szab\u00e1lyozott k\u00f6rnyezet a produkt\u00edv nyomda \u00e9s a kifog\u00e1stalan nyomtat\u00e1si min\u0151s\u00e9g kulcsa.  <\/p>\n","protected":false},"excerpt":{"rendered":"<p>A nyomdai m\u0171helyek, legyen sz\u00f3 ofszet, digit\u00e1lis vagy flexogr\u00e1fiai nyomd\u00e1kr\u00f3l, jelent\u0151s h\u0151terhel\u00e9st gener\u00e1lnak a nyomdag\u00e9pek, motorok, tint\u00e1k \u00e9s sz\u00e1r\u00edt\u00f3rendszerek miatt.<\/p>\n","protected":false},"author":13,"featured_media":83741,"comment_status":"open","ping_status":"closed","sticky":false,"template":"","format":"standard","meta":{"_acf_changed":false,"_seopress_robots_primary_cat":"none","_seopress_titles_title":"H\u0171t\u00e9si megold\u00e1s nyomd\u00e1k sz\u00e1m\u00e1ra: H\u0171t\u0151k","_seopress_titles_desc":"H\u0151m\u00e9rs\u00e9kleti stabilit\u00e1s, a g\u00e9ple\u00e1ll\u00e1sok cs\u00f6kkent\u00e9se \u00e9s fokozott k\u00e9nyelem: az OberA IC p\u00e1rologtat\u00f3 h\u0171t\u0151k a nyomd\u00e1k strat\u00e9giai sz\u00f6vets\u00e9gesei.","_seopress_robots_index":"","footnotes":""},"categories":[930],"tags":[436],"class_list":["post-134201","post","type-post","status-publish","format-standard","has-post-thumbnail","hentry","category-nyomtatas","tag-hutok","generate-columns","tablet-grid-50","mobile-grid-100","grid-parent","grid-50","no-featured-image-padding","resize-featured-image"],"acf":[],"_links":{"self":[{"href":"https:\/\/obera.fr\/hu\/wp-json\/wp\/v2\/posts\/134201","targetHints":{"allow":["GET"]}}],"collection":[{"href":"https:\/\/obera.fr\/hu\/wp-json\/wp\/v2\/posts"}],"about":[{"href":"https:\/\/obera.fr\/hu\/wp-json\/wp\/v2\/types\/post"}],"author":[{"embeddable":true,"href":"https:\/\/obera.fr\/hu\/wp-json\/wp\/v2\/users\/13"}],"replies":[{"embeddable":true,"href":"https:\/\/obera.fr\/hu\/wp-json\/wp\/v2\/comments?post=134201"}],"version-history":[{"count":3,"href":"https:\/\/obera.fr\/hu\/wp-json\/wp\/v2\/posts\/134201\/revisions"}],"predecessor-version":[{"id":140382,"href":"https:\/\/obera.fr\/hu\/wp-json\/wp\/v2\/posts\/134201\/revisions\/140382"}],"wp:featuredmedia":[{"embeddable":true,"href":"https:\/\/obera.fr\/hu\/wp-json\/wp\/v2\/media\/83741"}],"wp:attachment":[{"href":"https:\/\/obera.fr\/hu\/wp-json\/wp\/v2\/media?parent=134201"}],"wp:term":[{"taxonomy":"category","embeddable":true,"href":"https:\/\/obera.fr\/hu\/wp-json\/wp\/v2\/categories?post=134201"},{"taxonomy":"post_tag","embeddable":true,"href":"https:\/\/obera.fr\/hu\/wp-json\/wp\/v2\/tags?post=134201"}],"curies":[{"name":"wp","href":"https:\/\/api.w.org\/{rel}","templated":true}]}}