{"id":134241,"date":"2025-09-10T15:38:00","date_gmt":"2025-09-10T13:38:00","guid":{"rendered":"https:\/\/obera.fr\/a-mi-tanacsunk\/a-szallitokontenerek-koruli-kenyelem-es-teljesitmeny-javitasa\/"},"modified":"2025-11-27T21:35:55","modified_gmt":"2025-11-27T19:35:55","slug":"a-szallitokontenerek-koruli-kenyelem-es-teljesitmeny-javitasa","status":"publish","type":"post","link":"https:\/\/obera.fr\/hu\/szallitas-es-raktarozas-logisztika\/a-szallitokontenerek-koruli-kenyelem-es-teljesitmeny-javitasa\/","title":{"rendered":"A sz\u00e1ll\u00edt\u00f3kont\u00e9nerek k\u00f6r\u00fcli k\u00e9nyelem \u00e9s teljes\u00edtm\u00e9ny jav\u00edt\u00e1sa"},"content":{"rendered":"\n<h2 class=\"wp-block-heading\">Bevezet\u00e9s<\/h2>\n\n<div class=\"wp-block-columns is-layout-flex wp-container-core-columns-is-layout-28f84493 wp-block-columns-is-layout-flex\">\n<div class=\"wp-block-column is-layout-flow wp-block-column-is-layout-flow\" style=\"flex-basis:66.66%\">\n<p>A logisztikai l\u00e1ncban a kont\u00e9nerek minden\u00fctt jelen vannak: tengeri, vas\u00fati vagy k\u00f6z\u00fati sz\u00e1ll\u00edt\u00e1sra haszn\u00e1lj\u00e1k \u0151ket, hubokon, rakt\u00e1rakon \u00e9s rakod\u00f3ter\u00fcleteken kereszt\u00fcl haladnak, ahol az \u00e9ghajlati viszonyok k\u00f6zvetlen\u00fcl befoly\u00e1solhatj\u00e1k a m\u0171veleteket.<br\/>A h\u0151hull\u00e1mok megnehez\u00edtik az oper\u00e1torok munk\u00e1j\u00e1t, befoly\u00e1solj\u00e1k az \u00e9rz\u00e9keny \u00e1ruk (\u00e9lelmiszeripari, vegyipari, gy\u00f3gyszeripari term\u00e9kek) biztons\u00e1g\u00e1t, \u00e9s lass\u00edtj\u00e1k a munkatemp\u00f3t.<br\/>Az <a href=\"https:\/\/obera.fr\/hu\/produits\/rafraichisseurs-air\/rafraichisseurs-par-evaporation-ic\/\">ipari l\u00e9gh\u0171t\u0151i<\/a>, <strong>OberA<\/strong> \u00e1ltal fejlesztett IC term\u00e9kcsal\u00e1d rugalmas \u00e9s hat\u00e9kony megold\u00e1st jelentenek ezen k\u00f6rnyezetek munkak\u00f6r\u00fclm\u00e9nyeinek jav\u00edt\u00e1s\u00e1ra, fix l\u00e9gkondicion\u00e1l\u00e1s alkalmaz\u00e1sa n\u00e9lk\u00fcl.<\/p>\n\n\n\n<p><\/p>\n<\/div>\n\n\n\n<div class=\"wp-block-column is-layout-flow wp-block-column-is-layout-flow\" style=\"flex-basis:33.33%\">\n<figure class=\"wp-block-image aligncenter size-large is-resized\"><img decoding=\"async\" width=\"1024\" height=\"683\" src=\"https:\/\/obera.fr\/wp-content\/uploads\/2025\/08\/raf-transport-1024x683.png\" alt=\"Sz&#xE1;ll&#xED;t&#xE1;si h&#x171;t&#xE9;s\" class=\"wp-image-128743\" style=\"width:293px;height:auto\" srcset=\"https:\/\/obera.fr\/wp-content\/uploads\/2025\/08\/raf-transport-1024x683.png 1024w, https:\/\/obera.fr\/wp-content\/uploads\/2025\/08\/raf-transport-300x200.png 300w, https:\/\/obera.fr\/wp-content\/uploads\/2025\/08\/raf-transport-768x512.png 768w, https:\/\/obera.fr\/wp-content\/uploads\/2025\/08\/raf-transport.png 1200w\" sizes=\"(max-width: 1024px) 100vw, 1024px\" \/><\/figure>\n<\/div>\n<\/div>\n\n<h2 class=\"wp-block-heading\">1. Logisztikai z\u00f3n\u00e1k: nagy h\u0151terhel\u00e9s\u0171 terek<\/h2>\n\n<ul class=\"wp-block-list\">\n<li>A rakod\u00f3- \u00e9s kirakod\u00f3 dokkok gyakran nyitottak, rosszul szell\u0151znek, \u00e9s ki vannak t\u00e9ve a napsug\u00e1rz\u00e1snak.<\/li>\n\n\n\n<li>Maguk a kont\u00e9nerek h\u0151forr\u00e1ss\u00e1 v\u00e1lnak, amikor a szabadban t\u00e1rolj\u00e1k vagy a napon nyitj\u00e1k ki \u0151ket.<\/li>\n\n\n\n<li>A kont\u00e9nerekben rekedt forr\u00f3 leveg\u0151 nyit\u00e1skor meghaladhatja az 50 \u00b0C-ot, kock\u00e1zatot jelentve az oper\u00e1torok sz\u00e1m\u00e1ra.<\/li>\n\n\n\n<li>A <a href=\"https:\/\/obera.fr\/hu\/szallitas-es-raktarozas-logisztika\/\">logisztikai \u00e1raml\u00e1sok<\/a> feler\u0151s\u00f6dnek ny\u00e1ron, n\u00f6velve a fizikai feladatok neh\u00e9zs\u00e9g\u00e9t h\u0151s\u00e9gben.<\/li>\n<\/ul>\n\n<h2 class=\"wp-block-heading\">2. A mobil adiabatikus megold\u00e1s: operat\u00edv v\u00e1lasz<\/h2>\n\n<ul class=\"wp-block-list\">\n<li>Az <strong>IC p\u00e1rologtat\u00f3 l\u00e9gh\u0171t\u0151k<\/strong> term\u00e9szetes alternat\u00edv\u00e1t k\u00edn\u00e1lnak a l\u00e9gkondicion\u00e1l\u00e1shoz, munk\u00e1latok \u00e9s h\u0171t\u0151k\u00f6r n\u00e9lk\u00fcl.<\/li>\n\n\n\n<li>Elhelyezhet\u0151k <strong>a rakod\u00f3\/kirakod\u00f3 ter\u00fcleteken<\/strong>, <strong>a kont\u00e9nerek bej\u00e1rat\u00e1n\u00e1l<\/strong>, vagy <strong>az ellen\u0151rz\u0151 \u00e9s v\u00e1logat\u00f3 ter\u00fcleteken<\/strong>.<\/li>\n\n\n\n<li>Nagy l\u00e9g\u00e1raml\u00e1suknak k\u00f6sz\u00f6nhet\u0151en helyileg t\u00f6bb fokkal cs\u00f6kkentik az \u00e9rz\u00e9kelt h\u0151m\u00e9rs\u00e9kletet, mik\u00f6zben biztos\u00edtj\u00e1k az <strong>\u00e1lland\u00f3 szell\u0151z\u00e9st<\/strong>.<\/li>\n\n\n\n<li>Telep\u00edt\u00e9s\u00fck <strong>infrastrukt\u00fara n\u00e9lk\u00fcl<\/strong> t\u00f6rt\u00e9nik, egyszer\u0171 elektromos csatlakoztat\u00e1ssal, be\u00e9p\u00edtett v\u00edztart\u00e1llyal vagy h\u00e1l\u00f3zati csatlakoz\u00e1ssal.<\/li>\n<\/ul>\n\n<p><\/p>\n\n<h2 class=\"wp-block-heading\">3. Az IC modellek: logisztikai platformokhoz igaz\u00edtva<\/h2>\n\n<div class=\"wp-block-columns is-layout-flex wp-container-core-columns-is-layout-28f84493 wp-block-columns-is-layout-flex\">\n<div class=\"wp-block-column is-layout-flow wp-block-column-is-layout-flow\">\n<h3 class=\"wp-block-heading has-text-align-center\">IC 12<\/h3>\n\n\n\n<figure class=\"wp-block-image size-large\"><img decoding=\"async\" width=\"1024\" height=\"1024\" src=\"https:\/\/obera.fr\/wp-content\/uploads\/2025\/07\/ic-12-2-1024x1024.png\" alt=\"ic 12\" class=\"wp-image-124143\" srcset=\"https:\/\/obera.fr\/wp-content\/uploads\/2025\/07\/ic-12-2-1024x1024.png 1024w, https:\/\/obera.fr\/wp-content\/uploads\/2025\/07\/ic-12-2-300x300.png 300w, https:\/\/obera.fr\/wp-content\/uploads\/2025\/07\/ic-12-2-150x150.png 150w, https:\/\/obera.fr\/wp-content\/uploads\/2025\/07\/ic-12-2-768x768.png 768w, https:\/\/obera.fr\/wp-content\/uploads\/2025\/07\/ic-12-2.png 1200w\" sizes=\"(max-width: 1024px) 100vw, 1024px\" \/><\/figure>\n\n\n\n<ul class=\"wp-block-list\">\n<li>Munka\u00e1llom\u00e1sokhoz vagy sz\u0171k rakod\u00f3r\u00e1mp\u00e1khoz<\/li>\n\n\n\n<li>12.000 m\u00b3\/h l\u00e9g\u00e1ram, kompakt m\u00e9ret, gyorsan telep\u00edthet\u0151<\/li>\n<\/ul>\n\n\n\n<p><\/p>\n<\/div>\n\n\n\n<div class=\"wp-block-column is-layout-flow wp-block-column-is-layout-flow\">\n<h3 class=\"wp-block-heading has-text-align-center\">IC 22<\/h3>\n\n\n\n<figure class=\"wp-block-image size-large\"><img decoding=\"async\" width=\"1024\" height=\"1024\" src=\"https:\/\/obera.fr\/wp-content\/uploads\/2025\/07\/ic-22-2-1024x1024.png\" alt=\"ic 22\" class=\"wp-image-124296\" srcset=\"https:\/\/obera.fr\/wp-content\/uploads\/2025\/07\/ic-22-2-1024x1024.png 1024w, https:\/\/obera.fr\/wp-content\/uploads\/2025\/07\/ic-22-2-300x300.png 300w, https:\/\/obera.fr\/wp-content\/uploads\/2025\/07\/ic-22-2-150x150.png 150w, https:\/\/obera.fr\/wp-content\/uploads\/2025\/07\/ic-22-2-768x768.png 768w, https:\/\/obera.fr\/wp-content\/uploads\/2025\/07\/ic-22-2.png 1200w\" sizes=\"(max-width: 1024px) 100vw, 1024px\" \/><\/figure>\n\n\n\n<ul class=\"wp-block-list\">\n<li>Nagy forgalm\u00fa rakod\u00f3ter\u00fcletekhez vagy logisztikai rakt\u00e1rakhoz<\/li>\n\n\n\n<li>22.000 m\u00b3\/h l\u00e9g\u00e1ram, hat\u00e9kony a kont\u00e9ner tranzit z\u00f3n\u00e1k h\u0171t\u00e9s\u00e9re<\/li>\n\n\n\n<li>V\u00edz UV-rendszerrel felszerelve, ig\u00e9nyes professzion\u00e1lis k\u00f6rnyezetekhez igaz\u00edtva<\/li>\n<\/ul>\n\n\n\n<p><\/p>\n<\/div>\n\n\n\n<div class=\"wp-block-column is-layout-flow wp-block-column-is-layout-flow\">\n<h3 class=\"wp-block-heading has-text-align-center\">IC 30<\/h3>\n\n\n\n<figure class=\"wp-block-image size-large\"><img decoding=\"async\" width=\"1024\" height=\"1024\" src=\"https:\/\/obera.fr\/wp-content\/uploads\/2025\/07\/ic-30-4-1024x1024.png\" alt=\"ic 30\" class=\"wp-image-124370\" srcset=\"https:\/\/obera.fr\/wp-content\/uploads\/2025\/07\/ic-30-4-1024x1024.png 1024w, https:\/\/obera.fr\/wp-content\/uploads\/2025\/07\/ic-30-4-300x300.png 300w, https:\/\/obera.fr\/wp-content\/uploads\/2025\/07\/ic-30-4-150x150.png 150w, https:\/\/obera.fr\/wp-content\/uploads\/2025\/07\/ic-30-4-768x768.png 768w, https:\/\/obera.fr\/wp-content\/uploads\/2025\/07\/ic-30-4.png 1200w\" sizes=\"(max-width: 1024px) 100vw, 1024px\" \/><\/figure>\n\n\n\n<ul class=\"wp-block-list\">\n<li>Nagy multimod\u00e1lis hubokhoz, tranzit hang\u00e1rokhoz vagy fedett kik\u00f6t\u0151i ter\u00fcletekhez<\/li>\n\n\n\n<li>30.000 m\u00b3\/h l\u00e9g\u00e1ram, robusztus, \u00f6n\u00e1ll\u00f3, nagy volumen\u0171 felhaszn\u00e1l\u00e1sra tervezve<\/li>\n<\/ul>\n\n\n\n<p><\/p>\n<\/div>\n<\/div>\n\n<div class=\"wp-block-buttons is-content-justification-center is-layout-flex wp-container-core-buttons-is-layout-a89b3969 wp-block-buttons-is-layout-flex\">\n<div class=\"wp-block-button\"><a class=\"wp-block-button__link wp-element-button\" href=\"https:\/\/obera.fr\/hu\/produits\/rafraichisseurs-air\/rafraichisseurs-par-evaporation-ic\/\">Fedezze fel IC term\u00e9kcsal\u00e1dunkat<\/a><\/div>\n<\/div>\n\n<p><\/p>\n\n<h2 class=\"wp-block-heading\">4. El\u0151ny\u00f6k a logisztikai oper\u00e1torok \u00e9s sz\u00e1ll\u00edtm\u00e1nyoz\u00f3k sz\u00e1m\u00e1ra<\/h2>\n\n<ul class=\"wp-block-list\">\n<li>Az <strong>anyagmozgat\u00e1s\u00e9rt felel\u0151s csapatok h\u0151komfortj\u00e1nak jav\u00edt\u00e1sa<\/strong><\/li>\n\n\n\n<li>A <strong>kont\u00e9nerek nyit\u00e1sakor fell\u00e9p\u0151 h\u0151sokk kock\u00e1zat\u00e1nak cs\u00f6kkent\u00e9se<\/strong><\/li>\n\n\n\n<li>A <strong>logisztikai temp\u00f3 fenntart\u00e1sa<\/strong> m\u00e9g nagy h\u0151s\u00e9gben is<\/li>\n\n\n\n<li><strong>Nincs tev\u00e9kenys\u00e9gle\u00e1ll\u00e1s a telep\u00edt\u00e9s miatt<\/strong>: az eszk\u00f6z\u00f6k mobilak \u00e9s \u00f6n\u00e1ll\u00f3ak<\/li>\n\n\n\n<li>Az <strong>\u00e1ltal\u00e1nos energiafogyaszt\u00e1s cs\u00f6kken\u00e9se<\/strong> a fix rendszerekhez k\u00e9pest<\/li>\n\n\n\n<li><strong>Szezon\u00e1lis b\u00e9rl\u00e9s lehet\u0151s\u00e9ge<\/strong> csak a ny\u00e1ri h\u00f3napok fedez\u00e9s\u00e9re<\/li>\n<\/ul>\n\n<p>A kont\u00e9ner\u00e1raml\u00e1shoz kapcsol\u00f3d\u00f3 logisztikai k\u00f6rnyezetekben a helyi h\u0151m\u00e9rs\u00e9klet szab\u00e1lyoz\u00e1sa strat\u00e9giai fontoss\u00e1g\u00fa, mind az operat\u00edv teljes\u00edtm\u00e9ny, mind a munkav\u00e1llal\u00f3k biztons\u00e1ga szempontj\u00e1b\u00f3l.<br\/>Az <strong>IC term\u00e9kcsal\u00e1ddal<\/strong> az OberA olyan megold\u00e1st k\u00edn\u00e1l, amely azonnal \u00fczembe helyezhet\u0151, modul\u00e1ris \u00e9s gazdas\u00e1gos a logisztikai sz\u00e1ll\u00edt\u00e1s \u00e9rz\u00e9keny ter\u00fcleteinek hat\u00e9kony h\u0171t\u00e9s\u00e9re.<\/p>\n","protected":false},"excerpt":{"rendered":"<p>A logisztikai l\u00e1ncban a kont\u00e9nerek minden\u00fctt jelen vannak: tengeri, vas\u00fati vagy k\u00f6z\u00fati sz\u00e1ll\u00edt\u00e1shoz haszn\u00e1lj\u00e1k \u0151ket, \u00e9s hubokon, rakt\u00e1rakon \u00e9s rakod\u00f3ter\u00fcleteken kereszt\u00fcl haladnak \u00e1t, ahol az \u00e9ghajlati viszonyok k\u00f6zvetlen\u00fcl befoly\u00e1solhatj\u00e1k a m\u0171veleteket.<\/p>\n","protected":false},"author":13,"featured_media":83741,"comment_status":"open","ping_status":"closed","sticky":false,"template":"","format":"standard","meta":{"_acf_changed":false,"_seopress_robots_primary_cat":"none","_seopress_titles_title":"OberA IC h\u0171t\u0151berendez\u00e9sek: h\u0151komfort a logisztikai kont\u00e9nerek k\u00f6r\u00fcl","_seopress_titles_desc":"Az OberA IC h\u0171t\u0151berendez\u00e9seivel v\u00e9dje meg munkat\u00e1rsait a h\u0151hull\u00e1mok ellen: mobil, term\u00e9szetes \u00e9s gazdas\u00e1gos megold\u00e1s kont\u00e9nerz\u00f3n\u00e1khoz.","_seopress_robots_index":"","footnotes":""},"categories":[720],"tags":[436],"class_list":["post-134241","post","type-post","status-publish","format-standard","has-post-thumbnail","hentry","category-szallitas-es-raktarozas-logisztika","tag-hutok","generate-columns","tablet-grid-50","mobile-grid-100","grid-parent","grid-50","no-featured-image-padding","resize-featured-image"],"acf":[],"_links":{"self":[{"href":"https:\/\/obera.fr\/hu\/wp-json\/wp\/v2\/posts\/134241","targetHints":{"allow":["GET"]}}],"collection":[{"href":"https:\/\/obera.fr\/hu\/wp-json\/wp\/v2\/posts"}],"about":[{"href":"https:\/\/obera.fr\/hu\/wp-json\/wp\/v2\/types\/post"}],"author":[{"embeddable":true,"href":"https:\/\/obera.fr\/hu\/wp-json\/wp\/v2\/users\/13"}],"replies":[{"embeddable":true,"href":"https:\/\/obera.fr\/hu\/wp-json\/wp\/v2\/comments?post=134241"}],"version-history":[{"count":1,"href":"https:\/\/obera.fr\/hu\/wp-json\/wp\/v2\/posts\/134241\/revisions"}],"predecessor-version":[{"id":134245,"href":"https:\/\/obera.fr\/hu\/wp-json\/wp\/v2\/posts\/134241\/revisions\/134245"}],"wp:featuredmedia":[{"embeddable":true,"href":"https:\/\/obera.fr\/hu\/wp-json\/wp\/v2\/media\/83741"}],"wp:attachment":[{"href":"https:\/\/obera.fr\/hu\/wp-json\/wp\/v2\/media?parent=134241"}],"wp:term":[{"taxonomy":"category","embeddable":true,"href":"https:\/\/obera.fr\/hu\/wp-json\/wp\/v2\/categories?post=134241"},{"taxonomy":"post_tag","embeddable":true,"href":"https:\/\/obera.fr\/hu\/wp-json\/wp\/v2\/tags?post=134241"}],"curies":[{"name":"wp","href":"https:\/\/api.w.org\/{rel}","templated":true}]}}