{"id":134249,"date":"2025-09-14T07:36:00","date_gmt":"2025-09-14T05:36:00","guid":{"rendered":"https:\/\/obera.fr\/a-mi-tanacsunk\/hokomfort-az-uzlethelyisegekben-az-ic-hutok-a-mobil-megoldas-kereskedelmi-egysegek-szamara\/"},"modified":"2026-02-04T16:17:32","modified_gmt":"2026-02-04T14:17:32","slug":"hokomfort-az-uzlethelyisegekben-az-ic-hutok-a-mobil-megoldas-kereskedelmi-egysegek-szamara","status":"publish","type":"post","link":"https:\/\/obera.fr\/hu\/kereskedelem\/hokomfort-az-uzlethelyisegekben-az-ic-hutok-a-mobil-megoldas-kereskedelmi-egysegek-szamara\/","title":{"rendered":"OberA IC h\u0171t\u0151k: h\u0151komfort \u00fczletek \u00e9s bemutat\u00f3termek sz\u00e1m\u00e1ra"},"content":{"rendered":"\n<p>Az \u00fczlet h\u0171t\u00e9se nagy melegben priorit\u00e1ss\u00e1 v\u00e1lik az \u00fcgyfelek \u00e9s az alkalmazottak k\u00e9nyelm\u00e9nek biztos\u00edt\u00e1sa \u00e9rdek\u00e9ben. Az <strong>OberA adiabatikus l\u00e9gh\u0171t\u0151i<\/strong> <strong>gazdas\u00e1gos \u00e9s k\u00f6rnyezetbar\u00e1t<\/strong> megold\u00e1st k\u00edn\u00e1lnak a bels\u0151 h\u0151m\u00e9rs\u00e9klet gyors cs\u00f6kkent\u00e9s\u00e9re. <\/p>\n\n<div class=\"wp-block-columns is-layout-flex wp-container-core-columns-is-layout-28f84493 wp-block-columns-is-layout-flex\">\n<div class=\"wp-block-column is-layout-flow wp-block-column-is-layout-flow\" style=\"flex-basis:66.66%\">\n<p>Ezek a v\u00edzp\u00e1rologtat\u00e1sos h\u0171t\u0151rendszerek h\u0171tik \u00e9s egy\u00fattal tiszt\u00edtj\u00e1k is a leveg\u0151t. Az OberA <strong>plug &amp; play<\/strong> berendez\u00e9seket k\u00edn\u00e1l \u00d6nnek, amelyek k\u00f6nnyen telep\u00edthet\u0151k \u00e9s mozgathat\u00f3k, \u00e9s ak\u00e1r <strong>80%-kal kevesebb energi\u00e1t<\/strong> fogyasztanak, mint egy hagyom\u00e1nyos l\u00e9gkondicion\u00e1l\u00f3. <\/p>\n\n\n\n<p>Jav\u00edtott leveg\u0151min\u0151s\u00e9g: az OberA egys\u00e9gek sz\u0171rik \u00e9s tiszt\u00edtj\u00e1k a leveg\u0151t, cs\u00f6kkentve a port \u00e9s a mikroorganizmusokat.<br\/>Az <a href=\"https:\/\/obera.fr\/hu\/produits\/rafraichisseurs-air\/rafraichisseurs-par-evaporation-ic\/\">IC term\u00e9kcsal\u00e1dj\u00e1nak ipari l\u00e9gh\u0171t\u0151i<\/a>, melyeket az <strong>OberA<\/strong> fejlesztett ki, hat\u00e9konyan h\u0171tik a kereskedelmi tereket fel\u00faj\u00edt\u00e1s n\u00e9lk\u00fcl, alacsony k\u00f6lts\u00e9ggel \u00e9s k\u00f6rnyezettudatos m\u00f3don.<\/p>\n\n\n\n<p>Azonnali k\u00e9nyelem \u00e9s hat\u00e9konys\u00e1g: egy er\u0151s ventil\u00e1tor keringeti a leveg\u0151t \u00e9s t\u00f6bb fokkal cs\u00f6kkenti a h\u0151m\u00e9rs\u00e9kletet.<\/p>\n<\/div>\n\n\n\n<div class=\"wp-block-column is-layout-flow wp-block-column-is-layout-flow\" style=\"flex-basis:33.33%\">\n<figure class=\"wp-block-image aligncenter size-large is-resized\"><img decoding=\"async\" width=\"1024\" height=\"683\" src=\"https:\/\/obera.fr\/wp-content\/uploads\/2025\/08\/raf-point-de-vente-1024x683.png\" alt=\"&#xC9;rt&#xE9;kes&#xED;t&#xE9;si pont h&#x171;t&#xE9;s\" class=\"wp-image-128719\" style=\"width:300px;height:auto\" srcset=\"https:\/\/obera.fr\/wp-content\/uploads\/2025\/08\/raf-point-de-vente-1024x683.png 1024w, https:\/\/obera.fr\/wp-content\/uploads\/2025\/08\/raf-point-de-vente-300x200.png 300w, https:\/\/obera.fr\/wp-content\/uploads\/2025\/08\/raf-point-de-vente-768x512.png 768w, https:\/\/obera.fr\/wp-content\/uploads\/2025\/08\/raf-point-de-vente.png 1200w\" sizes=\"(max-width: 1024px) 100vw, 1024px\" \/><\/figure>\n<\/div>\n<\/div>\n\n<h2 class=\"wp-block-heading\">Mi\u00e9rt h\u0171tse \u00fczlet\u00e9t?<\/h2>\n\n<p>A <strong>nagy meleg<\/strong> egy kereskedelmi t\u00e9rben k\u00e1ros\u00edthatja a tev\u00e9kenys\u00e9get \u00e9s a <strong>h\u0151komfortot<\/strong>. Az \u00fcgyfelek kev\u00e9sb\u00e9 \u00e9rzik magukat k\u00e9nyelmesen, \u00e9s az alkalmazottak <strong>munk\u00e1ja<\/strong> is nehezebb\u00e9 v\u00e1lik. Az \u00fczlet h\u0171t\u00e9se teh\u00e1t lehet\u0151v\u00e9 teszi:  <\/p>\n\n<ul class=\"wp-block-list\">\n<li>A <strong>tev\u00e9kenys\u00e9g<\/strong> (\u00e9rt\u00e9kes\u00edt\u00e9s \u00e9s fogad\u00e1s) optimaliz\u00e1l\u00e1s\u00e1t m\u00e9g meleg id\u0151ben is.<br\/><\/li>\n\n\n\n<li>Az alkalmazottak \u00e9s az \u00fcgyfelek <strong>k\u00e9nyelm\u00e9nek<\/strong> jav\u00edt\u00e1s\u00e1t, elker\u00fclve a f\u00e1radts\u00e1got \u00e9s az irrit\u00e1ci\u00f3t.<br\/><\/li>\n\n\n\n<li>A <strong>kereskedelmi \u00e1rr\u00e9s<\/strong> v\u00e9delm\u00e9t az\u00e1ltal, hogy eg\u00e9sz \u00e9vben kellemes h\u0151m\u00e9rs\u00e9kletet tart fenn.<br\/><\/li>\n<\/ul>\n\n<p>Az OberA adiabatikus l\u00e9gh\u0171t\u0151i kifejezetten <strong>kereskedelmi<\/strong> \u00e9s m\u0171helyk\u00f6rnyezetekre lettek tervezve. Mobil rendszer\u00fck elker\u00fcli a neh\u00e9z berendez\u00e9sek telep\u00edt\u00e9s\u00e9t. Egyszer\u0171en csatlakoztatja az egys\u00e9get, felt\u00f6lti a v\u00edztart\u00e1lyt, \u00e9s a <strong>bolt<\/strong> meleg leveg\u0151j\u00e9t besz\u00edvja \u00e9s leh\u0171ti. Ez a nagy teljes\u00edtm\u00e9ny\u0171 ventil\u00e1tor cs\u00f6kkenti a h\u0151t an\u00e9lk\u00fcl, hogy h\u0151szigetet gener\u00e1lna vagy k\u00e1ros h\u0171t\u0151g\u00e1zt bocs\u00e1tana ki.   <\/p>\n\n<h2 class=\"wp-block-heading\">Az IC term\u00e9kcsal\u00e1d: modellek minden \u00fczletform\u00e1tumhoz<\/h2>\n\n<p>Az OberA az <strong>IC<\/strong> term\u00e9kcsal\u00e1dot k\u00edn\u00e1lja, amely k\u00fcl\u00f6nb\u00f6z\u0151 kereskedelmi volumenekhez igazodik. Minden modell specifikus <strong>l\u00e9g\u00e1raml\u00e1ssal<\/strong> \u00e9s m\u00e9retezett v\u00edztart\u00e1llyal rendelkezik a <strong>bolt<\/strong> leveg\u0151j\u00e9nek hat\u00e9kony h\u0171t\u00e9s\u00e9hez. <\/p>\n\n<p>A f\u0151bb jellemz\u0151k az al\u00e1bbiakban vannak \u00f6sszefoglalva.<\/p>\n\n<div class=\"wp-block-columns is-layout-flex wp-container-core-columns-is-layout-28f84493 wp-block-columns-is-layout-flex\">\n<div class=\"wp-block-column is-layout-flow wp-block-column-is-layout-flow\">\n<h3 class=\"wp-block-heading has-text-align-center\">IC 12<\/h3>\n\n\n\n<figure class=\"wp-block-image size-large\"><img decoding=\"async\" width=\"1024\" height=\"1024\" src=\"https:\/\/obera.fr\/wp-content\/uploads\/2025\/07\/ic-12-2-1024x1024.png\" alt=\"ic 12\" class=\"wp-image-124143\" srcset=\"https:\/\/obera.fr\/wp-content\/uploads\/2025\/07\/ic-12-2-1024x1024.png 1024w, https:\/\/obera.fr\/wp-content\/uploads\/2025\/07\/ic-12-2-300x300.png 300w, https:\/\/obera.fr\/wp-content\/uploads\/2025\/07\/ic-12-2-150x150.png 150w, https:\/\/obera.fr\/wp-content\/uploads\/2025\/07\/ic-12-2-768x768.png 768w, https:\/\/obera.fr\/wp-content\/uploads\/2025\/07\/ic-12-2.png 1200w\" sizes=\"(max-width: 1024px) 100vw, 1024px\" \/><\/figure>\n\n\n\n<p>Ide\u00e1lis kis helyi \u00fczletek (butikok, szalonok, kis irod\u00e1k) sz\u00e1m\u00e1ra. Nagyon kompakt (43 kg) \u00e9s g\u00f6rg\u0151s, \u00edgy egy p\u00e9nzt\u00e1rg\u00e9p m\u00f6g\u00e9 vagy egy folyos\u00f3ra is bef\u00e9r, ak\u00e1r 150 m\u00b2-t is h\u0171tve. <\/p>\n<\/div>\n\n\n\n<div class=\"wp-block-column is-layout-flow wp-block-column-is-layout-flow\">\n<h3 class=\"wp-block-heading has-text-align-center\">IC 22<\/h3>\n\n\n\n<figure class=\"wp-block-image size-large\"><img decoding=\"async\" width=\"1024\" height=\"1024\" src=\"https:\/\/obera.fr\/wp-content\/uploads\/2025\/07\/ic-22-2-1024x1024.png\" alt=\"ic 22\" class=\"wp-image-124296\" srcset=\"https:\/\/obera.fr\/wp-content\/uploads\/2025\/07\/ic-22-2-1024x1024.png 1024w, https:\/\/obera.fr\/wp-content\/uploads\/2025\/07\/ic-22-2-300x300.png 300w, https:\/\/obera.fr\/wp-content\/uploads\/2025\/07\/ic-22-2-150x150.png 150w, https:\/\/obera.fr\/wp-content\/uploads\/2025\/07\/ic-22-2-768x768.png 768w, https:\/\/obera.fr\/wp-content\/uploads\/2025\/07\/ic-22-2.png 1200w\" sizes=\"(max-width: 1024px) 100vw, 1024px\" \/><\/figure>\n\n\n\n<p>K\u00f6zepes m\u00e9ret\u0171 ter\u00fcletekre (bioboltok, \u00e9rt\u00e9kes\u00edt\u00e9si csarnokok, \u00fcgyn\u00f6ks\u00e9gek) tervezve, ak\u00e1r 250 m\u00b2-ig. Nagy tart\u00e1lya (130 l) j\u00f3 auton\u00f3mi\u00e1t biztos\u00edt, \u00e9s UV l\u00e1mp\u00e1t tartalmaz az optim\u00e1lis v\u00edzhigi\u00e9nia \u00e9rdek\u00e9ben. <\/p>\n<\/div>\n\n\n\n<div class=\"wp-block-column is-layout-flow wp-block-column-is-layout-flow\">\n<h3 class=\"wp-block-heading has-text-align-center\">IC 30<\/h3>\n\n\n\n<figure class=\"wp-block-image size-large\"><img decoding=\"async\" width=\"1024\" height=\"1024\" src=\"https:\/\/obera.fr\/wp-content\/uploads\/2025\/07\/ic-30-4-1024x1024.png\" alt=\"ic 30\" class=\"wp-image-124370\" srcset=\"https:\/\/obera.fr\/wp-content\/uploads\/2025\/07\/ic-30-4-1024x1024.png 1024w, https:\/\/obera.fr\/wp-content\/uploads\/2025\/07\/ic-30-4-300x300.png 300w, https:\/\/obera.fr\/wp-content\/uploads\/2025\/07\/ic-30-4-150x150.png 150w, https:\/\/obera.fr\/wp-content\/uploads\/2025\/07\/ic-30-4-768x768.png 768w, https:\/\/obera.fr\/wp-content\/uploads\/2025\/07\/ic-30-4.png 1200w\" sizes=\"(max-width: 1024px) 100vw, 1024px\" \/><\/figure>\n\n\n\n<p>Nagy kereskedelmi ter\u00fcletekre (bemutat\u00f3termek, kert\u00e9szetek, fedett piacok) sz\u00e1nt, ak\u00e1r 400 m\u00b2-t is h\u0171t. 280 literes tart\u00e1ly\u00e1val \u00e9s er\u0151s l\u00e9g\u00e1raml\u00e1s\u00e1val m\u00e9g nagy forgalm\u00fa ter\u00fcleteken is fenntartja a <strong>h\u0151komfortot<\/strong>. <\/p>\n<\/div>\n<\/div>\n\n<div class=\"wp-block-buttons is-content-justification-center is-layout-flex wp-container-core-buttons-is-layout-a89b3969 wp-block-buttons-is-layout-flex\">\n<div class=\"wp-block-button\"><a class=\"wp-block-button__link wp-element-button\" href=\"https:\/\/obera.fr\/hu\/produits\/rafraichisseurs-air\/rafraichisseurs-par-evaporation-ic\/\">Fedezze fel IC term\u00e9kcsal\u00e1dunkat<\/a><\/div>\n<\/div>\n\n<div style=\"height:34px\" aria-hidden=\"true\" class=\"wp-block-spacer\"><\/div>\n\n<figure class=\"wp-block-table\"><table class=\"has-fixed-layout\"><tbody><tr><td><strong>Modell<\/strong><\/td><td><strong>L\u00e9g\u00e1ram (m\u00b3\/h)<\/strong><\/td><td><strong>Max. ter\u00fclet (m\u00b2)<\/strong><\/td><td><strong>Tart\u00e1ly (l)<\/strong><\/td><td><strong>S\u00faly<\/strong><\/td><\/tr><tr><td><strong>IC 12<\/strong><\/td><td>12 000<\/td><td>150<\/td><td>70<\/td><td>43 kg<\/td><\/tr><tr><td><strong>IC 22<\/strong><\/td><td>22 000<\/td><td>250<\/td><td>130<\/td><td>50 kg<\/td><\/tr><tr><td><strong>IC 30<\/strong><\/td><td>30 000<\/td><td>400<\/td><td>280<\/td><td>110 kg<\/td><\/tr><\/tbody><\/table><\/figure>\n\n<p>Ezek a modellek mindegyike <strong>egyszer\u0171 vez\u00e9rl\u00e9ssel<\/strong> (vez\u00e9rl\u0151panel \u00e9s t\u00e1vir\u00e1ny\u00edt\u00f3) rendelkezik, \u00e9s \u00e9sszer\u0171 zajszintet produk\u00e1l (hasonl\u00f3an egy porsz\u00edv\u00f3hoz) a szem\u00e9lyzet k\u00e9nyelme \u00e9rdek\u00e9ben.<br\/>A v\u00edz term\u00e9szetes p\u00e1rolg\u00e1s\u00e1nak k\u00f6sz\u00f6nhet\u0151en fokozatos leveg\u0151h\u0171t\u00e9st biztos\u00edtanak. A rendszer folyamatos <strong>szell\u0151z\u00e9st<\/strong> is tartalmaz: a helyis\u00e9g leveg\u0151je 3-5 percenk\u00e9nt meg\u00fajul, ami tiszt\u00edtja a l\u00e9gk\u00f6rt \u00e9s korl\u00e1tozza a por \u00e9s mikroorganizmusok koncentr\u00e1ci\u00f3j\u00e1t (an\u00e9lk\u00fcl, hogy vizet permetezne az evaporat\u00edv k\u00f6zegnek k\u00f6sz\u00f6nhet\u0151en). <\/p>\n\n<h2 class=\"wp-block-heading\">Energetikai \u00e9s \u00f6kol\u00f3giai el\u0151ny\u00f6k<\/h2>\n\n<p>Az OberA v\u00e1laszt\u00e1sa egy olyan <strong>h\u0171t\u0151rendszer<\/strong> mellett sz\u00f3l, amelynek energia- \u00e9s k\u00f6rnyezeti hat\u00e1sa ellen\u0151rz\u00f6tt. Az adiabatikus l\u00e9gh\u0171t\u0151k nagyon kev\u00e9s \u00e1ramot \u00e9s <strong>vizet<\/strong> fogyasztanak, ami cs\u00f6kkenti az energiak\u00f6lts\u00e9geket. <\/p>\n\n<p>Egy hagyom\u00e1nyos l\u00e9gkondicion\u00e1l\u00f3hoz k\u00e9pest ak\u00e1r <strong>80%-os energiamegtakar\u00edt\u00e1st<\/strong> is el\u00e9rhet. A gyakorlatban ez azt jelenti, hogy a h\u0151s\u00e9g idej\u00e9n alacsonyabb sz\u00e1ml\u00e1t kap: ez egy er\u0151s p\u00e9nz\u00fcgyi \u00e9rv egy \u00fczlettulajdonos sz\u00e1m\u00e1ra. <\/p>\n\n<p>R\u00e1ad\u00e1sul az elj\u00e1r\u00e1s <strong>k\u00f6rnyezetbar\u00e1t<\/strong>: nem haszn\u00e1l h\u0171t\u0151k\u00f6zeget, \u00e9s elker\u00fcli a meleg leveg\u0151 k\u00fcls\u0151 kibocs\u00e1t\u00e1s\u00e1t. Az egyetlen felhaszn\u00e1lt er\u0151forr\u00e1s a v\u00edz (modellt\u0151l f\u00fcgg\u0151en 8-30 l\/\u00f3ra), amely k\u00f6nnyen \u00fajrat\u00f6lthet\u0151. <\/p>\n\n<h2 class=\"wp-block-heading\">Gyakorlati tan\u00e1csok \u00e9s megval\u00f3s\u00edt\u00e1s<\/h2>\n\n<p>Ahhoz, hogy a legt\u00f6bbet hozza ki egy OberA l\u00e9gh\u0171t\u0151b\u0151l, ide\u00e1lisan egy <strong>keresztszell\u0151z\u00e9ses<\/strong> ter\u00fcletre vagy az \u00fczlet legmelegebb pontja (napos kirakat vagy el\u0151k\u00e9sz\u00edt\u0151 ter\u00fclet) el\u00e9 helyezze. Mivel a modellek mobilak, a ter\u00fclet nagys\u00e1g\u00e1t\u00f3l f\u00fcgg\u0151en t\u00f6bb egys\u00e9get is haszn\u00e1lhat. N\u00e9h\u00e1ny egyszer\u0171 l\u00e9p\u00e9s:  <\/p>\n\n<ul class=\"wp-block-list\">\n<li><strong>Rendszeresen t\u00f6ltse fel a tart\u00e1lyt<\/strong> tiszta v\u00edzzel (folyamatos keringet\u0151 rendszer).<\/li>\n\n\n\n<li><strong>\u00dcr\u00edtse ki \u00e9s tiszt\u00edtsa meg<\/strong> a tart\u00e1lyt t\u00e9l el\u0151tt a lerak\u00f3d\u00e1sok elt\u00e1vol\u00edt\u00e1sa \u00e9rdek\u00e9ben (a szabadalmaztatott Pureflow el\u0151sz\u0171r\u0151 korl\u00e1tozza a szennyez\u0151d\u00e9st).<\/li>\n\n\n\n<li><strong>Ir\u00e1ny\u00edtsa a l\u00e9g\u00e1ramot<\/strong> a strat\u00e9giai ter\u00fcletekre (p\u00e9nzt\u00e1rak, standok, munka\u00e1llom\u00e1sok).<\/li>\n\n\n\n<li><strong>M\u00e9rje meg a h\u0151m\u00e9rs\u00e9kletet<\/strong> a telep\u00edt\u00e9s el\u0151tt \u00e9s ut\u00e1n a hat\u00e9konys\u00e1g ellen\u0151rz\u00e9s\u00e9hez.<\/li>\n<\/ul>\n\n<p>Ezek a l\u00e9p\u00e9sek biztos\u00edtj\u00e1k a <strong>homog\u00e9n h\u0171t\u00e9st<\/strong> \u00e9s a tart\u00f3s k\u00e9nyelmet. Az OberA m\u00e9g tan\u00e1csad\u00e1si szolg\u00e1ltat\u00e1st is k\u00edn\u00e1l a megfelel\u0151 modell kiv\u00e1laszt\u00e1s\u00e1hoz az \u00fczlet tev\u00e9kenys\u00e9g\u00e9nek f\u00fcggv\u00e9ny\u00e9ben. <\/p>\n\n<h3 class=\"wp-block-heading\">\u00d6sszehasonl\u00edt\u00f3 t\u00e1bl\u00e1zat<\/h3>\n\n<figure class=\"wp-block-table\"><table class=\"has-fixed-layout\"><tbody><tr><td><strong>Krit\u00e9riumok<\/strong><\/td><td><strong>Hagyom\u00e1nyos l\u00e9gkondicion\u00e1l\u00f3<\/strong><\/td><td><strong>OberA l\u00e9gh\u0171t\u0151 (adiabatikus)<\/strong><\/td><\/tr><tr><td><strong>Energiak\u00f6lts\u00e9g<\/strong><\/td><td>Magas (elektromos kompresszor)<\/td><td>Nagyon alacsony (vizet haszn\u00e1l a h\u0171t\u00e9shez)<\/td><\/tr><tr><td><strong>Karbantart\u00e1s<\/strong><\/td><td>Bonyolult (h\u0171t\u0151k\u00f6zeg)<\/td><td>Egyszer\u0171 (nincs g\u00e1z, alapvet\u0151 karbantart\u00e1s)<\/td><\/tr><tr><td><strong>Telep\u00edt\u00e9s<\/strong><\/td><td>Fix \u00e9s dr\u00e1ga<\/td><td>Mobil, plug &amp; play<\/td><\/tr><tr><td><strong>Haszn\u00e1lati k\u00e9nyelem<\/strong><\/td><td>Kifel\u00e9 t\u00e1voz\u00f3 h\u0151<\/td><td>Nincs h\u0151sziget, tiszt\u00edtott leveg\u0151<\/td><\/tr><tr><td><strong>K\u00f6rnyezetv\u00e9delem<\/strong><\/td><td>Alacsonyabb (h\u0171t\u0151g\u00e1zok)<\/td><td>Magas (nincs h\u0171t\u0151k\u00f6zeg)<\/td><\/tr><\/tbody><\/table><\/figure>\n\n<p>Ez a t\u00e1bl\u00e1zat azt mutatja, hogy egy <strong>\u00fczlet<\/strong> sz\u00e1m\u00e1ra az OberA megold\u00e1s <strong>gazdas\u00e1gosabb \u00e9s fenntarthat\u00f3bb<\/strong>: \u00fcgyfelei friss, tiszta leveg\u0151t \u00e9lvezhetnek, \u00d6n pedig cs\u00f6kkenti az <strong>energia<\/strong>sz\u00e1ml\u00e1t.<\/p>\n\n<h2 class=\"wp-block-heading\">Amit \u00e9rdemes megjegyezni:<\/h2>\n\n<p>\u00d6sszefoglalva, <strong>\u00fczlet\u00e9nek h\u0171t\u00e9se<\/strong> az OberA-val befektet\u00e9s egy olyan megold\u00e1sba, amely megfelel a modern <strong>kereskedelmi tev\u00e9kenys\u00e9geknek<\/strong>. Az OberA adiabatikus l\u00e9gh\u0171t\u0151i <strong>friss \u00e9s tiszt\u00edtott leveg\u0151t<\/strong>, optim\u00e1lis <strong>h\u0151komfortot<\/strong>, valamint az \u00fczlet l\u00e9gkondicion\u00e1l\u00e1s\u00e1nak egyszer\u0171 \u00e9s gazdas\u00e1gos kezel\u00e9s\u00e9t garant\u00e1lj\u00e1k. Az IC modellek (IC 12, IC 22, IC 30) v\u00e1laszt\u00e9ka lehet\u0151v\u00e9 teszi a <strong>k\u00fcl\u00f6nb\u00f6z\u0151<\/strong> ter\u00fcleti \u00e9s forgalmi ig\u00e9nyek kiel\u00e9g\u00edt\u00e9s\u00e9t. Az OberA-val minden \u00fczlet \u00e9lvezheti a kellemes munkak\u00f6rnyezetet meleg id\u0151ben, mik\u00f6zben korl\u00e1tozza az <strong>energetikai<\/strong> \u00e9s k\u00f6rnyezeti hat\u00e1sokat.   <\/p>\n","protected":false},"excerpt":{"rendered":"<p>A kereskedelem egy olyan \u00e1gazat, ahol az \u00fcgyf\u00e9l\u00e9lm\u00e9nyt k\u00f6zvetlen\u00fcl befoly\u00e1solja az \u00e9rt\u00e9kes\u00edt\u00e9si pont k\u00f6rnyezete. Er\u0151s h\u0151s\u00e9g idej\u00e9n a bels\u0151 h\u0151m\u00e9rs\u00e9klet gyorsan k\u00e9nyelmetlenn\u00e9, s\u0151t, elriaszt\u00f3v\u00e1 v\u00e1lhat az \u00fcgyfelek \u00e9s a szem\u00e9lyzet sz\u00e1m\u00e1ra.  <\/p>\n","protected":false},"author":13,"featured_media":83741,"comment_status":"open","ping_status":"closed","sticky":false,"template":"","format":"standard","meta":{"_acf_changed":false,"_seopress_robots_primary_cat":"none","_seopress_titles_title":"\u00dczlet\u00e9nek hat\u00e9kony h\u0171t\u00e9se az OberA-val","_seopress_titles_desc":"Jav\u00edtsa az \u00fcgyf\u00e9l\u00e9lm\u00e9nyt \u00e9s a szem\u00e9lyzet komfortj\u00e1t az OberA IC mobil h\u0171t\u0151kkel: gazdas\u00e1gos, k\u00f6rnyezetbar\u00e1t \u00e9s telep\u00edt\u00e9st nem ig\u00e9nyl\u0151 megold\u00e1s.","_seopress_robots_index":"","footnotes":""},"categories":[942],"tags":[436],"class_list":["post-134249","post","type-post","status-publish","format-standard","has-post-thumbnail","hentry","category-kereskedelem","tag-hutok","generate-columns","tablet-grid-50","mobile-grid-100","grid-parent","grid-50","no-featured-image-padding","resize-featured-image"],"acf":[],"_links":{"self":[{"href":"https:\/\/obera.fr\/hu\/wp-json\/wp\/v2\/posts\/134249","targetHints":{"allow":["GET"]}}],"collection":[{"href":"https:\/\/obera.fr\/hu\/wp-json\/wp\/v2\/posts"}],"about":[{"href":"https:\/\/obera.fr\/hu\/wp-json\/wp\/v2\/types\/post"}],"author":[{"embeddable":true,"href":"https:\/\/obera.fr\/hu\/wp-json\/wp\/v2\/users\/13"}],"replies":[{"embeddable":true,"href":"https:\/\/obera.fr\/hu\/wp-json\/wp\/v2\/comments?post=134249"}],"version-history":[{"count":3,"href":"https:\/\/obera.fr\/hu\/wp-json\/wp\/v2\/posts\/134249\/revisions"}],"predecessor-version":[{"id":140483,"href":"https:\/\/obera.fr\/hu\/wp-json\/wp\/v2\/posts\/134249\/revisions\/140483"}],"wp:featuredmedia":[{"embeddable":true,"href":"https:\/\/obera.fr\/hu\/wp-json\/wp\/v2\/media\/83741"}],"wp:attachment":[{"href":"https:\/\/obera.fr\/hu\/wp-json\/wp\/v2\/media?parent=134249"}],"wp:term":[{"taxonomy":"category","embeddable":true,"href":"https:\/\/obera.fr\/hu\/wp-json\/wp\/v2\/categories?post=134249"},{"taxonomy":"post_tag","embeddable":true,"href":"https:\/\/obera.fr\/hu\/wp-json\/wp\/v2\/tags?post=134249"}],"curies":[{"name":"wp","href":"https:\/\/api.w.org\/{rel}","templated":true}]}}