{"id":145753,"date":"2025-12-08T13:27:24","date_gmt":"2025-12-08T11:27:24","guid":{"rendered":"https:\/\/obera.fr\/a-mi-tanacsunk\/a-franciak-89-a-alabecsuli-a-munkahelyi-legszennyezest\/"},"modified":"2026-04-22T14:23:48","modified_gmt":"2026-04-22T12:23:48","slug":"a-franciak-89-a-alabecsuli-a-munkahelyi-legszennyezest","status":"publish","type":"post","link":"https:\/\/obera.fr\/hu\/presse\/a-franciak-89-a-alabecsuli-a-munkahelyi-legszennyezest\/","title":{"rendered":"A franci\u00e1k 89%-a al\u00e1becs\u00fcli a munkahelyi l\u00e9gszennyez\u00e9st"},"content":{"rendered":"\n\n<div class=\"kpis-band\">\n  <div class=\"kpis-grid\">\n    <div class=\"kpi\">\n      <span class=\"kpi-val\">89%<\/span>\n      <span class=\"kpi-label\">al\u00e1becs\u00fcli a munkahelyi belt\u00e9ri l\u00e9gszennyez\u00e9st<\/span>\n    <\/div>\n    <div class=\"kpi\">\n      <span class=\"kpi-val\">mind\u00f6ssze 22%<\/span>\n      <span class=\"kpi-label\">tudja, hogy a leveg\u0151min\u0151s\u00e9g biztos\u00edt\u00e1sa a munk\u00e1ltat\u00f3 jogi k\u00f6telezetts\u00e9ge<\/span>\n    <\/div>\n    <div class=\"kpi\">\n      <span class=\"kpi-val\">5 601<\/span>\n      <span class=\"kpi-label\">megk\u00e9rdezett szem\u00e9ly hat f\u0151 tev\u00e9kenys\u00e9gi \u00e1gazatban<\/span>\n    <\/div>\n  <\/div>\n<\/div>\n\n<div class=\"article-body\">\n\n  <!-- M\u00e9ta -->\n  <div class=\"meta-bar\">\n    <span class=\"tag-cp\">Sajt\u00f3k\u00f6zlem\u00e9ny<\/span>\n    <span class=\"meta-date\">2025. december 8. \u2014 P\u00e1rizs<\/span>\n  <\/div>\n  <h1>A franci\u00e1k 89%-a al\u00e1becs\u00fcli a munkahelyi l\u00e9gszennyez\u00e9st&#8230;<\/h1>\n\n  <!-- Intro -->\n  <p><em>Mit gondol a munkahelyi leveg\u0151 min\u0151s\u00e9g\u00e9r\u0151l?<\/em> Ezt a k\u00e9rd\u00e9st tette fel az <strong>OberA v\u00e1llalat 5 601 szem\u00e9lynek<\/strong> hat f\u0151 tev\u00e9kenys\u00e9gi \u00e1gazatban*. A felm\u00e9r\u00e9s r\u00e1vil\u00e1g\u00edt, hogy a munkav\u00e1llal\u00f3k t\u00f6bbs\u00e9ge al\u00e1becs\u00fcli a belt\u00e9ri l\u00e9gszennyez\u00e9st, kev\u00e9ss\u00e9 ismeri az eg\u00e9szs\u00e9g\u00fcgyi kock\u00e1zatokat, \u00e9s nagyr\u00e9szt nincs tiszt\u00e1ban a munk\u00e1ltat\u00f3 jogi k\u00f6telezetts\u00e9geivel. <\/p>\n\n  <!-- \u2500\u2500 SECTION 1 \u2014 Perception de la qualit\u00e9 de l'air \u2500\u2500 -->\n  <h2>A franci\u00e1k rosszul \u00edt\u00e9lik meg a leveg\u0151 min\u0151s\u00e9g\u00e9t<\/h2>\n\n  <div class=\"stat-highlight\">\n    <span class=\"big-num\">57 %<\/span>\n    <div class=\"stat-text\">\n      <strong>\u201enagyon\u201d vagy \u201eink\u00e1bb\u201d j\u00f3 min\u0151s\u00e9g\u0171nek tal\u00e1lj\u00e1k a munkahelyi leveg\u0151t t\u00e9len<\/strong>\n      <p>Messze a val\u00f3s\u00e1gt\u00f3l \u2014 minden tanulm\u00e1ny egyet\u00e9rt abban, hogy a belt\u00e9ri leveg\u0151 min\u0151s\u00e9ge jelent\u0151s eg\u00e9szs\u00e9g\u00fcgyi kock\u00e1zatokat jelenthet, m\u00e9g szag vagy l\u00e1that\u00f3 zavar\u00f3 t\u00e9nyez\u0151 hi\u00e1ny\u00e1ban is.<\/p>\n    <\/div>\n  <\/div>\n\n  <p>K\u00f6zel minden harmadik ember (29%) m\u00e9gis rossznak tartja munkahelye leveg\u0151j\u00e9t, ami azt jelzi, hogy a diszkomfort\u00e9rzet m\u00e1r sz\u00e1mos k\u00f6rnyezetben \u00e9rezhet\u0151. De ami m\u00e9g fontosabb, <strong>14% nyilatkozott \u00fagy, hogy soha nem foglalkozott a k\u00e9rd\u00e9ssel<\/strong>, ami meger\u0151s\u00edti a munkav\u00e1llal\u00f3k \u00e9szlel\u00e9se \u00e9s a munkahelyi leveg\u0151min\u0151s\u00e9gi kih\u00edv\u00e1sok val\u00f3s\u00e1ga k\u00f6z\u00f6tti hatalmas szakad\u00e9kot. <\/p>\n\n  <div class=\"data-table-wrap\">\n    <div class=\"data-table-title\">T\u00e9len \u00d6n szerint milyen a leveg\u0151 min\u0151s\u00e9ge a munkak\u00f6rnyezet\u00e9ben?<\/div>\n    <table class=\"data\">\n      <thead><tr><th>V\u00e1lasz<\/th><th>Eredm\u00e9ny<\/th><\/tr><\/thead>\n      <tbody>\n        <tr><td>Nagyon j\u00f3<\/td><td><div class=\"pct-bar-cell\"><div class=\"pct-bar\"><div class=\"pct-bar-fill\" style=\"width:21%\"><\/div><\/div><span class=\"pct-val\">21 %<\/span><\/div><\/td><\/tr>\n        <tr><td>Ink\u00e1bb j\u00f3<\/td><td><div class=\"pct-bar-cell\"><div class=\"pct-bar\"><div class=\"pct-bar-fill\" style=\"width:36%\"><\/div><\/div><span class=\"pct-val pct-top\">36 %<\/span><\/div><\/td><\/tr>\n        <tr><td>Ink\u00e1bb rossz<\/td><td><div class=\"pct-bar-cell\"><div class=\"pct-bar\"><div class=\"pct-bar-fill\" style=\"width:23%\"><\/div><\/div><span class=\"pct-val\">23 %<\/span><\/div><\/td><\/tr>\n        <tr><td>Nagyon rossz<\/td><td><div class=\"pct-bar-cell\"><div class=\"pct-bar\"><div class=\"pct-bar-fill\" style=\"width:6%\"><\/div><\/div><span class=\"pct-val\">6 %<\/span><\/div><\/td><\/tr>\n        <tr><td>Nem tudom \/ soha nem mer\u00fclt fel bennem a k\u00e9rd\u00e9s<\/td><td><div class=\"pct-bar-cell\"><div class=\"pct-bar\"><div class=\"pct-bar-fill\" style=\"width:14%;background:#E5E7EB\"><\/div><\/div><span class=\"pct-val\">14 %<\/span><\/div><\/td><\/tr>\n      <\/tbody>\n    <\/table>\n  <\/div>\n\n  <!-- \u2500\u2500 SECTION 2 \u2014 Syst\u00e8mes existants \u2500\u2500 -->\n  <h2>Mire szolg\u00e1lnak a v\u00e1llalatokn\u00e1l megl\u00e9v\u0151 rendszerek?<\/h2>\n\n  <div class=\"stat-highlight\">\n    <span class=\"big-num\">65 %<\/span>\n    <div class=\"stat-text\">\n      <strong>t\u00e9vesen azt hiszik, hogy a f\u0171t\u00e9si, l\u00e9gkondicion\u00e1l\u00f3 vagy VMC rendszereik sz\u0171rik vagy tiszt\u00edtj\u00e1k a leveg\u0151t<\/strong>\n      <p>Ezen berendez\u00e9sek t\u00f6bbs\u00e9g\u00e9t nem a szennyez\u0151 anyagok elt\u00e1vol\u00edt\u00e1s\u00e1ra tervezt\u00e9k speci\u00e1lis kezel\u0151egys\u00e9g n\u00e9lk\u00fcl.<\/p>\n    <\/div>\n  <\/div>\n\n  <p>Tiszt\u00e1bban l\u00e1tva a helyzetet, <strong>23% \u00fagy v\u00e9li, hogy \u201ecsak f\u0171tenek vagy h\u0171tenek\u201d<\/strong>, 12% pedig bevallja, hogy nem tudja, hogyan m\u0171k\u00f6dik, ami az ezen berendez\u00e9sek val\u00f3di szerep\u00e9vel kapcsolatos \u00e1ltal\u00e1nos bizonytalans\u00e1g jele.<\/p>\n\n  <div class=\"data-table-wrap\">\n    <div class=\"data-table-title\">\u00d6n szerint a munkahely\u00e9n l\u00e9v\u0151 rendszerek (f\u0171t\u00e9s, l\u00e9gkondicion\u00e1l\u00e1s, mechanikus szell\u0151ztet\u00e9s):<\/div>\n    <table class=\"data\">\n      <thead><tr><th>V\u00e1lasz<\/th><th>Eredm\u00e9ny<\/th><\/tr><\/thead>\n      <tbody>\n        <tr><td>Tiszt\u00edtj\u00e1k a leveg\u0151t \u00e9s eg\u00e9szs\u00e9gesebb\u00e9 teszik<\/td><td><div class=\"pct-bar-cell\"><div class=\"pct-bar\"><div class=\"pct-bar-fill\" style=\"width:34%\"><\/div><\/div><span class=\"pct-val pct-top\">34 %<\/span><\/div><\/td><\/tr>\n        <tr><td>Valamennyire sz\u0171rik a leveg\u0151t, de nem ez a f\u0151 funkci\u00f3juk<\/td><td><div class=\"pct-bar-cell\"><div class=\"pct-bar\"><div class=\"pct-bar-fill\" style=\"width:31%\"><\/div><\/div><span class=\"pct-val\">31 %<\/span><\/div><\/td><\/tr>\n        <tr><td>Csak f\u0171tik \/ h\u0171tik a leveg\u0151t, an\u00e9lk\u00fcl, hogy tiszt\u00edtan\u00e1k<\/td><td><div class=\"pct-bar-cell\"><div class=\"pct-bar\"><div class=\"pct-bar-fill\" style=\"width:23%\"><\/div><\/div><span class=\"pct-val\">23 %<\/span><\/div><\/td><\/tr>\n        <tr><td>Nem tudom, hogyan m\u0171k\u00f6dik<\/td><td><div class=\"pct-bar-cell\"><div class=\"pct-bar\"><div class=\"pct-bar-fill\" style=\"width:12%;background:#E5E7EB\"><\/div><\/div><span class=\"pct-val\">12 %<\/span><\/div><\/td><\/tr>\n      <\/tbody>\n    <\/table>\n  <\/div>\n\n  <!-- \u2500\u2500 SECTION 3 \u2014 Contr\u00f4les \u2500\u2500 -->\n  <h2>Nagyon esetleges ellen\u0151rz\u00e9sek<\/h2>\n\n  <div class=\"stats-duo\">\n    <div class=\"stat-card\">\n      <span class=\"num\"><span class=\"accent\">60%<\/span><\/span>\n      <span class=\"lbl\">nem tudja, hogy m\u00e9rik-e a leveg\u0151 min\u0151s\u00e9g\u00e9t a helyis\u00e9geikben (29% \u201enem, soha\u201d + 31% \u201esoha nem t\u00e1j\u00e9koztatt\u00e1k\u201d)<\/span>\n    <\/div>\n    <div class=\"stat-card\">\n      <span class=\"num\"><span class=\"accent\">mind\u00f6ssze 14%<\/span><\/span>\n      <span class=\"lbl\">sz\u00e1mol be a leveg\u0151min\u0151s\u00e9g <strong>rendszeres ellen\u0151rz\u00e9s\u00e9r\u0151l<\/strong><\/span>\n    <\/div>\n  <\/div>\n\n  <p>K\u00f6zel minden m\u00e1sodik munkav\u00e1llal\u00f3 nem tudja, hogy m\u00e9rik-e a leveg\u0151 min\u0151s\u00e9g\u00e9t a helyis\u00e9geiben: 29% v\u00e1laszolja azt, hogy \u201enem, soha\u201d, 31% pedig kijelenti, hogy soha nem t\u00e1j\u00e9koztatt\u00e1k arr\u00f3l, hogy ez m\u00e9rhet\u0151 lenne. <strong>Mind\u00f6ssze 14% jelez rendszeres ellen\u0151rz\u00e9st<\/strong>, holott a CO\u2082, a r\u00e9szecsk\u00e9k vagy a VOC-k m\u00e9r\u00e9se ma m\u00e1r elengedhetetlen eszk\u00f6z az eg\u00e9szs\u00e9ges \u00e9s produkt\u00edv munkak\u00f6rnyezet garant\u00e1l\u00e1s\u00e1hoz.<\/p>\n\n  <div class=\"data-table-wrap\">\n    <div class=\"data-table-title\">Tudja-e, hogy m\u00e9rik vagy ellen\u0151rzik-e a leveg\u0151 min\u0151s\u00e9g\u00e9t (CO\u2082, finom r\u00e9szecsk\u00e9k, f\u00fcst, VOC, ipari por stb.) az \u00d6n munkak\u00f6rnyezet\u00e9ben?<\/div>\n    <table class=\"data\">\n      <thead><tr><th>V\u00e1lasz<\/th><th>Eredm\u00e9ny<\/th><\/tr><\/thead>\n      <tbody>\n        <tr><td>Igen, rendszeresen<\/td><td><div class=\"pct-bar-cell\"><div class=\"pct-bar\"><div class=\"pct-bar-fill\" style=\"width:14%\"><\/div><\/div><span class=\"pct-val\">14 %<\/span><\/div><\/td><\/tr>\n        <tr><td>Igen, de csak alkalmank\u00e9nt<\/td><td><div class=\"pct-bar-cell\"><div class=\"pct-bar\"><div class=\"pct-bar-fill\" style=\"width:26%\"><\/div><\/div><span class=\"pct-val\">26 %<\/span><\/div><\/td><\/tr>\n        <tr><td>Nem, soha<\/td><td><div class=\"pct-bar-cell\"><div class=\"pct-bar\"><div class=\"pct-bar-fill\" style=\"width:29%\"><\/div><\/div><span class=\"pct-val pct-top\">29 %<\/span><\/div><\/td><\/tr>\n        <tr><td>Nem tudom \/ nem tudtam, hogy ez m\u00e9rhet\u0151<\/td><td><div class=\"pct-bar-cell\"><div class=\"pct-bar\"><div class=\"pct-bar-fill\" style=\"width:31%;background:#E5E7EB\"><\/div><\/div><span class=\"pct-val\">31 %<\/span><\/div><\/td><\/tr>\n      <\/tbody>\n    <\/table>\n  <\/div>\n\n  <!-- \u2500\u2500 SECTION 4 \u2014 Priorit\u00e9 en entreprise \u2500\u2500 -->\n  <h2>Kev\u00e9ss\u00e9 elk\u00f6telezett v\u00e1llalatok<\/h2>\n\n  <div class=\"stat-highlight\">\n    <span class=\"big-num\">12 %<\/span>\n    <div class=\"stat-text\">\n      <strong>gondolja csak \u00fagy, hogy a belt\u00e9ri leveg\u0151 min\u0151s\u00e9ge val\u00f3di priorit\u00e1s a v\u00e1llalat\u00e1n\u00e1l<\/strong>\n      <p>37% szinte soha nem besz\u00e9l r\u00f3la, 27% pedig egy\u00e1ltal\u00e1n nem tudja, hogyan kezelik a t\u00e9m\u00e1t \u2014 azaz k\u00f6zel 3-b\u00f3l 2 munkav\u00e1llal\u00f3 bizonytalans\u00e1gban van.<\/p>\n    <\/div>\n  <\/div>\n\n  <p>A legt\u00f6bb v\u00e1llalatn\u00e1l a belt\u00e9ri leveg\u0151 min\u0151s\u00e9ge messze elmarad a biztons\u00e1g vagy az ergon\u00f3mia m\u00f6g\u00f6tt: <strong>a franci\u00e1knak mind\u00f6ssze 12%-a v\u00e9li \u00fagy, hogy ez val\u00f3di priorit\u00e1s<\/strong>. Ezzel szemben 37% szinte soha nem besz\u00e9l r\u00f3la, 27% pedig egy\u00e1ltal\u00e1n nem tudja, hogyan kezelik a k\u00e9rd\u00e9st, ami azt jelenti, hogy k\u00f6zel 3-b\u00f3l 2 munkav\u00e1llal\u00f3 teljes bizonytalans\u00e1gban \u00e9l. <\/p>\n\n  <div class=\"data-table-wrap\">\n    <div class=\"data-table-title\">\u00d6n szerint az \u00d6n v\u00e1llalat\u00e1n\u00e1l a belt\u00e9ri leveg\u0151 min\u0151s\u00e9g\u00e9t t\u00e9len\u2026<\/div>\n    <table class=\"data\">\n      <thead><tr><th>V\u00e1lasz<\/th><th>Eredm\u00e9ny<\/th><\/tr><\/thead>\n      <tbody>\n        <tr><td>Fontos priorit\u00e1snak tekintik, a biztons\u00e1ggal vagy az ergon\u00f3mi\u00e1val egyenrang\u00fanak<\/td><td><div class=\"pct-bar-cell\"><div class=\"pct-bar\"><div class=\"pct-bar-fill\" style=\"width:12%\"><\/div><\/div><span class=\"pct-val\">12 %<\/span><\/div><\/td><\/tr>\n        <tr><td>Olyan t\u00e9m\u00e1nak, amir\u0151l n\u00e9ha besz\u00e9lnek, de l\u00e1that\u00f3 int\u00e9zked\u00e9s n\u00e9lk\u00fcl<\/td><td><div class=\"pct-bar-cell\"><div class=\"pct-bar\"><div class=\"pct-bar-fill\" style=\"width:24%\"><\/div><\/div><span class=\"pct-val\">24 %<\/span><\/div><\/td><\/tr>\n        <tr><td>Olyan t\u00e9m\u00e1nak, amir\u0151l szinte soha nem besz\u00e9lnek<\/td><td><div class=\"pct-bar-cell\"><div class=\"pct-bar\"><div class=\"pct-bar-fill\" style=\"width:37%\"><\/div><\/div><span class=\"pct-val pct-top\">37 %<\/span><\/div><\/td><\/tr>\n        <tr><td>Egy\u00e1ltal\u00e1n nem tudom, hogyan kezelik<\/td><td><div class=\"pct-bar-cell\"><div class=\"pct-bar\"><div class=\"pct-bar-fill\" style=\"width:27%;background:#E5E7EB\"><\/div><\/div><span class=\"pct-val\">27 %<\/span><\/div><\/td><\/tr>\n      <\/tbody>\n    <\/table>\n  <\/div>\n\n  <!-- \u2500\u2500 SECTION 5 \u2014 D\u00e9finition d'un air sain \u2500\u2500 -->\n  <h2>Mit jelent az eg\u00e9szs\u00e9ges leveg\u0151?<\/h2>\n\n  <div class=\"stat-highlight\">\n    <span class=\"big-num\">64 %<\/span>\n    <div class=\"stat-text\">\n      <strong>\u00fagy gondolja, hogy egyszer\u0171 szubjekt\u00edv benyom\u00e1sok alapj\u00e1n meg tudja \u00edt\u00e9lni a leveg\u0151 min\u0151s\u00e9g\u00e9t<\/strong>\n      <p>Szagok, l\u00e1that\u00f3 f\u00fcst vagy panaszok hi\u00e1nya \u2014 objekt\u00edv m\u00e9r\u00e9s n\u00e9lk\u00fcl. Mind\u00f6ssze 25% eml\u00edti a szennyez\u0151 anyagok m\u00e9r\u00e9s\u00e9t mint megfelel\u0151 mutat\u00f3t. <\/p>\n    <\/div>\n  <\/div>\n\n  <p>Ez az elt\u00e9r\u00e9s hamis biztons\u00e1g\u00e9rzetet t\u00e1pl\u00e1l sz\u00e1mos munkak\u00f6rnyezetben, holott a belt\u00e9ri leveg\u0151 min\u0151s\u00e9ge <strong>pontosan m\u00e9rhet\u0151 \u00e9rz\u00e9kel\u0151kkel \u00e9s c\u00e9lzott diagnosztik\u00e1val<\/strong>, \u00e9s kiemelt eg\u00e9szs\u00e9g\u00fcgyi \u00e9s teljes\u00edtm\u00e9nybeli t\u00e9nyez\u0151 a v\u00e1llalatokn\u00e1l.<\/p>\n\n  <div class=\"data-table-wrap\">\n    <div class=\"data-table-title\">Ahhoz, hogy megtudja, eg\u00e9szs\u00e9ges-e a helyis\u00e9gei leveg\u0151je, \u00d6n szerint mi a legjobb mutat\u00f3?<\/div>\n    <table class=\"data\">\n      <thead><tr><th>Mutat\u00f3<\/th><th>Eredm\u00e9ny<\/th><\/tr><\/thead>\n      <tbody>\n        <tr><td>Ha nincs kellemetlen szag<\/td><td><div class=\"pct-bar-cell\"><div class=\"pct-bar\"><div class=\"pct-bar-fill\" style=\"width:34%\"><\/div><\/div><span class=\"pct-val pct-top\">34 %<\/span><\/div><\/td><\/tr>\n        <tr><td>Bizonyos szennyez\u0151 anyagok (CO\u2082, VOC, r\u00e9szecsk\u00e9k stb.) m\u00e9r\u00e9se megfelel\u0151 eszk\u00f6zzel<\/td><td><div class=\"pct-bar-cell\"><div class=\"pct-bar\"><div class=\"pct-bar-fill\" style=\"width:25%\"><\/div><\/div><span class=\"pct-val\">25 %<\/span><\/div><\/td><\/tr>\n        <tr><td>Ha nincs l\u00e1that\u00f3 f\u00fcst vagy por<\/td><td><div class=\"pct-bar-cell\"><div class=\"pct-bar\"><div class=\"pct-bar-fill\" style=\"width:23%\"><\/div><\/div><span class=\"pct-val\">23 %<\/span><\/div><\/td><\/tr>\n        <tr><td>Nem tudom<\/td><td><div class=\"pct-bar-cell\"><div class=\"pct-bar\"><div class=\"pct-bar-fill\" style=\"width:11%;background:#E5E7EB\"><\/div><\/div><span class=\"pct-val\">11 %<\/span><\/div><\/td><\/tr>\n        <tr><td>Ha senki nem panaszkodik (nincs fejf\u00e1j\u00e1s, nincs diszkomfort\u00e9rzet)<\/td><td><div class=\"pct-bar-cell\"><div class=\"pct-bar\"><div class=\"pct-bar-fill\" style=\"width:7%;background:#E5E7EB\"><\/div><\/div><span class=\"pct-val\">7 %<\/span><\/div><\/td><\/tr>\n      <\/tbody>\n    <\/table>\n  <\/div>\n\n  <!-- \u2500\u2500 SECTION 6 \u2014 Connaissance des param\u00e8tres \u2500\u2500 -->\n  <h2>Ismerethi\u00e1ny a k\u00e9rd\u00e9sben<\/h2>\n\n  <p>Nagyon kev\u00e9s francia ismeri a belt\u00e9ri leveg\u0151min\u0151s\u00e9g m\u00e9r\u00e9s\u00e9re haszn\u00e1lt param\u00e9tereket. M\u00edg a h\u0151m\u00e9rs\u00e9kletet (91%) \u00e9s a relat\u00edv p\u00e1ratartalmat (76%) sz\u00e9les k\u00f6rben azonos\u00edtj\u00e1k, <strong>csak 64% eml\u00edti a CO\u2082-t, 38% a finom r\u00e9szecsk\u00e9ket \u00e9s alig 5% ismeri a VOC-kat<\/strong>, holott ezek a szennyez\u0151 anyagok \u00e1llnak a professzion\u00e1lis leveg\u0151min\u0151s\u00e9gi diagnosztika k\u00f6z\u00e9ppontj\u00e1ban. K\u00f6zel minden 10. v\u00e1laszad\u00f3 kijelentette, hogy egyetlen m\u00e9r\u00e9si param\u00e9tert sem ismer.  <\/p>\n\n  <div class=\"data-table-wrap\">\n    <div class=\"data-table-title\">Ezen param\u00e9terek k\u00f6z\u00fcl melyekr\u0151l tudja, hogy a belt\u00e9ri leveg\u0151 min\u0151s\u00e9g\u00e9nek m\u00e9r\u00e9s\u00e9re haszn\u00e1lj\u00e1k? (t\u00f6bb v\u00e1lasz is lehets\u00e9ges)<\/div>\n    <table class=\"data\">\n      <thead><tr><th>Eredm\u00e9ny<\/th><th>Param\u00e9ter<\/th><\/tr><\/thead>\n      <tbody>\n        <tr><td>H\u0151m\u00e9rs\u00e9klet<\/td><td><div class=\"pct-bar-cell\"><div class=\"pct-bar\"><div class=\"pct-bar-fill\" style=\"width:91%\"><\/div><\/div><span class=\"pct-val pct-top\">91 %<\/span><\/div><\/td><\/tr>\n        <tr><td>Relat\u00edv p\u00e1ratartalom<\/td><td><div class=\"pct-bar-cell\"><div class=\"pct-bar\"><div class=\"pct-bar-fill\" style=\"width:76%\"><\/div><\/div><span class=\"pct-val pct-top\">76 %<\/span><\/div><\/td><\/tr>\n        <tr><td>CO\u2082 (sz\u00e9n-dioxid)<\/td><td><div class=\"pct-bar-cell\"><div class=\"pct-bar\"><div class=\"pct-bar-fill\" style=\"width:64%\"><\/div><\/div><span class=\"pct-val\">64 %<\/span><\/div><\/td><\/tr>\n        <tr><td>Finom r\u00e9szecsk\u00e9k (PM2,5 \/ PM10)<\/td><td><div class=\"pct-bar-cell\"><div class=\"pct-bar\"><div class=\"pct-bar-fill\" style=\"width:38%\"><\/div><\/div><span class=\"pct-val\">38 %<\/span><\/div><\/td><\/tr>\n        <tr><td>Ezen kifejez\u00e9sek egyike sem mond nekem semmit<\/td><td><div class=\"pct-bar-cell\"><div class=\"pct-bar\"><div class=\"pct-bar-fill\" style=\"width:9%;background:#E5E7EB\"><\/div><\/div><span class=\"pct-val\">9 %<\/span><\/div><\/td><\/tr>\n        <tr><td>VOC (ill\u00e9kony szerves vegy\u00fcletek)<\/td><td><div class=\"pct-bar-cell\"><div class=\"pct-bar\"><div class=\"pct-bar-fill\" style=\"width:5%;background:#E5E7EB\"><\/div><\/div><span class=\"pct-val\">5 %<\/span><\/div><\/td><\/tr>\n      <\/tbody>\n    <\/table>\n  <\/div>\n\n  <!-- \u2500\u2500 SECTION 7 \u2014 Pollution sous-estim\u00e9e \u2500\u2500 -->\n  <h2>Nagyon al\u00e1becs\u00fclt belt\u00e9ri l\u00e9gszennyez\u00e9s<\/h2>\n\n  <div class=\"stat-highlight\">\n    <span class=\"big-num\">89 %<\/span>\n    <div class=\"stat-text\">\n      <strong>al\u00e1becs\u00fcli a belt\u00e9ri l\u00e9gszennyez\u00e9st a szakmai k\u00f6rnyezetben, vagy fogalma sincs annak m\u00e9rt\u00e9k\u00e9r\u0151l<\/strong>\n      <p>Mind\u00f6ssze 11% tudja, hogy a belt\u00e9ri leveg\u0151 5-10-szer szennyezettebb lehet, mint a k\u00fclt\u00e9ri, amit az OQEI adatai is meger\u0151s\u00edtenek.<\/p>\n    <\/div>\n  <\/div>\n\n  <p>R\u00e9szletesebben: <strong>63% gondolja \u00fagy, hogy a belt\u00e9ri leveg\u0151 kev\u00e9sb\u00e9, ugyanannyira vagy csak kicsit szennyezettebb, mint a kinti<\/strong>, 26% pedig soha nem is gondolkodott ezen. Ez a hatalmas szakad\u00e9k az \u00e9szlel\u00e9s \u00e9s a val\u00f3s\u00e1g k\u00f6z\u00f6tt j\u00f3l szeml\u00e9lteti, mennyire l\u00e1thatatlan kock\u00e1zat marad a belt\u00e9ri l\u00e9gszennyez\u00e9s, annak ellen\u00e9re, hogy kiemelt k\u00f6zeg\u00e9szs\u00e9g\u00fcgyi \u00e9s munkahelyi megel\u0151z\u00e9si k\u00e9rd\u00e9sk\u00e9nt ismerik el. <\/p>\n\n  <div class=\"data-table-wrap\">\n    <div class=\"data-table-title\">\u00d6n szerint a belt\u00e9ri leveg\u0151 a szakmai k\u00f6rnyezetben:<\/div>\n    <table class=\"data\">\n      <thead><tr><th>\u00c9szlelt szennyezetts\u00e9gi szint<\/th><th>Eredm\u00e9ny<\/th><\/tr><\/thead>\n      <tbody>\n        <tr><td>Kicsit szennyezettebb, de nem sokkal<\/td><td><div class=\"pct-bar-cell\"><div class=\"pct-bar\"><div class=\"pct-bar-fill\" style=\"width:28%\"><\/div><\/div><span class=\"pct-val pct-top\">28 %<\/span><\/div><\/td><\/tr>\n        <tr><td>Nem tudom \/ soha nem mer\u00fclt fel bennem a k\u00e9rd\u00e9s<\/td><td><div class=\"pct-bar-cell\"><div class=\"pct-bar\"><div class=\"pct-bar-fill\" style=\"width:26%;background:#E5E7EB\"><\/div><\/div><span class=\"pct-val\">26 %<\/span><\/div><\/td><\/tr>\n        <tr><td>K\u00f6r\u00fclbel\u00fcl ugyanannyira szennyezett<\/td><td><div class=\"pct-bar-cell\"><div class=\"pct-bar\"><div class=\"pct-bar-fill\" style=\"width:23%\"><\/div><\/div><span class=\"pct-val\">23 %<\/span><\/div><\/td><\/tr>\n        <tr><td>Kev\u00e9sb\u00e9 szennyezett, mint a k\u00fclt\u00e9ri leveg\u0151<\/td><td><div class=\"pct-bar-cell\"><div class=\"pct-bar\"><div class=\"pct-bar-fill\" style=\"width:12%;background:#E5E7EB\"><\/div><\/div><span class=\"pct-val\">12 %<\/span><\/div><\/td><\/tr>\n        <tr><td><strong>5-10-szer szennyezettebb<\/strong> (val\u00f3s\u00e1g)<\/td><td><div class=\"pct-bar-cell\"><div class=\"pct-bar\"><div class=\"pct-bar-fill\" style=\"width:11%\"><\/div><\/div><span class=\"pct-val pct-top\">11 %<\/span><\/div><\/td><\/tr>\n      <\/tbody>\n    <\/table>\n  <\/div>\n\n  <!-- \u2500\u2500 SECTION 8 \u2014 Obligation l\u00e9gale \u2500\u2500 -->\n  <h2>\u00c9s mi a helyzet a t\u00f6rv\u00e9nnyel?<\/h2>\n\n  <div class=\"stats-duo\">\n    <div class=\"stat-card\">\n      <span class=\"num\"><span class=\"accent\">22%<\/span><\/span>\n      <span class=\"lbl\">tudja egy\u00e9rtelm\u0171en, hogy a leveg\u0151min\u0151s\u00e9g biztos\u00edt\u00e1sa <strong>jogszab\u00e1lyi k\u00f6telezetts\u00e9g<\/strong> a munk\u00e1ltat\u00f3 sz\u00e1m\u00e1ra<\/span>\n    <\/div>\n    <div class=\"stat-card\">\n      <span class=\"num\"><span class=\"accent\">49%<\/span><\/span>\n      <span class=\"lbl\">nem tudja, vagy \u00fagy gondolja, hogy ez nem jogi k\u00f6telezetts\u00e9g<\/span>\n    <\/div>\n  <\/div>\n\n  <p>Ezek az eredm\u00e9nyek val\u00f3di zavart mutatnak a munkajoggal kapcsolatban is: <strong>a v\u00e1laszad\u00f3k mind\u00f6ssze 22%-a tudja egy\u00e9rtelm\u0171en, hogy az eg\u00e9szs\u00e9ges belt\u00e9ri leveg\u0151 fenntart\u00e1sa a munk\u00e1ltat\u00f3 jogszab\u00e1lyi k\u00f6telezetts\u00e9ge<\/strong>. B\u00e1r 29% \u201eval\u00f3sz\u00edn\u0171leg igaznak\u201d tartja, k\u00f6zel minden m\u00e1sodik munkav\u00e1llal\u00f3 (49%) nem tudja, vagy \u00fagy gondolja, hogy ez nem k\u00f6telezetts\u00e9g. <\/p>\n\n  <div class=\"data-table-wrap\">\n    <div class=\"data-table-title\">\u00d6n szerint az eg\u00e9szs\u00e9ges belt\u00e9ri leveg\u0151 fenntart\u00e1sa jogszab\u00e1lyi k\u00f6telezetts\u00e9g a munk\u00e1ltat\u00f3 sz\u00e1m\u00e1ra?<\/div>\n    <table class=\"data\">\n      <thead><tr><th>V\u00e1lasz<\/th><th>Eredm\u00e9ny<\/th><\/tr><\/thead>\n      <tbody>\n        <tr><td>Val\u00f3sz\u00edn\u0171leg igaz<\/td><td><div class=\"pct-bar-cell\"><div class=\"pct-bar\"><div class=\"pct-bar-fill\" style=\"width:29%\"><\/div><\/div><span class=\"pct-val\">29 %<\/span><\/div><\/td><\/tr>\n        <tr><td>Igen, ez teljesen igaz<\/td><td><div class=\"pct-bar-cell\"><div class=\"pct-bar\"><div class=\"pct-bar-fill\" style=\"width:22%\"><\/div><\/div><span class=\"pct-val pct-top\">22 %<\/span><\/div><\/td><\/tr>\n        <tr><td>Nem tudom, hogy igaz vagy hamis<\/td><td><div class=\"pct-bar-cell\"><div class=\"pct-bar\"><div class=\"pct-bar-fill\" style=\"width:25%;background:#E5E7EB\"><\/div><\/div><span class=\"pct-val\">25 %<\/span><\/div><\/td><\/tr>\n        <tr><td>Val\u00f3sz\u00edn\u0171leg hamis, nem gondolom, hogy k\u00f6telezetts\u00e9g lenne<\/td><td><div class=\"pct-bar-cell\"><div class=\"pct-bar\"><div class=\"pct-bar-fill\" style=\"width:15%;background:#E5E7EB\"><\/div><\/div><span class=\"pct-val\">15 %<\/span><\/div><\/td><\/tr>\n        <tr><td>Teljesen hamis<\/td><td><div class=\"pct-bar-cell\"><div class=\"pct-bar\"><div class=\"pct-bar-fill\" style=\"width:9%;background:#E5E7EB\"><\/div><\/div><span class=\"pct-val\">9 %<\/span><\/div><\/td><\/tr>\n      <\/tbody>\n    <\/table>\n  <\/div>\n\n  <div class=\"section-divider\"><\/div>\n\n  <!-- \u2500\u2500 CITATION \u2500\u2500 -->\n  <blockquote class=\"quote-block\">\n    <p class=\"quote-text\">\u201eEz a felm\u00e9r\u00e9s egy d\u00f6nt\u0151 fontoss\u00e1g\u00fa pontra vil\u00e1g\u00edt r\u00e1: a szak\u00e9rt\u0151k \u00e1ltal javasolt struktur\u00e1lt \u00e9s rendszeres belt\u00e9ri leveg\u0151min\u0151s\u00e9g-ellen\u0151rz\u00e9s \u00e9s a terepi val\u00f3s\u00e1g k\u00f6z\u00f6tti szakad\u00e9kra, ahol a fel\u00fcgyelet tov\u00e1bbra is nagyr\u00e9szt elhanyagolhat\u00f3, s\u0151t l\u00e1thatatlan a munkav\u00e1llal\u00f3k sz\u00e1m\u00e1ra. Pedig a Munka t\u00f6rv\u00e9nyk\u00f6nyve egy\u00e9rtelm\u0171en el\u0151\u00edrja a munk\u00e1ltat\u00f3 sz\u00e1m\u00e1ra az eg\u00e9szs\u00e9ges leveg\u0151 biztos\u00edt\u00e1s\u00e1t \u00e9s a belt\u00e9ri szennyez\u00e9ssel kapcsolatos kock\u00e1zatok megel\u0151z\u00e9s\u00e9t (k\u00fcl\u00f6n\u00f6sen az L4121-1 \u00e9s R4222-1 cikkek). Ez a jogi keret \u00e9s a munkav\u00e1llal\u00f3k \u00e9szlel\u00e9se k\u00f6z\u00f6tti elt\u00e9r\u00e9s azt mutatja, hogy a leveg\u0151min\u0151s\u00e9g tov\u00e1bbra is a v\u00e1llalati megel\u0151z\u00e9si kult\u00fara val\u00f3di holttere.\u201d<\/p>\n    <p class=\"quote-author\">\n        <span class=\"quote-author-name\">Thibaut SAMSEL<\/span>\n        <span class=\"quote-author-title\">Az OberA vezet\u0151je \u00e9s alap\u00edt\u00f3ja<\/span>\n    <\/p>\n  <\/blockquote>\n\n  <!-- \u2500\u2500 M\u00c9THODOLOGIE \u2500\u2500 -->\n  <div class=\"methodo-box\">\n    <h3>* M\u00f3dszertan<\/h3>\n    <p>A felm\u00e9r\u00e9s egy <strong>5 601 f\u0151s<\/strong>, 18 \u00e9ves \u00e9s id\u0151sebb, Franciaorsz\u00e1gban \u00e9l\u0151 reprezentat\u00edv minta alapj\u00e1n k\u00e9sz\u00fclt. Az online felm\u00e9r\u00e9s 2025 november\u00e9ben zajlott a BuzzPress v\u00e1laszad\u00f3i panelj\u00e9n kereszt\u00fcl (27 700 f\u0151t k\u00e9rdeztek meg elektronikusan e-mailben, valamint Facebookon \u00e9s LinkedInen). <\/p>\n    <p>A v\u00e1laszokat el\u0151re meghat\u00e1rozott kv\u00f3t\u00e1k alapj\u00e1n \u00f6sszes\u00edtett\u00e9k \u00e9s s\u00falyozt\u00e1k a minta reprezentativit\u00e1s\u00e1nak biztos\u00edt\u00e1sa \u00e9rdek\u00e9ben, adminisztrat\u00edv \u00e9s az INSEE \u00e1ltal gy\u0171jt\u00f6tt adatok felhaszn\u00e1l\u00e1s\u00e1val.<\/p>\n    <p><strong>V\u00e1llalati profilok:<\/strong> Lakoss\u00e1gi szolg\u00e1ltat\u00e1sok (28%) \u00b7 \u00dczleti szolg\u00e1ltat\u00e1sok (23%) \u00b7 K\u00f6zszf\u00e9ra\/\u00e1llami szektor (19%) \u00b7 Ipar\/termel\u00e9s (16%) \u00b7 \u00c9p\u00edt\u0151ipar (7%) \u00b7 Sz\u00e1ll\u00edt\u00e1s\/logisztika (6%)<\/p>\n  <\/div>\n\n<\/div><!-- \/.article-body -->\n\n\n<h2 class=\"wp-block-heading has-text-align-left\">Besz\u00e9ltek r\u00f3lunk!<\/h2>\n\n<div class=\"wp-block-columns are-vertically-aligned-center is-layout-flex wp-container-core-columns-is-layout-8bffabeb wp-block-columns-is-layout-flex\" style=\"margin-top:var(--wp--preset--spacing--30);margin-bottom:var(--wp--preset--spacing--30);padding-top:0;padding-bottom:0\">\n<div class=\"wp-block-column is-vertically-aligned-center is-layout-flow wp-block-column-is-layout-flow\">\n<figure class=\"wp-block-image size-full\"><a href=\"https:\/\/presseagence.fr\/paris-sondage-qvct-4-francais-sur-5-ignorent-comment-detecter-un-air-vraiment-sain\/\" target=\"_blank\" rel=\" noreferrer noopener\"><img decoding=\"async\" width=\"463\" height=\"153\" src=\"https:\/\/obera.fr\/wp-content\/uploads\/2026\/02\/logo_de_presse_agence.jpg\" alt=\"sajt&#xF3;&#xFC;gyn&#xF6;ks&#xE9;g log&#xF3;\" class=\"wp-image-143848\" srcset=\"https:\/\/obera.fr\/wp-content\/uploads\/2026\/02\/logo_de_presse_agence.jpg 463w, https:\/\/obera.fr\/wp-content\/uploads\/2026\/02\/logo_de_presse_agence-300x99.jpg 300w\" sizes=\"(max-width: 463px) 100vw, 463px\" \/><\/a><figcaption class=\"wp-element-caption\"><em>SAJT\u00d3\u00dcGYN\u00d6KS\u00c9G<\/em><\/figcaption><\/figure>\n<\/div>\n\n\n\n<div class=\"wp-block-column is-vertically-aligned-center is-layout-flow wp-block-column-is-layout-flow\">\n<figure class=\"wp-block-image size-large\"><a href=\"https:\/\/xn--horizonviesant-okb.com\/4-francais-sur-5-ignorent-comment-detecter-un-air-vraiment-sain\/\" target=\"_blank\" rel=\" noreferrer noopener\"><img decoding=\"async\" width=\"1024\" height=\"207\" src=\"https:\/\/obera.fr\/wp-content\/uploads\/2026\/02\/loog-horizonviesante-1024x207.png\" alt=\"log&#xF3; horizonviesante\" class=\"wp-image-143849\" srcset=\"https:\/\/obera.fr\/wp-content\/uploads\/2026\/02\/loog-horizonviesante-1024x207.png 1024w, https:\/\/obera.fr\/wp-content\/uploads\/2026\/02\/loog-horizonviesante-300x61.png 300w, https:\/\/obera.fr\/wp-content\/uploads\/2026\/02\/loog-horizonviesante-768x156.png 768w, https:\/\/obera.fr\/wp-content\/uploads\/2026\/02\/loog-horizonviesante.png 1229w\" sizes=\"(max-width: 1024px) 100vw, 1024px\" \/><\/a><figcaption class=\"wp-element-caption\"><em>HORIZON VIE ET SANTE<\/em><\/figcaption><\/figure>\n<\/div>\n\n\n\n<div class=\"wp-block-column is-vertically-aligned-center has-contrast-background-color has-background is-layout-constrained wp-block-column-is-layout-constrained\">\n<figure class=\"wp-block-image size-full\"><a href=\"https:\/\/www.news-eco.com\/communique\/au-travail-lair-semble-correct-mais-la-plupart-se-trompent\/\" target=\"_blank\" rel=\" noreferrer noopener\"><img decoding=\"async\" width=\"215\" height=\"42\" src=\"https:\/\/obera.fr\/wp-content\/uploads\/2026\/02\/news-eco-logo2.png\" alt=\"news eco logo2\" class=\"wp-image-143850\"\/><\/a><\/figure>\n<\/div>\n\n\n\n<div class=\"wp-block-column is-vertically-aligned-center is-layout-flow wp-block-column-is-layout-flow\">\n<figure class=\"wp-block-image size-full\"><a href=\"https:\/\/www.lyftvnews.com\/t9528-au-travail-lair-a-lair-sain-mais-89-des-francais-se-trompent#10372\" target=\"_blank\" rel=\" noreferrer noopener\"><img decoding=\"async\" width=\"900\" height=\"900\" src=\"https:\/\/obera.fr\/wp-content\/uploads\/2026\/02\/logo-lyftv.jpg\" alt=\"log&#xF3; lyftv\" class=\"wp-image-143851\" srcset=\"https:\/\/obera.fr\/wp-content\/uploads\/2026\/02\/logo-lyftv.jpg 900w, https:\/\/obera.fr\/wp-content\/uploads\/2026\/02\/logo-lyftv-300x300.jpg 300w, https:\/\/obera.fr\/wp-content\/uploads\/2026\/02\/logo-lyftv-150x150.jpg 150w, https:\/\/obera.fr\/wp-content\/uploads\/2026\/02\/logo-lyftv-768x768.jpg 768w\" sizes=\"(max-width: 900px) 100vw, 900px\" \/><\/a><figcaption class=\"wp-element-caption\"><em>LYF TV NEWS<\/em><\/figcaption><\/figure>\n<\/div>\n\n\n\n<div class=\"wp-block-column is-vertically-aligned-center is-layout-flow wp-block-column-is-layout-flow\">\n<figure class=\"wp-block-image size-full\"><a href=\"https:\/\/communiques.categorynet.com\/sante\/525169-4-francais-sur-5-ignorent-comment-detecter-un-air-vraiment-s\/\" target=\"_blank\" rel=\" noreferrer noopener\"><img decoding=\"async\" width=\"201\" height=\"41\" src=\"https:\/\/obera.fr\/wp-content\/uploads\/2026\/02\/cropped-cn-1.webp\" alt=\"cropped cn 1\" class=\"wp-image-143852\"\/><\/a><figcaption class=\"wp-element-caption\"><em>CATEGORYNET<\/em><\/figcaption><\/figure>\n<\/div>\n<\/div>\n\n<div class=\"wp-block-columns are-vertically-aligned-center is-layout-flex wp-container-core-columns-is-layout-28f84493 wp-block-columns-is-layout-flex\">\n<div class=\"wp-block-column is-vertically-aligned-center is-layout-flow wp-block-column-is-layout-flow\">\n<figure class=\"wp-block-image size-full\"><a href=\"https:\/\/www.esteval.fr\/article.44169.etudes-89-pourcents-des-francais-sous-estiment-la-pollution-de-l-air-sur-leur-lieu-de-travail\" target=\"_blank\" rel=\" noreferrer noopener\"><img decoding=\"async\" width=\"200\" height=\"200\" src=\"https:\/\/obera.fr\/wp-content\/uploads\/2026\/02\/logo_esteval_200_200.jpg\" alt=\"log&#xF3; esteval 200 200\" class=\"wp-image-143853\" srcset=\"https:\/\/obera.fr\/wp-content\/uploads\/2026\/02\/logo_esteval_200_200.jpg 200w, https:\/\/obera.fr\/wp-content\/uploads\/2026\/02\/logo_esteval_200_200-150x150.jpg 150w\" sizes=\"(max-width: 200px) 100vw, 200px\" \/><\/a><figcaption class=\"wp-element-caption\"><em>ESTEVAL<\/em><\/figcaption><\/figure>\n<\/div>\n\n\n\n<div class=\"wp-block-column is-vertically-aligned-center is-layout-flow wp-block-column-is-layout-flow\">\n<figure class=\"wp-block-image size-full\"><img decoding=\"async\" width=\"700\" height=\"350\" src=\"https:\/\/obera.fr\/wp-content\/uploads\/2026\/02\/therm-presse01.jpg\" alt=\"therm presse01\" class=\"wp-image-143854\" srcset=\"https:\/\/obera.fr\/wp-content\/uploads\/2026\/02\/therm-presse01.jpg 700w, https:\/\/obera.fr\/wp-content\/uploads\/2026\/02\/therm-presse01-300x150.jpg 300w\" sizes=\"(max-width: 700px) 100vw, 700px\" \/><figcaption class=\"wp-element-caption\"><em>THERMPRESSE<\/em><\/figcaption><\/figure>\n<\/div>\n\n\n\n<div class=\"wp-block-column is-vertically-aligned-center is-layout-flow wp-block-column-is-layout-flow\">\n<figure class=\"wp-block-image size-full\"><a href=\"https:\/\/terre-futur.com\/un-angle-mort-sanitaire-qui-persiste-dans-les-entreprises-francaises\/\" target=\"_blank\" rel=\" noreferrer noopener\"><img decoding=\"async\" width=\"512\" height=\"512\" src=\"https:\/\/obera.fr\/wp-content\/uploads\/2026\/02\/terrefutur_logo.jpg\" alt=\"terrefutur log&#xF3;\" class=\"wp-image-143855\" srcset=\"https:\/\/obera.fr\/wp-content\/uploads\/2026\/02\/terrefutur_logo.jpg 512w, https:\/\/obera.fr\/wp-content\/uploads\/2026\/02\/terrefutur_logo-300x300.jpg 300w, https:\/\/obera.fr\/wp-content\/uploads\/2026\/02\/terrefutur_logo-150x150.jpg 150w\" sizes=\"(max-width: 512px) 100vw, 512px\" \/><\/a><figcaption class=\"wp-element-caption\"><em>TERRE FUTUR<\/em><\/figcaption><\/figure>\n<\/div>\n\n\n\n<div class=\"wp-block-column is-vertically-aligned-center is-layout-flow wp-block-column-is-layout-flow\">\n<figure class=\"wp-block-image size-full\"><a href=\"https:\/\/portaildocumentaire.inrs.fr\/blog-view\/25\/veille-qualite-de-lair-interieur\/2038\/bulletin-de-veille-qualite-de-lair-interieur-janvier-2026\" target=\"_blank\" rel=\" noreferrer noopener\"><img decoding=\"async\" width=\"366\" height=\"138\" src=\"https:\/\/obera.fr\/wp-content\/uploads\/2026\/02\/logoinrs.png\" alt=\"logoinrs\" class=\"wp-image-143856\" srcset=\"https:\/\/obera.fr\/wp-content\/uploads\/2026\/02\/logoinrs.png 366w, https:\/\/obera.fr\/wp-content\/uploads\/2026\/02\/logoinrs-300x113.png 300w\" sizes=\"(max-width: 366px) 100vw, 366px\" \/><\/a><figcaption class=\"wp-element-caption\"><em>INRS DOKUMENT\u00c1CI\u00d3S PORT\u00c1L<\/em><\/figcaption><\/figure>\n<\/div>\n<\/div>\n","protected":false},"excerpt":{"rendered":"<p>Olyan szennyez\u00e9s, amely 5-10-szer magasabb lehet, mint a kinti. A munkav\u00e1llal\u00f3k mind\u00f6ssze 22%-a tudja, hogy az eg\u00e9szs\u00e9ges belt\u00e9ri leveg\u0151 fenntart\u00e1sa jogszab\u00e1lyi k\u00f6telezetts\u00e9g a munk\u00e1ltat\u00f3 sz\u00e1m\u00e1ra<\/p>\n","protected":false},"author":4,"featured_media":0,"comment_status":"open","ping_status":"closed","sticky":false,"template":"","format":"standard","meta":{"_acf_changed":false,"_seopress_robots_primary_cat":"980","_seopress_titles_title":"Tanulm\u00e1ny: A munkahelyi l\u00e9gszennyez\u00e9s","_seopress_titles_desc":"","_seopress_robots_index":"","footnotes":""},"categories":[1002],"tags":[],"class_list":["post-145753","post","type-post","status-publish","format-standard","hentry","category-sajto","generate-columns","tablet-grid-50","mobile-grid-100","grid-parent","grid-50","no-featured-image-padding"],"acf":[],"_links":{"self":[{"href":"https:\/\/obera.fr\/hu\/wp-json\/wp\/v2\/posts\/145753","targetHints":{"allow":["GET"]}}],"collection":[{"href":"https:\/\/obera.fr\/hu\/wp-json\/wp\/v2\/posts"}],"about":[{"href":"https:\/\/obera.fr\/hu\/wp-json\/wp\/v2\/types\/post"}],"author":[{"embeddable":true,"href":"https:\/\/obera.fr\/hu\/wp-json\/wp\/v2\/users\/4"}],"replies":[{"embeddable":true,"href":"https:\/\/obera.fr\/hu\/wp-json\/wp\/v2\/comments?post=145753"}],"version-history":[{"count":5,"href":"https:\/\/obera.fr\/hu\/wp-json\/wp\/v2\/posts\/145753\/revisions"}],"predecessor-version":[{"id":154225,"href":"https:\/\/obera.fr\/hu\/wp-json\/wp\/v2\/posts\/145753\/revisions\/154225"}],"wp:attachment":[{"href":"https:\/\/obera.fr\/hu\/wp-json\/wp\/v2\/media?parent=145753"}],"wp:term":[{"taxonomy":"category","embeddable":true,"href":"https:\/\/obera.fr\/hu\/wp-json\/wp\/v2\/categories?post=145753"},{"taxonomy":"post_tag","embeddable":true,"href":"https:\/\/obera.fr\/hu\/wp-json\/wp\/v2\/tags?post=145753"}],"curies":[{"name":"wp","href":"https:\/\/api.w.org\/{rel}","templated":true}]}}