{"id":145818,"date":"2026-01-20T15:01:12","date_gmt":"2026-01-20T13:01:12","guid":{"rendered":"https:\/\/obera.fr\/a-mi-tanacsunk\/a-franciak-egeszsegesen-lelegeznek-a-munkahelyukon-telen\/"},"modified":"2026-04-22T14:30:37","modified_gmt":"2026-04-22T12:30:37","slug":"a-franciak-egeszsegesen-lelegeznek-a-munkahelyukon-telen","status":"publish","type":"post","link":"https:\/\/obera.fr\/hu\/sajto\/a-franciak-egeszsegesen-lelegeznek-a-munkahelyukon-telen\/","title":{"rendered":"A franci\u00e1k eg\u00e9szs\u00e9gesen l\u00e9legeznek a munkahely\u00fck\u00f6n t\u00e9len?"},"content":{"rendered":"\n<div class=\"kpis-band\">\n  <div class=\"kpis-grid\">\n    <div class=\"kpi\">\n      <span class=\"kpi-val\">78 %<\/span>\n      <span class=\"kpi-label\">\u00e9reztek m\u00e1r f\u00fclledt leveg\u0151t a munkahely\u00fck\u00f6n t\u00e9len<\/span>\n    <\/div>\n    <div class=\"kpi\">\n      <span class=\"kpi-val\">83 %<\/span>\n      <span class=\"kpi-label\">\u00edt\u00e9li \u00fagy, hogy a v\u00e1llalatoknak t\u00f6bbet kell tenni\u00fck a leveg\u0151 min\u0151s\u00e9g\u00e9\u00e9rt<\/span>\n    <\/div>\n    <div class=\"kpi\">\n      <span class=\"kpi-val\">4 102<\/span>\n      <span class=\"kpi-label\">megk\u00e9rdezett szem\u00e9ly Franciaorsz\u00e1gban \u2014 reprezentat\u00edv felm\u00e9r\u00e9s<\/span>\n    <\/div>\n  <\/div>\n<\/div>\n\n<div class=\"article-body\">\n\n  <!-- M\u00e9ta -->\n  <div class=\"meta-bar\">\n    <span class=\"tag-cp\">Sajt\u00f3k\u00f6zlem\u00e9ny<\/span>\n    <span class=\"meta-date\">2026. janu\u00e1r 20.<\/span>\n  <\/div>\n  <h1>A franci\u00e1k eg\u00e9szs\u00e9gesen l\u00e9legeznek a munkahely\u00fck\u00f6n t\u00e9len? <\/h1>\n\n  <!-- Intro -->\n  <p><strong>Az OberA nyilv\u00e1noss\u00e1gra hozta egy \u00faj, 4 102 szem\u00e9ly bevon\u00e1s\u00e1val k\u00e9sz\u00fclt felm\u00e9r\u00e9s* eredm\u00e9nyeit<\/strong>, amely r\u00e1vil\u00e1g\u00edt a munkahelyi h\u0151komfort \u00e9s a leveg\u0151min\u0151s\u00e9g k\u00f6z\u00f6tti tart\u00f3s elt\u00e9r\u00e9sre: az ide\u00e1lis h\u0151m\u00e9rs\u00e9klet er\u0151sen vitatott, t\u00e9len ritka a szell\u0151ztet\u00e9s, hi\u00e1nyoznak a leveg\u0151tiszt\u00edt\u00f3 berendez\u00e9sek, a p\u00e1ratartalom kev\u00e9ss\u00e9 szab\u00e1lyozott, \u00e9s bizonytalans\u00e1g tapasztalhat\u00f3 a v\u00edrusokkal szembeni helyes teend\u0151ket illet\u0151en. A tanulm\u00e1ny a munk\u00e1ltat\u00f3kkal szembeni er\u0151s elv\u00e1r\u00e1st is kiemeli: a nagy t\u00f6bbs\u00e9g konkr\u00e9t int\u00e9zked\u00e9seket k\u00e9r az eg\u00e9szs\u00e9gesebb belt\u00e9ri leveg\u0151 \u00e9rdek\u00e9ben a v\u00e1llalatokn\u00e1l \u00e9s a k\u00f6zter\u00fcleteken. <\/p>\n\n  <!-- \u2500\u2500 SECTION 1 \u2014 Temp\u00e9rature \u2500\u2500 -->\n  <h2>Rosszul szab\u00e1lyozott h\u0151m\u00e9rs\u00e9klet\u0171 munkahelyek?<\/h2>\n\n  <p>T\u00fal hideg vagy t\u00fal meleg a munkahelyen, ez val\u00f3di probl\u00e9m\u00e1v\u00e1 v\u00e1lhat. De ebben a k\u00e9rd\u00e9sben nem mindenkinek azonos az ide\u00e1lis h\u0151m\u00e9rs\u00e9kletr\u0151l alkotott elk\u00e9pzel\u00e9se. Az INRS szerint a h\u0151komfort referencia\u00e9rt\u00e9kei 21 \u00e9s 23\u00b0C k\u00f6z\u00f6tt vannak, \u00e9s ezt a tartom\u00e1nyt csak <strong>41 %<\/strong> r\u00e9szes\u00edti el\u0151nyben.   N\u00e9h\u00e1nyan a takar\u00e9kosabb be\u00e1ll\u00edt\u00e1sokat r\u00e9szes\u00edtik el\u0151nyben 19\u00b0C-on vagy az alatt 21%-ban, ami k\u00f6zel \u00e1ll a nyilv\u00e1nos kommunik\u00e1ci\u00f3ban is hangs\u00falyozott energiatakar\u00e9koss\u00e1gi ir\u00e1nyelvekhez.<\/p>\n\n  <div class=\"data-table-wrap\">\n    <div class=\"data-table-title\">T\u00e9len milyen h\u0151m\u00e9rs\u00e9kletet szeretne a munkahely\u00e9n?<\/div>\n    <table class=\"data\">\n      <thead><tr><th>H\u0151m\u00e9rs\u00e9klet<\/th><th>Eredm\u00e9ny<\/th><\/tr><\/thead>\n      <tbody>\n        <tr><td>17\u00b0C<\/td><td><div class=\"pct-bar-cell\"><div class=\"pct-bar\"><div class=\"pct-bar-fill\" style=\"width:2%\"><\/div><\/div><span class=\"pct-val\">2 %<\/span><\/div><\/td><\/tr>\n        <tr><td>18\u00b0C<\/td><td><div class=\"pct-bar-cell\"><div class=\"pct-bar\"><div class=\"pct-bar-fill\" style=\"width:11%\"><\/div><\/div><span class=\"pct-val\">11 %<\/span><\/div><\/td><\/tr>\n        <tr><td>19\u00b0C<\/td><td><div class=\"pct-bar-cell\"><div class=\"pct-bar\"><div class=\"pct-bar-fill\" style=\"width:19%\"><\/div><\/div><span class=\"pct-val\">19 %<\/span><\/div><\/td><\/tr>\n        <tr><td>20\u00b0C<\/td><td><div class=\"pct-bar-cell\"><div class=\"pct-bar\"><div class=\"pct-bar-fill\" style=\"width:21%\"><\/div><\/div><span class=\"pct-val pct-top\">21 %<\/span><\/div><\/td><\/tr>\n        <tr><td>21\u00b0C<\/td><td><div class=\"pct-bar-cell\"><div class=\"pct-bar\"><div class=\"pct-bar-fill\" style=\"width:18%\"><\/div><\/div><span class=\"pct-val\">18 %<\/span><\/div><\/td><\/tr>\n        <tr><td>22\u00b0C<\/td><td><div class=\"pct-bar-cell\"><div class=\"pct-bar\"><div class=\"pct-bar-fill\" style=\"width:12%\"><\/div><\/div><span class=\"pct-val\">12 %<\/span><\/div><\/td><\/tr>\n        <tr><td>23\u00b0C<\/td><td><div class=\"pct-bar-cell\"><div class=\"pct-bar\"><div class=\"pct-bar-fill\" style=\"width:11%\"><\/div><\/div><span class=\"pct-val\">11 %<\/span><\/div><\/td><\/tr>\n        <tr><td>T\u00f6bb mint 24\u00b0C<\/td><td><div class=\"pct-bar-cell\"><div class=\"pct-bar\"><div class=\"pct-bar-fill\" style=\"width:5%\"><\/div><\/div><span class=\"pct-val\">5 %<\/span><\/div><\/td><\/tr>\n        <tr><td>Nem tudom<\/td><td><div class=\"pct-bar-cell\"><div class=\"pct-bar\"><div class=\"pct-bar-fill\" style=\"width:1%;background:#E5E7EB\"><\/div><\/div><span class=\"pct-val\">1 %<\/span><\/div><\/td><\/tr>\n      <\/tbody>\n    <\/table>\n  <\/div>\n\n  <!-- \u2500\u2500 SECTION 2 \u2014 Chaleur vs air renouvel\u00e9 \u2500\u2500 -->\n  <h2>A franci\u00e1k ink\u00e1bb a meleget, mint a friss leveg\u0151t v\u00e1lasztj\u00e1k<\/h2>\n\n  <div class=\"stat-highlight\">\n    <span class=\"big-num\">48 %<\/span>\n    <div class=\"stat-text\">\n      <strong>ink\u00e1bb meleg legyen, m\u00e9g ha a leveg\u0151 kev\u00e9ss\u00e9 is friss\u00fcl<\/strong>\n      <p>Szemben 41%-kal, akik a rendszeresen friss\u00fcl\u0151 leveg\u0151t r\u00e9szes\u00edtik el\u0151nyben, m\u00e9g ha h\u0171v\u00f6sebb is a k\u00f6rnyezet.<\/p>\n    <\/div>\n  <\/div>\n\n  <p>V\u00e1laszt\u00e1s eset\u00e9n k\u00f6zel minden m\u00e1sodik francia ink\u00e1bb a meleget r\u00e9szes\u00edti el\u0151nyben, m\u00e9g ha a leveg\u0151 kev\u00e9ss\u00e9 is friss\u00fcl (48%), szemben 41%-kal, akik a rendszeresen friss\u00fcl\u0151 leveg\u0151t prefer\u00e1lj\u00e1k, m\u00e9g ha h\u0171v\u00f6sebb is a k\u00f6rnyezet. V\u00e9g\u00fcl 11% nyilatkozott \u00fagy, hogy nem tud d\u00f6nteni. Ezek az eredm\u00e9nyek meger\u0151s\u00edtik a h\u0151komfort s\u00faly\u00e1t az eg\u00e9szs\u00e9ges k\u00f6rnyezet meg\u00edt\u00e9l\u00e9s\u00e9ben, annak ellen\u00e9re, hogy a nyilv\u00e1nos aj\u00e1nl\u00e1sok a napi szell\u0151ztet\u00e9s fontoss\u00e1g\u00e1t hangs\u00falyozz\u00e1k, t\u00e9len is.  <\/p>\n\n  <div class=\"data-table-wrap\">\n    <div class=\"data-table-title\">V\u00e1laszt\u00e1s eset\u00e9n mit prefer\u00e1l?<\/div>\n    <table class=\"data\">\n      <thead><tr><th>V\u00e1lasz<\/th><th>Eredm\u00e9ny<\/th><\/tr><\/thead>\n      <tbody>\n        <tr><td>Ink\u00e1bb meleg legyen, m\u00e9g ha a leveg\u0151 kev\u00e9ss\u00e9 is friss\u00fcl<\/td><td><div class=\"pct-bar-cell\"><div class=\"pct-bar\"><div class=\"pct-bar-fill\" style=\"width:48%\"><\/div><\/div><span class=\"pct-val pct-top\">48 %<\/span><\/div><\/td><\/tr>\n        <tr><td>Ink\u00e1bb legyen kicsit h\u0171v\u00f6sebb, de a leveg\u0151 rendszeresen friss\u00fclj\u00f6n<\/td><td><div class=\"pct-bar-cell\"><div class=\"pct-bar\"><div class=\"pct-bar-fill\" style=\"width:41%\"><\/div><\/div><span class=\"pct-val\">41 %<\/span><\/div><\/td><\/tr>\n        <tr><td>Nem tudom \/ att\u00f3l f\u00fcgg<\/td><td><div class=\"pct-bar-cell\"><div class=\"pct-bar\"><div class=\"pct-bar-fill\" style=\"width:11%;background:#E5E7EB\"><\/div><\/div><span class=\"pct-val\">11 %<\/span><\/div><\/td><\/tr>\n      <\/tbody>\n    <\/table>\n  <\/div>\n\n  <!-- \u2500\u2500 SECTION 3 \u2014 Humidit\u00e9 \u2500\u2500 -->\n  <h2>A franci\u00e1k agg\u00f3dnak a p\u00e1ratartalom miatt\u2026 de val\u00f3di ellen\u0151rz\u00e9s n\u00e9lk\u00fcl<\/h2>\n\n  <div class=\"stats-duo\">\n    <div class=\"stat-card\">\n      <span class=\"num\"><span class=\"accent\">90 %<\/span><\/span>\n      <span class=\"lbl\">agg\u00f3dik a munkahelyi leveg\u0151 p\u00e1ratartalma miatt<\/span>\n    <\/div>\n    <div class=\"stat-card\">\n      <span class=\"num\"><span class=\"accent\">8 %<\/span><\/span>\n      <span class=\"lbl\">csak ennyien jelzik, hogy azt t\u00e9nylegesen <strong>tesztelik<\/strong> a v\u00e1llalatukn\u00e1l<\/span>\n    <\/div>\n  <\/div>\n\n  <p>A munkahelyi leveg\u0151 p\u00e1ratartalma sz\u00e9les k\u00f6rben megosztott aggodalom: a megk\u00e9rdezettek <strong>90%-a agg\u00f3dik emiatt<\/strong>, de csak 8%-uk jelzi, hogy azt t\u00e9nylegesen tesztelik a szintj\u00e9nek meg\u00e1llap\u00edt\u00e1s\u00e1ra. Ezzel szemben <strong>82% nyilatkozik \u00fagy, hogy nincs egy\u00e9rtelm\u0171 nyomon k\u00f6vet\u00e9s<\/strong> (31% nem tudja, l\u00e9teznek-e tesztek, \u00e9s 51% \u00e1ll\u00edtja, hogy senki sem teszteli). Pedig a relat\u00edv p\u00e1ratartalom a komfort \u00e9s az eg\u00e9szs\u00e9g elismert param\u00e9tere, gyakran 40\u201360% k\u00f6r\u00fcli aj\u00e1nl\u00e1sokkal a kellemetlens\u00e9gek \u00e9s egyens\u00falyhi\u00e1nyok korl\u00e1toz\u00e1s\u00e1ra.  <\/p>\n\n  <div class=\"data-table-wrap\">\n    <div class=\"data-table-title\">Agg\u00f3dik a munkahelyi leveg\u0151 p\u00e1ratartalma miatt?<\/div>\n    <table class=\"data\">\n      <thead><tr><th>V\u00e1lasz<\/th><th>Eredm\u00e9ny<\/th><\/tr><\/thead>\n      <tbody>\n        <tr><td>Igen, tesztelik a szintj\u00e9nek meg\u00e1llap\u00edt\u00e1s\u00e1ra<\/td><td><div class=\"pct-bar-cell\"><div class=\"pct-bar\"><div class=\"pct-bar-fill\" style=\"width:8%\"><\/div><\/div><span class=\"pct-val\">8 %<\/span><\/div><\/td><\/tr>\n        <tr><td>Igen, de nem tudom, hogy tesztelik-e<\/td><td><div class=\"pct-bar-cell\"><div class=\"pct-bar\"><div class=\"pct-bar-fill\" style=\"width:31%\"><\/div><\/div><span class=\"pct-val\">31 %<\/span><\/div><\/td><\/tr>\n        <tr><td>Igen, de senki sem teszteli<\/td><td><div class=\"pct-bar-cell\"><div class=\"pct-bar\"><div class=\"pct-bar-fill\" style=\"width:51%\"><\/div><\/div><span class=\"pct-val pct-top\">51 %<\/span><\/div><\/td><\/tr>\n        <tr><td>Nem, ez nem aggaszt<\/td><td><div class=\"pct-bar-cell\"><div class=\"pct-bar\"><div class=\"pct-bar-fill\" style=\"width:10%;background:#E5E7EB\"><\/div><\/div><span class=\"pct-val\">10 %<\/span><\/div><\/td><\/tr>\n      <\/tbody>\n    <\/table>\n  <\/div>\n\n  <!-- \u2500\u2500 SECTION 4 \u2014 Microbes \u2500\u2500 -->\n  <h2>Milyen megold\u00e1s a koll\u00e9g\u00e1k mikrob\u00e1i ellen?<\/h2>\n\n  <div class=\"stat-highlight\">\n    <span class=\"big-num\">31 %<\/span>\n    <div class=\"stat-text\">\n      <strong>a leg\u00e1tfog\u00f3bb strat\u00e9gi\u00e1t v\u00e1lasztj\u00e1k: r\u00f6vid szell\u0151ztet\u00e9s + l\u00e9gtiszt\u00edt\u00f3<\/strong>\n      <p>A m\u00e1sik 50% egyetlen int\u00e9zked\u00e9sen oszlik meg \u2013 ablak (21%) vagy csak l\u00e9gtiszt\u00edt\u00f3 (29%) \u2013, 19% pedig nem tudja, vagy nem tesz semmit.<\/p>\n    <\/div>\n  <\/div>\n\n  <p>T\u00e9len a mikrob\u00e1k a leveg\u0151ben vannak. Ennek ellen\u00e9re a v\u00e1laszok er\u0151s bizonytalans\u00e1got mutatnak a helyes reflexek alkalmaz\u00e1s\u00e1val kapcsolatban. Csak egy viszonylag kisebb, <strong>31%-os kisebbs\u00e9g v\u00e1lasztja a leg\u00e1tfog\u00f3bb strat\u00e9gi\u00e1t: r\u00f6vid szell\u0151ztet\u00e9s + l\u00e9gtiszt\u00edt\u00f3<\/strong>. Pedig az aj\u00e1nl\u00e1sok egy\u00e9rtelm\u0171ek: a szell\u0151ztet\u00e9s \u00e9s a l\u00e9gcsere, m\u00e9g t\u00e9len is, n\u00e9h\u00e1ny perces ism\u00e9telt ablaknyit\u00e1ssal, cs\u00f6kkenti az aeroszolok felhalmoz\u00f3d\u00e1s\u00e1t.    A HEPA sz\u0171r\u00e9s kieg\u00e9sz\u00edt\u00e9sk\u00e9nt szint\u00e9n hasznos.<\/p>\n\n  <div class=\"data-table-wrap\">\n    <div class=\"data-table-title\">A leveg\u0151ben l\u00e9v\u0151 l\u00e9g\u00fati mikrob\u00e1k (aeroszolok) okozta kock\u00e1zatok cs\u00f6kkent\u00e9s\u00e9re \u00d6n szerint mi a legjobb v\u00e1lasz:<\/div>\n    <table class=\"data\">\n      <thead><tr><th>V\u00e1lasz<\/th><th>Eredm\u00e9ny<\/th><\/tr><\/thead>\n      <tbody>\n        <tr><td>V\u00e9gezzen r\u00f6vid, rendszeres szell\u0151ztet\u00e9st \u00e9s haszn\u00e1ljon l\u00e9gtiszt\u00edt\u00f3t<\/td><td><div class=\"pct-bar-cell\"><div class=\"pct-bar\"><div class=\"pct-bar-fill\" style=\"width:31%\"><\/div><\/div><span class=\"pct-val pct-top\">31 %<\/span><\/div><\/td><\/tr>\n        <tr><td>Haszn\u00e1ljon l\u00e9gtiszt\u00edt\u00f3t (HEPA t\u00edpus\u00fa, akt\u00edv szenes, tel\u00edt\u00e9ses, regener\u00e1lhat\u00f3)<\/td><td><div class=\"pct-bar-cell\"><div class=\"pct-bar\"><div class=\"pct-bar-fill\" style=\"width:29%\"><\/div><\/div><span class=\"pct-val\">29 %<\/span><\/div><\/td><\/tr>\n        <tr><td>Nyissa ki az ablakot, m\u00e9g ha a k\u00fcls\u0151 leveg\u0151 nagyon hideg \u00e9s esetleg szennyezett is<\/td><td><div class=\"pct-bar-cell\"><div class=\"pct-bar\"><div class=\"pct-bar-fill\" style=\"width:21%\"><\/div><\/div><span class=\"pct-val\">21 %<\/span><\/div><\/td><\/tr>\n        <tr><td>Nem tudom<\/td><td><div class=\"pct-bar-cell\"><div class=\"pct-bar\"><div class=\"pct-bar-fill\" style=\"width:11%;background:#E5E7EB\"><\/div><\/div><span class=\"pct-val\">11 %<\/span><\/div><\/td><\/tr>\n        <tr><td>Ne tegyen semmit<\/td><td><div class=\"pct-bar-cell\"><div class=\"pct-bar\"><div class=\"pct-bar-fill\" style=\"width:8%;background:#E5E7EB\"><\/div><\/div><span class=\"pct-val\">8 %<\/span><\/div><\/td><\/tr>\n      <\/tbody>\n    <\/table>\n  <\/div>\n\n  <!-- \u2500\u2500 SECTION 5 \u2014 A\u00e9ration \u2500\u2500 -->\n  <h2>\u00c1ll\u00edtsuk meg a z\u00e1rt ablakokat!<\/h2>\n\n  <div class=\"stats-duo\">\n    <div class=\"stat-card\">\n      <span class=\"num\"><span class=\"accent\">22 %<\/span><\/span>\n      <span class=\"lbl\">csak ennyien nyitj\u00e1k ki az ablakokat naponta legal\u00e1bb egyszer t\u00e9len<\/span>\n    <\/div>\n    <div class=\"stat-card\">\n      <span class=\"num\"><span class=\"accent\">54 %<\/span><\/span>\n      <span class=\"lbl\">teszi ezt ritk\u00e1bban \u2014 ebb\u0151l <strong>19 % soha<\/strong><\/span>\n    <\/div>\n  <\/div>\n\n  <p>A munkahelyi szell\u0151ztet\u00e9s nagyr\u00e9szt el\u00e9gtelennek \u00e9s rosszul szab\u00e1lyozottnak t\u0171nik: <strong>mind\u00f6ssze 22% nyilatkozik \u00fagy, hogy naponta legal\u00e1bb egyszer kinyitja az ablakokat<\/strong> (7% t\u00f6bbsz\u00f6r, 15% egyszer), m\u00edg 54% ritk\u00e1bban teszi (21% hetente n\u00e9h\u00e1nyszor, 14% ritk\u00e1n, 19% soha). F\u0151leg <strong>24% v\u00e1laszolja, hogy nem tudja, vagy nincs ablaka<\/strong>, ami a t\u00e1j\u00e9kozotts\u00e1g hi\u00e1ny\u00e1ra \u00e9s a helyes int\u00e9zked\u00e9sek alkalmaz\u00e1s\u00e1nak neh\u00e9zs\u00e9g\u00e9re utal. <\/p>\n\n  <div class=\"data-table-wrap\">\n    <div class=\"data-table-title\">Milyen gyakran nyitj\u00e1k ki az ablakokat t\u00e9len a munkahely\u00e9n?<\/div>\n    <table class=\"data\">\n      <thead><tr><th>Gyakoris\u00e1g<\/th><th>Eredm\u00e9ny<\/th><\/tr><\/thead>\n      <tbody>\n        <tr><td>Naponta t\u00f6bbsz\u00f6r<\/td><td><div class=\"pct-bar-cell\"><div class=\"pct-bar\"><div class=\"pct-bar-fill\" style=\"width:7%\"><\/div><\/div><span class=\"pct-val\">7 %<\/span><\/div><\/td><\/tr>\n        <tr><td>Naponta egyszer<\/td><td><div class=\"pct-bar-cell\"><div class=\"pct-bar\"><div class=\"pct-bar-fill\" style=\"width:15%\"><\/div><\/div><span class=\"pct-val\">15 %<\/span><\/div><\/td><\/tr>\n        <tr><td>Hetente n\u00e9h\u00e1nyszor<\/td><td><div class=\"pct-bar-cell\"><div class=\"pct-bar\"><div class=\"pct-bar-fill\" style=\"width:21%\"><\/div><\/div><span class=\"pct-val\">21 %<\/span><\/div><\/td><\/tr>\n        <tr><td>Ritk\u00e1n<\/td><td><div class=\"pct-bar-cell\"><div class=\"pct-bar\"><div class=\"pct-bar-fill\" style=\"width:14%\"><\/div><\/div><span class=\"pct-val\">14 %<\/span><\/div><\/td><\/tr>\n        <tr><td>Soha<\/td><td><div class=\"pct-bar-cell\"><div class=\"pct-bar\"><div class=\"pct-bar-fill\" style=\"width:19%\"><\/div><\/div><span class=\"pct-val pct-top\">19 %<\/span><\/div><\/td><\/tr>\n        <tr><td>Nem tudom \/ nincs ablak<\/td><td><div class=\"pct-bar-cell\"><div class=\"pct-bar\"><div class=\"pct-bar-fill\" style=\"width:24%;background:#E5E7EB\"><\/div><\/div><span class=\"pct-val\">24 %<\/span><\/div><\/td><\/tr>\n      <\/tbody>\n    <\/table>\n  <\/div>\n\n  <!-- \u2500\u2500 SECTION 6 \u2014 Air confin\u00e9 \u2500\u2500 -->\n  <h2>Rossz leveg\u0151 a munkahelyen?<\/h2>\n\n  <div class=\"stat-highlight\">\n    <span class=\"big-num\">78 %<\/span>\n    <div class=\"stat-text\">\n      <strong>a franci\u00e1k m\u00e1r \u00e9reztek f\u00fclledt leveg\u0151t a munkahely\u00fck\u00f6n t\u00e9len<\/strong>\n      <p>31% gyakran \u00e9s 47% n\u00e9ha \u2014 szemben mind\u00f6ssze 17%-kal, akik semmit sem \u00e9szlelnek (14% ritk\u00e1n, 3% soha).<\/p>\n    <\/div>\n  <\/div>\n\n  <p>Ki nem \u00e9rzett m\u00e9g f\u00fclledt leveg\u0151t a munkahely\u00e9n? <strong>A franci\u00e1k 78%-a tapasztalja ezt<\/strong> (31% gyakran \u00e9s 47% n\u00e9ha). A belt\u00e9ri leveg\u0151 min\u0151s\u00e9ge tov\u00e1bbra is rosszul kezelt \u00e9s rosszul \u00e9rtelmezett: amikor a leveg\u0151 f\u00fclledtnek t\u0171nik, sokan nem tudj\u00e1k, milyen eszk\u00f6z\u00f6ket kell aktiv\u00e1lni (szell\u0151ztet\u00e9s, r\u00f6vid \u00e9s rendszeres l\u00e9gcsere, sz\u0171r\u00e9s). Pedig a CO\u2082 hasznos mutat\u00f3ja az el\u00e9gtelen\u00fcl friss\u00fcl\u0151 leveg\u0151nek, \u00e9s az egyszer\u0171 int\u00e9zked\u00e9sek (szell\u0151ztet\u00e9s\/l\u00e9gcsere) cs\u00f6kkentik a szennyez\u0151 anyagok \u00e9s aeroszolok felhalmoz\u00f3d\u00e1s\u00e1t.  <\/p>\n\n  <div class=\"data-table-wrap\">\n    <div class=\"data-table-title\">\u00c9rezte m\u00e1r, hogy t\u00e9len f\u00fclledt a leveg\u0151 a munkahely\u00e9n?<\/div>\n    <table class=\"data\">\n      <thead><tr><th>V\u00e1lasz<\/th><th>Eredm\u00e9ny<\/th><\/tr><\/thead>\n      <tbody>\n        <tr><td>Igen, gyakran<\/td><td><div class=\"pct-bar-cell\"><div class=\"pct-bar\"><div class=\"pct-bar-fill\" style=\"width:31%\"><\/div><\/div><span class=\"pct-val pct-top\">31 %<\/span><\/div><\/td><\/tr>\n        <tr><td>Igen, n\u00e9ha<\/td><td><div class=\"pct-bar-cell\"><div class=\"pct-bar\"><div class=\"pct-bar-fill\" style=\"width:47%\"><\/div><\/div><span class=\"pct-val pct-top\">47 %<\/span><\/div><\/td><\/tr>\n        <tr><td>Nem, ritk\u00e1n<\/td><td><div class=\"pct-bar-cell\"><div class=\"pct-bar\"><div class=\"pct-bar-fill\" style=\"width:14%;background:#E5E7EB\"><\/div><\/div><span class=\"pct-val\">14 %<\/span><\/div><\/td><\/tr>\n        <tr><td>Nem, soha<\/td><td><div class=\"pct-bar-cell\"><div class=\"pct-bar\"><div class=\"pct-bar-fill\" style=\"width:3%;background:#E5E7EB\"><\/div><\/div><span class=\"pct-val\">3 %<\/span><\/div><\/td><\/tr>\n        <tr><td>Nem tudom<\/td><td><div class=\"pct-bar-cell\"><div class=\"pct-bar\"><div class=\"pct-bar-fill\" style=\"width:5%;background:#E5E7EB\"><\/div><\/div><span class=\"pct-val\">5 %<\/span><\/div><\/td><\/tr>\n      <\/tbody>\n    <\/table>\n  <\/div>\n\n  <!-- \u2500\u2500 SECTION 7 \u2014 Maladie au bureau \u2500\u2500 -->\n  <h2>Rossz kezel\u00e9s betegs\u00e9g eset\u00e9n<\/h2>\n\n  <div class=\"stats-duo\">\n    <div class=\"stat-card\">\n      <span class=\"num\"><span class=\"accent\">43 %<\/span><\/span>\n      <span class=\"lbl\">nyilatkozik \u00fagy, hogy k\u00f6h\u00f6g\u00e9s vagy n\u00e1tha ellen\u00e9re is betegen j\u00f6n be dolgozni<\/span>\n    <\/div>\n    <div class=\"stat-card\">\n      <span class=\"num\"><span class=\"accent\">25 %<\/span><\/span>\n      <span class=\"lbl\">csak ennyien maradnak otthon betegs\u00e9g eset\u00e9n<\/span>\n    <\/div>\n  <\/div>\n\n  <p>Amikor egy koll\u00e9ga k\u00f6h\u00f6g vagy n\u00e1th\u00e1s, a helyzet tov\u00e1bbra is nagyr\u00e9szt rosszul kezelt: <strong>43% nyilatkozik \u00fagy, hogy betegen j\u00f6n be dolgozni<\/strong>, szemben mind\u00f6ssze 25%-kal, akik otthon maradnak. A jelenl\u00e9ti kult\u00fara m\u00e9g mindig t\u00fal er\u0151s Franciaorsz\u00e1gban \u2013 a Dares kiemeli, hogy minden negyedik betegszabads\u00e1g (27%) munkahelyi jelenl\u00e9ttel j\u00e1r. Ezek az eredm\u00e9nyek a v\u00e1llalati operat\u00edv utas\u00edt\u00e1sok (t\u00e1vmunka, ha lehets\u00e9ges, maszkos visszat\u00e9r\u00e9s t\u00fcnetek eset\u00e9n, fokozott szell\u0151ztet\u00e9s\/l\u00e9gcsere) mellett sz\u00f3lnak.  <\/p>\n\n  <div class=\"data-table-wrap\">\n    <div class=\"data-table-title\">Amikor egy koll\u00e9ga beteg (k\u00f6h\u00f6g\/n\u00e1th\u00e1s), mi t\u00f6rt\u00e9nik leggyakrabban?<\/div>\n    <table class=\"data\">\n      <thead><tr><th>V\u00e1lasz<\/th><th>Eredm\u00e9ny<\/th><\/tr><\/thead>\n      <tbody>\n        <tr><td>M\u00e9gis bej\u00f6n (k\u00f6telezetts\u00e9gb\u0151l)<\/td><td><div class=\"pct-bar-cell\"><div class=\"pct-bar\"><div class=\"pct-bar-fill\" style=\"width:43%\"><\/div><\/div><span class=\"pct-val pct-top\">43 %<\/span><\/div><\/td><\/tr>\n        <tr><td>Csapatt\u00f3l \/ id\u0151szakt\u00f3l f\u00fcgg<\/td><td><div class=\"pct-bar-cell\"><div class=\"pct-bar\"><div class=\"pct-bar-fill\" style=\"width:29%\"><\/div><\/div><span class=\"pct-val\">29 %<\/span><\/div><\/td><\/tr>\n        <tr><td>Otthon marad<\/td><td><div class=\"pct-bar-cell\"><div class=\"pct-bar\"><div class=\"pct-bar-fill\" style=\"width:25%\"><\/div><\/div><span class=\"pct-val\">25 %<\/span><\/div><\/td><\/tr>\n        <tr><td>Nem tudom<\/td><td><div class=\"pct-bar-cell\"><div class=\"pct-bar\"><div class=\"pct-bar-fill\" style=\"width:3%;background:#E5E7EB\"><\/div><\/div><span class=\"pct-val\">3 %<\/span><\/div><\/td><\/tr>\n      <\/tbody>\n    <\/table>\n  <\/div>\n\n  <!-- \u2500\u2500 SECTION 8 \u2014 R\u00e9flexes face \u00e0 un coll\u00e8gue malade \u2500\u2500 -->\n  <h2>Mit tesznek val\u00f3j\u00e1ban a franci\u00e1k egy beteg koll\u00e9ga eset\u00e9n?<\/h2>\n\n  <p>A Covid \u00f3ta bizonyos reflexek be\u00e9p\u00fcltek a kollekt\u00edv szok\u00e1sokba. \u00cdgy egy beteg koll\u00e9ga eset\u00e9n a leggyakrabban eml\u00edtett int\u00e9zked\u00e9sek a <strong>k\u00e9zhigi\u00e9nia\/fert\u0151tlen\u00edt\u00e9s (53%)<\/strong> \u00e9s a t\u00e1vols\u00e1gtart\u00e1s (41%). Ezzel szemben a z\u00e1rt t\u00e9rben a legstruktur\u00e1ltabb int\u00e9zked\u00e9seket sokkal kev\u00e9sb\u00e9 alkalmazz\u00e1k: a fokozott szell\u0151ztet\u00e9st (27%) \u00e9s a maszkvisel\u00e9st (18%). Aggaszt\u00f3bb: <strong>a franci\u00e1k 37%-a a t\u00e9tlens\u00e9gre utal\u00f3 v\u00e1laszokat ad<\/strong> (25% nem v\u00e1ltoztat a hozz\u00e1\u00e1ll\u00e1s\u00e1n, vagy 12% egy\u00e1ltal\u00e1n nem tesz semmit).   <\/p>\n\n  <div class=\"data-table-wrap\">\n    <div class=\"data-table-title\">Amikor egy koll\u00e9ga beteg (k\u00f6h\u00f6g\/n\u00e1th\u00e1s), mit tesz leggyakrabban? (max. 3 v\u00e1laszt\u00e1s) <\/div>\n    <table class=\"data\">\n      <thead><tr><th>Int\u00e9zked\u00e9s<\/th><th>Eredm\u00e9ny<\/th><\/tr><\/thead>\n      <tbody>\n        <tr><td>Gyakrabban mosok\/fert\u0151tlen\u00edtek kezet \u00e9s fert\u0151tlen\u00edtem a munkahelyemet<\/td><td><div class=\"pct-bar-cell\"><div class=\"pct-bar\"><div class=\"pct-bar-fill\" style=\"width:53%\"><\/div><\/div><span class=\"pct-val pct-top\">53 %<\/span><\/div><\/td><\/tr>\n        <tr><td>T\u00e1vols\u00e1got tartok \u00e9s korl\u00e1tozom a szem\u00e9lyes tal\u00e1lkoz\u00e1sokat<\/td><td><div class=\"pct-bar-cell\"><div class=\"pct-bar\"><div class=\"pct-bar-fill\" style=\"width:41%\"><\/div><\/div><span class=\"pct-val\">41 %<\/span><\/div><\/td><\/tr>\n        <tr><td>Jobban szell\u0151ztetek (kinyitom az ablakot, amikor lehets\u00e9ges)<\/td><td><div class=\"pct-bar-cell\"><div class=\"pct-bar\"><div class=\"pct-bar-fill\" style=\"width:27%\"><\/div><\/div><span class=\"pct-val\">27 %<\/span><\/div><\/td><\/tr>\n        <tr><td>Nem v\u00e1ltoztatok semmin \/ egy\u00fctt \u00e9lek vele<\/td><td><div class=\"pct-bar-cell\"><div class=\"pct-bar\"><div class=\"pct-bar-fill\" style=\"width:25%;background:#E5E7EB\"><\/div><\/div><span class=\"pct-val\">25 %<\/span><\/div><\/td><\/tr>\n        <tr><td>Maszkot viselek (legal\u00e1bb megbesz\u00e9l\u00e9seken\/k\u00f6zelben)<\/td><td><div class=\"pct-bar-cell\"><div class=\"pct-bar\"><div class=\"pct-bar-fill\" style=\"width:18%\"><\/div><\/div><span class=\"pct-val\">18 %<\/span><\/div><\/td><\/tr>\n        <tr><td>Ker\u00fcl\u00f6m a szem\u00e9lyes megbesz\u00e9l\u00e9seket \/ vide\u00f3konferenci\u00e1t k\u00e9rek<\/td><td><div class=\"pct-bar-cell\"><div class=\"pct-bar\"><div class=\"pct-bar-fill\" style=\"width:18%\"><\/div><\/div><span class=\"pct-val\">18 %<\/span><\/div><\/td><\/tr>\n        <tr><td>Megk\u00e9rem a koll\u00e9g\u00e1t, hogy menjen haza \/ dolgozzon t\u00e1vmunk\u00e1ban (ha lehets\u00e9ges)<\/td><td><div class=\"pct-bar-cell\"><div class=\"pct-bar\"><div class=\"pct-bar-fill\" style=\"width:16%\"><\/div><\/div><span class=\"pct-val\">16 %<\/span><\/div><\/td><\/tr>\n        <tr><td>Megk\u00e9rem, hogy mehessek haza t\u00e1vmunk\u00e1ban dolgozni (ha lehets\u00e9ges)<\/td><td><div class=\"pct-bar-cell\"><div class=\"pct-bar\"><div class=\"pct-bar-fill\" style=\"width:12%\"><\/div><\/div><span class=\"pct-val\">12 %<\/span><\/div><\/td><\/tr>\n        <tr><td>Nem teszek semmit<\/td><td><div class=\"pct-bar-cell\"><div class=\"pct-bar\"><div class=\"pct-bar-fill\" style=\"width:12%;background:#E5E7EB\"><\/div><\/div><span class=\"pct-val\">12 %<\/span><\/div><\/td><\/tr>\n        <tr><td>Jelentem egy vezet\u0151nek\/HR-nek (ha a helyzet probl\u00e9m\u00e1t okoz)<\/td><td><div class=\"pct-bar-cell\"><div class=\"pct-bar\"><div class=\"pct-bar-fill\" style=\"width:6%\"><\/div><\/div><span class=\"pct-val\">6 %<\/span><\/div><\/td><\/tr>\n        <tr><td>Egy\u00e9b<\/td><td><div class=\"pct-bar-cell\"><div class=\"pct-bar\"><div class=\"pct-bar-fill\" style=\"width:3%;background:#E5E7EB\"><\/div><\/div><span class=\"pct-val\">3 %<\/span><\/div><\/td><\/tr>\n      <\/tbody>\n    <\/table>\n  <\/div>\n\n  <!-- \u2500\u2500 SECTION 9 \u2014 Attentes envers les entreprises \u2500\u2500 -->\n  <h2>10-b\u0151l 8 francia cselekedeteket v\u00e1r a v\u00e1llalatokt\u00f3l \u00e9s a nyilv\u00e1nos helyekt\u0151l<\/h2>\n\n  <div class=\"stat-highlight\">\n    <span class=\"big-num\">83 %<\/span>\n    <div class=\"stat-text\">\n      <strong>\u00edt\u00e9li \u00fagy, hogy t\u00f6bbet kell tenni a p\u00e9ldamutat\u00f3 leveg\u0151min\u0151s\u00e9g biztos\u00edt\u00e1s\u00e1\u00e9rt a v\u00e1llalatokn\u00e1l \u00e9s a nyilv\u00e1nos helyeken<\/strong>\n      <p>Ebb\u0151l 56% \u00fagy v\u00e9li, hogy \u201emindent meg kell tenni\u201d \u2013 ez az elv\u00e1r\u00e1s ellent\u00e9tben \u00e1ll a terepen m\u00e9g mindig egyenl\u0151tlen gyakorlatokkal.<\/p>\n    <\/div>\n  <\/div>\n\n  <p>A franci\u00e1k nagyon er\u0151s elv\u00e1r\u00e1sokat fogalmaznak meg a v\u00e1llalatokkal \u00e9s a nyilv\u00e1nos helyekkel szemben: <strong>83% \u00edt\u00e9li \u00fagy, hogy t\u00f6bbet kell tenni a p\u00e9ldamutat\u00f3 leveg\u0151min\u0151s\u00e9g biztos\u00edt\u00e1s\u00e1\u00e9rt<\/strong>, ebb\u0151l 56% \u00fagy v\u00e9li, hogy \u201emindent meg kell tenni\u201d. Ez az elv\u00e1r\u00e1s a t\u00e1j\u00e9kozotts\u00e1g hi\u00e1ny\u00e1b\u00f3l is fakad: a munkav\u00e1llal\u00f3k egy r\u00e9sze nem tudja, hogyan m\u00e9rik vagy kezelik a leveg\u0151 min\u0151s\u00e9g\u00e9t, mik\u00f6zben a hat\u00f3s\u00e1gok egyszer\u0171 \u00e9s hat\u00e9kony int\u00e9zked\u00e9seket aj\u00e1nlanak, mint p\u00e9ld\u00e1ul a rendszeres szell\u0151ztet\u00e9s \u00e9s a mutat\u00f3k (pl. CO\u2082) nyomon k\u00f6vet\u00e9se. <\/p>\n\n  <div class=\"data-table-wrap\">\n    <div class=\"data-table-title\">\u00d6n szerint a v\u00e1llalatoknak \u00e9s minden nyilv\u00e1nos helynek t\u00f6bb er\u0151fesz\u00edt\u00e9st kellene tennie a p\u00e9ldamutat\u00f3 leveg\u0151min\u0151s\u00e9g biztos\u00edt\u00e1s\u00e1\u00e9rt?<\/div>\n    <table class=\"data\">\n      <thead><tr><th>V\u00e1lasz<\/th><th>Eredm\u00e9ny<\/th><\/tr><\/thead>\n      <tbody>\n        <tr><td>Igen, abszol\u00fat, mindent meg kell tenni<\/td><td><div class=\"pct-bar-cell\"><div class=\"pct-bar\"><div class=\"pct-bar-fill\" style=\"width:56%\"><\/div><\/div><span class=\"pct-val pct-top\">56 %<\/span><\/div><\/td><\/tr>\n        <tr><td>Igen, de m\u00e1r sok mindent megtesznek<\/td><td><div class=\"pct-bar-cell\"><div class=\"pct-bar\"><div class=\"pct-bar-fill\" style=\"width:27%\"><\/div><\/div><span class=\"pct-val\">27 %<\/span><\/div><\/td><\/tr>\n        <tr><td>Nem, ez nem az \u0151 szerep\u00fck<\/td><td><div class=\"pct-bar-cell\"><div class=\"pct-bar\"><div class=\"pct-bar-fill\" style=\"width:11%;background:#E5E7EB\"><\/div><\/div><span class=\"pct-val\">11 %<\/span><\/div><\/td><\/tr>\n        <tr><td>Nem tudom \/ nem nyilatkozik<\/td><td><div class=\"pct-bar-cell\"><div class=\"pct-bar\"><div class=\"pct-bar-fill\" style=\"width:6%;background:#E5E7EB\"><\/div><\/div><span class=\"pct-val\">6 %<\/span><\/div><\/td><\/tr>\n      <\/tbody>\n    <\/table>\n  <\/div>\n\n  <div class=\"section-divider\"><\/div>\n\n  <!-- \u2500\u2500 CITATION \u2500\u2500 -->\n  <blockquote class=\"quote-block\">\n    <p class=\"quote-text\">\u201eEnnek a felm\u00e9r\u00e9snek az eredm\u00e9nyei vesz\u00e9lyes reflexre mutatnak r\u00e1: gyakran a meleget r\u00e9szes\u00edtj\u00fck el\u0151nyben az eg\u00e9szs\u00e9ges leveg\u0151 rov\u00e1s\u00e1ra. Pedig t\u00e9len nem mindig jut esz\u00fcnkbe annyit kinyitni az ablakokat, amennyit kellene. Itt v\u00e1lnak teh\u00e1t elengedhetetlenn\u00e9 a l\u00e9gtiszt\u00edt\u00f3 rendszerek: hat\u00e9konyan kieg\u00e9sz\u00edtik a szell\u0151ztet\u00e9st, \u00e9s tart\u00f3san cs\u00f6kkentik a r\u00e9szecsk\u00e9k \u00e9s aeroszolok terhel\u00e9s\u00e9t a munkahelyeken, an\u00e9lk\u00fcl, hogy fel\u00e1ldozn\u00e1k a komfortot. Folyamatosan olyan v\u00e1llalatokkal tal\u00e1lkozunk, amelyek al\u00e1becs\u00fclik a munkav\u00e1llal\u00f3ik leveg\u0151min\u0151s\u00e9g\u00e9nek jav\u00edt\u00e1s\u00e1nak \u00e9s kezel\u00e9s\u00e9nek sz\u00fcks\u00e9gess\u00e9g\u00e9t. Pedig ez a tudatoss\u00e1g l\u00e9tfontoss\u00e1g\u00fa.\u201d<\/p>\n    <p class=\"quote-author\">\n        <span class=\"quote-author-name\">Thibaut SAMSEL<\/span>\n        <span class=\"quote-author-title\">Az OberA vezet\u0151je \u00e9s alap\u00edt\u00f3ja<\/span>\n    <\/p>\n  <\/blockquote>\n\n  <!-- \u2500\u2500 M\u00c9THODOLOGIE \u2500\u2500 -->\n  <div class=\"methodo-box\">\n    <h2>* M\u00f3dszertan<\/h2>\n    <p>A felm\u00e9r\u00e9s egy reprezentat\u00edv mint\u00e1n, <strong>4 102 Franciaorsz\u00e1gban \u00e9l\u0151, 18 \u00e9ves \u00e9s id\u0151sebb szem\u00e9ly<\/strong> bevon\u00e1s\u00e1val k\u00e9sz\u00fclt. A felm\u00e9r\u00e9st online v\u00e9gezt\u00e9k 2026 janu\u00e1rj\u00e1ban a BuzzPress v\u00e1laszad\u00f3i panelj\u00e9n kereszt\u00fcl (27 700 szem\u00e9lyt k\u00e9rdeztek meg elektronikusan e-mailben, valamint a Facebook \u00e9s LinkedIn k\u00f6z\u00f6ss\u00e9gi h\u00e1l\u00f3zatokon). <\/p>\n    <p>A v\u00e1laszokat \u00f6ssze\u00e1ll\u00edtott\u00e1k \u00e9s s\u00falyozt\u00e1k el\u0151re meghat\u00e1rozott kv\u00f3t\u00e1k alapj\u00e1n, amelyek c\u00e9lja a minta reprezentativit\u00e1s\u00e1nak biztos\u00edt\u00e1sa volt, k\u00f6zigazgat\u00e1si adatok \u00e9s az INSEE \u00e1ltal gy\u0171jt\u00f6tt adatok felhaszn\u00e1l\u00e1s\u00e1val.<\/p>\n    <p><strong>V\u00e1llalati profilok:<\/strong> Lakoss\u00e1gi szolg\u00e1ltat\u00e1sok (27%) \u00b7 V\u00e1llalati szolg\u00e1ltat\u00e1sok (24%) \u00b7 K\u00f6zszf\u00e9ra\/paraszf\u00e9ra (18%) \u00b7 Ipar\/termel\u00e9s (16%) \u00b7 \u00c9p\u00edt\u0151ipar\/\u00e9p\u00edt\u0151ipari munk\u00e1k (8%) \u00b7 Sz\u00e1ll\u00edt\u00e1s\/logisztika (6%)<\/p>\n  <\/div>\n\n<\/div><!-- \/.article-body -->\n\n\n<h2 class=\"wp-block-heading has-text-align-center\">Besz\u00e9ltek r\u00f3lunk!<\/h2>\n\n<div class=\"wp-block-columns are-vertically-aligned-center is-layout-flex wp-container-core-columns-is-layout-28f84493 wp-block-columns-is-layout-flex\">\n<div class=\"wp-block-column is-vertically-aligned-center is-layout-flow wp-block-column-is-layout-flow\">\n<figure class=\"wp-block-image aligncenter size-large\"><img decoding=\"async\" width=\"1024\" height=\"538\" src=\"https:\/\/obera.fr\/wp-content\/uploads\/2026\/02\/logo_de_doctissimo-1024x538.jpg\" alt=\"doctissimo log&#xF3;\" class=\"wp-image-143878\" srcset=\"https:\/\/obera.fr\/wp-content\/uploads\/2026\/02\/logo_de_doctissimo-1024x538.jpg 1024w, https:\/\/obera.fr\/wp-content\/uploads\/2026\/02\/logo_de_doctissimo-300x158.jpg 300w, https:\/\/obera.fr\/wp-content\/uploads\/2026\/02\/logo_de_doctissimo-768x403.jpg 768w, https:\/\/obera.fr\/wp-content\/uploads\/2026\/02\/logo_de_doctissimo.jpg 1200w\" sizes=\"(max-width: 1024px) 100vw, 1024px\" \/><figcaption class=\"wp-element-caption\"><a href=\"https:\/\/www.doctissimo.fr\/famille\/travail\/sante-et-travail\/43-des-francais-vont-travailler-malades-et-les-virus-sinvitent-en-salle-de-reunion-603072.htm\" data-type=\"link\" data-id=\"https:\/\/www.doctissimo.fr\/famille\/travail\/sante-et-travail\/43-des-francais-vont-travailler-malades-et-les-virus-sinvitent-en-salle-de-reunion-603072.htm\" target=\"_blank\" rel=\"noreferrer noopener nofollow\">Cikk megtekint\u00e9se<\/a><\/figcaption><\/figure>\n<\/div>\n\n\n\n<div class=\"wp-block-column is-vertically-aligned-center is-layout-flow wp-block-column-is-layout-flow\">\n<figure class=\"wp-block-image aligncenter size-large\"><img decoding=\"async\" width=\"1024\" height=\"1024\" src=\"https:\/\/obera.fr\/wp-content\/uploads\/2026\/02\/bfm_tv_logo-1024x1024.png\" alt=\"bfm tv log&#xF3;\" class=\"wp-image-143879\" srcset=\"https:\/\/obera.fr\/wp-content\/uploads\/2026\/02\/bfm_tv_logo-1024x1024.png 1024w, https:\/\/obera.fr\/wp-content\/uploads\/2026\/02\/bfm_tv_logo-300x300.png 300w, https:\/\/obera.fr\/wp-content\/uploads\/2026\/02\/bfm_tv_logo-150x150.png 150w, https:\/\/obera.fr\/wp-content\/uploads\/2026\/02\/bfm_tv_logo-768x768.png 768w, https:\/\/obera.fr\/wp-content\/uploads\/2026\/02\/bfm_tv_logo.png 1200w\" sizes=\"(max-width: 1024px) 100vw, 1024px\" \/><figcaption class=\"wp-element-caption\"><a href=\"https:\/\/www.bfmtv.com\/sante\/video-selon-une-etude-43-des-francais-vont-travailler-en-etant-malades_VN-202601270111.html\" target=\"_blank\" rel=\"noreferrer noopener nofollow\">Cikk megtekint\u00e9se<\/a><\/figcaption><\/figure>\n<\/div>\n\n\n\n<div class=\"wp-block-column is-vertically-aligned-center is-layout-flow wp-block-column-is-layout-flow\">\n<figure class=\"wp-block-image aligncenter size-full\"><img decoding=\"async\" width=\"640\" height=\"360\" src=\"https:\/\/obera.fr\/wp-content\/uploads\/2026\/02\/laprovence-logo-media.jpg\" alt=\"laprovence m&#xE9;dia log&#xF3;\" class=\"wp-image-143880\" srcset=\"https:\/\/obera.fr\/wp-content\/uploads\/2026\/02\/laprovence-logo-media.jpg 640w, https:\/\/obera.fr\/wp-content\/uploads\/2026\/02\/laprovence-logo-media-300x169.jpg 300w\" sizes=\"(max-width: 640px) 100vw, 640px\" \/><figcaption class=\"wp-element-caption\"><a href=\"https:\/\/www.laprovence.com\/article\/societe\/40354383352299\/peur-detre-mal-vu-a-leuro-pres-sans-teletravail-43-des-francais-vont-travailler-en-etant-malades\" data-type=\"link\" data-id=\"https:\/\/www.laprovence.com\/article\/societe\/40354383352299\/peur-detre-mal-vu-a-leuro-pres-sans-teletravail-43-des-francais-vont-travailler-en-etant-malades\" target=\"_blank\" rel=\"noreferrer noopener nofollow\">Cikk megtekint\u00e9se<\/a><\/figcaption><\/figure>\n<\/div>\n\n\n\n<div class=\"wp-block-column is-vertically-aligned-center is-layout-flow wp-block-column-is-layout-flow\">\n<figure class=\"wp-block-image aligncenter size-full\"><img decoding=\"async\" width=\"512\" height=\"512\" src=\"https:\/\/obera.fr\/wp-content\/uploads\/2026\/02\/corsematin-logo.png\" alt=\"corsematin log&#xF3;\" class=\"wp-image-143881\" srcset=\"https:\/\/obera.fr\/wp-content\/uploads\/2026\/02\/corsematin-logo.png 512w, https:\/\/obera.fr\/wp-content\/uploads\/2026\/02\/corsematin-logo-300x300.png 300w, https:\/\/obera.fr\/wp-content\/uploads\/2026\/02\/corsematin-logo-150x150.png 150w\" sizes=\"(max-width: 512px) 100vw, 512px\" \/><\/figure>\n<\/div>\n\n\n\n<div class=\"wp-block-column is-vertically-aligned-center is-layout-flow wp-block-column-is-layout-flow\">\n<figure class=\"wp-block-image aligncenter size-full\"><img decoding=\"async\" width=\"500\" height=\"500\" src=\"https:\/\/obera.fr\/wp-content\/uploads\/2026\/02\/demotivteur-logo.jpg\" alt=\"demotivteur log&#xF3;\" class=\"wp-image-143882\" srcset=\"https:\/\/obera.fr\/wp-content\/uploads\/2026\/02\/demotivteur-logo.jpg 500w, https:\/\/obera.fr\/wp-content\/uploads\/2026\/02\/demotivteur-logo-300x300.jpg 300w, https:\/\/obera.fr\/wp-content\/uploads\/2026\/02\/demotivteur-logo-150x150.jpg 150w\" sizes=\"(max-width: 500px) 100vw, 500px\" \/><figcaption class=\"wp-element-caption\"><a href=\"https:\/\/www.demotivateur.fr\/lifestyle\/43-des-francais-vont-travailler-en-etant-malades-selon-une-enquete-47039\" data-type=\"link\" data-id=\"https:\/\/www.demotivateur.fr\/lifestyle\/43-des-francais-vont-travailler-en-etant-malades-selon-une-enquete-47039\" target=\"_blank\" rel=\"noreferrer noopener nofollow\">Cikk megtekint\u00e9se<\/a><\/figcaption><\/figure>\n<\/div>\n<\/div>\n\n<div class=\"wp-block-columns are-vertically-aligned-center is-layout-flex wp-container-core-columns-is-layout-28f84493 wp-block-columns-is-layout-flex\">\n<div class=\"wp-block-column is-vertically-aligned-center is-layout-flow wp-block-column-is-layout-flow\">\n<figure class=\"wp-block-image aligncenter size-full\"><img decoding=\"async\" width=\"1024\" height=\"443\" src=\"https:\/\/obera.fr\/wp-content\/uploads\/2026\/02\/logo-msn.png\" alt=\"msn log&#xF3;\" class=\"wp-image-143883\" srcset=\"https:\/\/obera.fr\/wp-content\/uploads\/2026\/02\/logo-msn.png 1024w, https:\/\/obera.fr\/wp-content\/uploads\/2026\/02\/logo-msn-300x130.png 300w, https:\/\/obera.fr\/wp-content\/uploads\/2026\/02\/logo-msn-768x332.png 768w\" sizes=\"(max-width: 1024px) 100vw, 1024px\" \/><figcaption class=\"wp-element-caption\"><a href=\"https:\/\/www.msn.com\/fr-ch\/actualite\/other\/pr%C3%A8s-d-un-salari%C3%A9-sur-deux-va-travailler-malgr%C3%A9-des-signes-de-maladie\/ar-AA1V3q6q\" data-type=\"link\" data-id=\"https:\/\/www.doctissimo.fr\/famille\/travail\/sante-et-travail\/43-des-francais-vont-travailler-malades-et-les-virus-sinvitent-en-salle-de-reunion-603072.htm\" target=\"_blank\" rel=\"noreferrer noopener nofollow\">Cikk megtekint\u00e9se<\/a><\/figcaption><\/figure>\n<\/div>\n\n\n\n<div class=\"wp-block-column is-vertically-aligned-center is-layout-flow wp-block-column-is-layout-flow\">\n<figure class=\"wp-block-image aligncenter size-large\"><img decoding=\"async\" width=\"1024\" height=\"349\" src=\"https:\/\/obera.fr\/wp-content\/uploads\/2026\/02\/logo-orange-1024x349.jpg\" alt=\"orange log&#xF3;\" class=\"wp-image-143884\" srcset=\"https:\/\/obera.fr\/wp-content\/uploads\/2026\/02\/logo-orange-1024x349.jpg 1024w, https:\/\/obera.fr\/wp-content\/uploads\/2026\/02\/logo-orange-300x102.jpg 300w, https:\/\/obera.fr\/wp-content\/uploads\/2026\/02\/logo-orange-768x262.jpg 768w, https:\/\/obera.fr\/wp-content\/uploads\/2026\/02\/logo-orange-1536x523.jpg 1536w, https:\/\/obera.fr\/wp-content\/uploads\/2026\/02\/logo-orange.jpg 1659w\" sizes=\"(max-width: 1024px) 100vw, 1024px\" \/><figcaption class=\"wp-element-caption\"><a href=\"https:\/\/actu.orange.fr\/videos\/france\/selon-une-etude-43-des-francais-vont-travailler-en-etant-malades-CNT000002mZ3oz.html\" target=\"_blank\" rel=\"noreferrer noopener nofollow\">Cikk megtekint\u00e9se<\/a><\/figcaption><\/figure>\n<\/div>\n\n\n\n<div class=\"wp-block-column is-vertically-aligned-center is-layout-flow wp-block-column-is-layout-flow\">\n<figure class=\"wp-block-image aligncenter size-full\"><img decoding=\"async\" width=\"259\" height=\"195\" src=\"https:\/\/obera.fr\/wp-content\/uploads\/2026\/02\/logo-maxiflash.png\" alt=\"maxiflash log&#xF3;\" class=\"wp-image-143885\"\/><figcaption class=\"wp-element-caption\"><a href=\"https:\/\/haguenau.maxi-flash.com\/etude-les-francais-travaillent-meme-malades\/\" data-type=\"link\" data-id=\"https:\/\/www.laprovence.com\/article\/societe\/40354383352299\/peur-detre-mal-vu-a-leuro-pres-sans-teletravail-43-des-francais-vont-travailler-en-etant-malades\" target=\"_blank\" rel=\"noreferrer noopener nofollow\">Cikk megtekint\u00e9se<\/a><\/figcaption><\/figure>\n<\/div>\n\n\n\n<div class=\"wp-block-column is-vertically-aligned-center is-layout-flow wp-block-column-is-layout-flow\">\n<figure class=\"wp-block-image aligncenter size-full\"><img decoding=\"async\" width=\"368\" height=\"108\" src=\"https:\/\/obera.fr\/wp-content\/uploads\/2026\/02\/logo_echo_mardi.png\" alt=\"echo mardi log&#xF3;\" class=\"wp-image-143886\" srcset=\"https:\/\/obera.fr\/wp-content\/uploads\/2026\/02\/logo_echo_mardi.png 368w, https:\/\/obera.fr\/wp-content\/uploads\/2026\/02\/logo_echo_mardi-300x88.png 300w\" sizes=\"(max-width: 368px) 100vw, 368px\" \/><figcaption class=\"wp-element-caption\"><a href=\"https:\/\/www.echodumardi.com\/actualite\/43-des-francais-declarent-aller-travailler-meme-en-etant-malades\/amp\/\" data-type=\"link\" data-id=\"https:\/\/www.echodumardi.com\/actualite\/43-des-francais-declarent-aller-travailler-meme-en-etant-malades\/amp\/\" target=\"_blank\" rel=\"noreferrer noopener nofollow\">Cikk megtekint\u00e9se<\/a><\/figcaption><\/figure>\n<\/div>\n\n\n\n<div class=\"wp-block-column is-vertically-aligned-center is-layout-flow wp-block-column-is-layout-flow\">\n<p class=\"has-text-align-center\">\u00c9s m\u00e9g sok m\u00e1s&#8230;<\/p>\n<\/div>\n<\/div>\n","protected":false},"excerpt":{"rendered":"<p>Az OberA k\u00f6zz\u00e9tette egy \u00faj, 4 102 f\u0151 bevon\u00e1s\u00e1val k\u00e9sz\u00fclt felm\u00e9r\u00e9s* eredm\u00e9nyeit, amely r\u00e1vil\u00e1g\u00edt a munkahelyi h\u0151komfort \u00e9s a leveg\u0151min\u0151s\u00e9g k\u00f6z\u00f6tti tart\u00f3s elt\u00e9r\u00e9sre: az ide\u00e1lis h\u0151m\u00e9rs\u00e9klet er\u0151sen vitatott, t\u00e9len ritka a szell\u0151ztet\u00e9s, hi\u00e1nyoznak a leveg\u0151tiszt\u00edt\u00f3 berendez\u00e9sek, a p\u00e1ratartalom kev\u00e9ss\u00e9 szab\u00e1lyozott, \u00e9s bizonytalans\u00e1g tapasztalhat\u00f3 a v\u00edrusokkal szembeni helyes teend\u0151ket illet\u0151en. A tanulm\u00e1ny a munk\u00e1ltat\u00f3kkal szembeni er\u0151s elv\u00e1r\u00e1st is kiemeli: a nagy t\u00f6bbs\u00e9g konkr\u00e9t int\u00e9zked\u00e9seket k\u00e9r az eg\u00e9szs\u00e9gesebb belt\u00e9ri leveg\u0151 \u00e9rdek\u00e9ben a v\u00e1llalatokn\u00e1l \u00e9s a k\u00f6zter\u00fcleteken. <\/p>\n","protected":false},"author":13,"featured_media":0,"comment_status":"open","ping_status":"closed","sticky":false,"template":"","format":"standard","meta":{"_acf_changed":false,"_seopress_robots_primary_cat":"none","_seopress_titles_title":"Tanulm\u00e1ny a munkahelyi leveg\u0151 min\u0151s\u00e9g\u00e9r\u0151l t\u00e9len \u2013 OberA","_seopress_titles_desc":"Az OberA bemutatja egy \u00faj, 4102 ember k\u00f6r\u00e9ben v\u00e9gzett felm\u00e9r\u00e9s eredm\u00e9nyeit, amely r\u00e1vil\u00e1g\u00edt a h\u0151komfort \u00e9s a munkahelyi leveg\u0151 min\u0151s\u00e9ge k\u00f6z\u00f6tti elt\u00e9r\u00e9sre","_seopress_robots_index":"","footnotes":""},"categories":[1002],"tags":[323],"class_list":["post-145818","post","type-post","status-publish","format-standard","hentry","category-sajto","tag-entete-kicsi","generate-columns","tablet-grid-50","mobile-grid-100","grid-parent","grid-50","no-featured-image-padding"],"acf":[],"_links":{"self":[{"href":"https:\/\/obera.fr\/hu\/wp-json\/wp\/v2\/posts\/145818","targetHints":{"allow":["GET"]}}],"collection":[{"href":"https:\/\/obera.fr\/hu\/wp-json\/wp\/v2\/posts"}],"about":[{"href":"https:\/\/obera.fr\/hu\/wp-json\/wp\/v2\/types\/post"}],"author":[{"embeddable":true,"href":"https:\/\/obera.fr\/hu\/wp-json\/wp\/v2\/users\/13"}],"replies":[{"embeddable":true,"href":"https:\/\/obera.fr\/hu\/wp-json\/wp\/v2\/comments?post=145818"}],"version-history":[{"count":4,"href":"https:\/\/obera.fr\/hu\/wp-json\/wp\/v2\/posts\/145818\/revisions"}],"predecessor-version":[{"id":154257,"href":"https:\/\/obera.fr\/hu\/wp-json\/wp\/v2\/posts\/145818\/revisions\/154257"}],"wp:attachment":[{"href":"https:\/\/obera.fr\/hu\/wp-json\/wp\/v2\/media?parent=145818"}],"wp:term":[{"taxonomy":"category","embeddable":true,"href":"https:\/\/obera.fr\/hu\/wp-json\/wp\/v2\/categories?post=145818"},{"taxonomy":"post_tag","embeddable":true,"href":"https:\/\/obera.fr\/hu\/wp-json\/wp\/v2\/tags?post=145818"}],"curies":[{"name":"wp","href":"https:\/\/api.w.org\/{rel}","templated":true}]}}