{"id":154945,"date":"2026-04-23T14:24:57","date_gmt":"2026-04-23T12:24:57","guid":{"rendered":"https:\/\/obera.fr\/a-mi-tanacsunk\/az-obera-szuresi-szuresi-es-tisztitasi-megoldasai-az-egeszsegert\/"},"modified":"2026-04-29T11:30:53","modified_gmt":"2026-04-29T09:30:53","slug":"az-obera-szuresi-szuresi-es-tisztitasi-megoldasai-az-egeszsegert","status":"publish","type":"post","link":"https:\/\/obera.fr\/hu\/sante\/az-obera-szuresi-szuresi-es-tisztitasi-megoldasai-az-egeszsegert\/","title":{"rendered":"Az OberA sz\u0171r\u00e9si, sz\u0171r\u00e9si \u00e9s tiszt\u00edt\u00e1si megold\u00e1sai az eg\u00e9szs\u00e9g\u00e9rt"},"content":{"rendered":"\n<p>A belt\u00e9ri leveg\u0151min\u0151s\u00e9g jav\u00edt\u00e1sa jelent\u0151s k\u00f6zeg\u00e9szs\u00e9g\u00fcgyi k\u00e9rd\u00e9ss\u00e9 v\u00e1lt a munkat\u00e1rsak v\u00e9delm\u00e9ben minden ipari vagy tercier k\u00f6rnyezetben. Az OberA-n\u00e1l olyan szell\u0151ztet\u0151 \u00e9s l\u00e9gszennyez\u00e9s-cs\u00f6kkent\u0151 rendszereket tervez\u00fcnk, amelyek megfelelnek a legszigor\u00fabb higi\u00e9niai norm\u00e1knak, hogy hat\u00e9konyan ellen\u0151rizz\u00e9k az \u00f6sszes l\u00e9gk\u00f6ri szennyez\u0151d\u00e9st. A <strong>l\u00e9gz\u0151szervi kock\u00e1zatok cs\u00f6kkent\u00e9se<\/strong> napi elk\u00f6telezetts\u00e9g\u00fcnk k\u00f6z\u00e9ppontj\u00e1ban \u00e1ll, hogy garant\u00e1ljuk csapatai eg\u00e9szs\u00e9g\u00fcgyi min\u0151s\u00e9g\u00e9t \u00e9s munkahelyi komfortj\u00e1t.  <\/p>\n\n<h2 class=\"wp-block-heading\">Orvosi \u00e9s gy\u00f3gyszer\u00e9szeti szektor: abszol\u00fat higi\u00e9nia \u00e9s szigor\u00fa ellen\u0151rz\u00e9s<\/h2>\n\n<p>Az eg\u00e9szs\u00e9g\u00fcgyi int\u00e9zm\u00e9nyek \u00e9s a gy\u00f3gyszeripar ill\u00e9kony k\u00f3rokoz\u00f3kat koncentr\u00e1lnak, amelyek szigor\u00fa elszigetel\u00e9st \u00e9s nagyon pontos norm\u00e1k betart\u00e1s\u00e1t ig\u00e9nylik a keresztszennyez\u0151d\u00e9s megel\u0151z\u00e9se \u00e9rdek\u00e9ben. Cs\u00facstechnol\u00f3gi\u00e1s berendez\u00e9seink minden fejlett dekontamin\u00e1ci\u00f3s megold\u00e1st integr\u00e1lnak, k\u00fcl\u00f6n\u00f6sen speci\u00e1lis izol\u00e1torok bevezet\u00e9s\u00e9vel az \u00e9rz\u00e9keny term\u00e9kek steril k\u00f6rnyezetben t\u00f6rt\u00e9n\u0151 kezel\u00e9s\u00e9hez. Orvosi tiszt\u00edt\u00f3kat k\u00edn\u00e1lunk nagy teljes\u00edtm\u00e9ny\u0171 sz\u0171r\u0151vel a <a href=\"https:\/\/obera.fr\/hu\/a-mi-tanacsunk\/purificateurs-d-air-contre-covid-19-creches-maternelles-ecoles-colleges-lycees\/\">Covid-19 kezel\u00e9s\u00e9re b\u00f6lcs\u0151d\u00e9kben \u00e9s iskol\u00e1kban<\/a>, hogy biztos\u00edtsuk a <strong>l\u00e9gk\u00f6r folyamatos fert\u0151tlen\u00edt\u00e9s\u00e9t<\/strong> a s\u00e9r\u00fcl\u00e9keny k\u00f6z\u00f6ns\u00e9get fogad\u00f3 ter\u00fcleteken.  <\/p>\n\n<h2 class=\"wp-block-heading\">Sz\u0171r\u00e9si technol\u00f3gi\u00e1ink k\u00f6zvetlen hat\u00e1sa a belt\u00e9ri leveg\u0151re<\/h2>\n\n<p>Jogos agg\u00e1lyok mer\u00fclhetnek fel egy l\u00e9gtechnikai berendez\u00e9s val\u00f3di hat\u00e9konys\u00e1g\u00e1val kapcsolatban a l\u00e9gk\u00f6r tiszt\u00edt\u00e1s\u00e1ra an\u00e9lk\u00fcl, hogy zaj\u00e1rtalmakat vagy kellemetlen l\u00e9g\u00e1ramlatokat okozna a szell\u0151ztet\u00e9s miatt. <a href=\"https:\/\/obera.fr\/hu\/produits\/purificateurs-air\/\">Professzion\u00e1lis l\u00e9gtiszt\u00edt\u00f3ink<\/a> integr\u00e1l\u00e1sa, amelyek nagyon nagy hat\u00e9konys\u00e1g\u00fa HEPA sz\u0171r\u0151kkel vannak felszerelve, lehet\u0151v\u00e9 teszi a lebeg\u0151 ultrafinom r\u00e9szecsk\u00e9k 99,995%-\u00e1nak befog\u00e1s\u00e1t, mik\u00f6zben fenntartja az optim\u00e1lis l\u00e9g\u00e1ramot. Ez a cs\u00facstechnol\u00f3gi\u00e1s kezel\u00e9si technol\u00f3gia abszol\u00fat mechanikus akad\u00e1lyk\u00e9nt m\u0171k\u00f6dik, <strong>k\u00e1ros kibocs\u00e1t\u00e1sok n\u00e9lk\u00fcli tiszt\u00edtott leveg\u0151t<\/strong> biztos\u00edtva a bent tart\u00f3zkod\u00f3k szervezete sz\u00e1m\u00e1ra.  <\/p>\n\n<h2 class=\"wp-block-heading\">Vegyi szennyez\u0151k \u00e9s m\u00e9rgez\u0151 f\u00fcst\u00f6k befog\u00e1sa a forr\u00e1sn\u00e1l<\/h2>\n\n<p>Sz\u00e1mos gy\u00e1rt\u00f3m\u0171helyben az ill\u00e9kony szerves vegy\u00fcletek (VOC) vagy m\u00e9rgez\u0151 f\u00fcst\u00f6k ism\u00e9telt bel\u00e9legz\u00e9se s\u00falyos kr\u00f3nikus betegs\u00e9gek forr\u00e1sa. Ezeknek a szennyez\u0151knek a k\u00f6zvetlen\u00fcl a forr\u00e1sn\u00e1l t\u00f6rt\u00e9n\u0151 befog\u00e1sa megfelel\u0151 szell\u0151ztet\u00e9ssel azonnal megakad\u00e1lyozza azok terjed\u00e9s\u00e9t a l\u00e9gz\u00e9si z\u00f3n\u00e1ban, biztos\u00edtva a g\u0151z\u00f6k semleges\u00edt\u00e9s\u00e9t munkat\u00e1rsai v\u00e9delm\u00e9ben. A legink\u00e1bb kitett k\u00f6rnyezetek sz\u00e1m\u00e1ra <a href=\"https:\/\/obera.fr\/hu\/vegyszerek-petrolkemiai-termekek-parakemiai-termekek\/purificateur-industrie-chimique\/\">vegyipari tiszt\u00edt\u00f3ink<\/a>, amelyek <a href=\"https:\/\/obera.fr\/hu\/produits\/traitement-cov\/\">VOC kezel\u0151 rendszerrel<\/a> vannak p\u00e1ros\u00edtva, <strong>teljesen n\u00e9lk\u00fcl\u00f6zhetetlen szakmai megel\u0151z\u00e9st<\/strong> k\u00edn\u00e1lnak a neurol\u00f3giai kock\u00e1zatokkal szemben.  <\/p>\n\n<h2 class=\"wp-block-heading\">Cselekedjen: v\u00e9dje csapat\u00e1t megfelel\u0151 megold\u00e1ssal<\/h2>\n\n<p>Minden ipari t\u00e9rnek megvannak a saj\u00e1t eg\u00e9szs\u00e9g\u00fcgyi korl\u00e1tai, amelyek t\u00f6k\u00e9letesen m\u00e9retezett leveg\u0151kezel\u00e9si megold\u00e1st ig\u00e9nyelnek. Ha k\u00e9ts\u00e9gei vannak a telep\u00edtend\u0151 sz\u0171r\u0151 t\u00edpus\u00e1val kapcsolatban oper\u00e1torai l\u00e9gz\u00e9si min\u0151s\u00e9g\u00e9nek garant\u00e1l\u00e1sa \u00e9rdek\u00e9ben, szak\u00e9rt\u0151ink teljes m\u00e9rt\u00e9kben rendelkez\u00e9s\u00e9re \u00e1llnak. Ne habozzon szem\u00e9lyre szabott tanulm\u00e1nyt k\u00e9rni, hogy vil\u00e1gos, r\u00e9szletes \u00e9s k\u00f6telezetts\u00e9g n\u00e9lk\u00fcli <strong>ipari szell\u0151ztet\u00e9si \u00e1raj\u00e1nlatot<\/strong> kapjon.  <\/p>\n\n<h2 class=\"wp-block-heading\">Ipari porok elt\u00e1vol\u00edt\u00e1sa a t\u00fcd\u0151 meg\u00f3v\u00e1sa \u00e9rdek\u00e9ben<\/h2>\n\n<p>A megmunk\u00e1l\u00e1s sor\u00e1n keletkez\u0151 finom porok olyan mikroszennyez\u0151k, amelyek m\u00e9lyen behatolnak az alveolusokba, asztm\u00e1t \u00e9s s\u00falyos allergi\u00e1kat okozva. <a href=\"https:\/\/obera.fr\/hu\/produits\/depoussiereurs-industriels\/\">Nagy teljes\u00edtm\u00e9ny\u0171 ipari portalan\u00edt\u00f3k<\/a> telep\u00edt\u00e9se lehet\u0151v\u00e9 teszi ezeknek a r\u00e9szecsk\u00e9knek a mechanikus elt\u00e1vol\u00edt\u00e1s\u00e1t, miel\u0151tt azok a k\u00f6rnyezeti leveg\u0151ben megrekednek. Ak\u00e1r <a href=\"https:\/\/obera.fr\/hu\/fa\/purificateur-industrie-bois\/\">faporokat<\/a>, ak\u00e1r <a href=\"https:\/\/obera.fr\/hu\/papir-karton-hu\/purificateur-traitement-papier\/\">pap\u00edrmaradv\u00e1nyokat<\/a> kell kezelnie, a hat\u00e9kony elsz\u00edv\u00e1s <strong>nagy hat\u00e9konys\u00e1g\u00fa megel\u0151z\u0151 pajzsot<\/strong> k\u00edn\u00e1l oper\u00e1torai eg\u00e9szs\u00e9g\u00e9\u00e9rt.  <\/p>\n\n<h2 class=\"wp-block-heading\">Leveg\u0151 h\u0171t\u00e9s: a h\u0151komfort \u00e9s a bakteriol\u00f3giai biztons\u00e1g \u00f6sszekapcsol\u00e1sa<\/h2>\n\n<p>A nagy ipari t\u00e9rfogatok h\u0171t\u00e9se gyakran felvet f\u00e9lelmet a vesz\u00e9lyes bakt\u00e9riumok, mint p\u00e9ld\u00e1ul a legionell\u00e1k szaporod\u00e1s\u00e1t\u00f3l, amelyek gyakran a rosszul karbantartott l\u00e9gkondicion\u00e1l\u00f3khoz kapcsol\u00f3dnak. <a href=\"https:\/\/obera.fr\/hu\/produits\/rafraichisseurs-air\/\">P\u00e1rolg\u00e1sos l\u00e9gh\u0171t\u0151ink<\/a> term\u00e9szetes elj\u00e1r\u00e1st alkalmaznak v\u00edz stagn\u00e1l\u00e1sa n\u00e9lk\u00fcl, garant\u00e1lva az eg\u00e9szs\u00e9ges h\u0151m\u00e9rs\u00e9klet-cs\u00f6kken\u00e9st a kiv\u00e1l\u00f3 k\u00f6rnyezeti min\u0151s\u00e9g fenntart\u00e1sa \u00e9rdek\u00e9ben t\u00falzott p\u00e1ratartalom n\u00e9lk\u00fcl. Ez a zseni\u00e1lis mechanikus rendszer <strong>abszol\u00fat bakteriol\u00f3giai biztons\u00e1got<\/strong> biztos\u00edt, kik\u00fcsz\u00f6b\u00f6lve minden t\u00fcd\u0151fert\u0151z\u00e9s kock\u00e1zat\u00e1t, mik\u00f6zben jav\u00edtja a munkak\u00f6r\u00fclm\u00e9nyeket er\u0151s h\u0151s\u00e9g idej\u00e9n.  <\/p>\n\n<h2 class=\"wp-block-heading\">Megel\u0151z\u0151 karbantart\u00e1s: az \u00e1lland\u00f3 l\u00e9gszennyez\u00e9s-cs\u00f6kkent\u00e9s garanci\u00e1ja<\/h2>\n\n<p>A szennyez\u0151k felhalmoz\u00f3d\u00e1sa minden ipari sz\u0171r\u0151ben n\u00e9ha aggodalmat kelt a munkak\u00f6rnyezetbe t\u00f6rt\u00e9n\u0151 esetleges v\u00e9letlen kibocs\u00e1t\u00e1ssal kapcsolatban. Ennek a kock\u00e1zatnak a kik\u00fcsz\u00f6b\u00f6l\u00e9s\u00e9re berendez\u00e9seink nyom\u00e1sellen\u0151rz\u00e9seket tartalmaznak, amelyek val\u00f3s id\u0151ben m\u00e9rik a sz\u0171r\u0151k\u00f6zeg elt\u00f6m\u0151d\u00e9s\u00e9t, \u00e9s figyelmeztetnek a kezel\u00e9s hat\u00e9konys\u00e1g\u00e1nak b\u00e1rmilyen cs\u00f6kken\u00e9se el\u0151tt. A szell\u0151ztet\u0151 patronok rendszeres cser\u00e9je <strong>hib\u00e1tlan l\u00e9gz\u00e9si biztons\u00e1got<\/strong> biztos\u00edt, megakad\u00e1lyozva a m\u00e9rgez\u0151 g\u00e1zok visszajut\u00e1s\u00e1t a termel\u00e9si terekbe.  <\/p>\n\n<h2 class=\"wp-block-heading\">Foglalkoz\u00e1si betegs\u00e9gek megel\u0151z\u00e9se \u00e9s jogi keret<\/h2>\n\n<p>Az azonnali k\u00e9nyelmetlens\u00e9gen t\u00fal a rossz belt\u00e9ri leveg\u0151min\u0151s\u00e9gnek val\u00f3 hosszan tart\u00f3 kitetts\u00e9g a v\u00e1llalat felel\u0151ss\u00e9g\u00e9t vonja maga ut\u00e1n az elismert foglalkoz\u00e1si betegs\u00e9gekkel szemben. Egy tan\u00fas\u00edtott l\u00e9gszennyez\u00e9s-cs\u00f6kkent\u0151 h\u00e1l\u00f3zat telep\u00edt\u00e9se nemcsak az oper\u00e1torok fizikai eg\u00e9szs\u00e9g\u00e9t v\u00e9di, hanem megfelel a munkav\u00e9delmi ellen\u0151rz\u00e9s k\u00f6vetelm\u00e9nyeinek is minden ipari megold\u00e1ssal kapcsolatban. Befog\u00e1si \u00e9s szell\u0151ztet\u0151 rendszereink seg\u00edtenek fenntartani a <strong>szab\u00e1lyoz\u00e1si koncentr\u00e1ci\u00f3s szinteket<\/strong>, \u00edgy bizony\u00edtva konkr\u00e9t elk\u00f6telezetts\u00e9g\u00e9t alkalmazottai integrit\u00e1sa ir\u00e1nt.  <\/p>\n\n<h2 class=\"wp-block-heading\">K\u00f6rnyezete audit\u00e1l\u00e1sa: szem\u00e9lyre szabott v\u00e1lasz<\/h2>\n\n<p>Minden gy\u00e1r vagy laborat\u00f3rium egyedi szennyez\u00e9si forr\u00e1sokat mutat, amelyek a kibocs\u00e1tott szennyez\u0151k t\u00edpusainak alapos elemz\u00e9s\u00e9t ig\u00e9nylik az elsz\u00edv\u00e1si megold\u00e1s bevezet\u00e9se el\u0151tt. Technikusaink teljes k\u00f6r\u0171 tanulm\u00e1nyt v\u00e9geznek az \u00d6n ter\u00fclet\u00e9r\u0151l, hogy meghat\u00e1rozz\u00e1k a sz\u00fcks\u00e9ges l\u00e9g\u00e1ramot \u00e9s kiv\u00e1lassz\u00e1k a legmegfelel\u0151bb kezel\u00e9si technol\u00f3gi\u00e1kat. Megk\u00f6zel\u00edt\u00e9seink felfedez\u00e9s\u00e9hez megtekintheti r\u00e9szletes bros\u00far\u00e1inkat, vagy k\u00e9rhet konkr\u00e9t \u00e1raj\u00e1nlatot, hogy <strong>szak\u00e9rt\u0151 visszah\u00edv\u00e1s\u00e1t<\/strong> kapja, garant\u00e1lva a t\u00f6k\u00e9letesen kalibr\u00e1lt projektet.  <\/p>\n\n<h2 class=\"wp-block-heading\">L\u00e9pjen kapcsolatba az OberA-val eg\u00e9szs\u00e9ges munkak\u00f6rnyezet\u00e9rt<\/h2>\n\n<p>Termel\u00e9si k\u00f6rnyezete biztos\u00edt\u00e1sa nem improviz\u00e1lhat\u00f3, ez\u00e9rt az OberA l\u00e9p\u00e9sr\u0151l l\u00e9p\u00e9sre elk\u00eds\u00e9ri \u00d6nt a legjobb technikai megold\u00e1shoz. Ak\u00e1r jelenlegi szell\u0151ztet\u00e9se optimaliz\u00e1l\u00e1s\u00e1ra, sz\u0171r\u0151csere vagy ipari \u00e9p\u00fclete \u00e1tfog\u00f3 kezel\u00e9s\u00e9nek megtervez\u00e9s\u00e9re van sz\u00fcks\u00e9ge, megvannak a v\u00e1laszaink leveg\u0151min\u0151s\u00e9gi probl\u00e9m\u00e1ira. K\u00e9rje m\u00e9g ma <strong>szem\u00e9lyre szabott kezel\u00e9si \u00e1raj\u00e1nlat\u00e1t<\/strong>, hogy tart\u00f3san megv\u00e9dje v\u00e1llalata eg\u00e9szs\u00e9gi t\u0151k\u00e9j\u00e9t.  <\/p>\n","protected":false},"excerpt":{"rendered":"<p>A belt\u00e9ri leveg\u0151min\u0151s\u00e9g jav\u00edt\u00e1sa jelent\u0151s k\u00f6zeg\u00e9szs\u00e9g\u00fcgyi k\u00e9rd\u00e9ss\u00e9 v\u00e1lt a munkat\u00e1rsak v\u00e9delm\u00e9ben minden ipari vagy tercier k\u00f6rnyezetben.<\/p>\n","protected":false},"author":13,"featured_media":154946,"comment_status":"open","ping_status":"closed","sticky":false,"template":"","format":"standard","meta":{"_acf_changed":false,"_seopress_robots_primary_cat":"394","_seopress_titles_title":"Ipari leveg\u0151kezel\u00e9s: eg\u00e9szs\u00e9g\u00fcgyi megold\u00e1sok | OberA","_seopress_titles_desc":"V\u00e9dje csapata eg\u00e9szs\u00e9g\u00e9t az OberA megold\u00e1saival: HEPA sz\u0171r\u00e9s, VOC befog\u00e1s, portalan\u00edt\u00e1s \u00e9s ipari leveg\u0151 h\u0171t\u00e9s.","_seopress_robots_index":"","footnotes":""},"categories":[1055],"tags":[436,509,545],"class_list":["post-154945","post","type-post","status-publish","format-standard","has-post-thumbnail","hentry","category-egeszseg","tag-hutok","tag-porgyujtok","tag-tisztitoberendezesek","generate-columns","tablet-grid-50","mobile-grid-100","grid-parent","grid-50","no-featured-image-padding","resize-featured-image"],"acf":[],"_links":{"self":[{"href":"https:\/\/obera.fr\/hu\/wp-json\/wp\/v2\/posts\/154945","targetHints":{"allow":["GET"]}}],"collection":[{"href":"https:\/\/obera.fr\/hu\/wp-json\/wp\/v2\/posts"}],"about":[{"href":"https:\/\/obera.fr\/hu\/wp-json\/wp\/v2\/types\/post"}],"author":[{"embeddable":true,"href":"https:\/\/obera.fr\/hu\/wp-json\/wp\/v2\/users\/13"}],"replies":[{"embeddable":true,"href":"https:\/\/obera.fr\/hu\/wp-json\/wp\/v2\/comments?post=154945"}],"version-history":[{"count":1,"href":"https:\/\/obera.fr\/hu\/wp-json\/wp\/v2\/posts\/154945\/revisions"}],"predecessor-version":[{"id":154947,"href":"https:\/\/obera.fr\/hu\/wp-json\/wp\/v2\/posts\/154945\/revisions\/154947"}],"wp:featuredmedia":[{"embeddable":true,"href":"https:\/\/obera.fr\/hu\/wp-json\/wp\/v2\/media\/154946"}],"wp:attachment":[{"href":"https:\/\/obera.fr\/hu\/wp-json\/wp\/v2\/media?parent=154945"}],"wp:term":[{"taxonomy":"category","embeddable":true,"href":"https:\/\/obera.fr\/hu\/wp-json\/wp\/v2\/categories?post=154945"},{"taxonomy":"post_tag","embeddable":true,"href":"https:\/\/obera.fr\/hu\/wp-json\/wp\/v2\/tags?post=154945"}],"curies":[{"name":"wp","href":"https:\/\/api.w.org\/{rel}","templated":true}]}}