{"id":71994,"date":"2023-04-14T15:51:16","date_gmt":"2023-04-14T13:51:16","guid":{"rendered":"https:\/\/obera.fr\/a-mi-tanacsunk\/comment-fonctionne-un-rafraichisseur-adiabatique\/"},"modified":"2025-04-25T10:06:47","modified_gmt":"2025-04-25T08:06:47","slug":"comment-fonctionne-un-rafraichisseur-adiabatique","status":"publish","type":"post","link":"https:\/\/obera.fr\/hu\/a-mi-tanacsunk\/comment-fonctionne-un-rafraichisseur-adiabatique\/","title":{"rendered":"Az ipari l\u00e9gh\u0171t\u0151k m\u0171k\u00f6d\u00e9s\u00e9nek meg\u00e9rt\u00e9se"},"content":{"rendered":"\n<div class=\"wp-block-columns is-layout-flex wp-container-core-columns-is-layout-28f84493 wp-block-columns-is-layout-flex\">\n<div class=\"wp-block-column is-layout-flow wp-block-column-is-layout-flow\" style=\"flex-basis:66.66%\">\n<p>A l\u00e9gkondicion\u00e1l\u00f3 rendszerekkel ellent\u00e9tben a<strong> l\u00e9gh\u0171t\u0151<\/strong> egyszer\u0171en \u00e9s term\u00e9szetesen h\u0171ti a helyis\u00e9get. A <strong>p\u00e1rologtat\u00f3 h\u0171t\u00e9s<\/strong> elv\u00e9n alapul: a meleg leveg\u0151 v\u00edzzel \u00e9rintkezik, cs\u00f6kkentve a k\u00f6rnyezeti h\u0151t. Ez a rendszer k\u00fcl\u00f6n\u00f6sen j\u00f3l alkalmazhat\u00f3 ipari k\u00f6rnyezetben, mivel hat\u00e9kony, energiatakar\u00e9kos \u00e9s sokkal kedvez\u0151bb \u00e1r\u00fa, mint a hagyom\u00e1nyos l\u00e9gkondicion\u00e1l\u00f3k.  <\/p>\n\n\n\n<p>Ha azon t\u0171n\u0151dik, hogy <strong>&#8222;Hogyan m\u0171k\u00f6dik egy l\u00e9gh\u0171t\u0151?<\/strong> &#8222;, ez a cikk elmagyar\u00e1zza, hogyan m\u0171k\u00f6dik, milyen el\u0151nyei vannak, \u00e9s ad n\u00e9h\u00e1ny tan\u00e1csot arra vonatkoz\u00f3an, hogyan hozhatja ki bel\u0151le a legt\u00f6bbet ipari k\u00f6rnyezetben <strong>.<\/strong> <\/p>\n<\/div>\n\n\n\n<div class=\"wp-block-column is-layout-flow wp-block-column-is-layout-flow\" style=\"flex-basis:33.33%\">\n<figure class=\"wp-block-image aligncenter size-large is-resized\"><img decoding=\"async\" width=\"1024\" height=\"856\" src=\"https:\/\/obera.fr\/wp-content\/uploads\/2024\/11\/gamme-ic-1-1024x856.png\" alt=\"ic-tartom&#xE1;ny\" class=\"wp-image-49129\" style=\"width:285px;height:auto\" srcset=\"https:\/\/obera.fr\/wp-content\/uploads\/2024\/11\/gamme-ic-1-1024x856.png 1024w, https:\/\/obera.fr\/wp-content\/uploads\/2024\/11\/gamme-ic-1-300x251.png 300w, https:\/\/obera.fr\/wp-content\/uploads\/2024\/11\/gamme-ic-1-768x642.png 768w, https:\/\/obera.fr\/wp-content\/uploads\/2024\/11\/gamme-ic-1.png 1200w\" sizes=\"(max-width: 1024px) 100vw, 1024px\" \/><\/figure>\n<\/div>\n<\/div>\n\n<h2 class=\"wp-block-heading\">Hogyan m\u0171k\u00f6dik egy l\u00e9gh\u0171t\u0151?<\/h2>\n\n<h3 class=\"wp-block-heading\">A p\u00e1rologtat\u00f3 h\u0171t\u00e9s elve<\/h3>\n\n<div class=\"wp-block-columns is-layout-flex wp-container-core-columns-is-layout-28f84493 wp-block-columns-is-layout-flex\">\n<div class=\"wp-block-column is-layout-flow wp-block-column-is-layout-flow\" style=\"flex-basis:66.66%\">\n<p><strong> A p\u00e1rologtat\u00f3 h\u0171t\u00e9s<\/strong> egy olyan termikus folyamat, amely a v\u00edz \u00e1ltal p\u00e1rolg\u00e1s k\u00f6zben elnyelt energia hasznos\u00edt\u00e1s\u00e1val cs\u00f6kkenti a k\u00f6rnyezeti leveg\u0151 h\u0151m\u00e9rs\u00e9klet\u00e9t. Amikor a v\u00edz meleg leveg\u0151vel \u00e9rintkezik, egy r\u00e9sze elp\u00e1rolog. Ez az \u00e1llapotv\u00e1ltoz\u00e1s h\u0151energia elnyel\u00e9s\u00e9t ig\u00e9nyli. Ez a k\u00f6rnyezeti leveg\u0151b\u0151l sz\u00e1rmaz\u00f3 h\u0151\u00e1raml\u00e1s<strong>leh\u0171ti a k\u00f6rnyez\u0151 leveg\u0151t<\/strong>. Ezt a jelens\u00e9get adiabatikusnak nevezz\u00fck, mivel a h\u0151energia a v\u00edz\/leveg\u0151 rendszerben a k\u00fclvil\u00e1ggal val\u00f3 csere n\u00e9lk\u00fcl is megmarad.    <\/p>\n\n\n\n<h3 class=\"wp-block-heading\">Az adiabatikus h\u0171t\u0151: a p\u00e1rolg\u00e1s term\u00e9szetes jelens\u00e9g\u00e9nek feler\u0151s\u00edt\u00e9se<\/h3>\n\n\n\n<p>Le<strong> <\/strong>Az <a href=\"https:\/\/obera.fr\/hu\/produits\/rafraichisseurs-air\/\">adiabatikus h\u0171t\u0151<\/a> optimaliz\u00e1lja a l\u00e9g\u00e1raml\u00e1s \u00e9s a v\u00edz\u00e1raml\u00e1s k\u00f6z\u00f6tti kapcsolatot egy p\u00e1rologtat\u00f3 k\u00f6zegen kereszt\u00fcl. A p\u00e1rologtat\u00f3 k\u00f6zeg teh\u00e1t a k\u00e9sz\u00fcl\u00e9k kulcsfontoss\u00e1g\u00fa eleme, \u00e9s \u00fagy tervezt\u00e9k, hogy a <strong>p\u00e1rolg\u00e1s termodinamikai<\/strong> elveit maxim\u00e1lisan kihaszn\u00e1lja, intenz\u00edvebb \u00e9s hat\u00e9konyabb h\u0171t\u00e9si hat\u00e1st eredm\u00e9nyezve.   <\/p>\n\n\n\n<h3 class=\"wp-block-heading\">K\u00fcl\u00f6nbs\u00e9gek a l\u00e9gkondicion\u00e1l\u00f3 rendszerekkel szemben<\/h3>\n\n\n\n<p>A hagyom\u00e1nyos l\u00e9gkondicion\u00e1l\u00f3val ellent\u00e9tben, amely h\u0171t\u0151k\u00f6zegk\u00f6rrel \u00e9s h\u0171t\u0151g\u00e1zzal rendelkezik a h\u0151m\u00e9rs\u00e9klet cs\u00f6kkent\u00e9s\u00e9hez, a<strong> l\u00e9gh\u0171t\u0151 v\u00edzzel h\u0171ti a k\u00f6rnyezeti leveg\u0151t<\/strong>. Ez a folyamat term\u00e9szetesebb, \u00e9s kevesebb \u00f6sszetett alkatr\u00e9szb\u0151l \u00e1ll. R\u00e1ad\u00e1sul a l\u00e9gh\u0171t\u0151nek nincs sz\u00fcks\u00e9ge kompresszorokra \u00e9s motorokra, csak egy ventil\u00e1torra, \u00edgy sokkal kevesebb energi\u00e1t fogyaszt. Ez gazdas\u00e1gosabb \u00e9s k\u00f6rnyezetbar\u00e1tabb alternat\u00edv\u00e1t jelent, amely t\u00f6k\u00e9letesen alkalmas nagy <strong>ipari terekbe<\/strong>.   <\/p>\n<\/div>\n\n\n\n<div class=\"wp-block-column is-layout-flow wp-block-column-is-layout-flow\" style=\"flex-basis:50%\">\n<figure class=\"wp-block-embed is-type-video is-provider-youtube wp-block-embed-youtube wp-embed-aspect-16-9 wp-has-aspect-ratio\"><div class=\"wp-block-embed__wrapper\">\n<iframe title=\"Rafraichisseur d&#039;air - Gamme IC - OberA\" width=\"1200\" height=\"675\" src=\"https:\/\/www.youtube.com\/embed\/NG-Ssy2oM70?feature=oembed\" frameborder=\"0\" allow=\"accelerometer; autoplay; clipboard-write; encrypted-media; gyroscope; picture-in-picture; web-share\" referrerpolicy=\"strict-origin-when-cross-origin\" allowfullscreen><\/iframe>\n<\/div><\/figure>\n\n\n\n<figure class=\"wp-block-image aligncenter size-full is-resized\"><img decoding=\"async\" width=\"600\" height=\"600\" src=\"https:\/\/obera.fr\/wp-content\/uploads\/2022\/12\/rafraichisseur-dair-instruction-1.png\" alt=\"utas&#xED;t&#xE1;s l&#xE9;gfriss&#xED;t&#x151; 1\" class=\"wp-image-17132\" style=\"width:242px;height:auto\" srcset=\"https:\/\/obera.fr\/wp-content\/uploads\/2022\/12\/rafraichisseur-dair-instruction-1.png 600w, https:\/\/obera.fr\/wp-content\/uploads\/2022\/12\/rafraichisseur-dair-instruction-1-300x300.png 300w, https:\/\/obera.fr\/wp-content\/uploads\/2022\/12\/rafraichisseur-dair-instruction-1-150x150.png 150w\" sizes=\"(max-width: 600px) 100vw, 600px\" \/><\/figure>\n<\/div>\n<\/div>\n\n<h2 class=\"wp-block-heading\">Az ipari l\u00e9gh\u0171t\u0151k el\u0151nyei  <\/h2>\n\n<h3 class=\"wp-block-heading\">Energiahat\u00e9konys\u00e1g<\/h3>\n\n<div class=\"wp-block-columns is-layout-flex wp-container-core-columns-is-layout-28f84493 wp-block-columns-is-layout-flex\">\n<div class=\"wp-block-column is-layout-flow wp-block-column-is-layout-flow\" style=\"flex-basis:33.33%\">\n<figure class=\"wp-block-image aligncenter size-large is-resized\"><img decoding=\"async\" width=\"1024\" height=\"1024\" src=\"https:\/\/obera.fr\/wp-content\/uploads\/2025\/01\/image-avantages-1024x1024.jpg\" alt=\"k&#xE9;pi el&#x151;ny&#xF6;k\" class=\"wp-image-57732\" style=\"width:107px;height:auto\" srcset=\"https:\/\/obera.fr\/wp-content\/uploads\/2025\/01\/image-avantages-1024x1024.jpg 1024w, https:\/\/obera.fr\/wp-content\/uploads\/2025\/01\/image-avantages-300x300.jpg 300w, https:\/\/obera.fr\/wp-content\/uploads\/2025\/01\/image-avantages-150x150.jpg 150w, https:\/\/obera.fr\/wp-content\/uploads\/2025\/01\/image-avantages-768x768.jpg 768w, https:\/\/obera.fr\/wp-content\/uploads\/2025\/01\/image-avantages-400x400.jpg 400w, https:\/\/obera.fr\/wp-content\/uploads\/2025\/01\/image-avantages-600x600.jpg 600w, https:\/\/obera.fr\/wp-content\/uploads\/2025\/01\/image-avantages.jpg 1200w\" sizes=\"(max-width: 1024px) 100vw, 1024px\" \/><\/figure>\n<\/div>\n\n\n\n<div class=\"wp-block-column is-layout-flow wp-block-column-is-layout-flow\" style=\"flex-basis:66.66%\">\n<p><strong>Az ipari l\u00e9gh\u0171t\u0151k<\/strong> sokkal energiahat\u00e9konyabbak, mint a hagyom\u00e1nyos l\u00e9gkondicion\u00e1l\u00f3 rendszerek. Val\u00f3j\u00e1ban \u00e1tlagosan t\u00edzszer kevesebb villamos energi\u00e1t fogyasztanak, mint egy kompresszoros l\u00e9gkondicion\u00e1l\u00f3. Az <strong>adiabatikus h\u0171t\u0151kben <\/strong>az \u00e1ramot csak a v\u00edz keringet\u00e9s\u00e9re \u00e9s a ventil\u00e1tor m\u0171k\u00f6dtet\u00e9s\u00e9re haszn\u00e1lj\u00e1k. R\u00e1ad\u00e1sul az energiahat\u00e9konys\u00e1guk a k\u00f6rnyezeti h\u0151m\u00e9rs\u00e9klet n\u00f6veked\u00e9s\u00e9vel n\u0151, mivel a meleg leveg\u0151 el\u0151seg\u00edti a v\u00edz elp\u00e1rolg\u00e1s\u00e1t, ami a l\u00e9gkondicion\u00e1l\u00f3kt\u00f3l elt\u00e9r\u0151en an\u00e9lk\u00fcl jav\u00edtja a h\u0171t\u00e9si kapacit\u00e1st, hogy az energiafogyaszt\u00e1s jelent\u0151s n\u00f6veked\u00e9s\u00e9hez vezetne. Ez hossz\u00fa t\u00e1von cs\u00f6kkenti az energiak\u00f6lts\u00e9geket, \u00e9s optimaliz\u00e1lja <strong>az ipari l\u00e9tes\u00edtm\u00e9nyek hat\u00e9konys\u00e1g\u00e1t<\/strong>, mik\u00f6zben megfelel a f\u0151bb h\u0171t\u00e9si k\u00f6vetelm\u00e9nyeknek.    <\/p>\n<\/div>\n<\/div>\n\n<h3 class=\"wp-block-heading\">Cs\u00f6kkentett k\u00f6rnyezeti hat\u00e1s<\/h3>\n\n<div class=\"wp-block-columns is-layout-flex wp-container-core-columns-is-layout-28f84493 wp-block-columns-is-layout-flex\">\n<div class=\"wp-block-column is-layout-flow wp-block-column-is-layout-flow\" style=\"flex-basis:33.33%\">\n<figure class=\"wp-block-image aligncenter size-large is-resized\"><img decoding=\"async\" width=\"1024\" height=\"1024\" src=\"https:\/\/obera.fr\/wp-content\/uploads\/2025\/01\/image-avantages-1024x1024.jpg\" alt=\"k&#xE9;pi el&#x151;ny&#xF6;k\" class=\"wp-image-57732\" style=\"width:113px;height:auto\" srcset=\"https:\/\/obera.fr\/wp-content\/uploads\/2025\/01\/image-avantages-1024x1024.jpg 1024w, https:\/\/obera.fr\/wp-content\/uploads\/2025\/01\/image-avantages-300x300.jpg 300w, https:\/\/obera.fr\/wp-content\/uploads\/2025\/01\/image-avantages-150x150.jpg 150w, https:\/\/obera.fr\/wp-content\/uploads\/2025\/01\/image-avantages-768x768.jpg 768w, https:\/\/obera.fr\/wp-content\/uploads\/2025\/01\/image-avantages-400x400.jpg 400w, https:\/\/obera.fr\/wp-content\/uploads\/2025\/01\/image-avantages-600x600.jpg 600w, https:\/\/obera.fr\/wp-content\/uploads\/2025\/01\/image-avantages.jpg 1200w\" sizes=\"(max-width: 1024px) 100vw, 1024px\" \/><\/figure>\n<\/div>\n\n\n\n<div class=\"wp-block-column is-layout-flow wp-block-column-is-layout-flow\" style=\"flex-basis:66.66%\">\n<p>Az <strong>ipari l\u00e9gh\u0171t\u0151k<\/strong> k\u00f6rnyezetre gyakorolt hat\u00e1sa alacsony. M\u00edg a l\u00e9gkondicion\u00e1l\u00f3k h\u0171t\u0151k\u00f6zegg\u00e1zokat haszn\u00e1lnak, amelyek k\u00e1ros\u00edthatj\u00e1k az \u00f3zonr\u00e9teget \u00e9s hozz\u00e1j\u00e1rulhatnak a glob\u00e1lis felmeleged\u00e9shez, a l\u00e9gh\u0171t\u0151k csak leveg\u0151t \u00e9s vizet haszn\u00e1lnak m\u0171k\u00f6d\u00e9s\u00fckh\u00f6z. A h\u0171t\u0151g\u00e1zok \u00e9s <strong>vegyi anyagok<\/strong> hi\u00e1nya minim\u00e1lisra cs\u00f6kkenti e berendez\u00e9sek \u00f6kol\u00f3giai l\u00e1bnyom\u00e1t. R\u00e1ad\u00e1sul az adiabatikus folyamat nem termel szennyez\u0151anyag-kibocs\u00e1t\u00e1st, \u00edgy sokkal z\u00f6ldebb \u00e9s fenntarthat\u00f3bb megold\u00e1st jelent a k\u00f6rnyezeti hat\u00e1suk miatt agg\u00f3d\u00f3 v\u00e1llalkoz\u00e1sok sz\u00e1m\u00e1ra.   <\/p>\n<\/div>\n<\/div>\n\n<h3 class=\"wp-block-heading\">K\u00f6nnyen haszn\u00e1lhat\u00f3, telep\u00edthet\u0151 \u00e9s karbantarthat\u00f3<\/h3>\n\n<div class=\"wp-block-columns is-layout-flex wp-container-core-columns-is-layout-28f84493 wp-block-columns-is-layout-flex\">\n<div class=\"wp-block-column is-layout-flow wp-block-column-is-layout-flow\" style=\"flex-basis:33.33%\">\n<figure class=\"wp-block-image aligncenter size-large is-resized\"><img decoding=\"async\" width=\"1024\" height=\"1024\" src=\"https:\/\/obera.fr\/wp-content\/uploads\/2025\/01\/image-avantages-1024x1024.jpg\" alt=\"k&#xE9;pi el&#x151;ny&#xF6;k\" class=\"wp-image-57732\" style=\"width:113px;height:auto\" srcset=\"https:\/\/obera.fr\/wp-content\/uploads\/2025\/01\/image-avantages-1024x1024.jpg 1024w, https:\/\/obera.fr\/wp-content\/uploads\/2025\/01\/image-avantages-300x300.jpg 300w, https:\/\/obera.fr\/wp-content\/uploads\/2025\/01\/image-avantages-150x150.jpg 150w, https:\/\/obera.fr\/wp-content\/uploads\/2025\/01\/image-avantages-768x768.jpg 768w, https:\/\/obera.fr\/wp-content\/uploads\/2025\/01\/image-avantages-400x400.jpg 400w, https:\/\/obera.fr\/wp-content\/uploads\/2025\/01\/image-avantages-600x600.jpg 600w, https:\/\/obera.fr\/wp-content\/uploads\/2025\/01\/image-avantages.jpg 1200w\" sizes=\"(max-width: 1024px) 100vw, 1024px\" \/><\/figure>\n<\/div>\n\n\n\n<div class=\"wp-block-column is-layout-flow wp-block-column-is-layout-flow\" style=\"flex-basis:66.66%\">\n<p>A <strong>hagyom\u00e1nyos l\u00e9gkondicion\u00e1l\u00f3 rendszerekkel<\/strong> szemben, amelyek \u00f6sszetett munk\u00e1t ig\u00e9nyelnek, p\u00e9ld\u00e1ul csatorn\u00e1k, kompresszorok \u00e9s speci\u00e1lis vezet\u00e9kek telep\u00edt\u00e9s\u00e9t, a l\u00e9gh\u0171t\u0151k gyorsan \u00e9s k\u00f6lts\u00e9ges infrastrukt\u00fara n\u00e9lk\u00fcl telep\u00edthet\u0151k. R\u00e1ad\u00e1sul hordozhat\u00f3 modellek is rendelkez\u00e9sre \u00e1llnak, amelyek maxim\u00e1lis rugalmass\u00e1got biztos\u00edtanak. Ezzel szemben egy l\u00e9gkondicion\u00e1l\u00f3 berendez\u00e9shez gyakran a helyis\u00e9gen k\u00edv\u00fclre telep\u00edtett l\u00e9gkivezet\u00e9sre van sz\u00fcks\u00e9g, \u00e9s m\u00e9g ha mobil is, nehezen mozgathat\u00f3. A <strong>l\u00e9gh\u0171t\u0151k<\/strong> szerviz- \u00e9s karbantart\u00e1si k\u00f6lts\u00e9gei k\u00f6r\u00fclbel\u00fcl t\u00edzszer alacsonyabbak, mint a hagyom\u00e1nyos l\u00e9gkondicion\u00e1l\u00f3k\u00e9, k\u00f6sz\u00f6nhet\u0151en egyszer\u0171 kialak\u00edt\u00e1suknak \u00e9s a korl\u00e1tozott sz\u00e1m\u00fa alkatr\u00e9sznek. Ez az egyszer\u0171s\u00e9g jelent\u0151sen cs\u00f6kkenti a hossz\u00fa t\u00e1v\u00fa \u00fczemeltet\u00e9si k\u00f6lts\u00e9geket, \u00e9s lehet\u0151v\u00e9 teszi a v\u00e1llalkoz\u00e1sok sz\u00e1m\u00e1ra, hogy a <strong>hagyom\u00e1nyos l\u00e9gkondicion\u00e1l\u00f3k karbantart\u00e1s\u00e1val<\/strong> j\u00e1r\u00f3 gondok n\u00e9lk\u00fcl \u00e9lvezz\u00e9k a hat\u00e9kony h\u0171t\u0151rendszer el\u0151nyeit. V\u00e9g\u00fcl pedig vonz\u00f3bb az \u00e1rfekv\u00e9s\u00fck is.     <\/p>\n<\/div>\n<\/div>\n\n<h2 class=\"wp-block-heading\">Adiabatikus h\u0171t\u0151k ipari k\u00f6rnyezetben<\/h2>\n\n<h3 class=\"wp-block-heading\">A kedvezm\u00e9nyezett ipar\u00e1gak t\u00edpusai<\/h3>\n\n<p><strong>Az adiabatikus <\/strong>egys\u00e9gek k\u00fcl\u00f6n\u00f6sen hat\u00e9konyak sz\u00e1mos ipar\u00e1gban, ahol a h\u0151m\u00e9rs\u00e9klet-szab\u00e1lyoz\u00e1s elengedhetetlen az optim\u00e1lis munkak\u00f6r\u00fclm\u00e9nyek fenntart\u00e1s\u00e1hoz. Az olyan \u00e1gazatok, mint az \u00e9lelmiszeripar, a feldolgoz\u00f3ipar, a vegyipar, a gy\u00f3gyszeripar, a textilipar \u00e9s a nyomdaipar a legnagyobb haszon\u00e9lvez\u0151i ennek a technol\u00f3gi\u00e1nak. Ezekben a k\u00f6rnyezetekben a <strong>magas h\u0151m\u00e9rs\u00e9kleti viszonyok<\/strong> hat\u00e1ssal lehetnek mind az alkalmazottak termel\u00e9kenys\u00e9g\u00e9re, mind a term\u00e9kek min\u0151s\u00e9g\u00e9re. Ezek az ipari h\u0171t\u0151k nemcsak h\u0171v\u00f6s munkak\u00f6rnyezetet tartanak fenn, hanem a t\u00falzott meleggel j\u00e1r\u00f3 kock\u00e1zatokat is elker\u00fclhetik, mint p\u00e9ld\u00e1ul a nyersanyagok roml\u00e1s\u00e1t vagy a h\u0151\u00e9rz\u00e9keny berendez\u00e9sek k\u00e1rosod\u00e1s\u00e1t. Az <strong>\u00e9lelmiszer-el\u0151\u00e1ll\u00edt\u00f3 \u00fczemekben<\/strong> p\u00e9ld\u00e1ul a stabil h\u0151m\u00e9rs\u00e9klet fenntart\u00e1sa elengedhetetlen az eg\u00e9szs\u00e9g\u00fcgyi el\u0151\u00edr\u00e1sok betart\u00e1s\u00e1hoz \u00e9s a term\u00e9kmin\u0151s\u00e9g garant\u00e1l\u00e1s\u00e1hoz. A gy\u00e1rt\u00f3m\u0171helyekben a <strong>l\u00e9gh\u0171t\u0151k<\/strong> seg\u00edtenek szab\u00e1lyozni a g\u00e9pek h\u0151m\u00e9rs\u00e9klet\u00e9t, meghosszabb\u00edtva ezzel azok \u00e9lettartam\u00e1t \u00e9s optimaliz\u00e1lva a termel\u00e9si teljes\u00edtm\u00e9nyt.     <\/p>\n\n<h3 class=\"wp-block-heading\">Alkalmazkod\u00f3k\u00e9pess\u00e9g a k\u00fcl\u00f6nb\u00f6z\u0151 munkak\u00f6rnyezetekhez<\/h3>\n\n<div class=\"wp-block-columns is-layout-flex wp-container-core-columns-is-layout-28f84493 wp-block-columns-is-layout-flex\">\n<div class=\"wp-block-column is-layout-flow wp-block-column-is-layout-flow\" style=\"flex-basis:66.66%\">\n<p>Ak\u00e1r z\u00e1rt terekben, p\u00e9ld\u00e1ul rakt\u00e1rakban, gy\u00e1rt\u00f3m\u0171helyekben vagy nagy gy\u00e1rakban, ak\u00e1r nyitott terekben, p\u00e9ld\u00e1ul \u00e9p\u00edtkez\u00e9seken, a l\u00e9gh\u0171t\u0151k k\u00f6nnyen telep\u00edthet\u0151k az <strong>egyes k\u00f6rnyezetek egyedi ig\u00e9nyeinek<\/strong> megfelel\u0151en. A l\u00e9g\u00e1raml\u00e1s szab\u00e1lyoz\u00e1s\u00e1ra \u00e9s hat\u00e9kony m\u0171k\u00f6d\u00e9sre val\u00f3 k\u00e9pess\u00e9g\u00fck a p\u00e1ratartalom vagy a h\u0151m\u00e9rs\u00e9klet ingadoz\u00e1sa ellen\u00e9re is rugalmas megold\u00e1st jelent a k\u00fcl\u00f6nb\u00f6z\u0151 munkak\u00f6rnyezetek sz\u00e1m\u00e1ra. R\u00e1ad\u00e1sul a h\u0171tend\u0151 t\u00e9r m\u00e9ret\u00e9t\u0151l f\u00fcgg\u0151en konfigur\u00e1lhat\u00f3k k\u00f6zponti vagy decentraliz\u00e1lt m\u0171k\u00f6d\u00e9sre, valamint fix vagy mobil kivitelben. Ez a sokoldal\u00fas\u00e1g lehet\u0151v\u00e9 teszi a v\u00e1llalatok sz\u00e1m\u00e1ra, hogy olyan <strong>h\u0171t\u0151rendszert<\/strong> alkalmazzanak, amely t\u00f6k\u00e9letesen igazodik a telephely\u00fck konfigur\u00e1ci\u00f3j\u00e1hoz \u00e9s a tev\u00e9kenys\u00e9g\u00fck saj\u00e1toss\u00e1gaihoz.   <\/p>\n<\/div>\n\n\n\n<div class=\"wp-block-column is-layout-flow wp-block-column-is-layout-flow\" style=\"flex-basis:33.33%\">\n<figure class=\"wp-block-image aligncenter size-large is-resized\"><img decoding=\"async\" width=\"1024\" height=\"1024\" src=\"https:\/\/obera.fr\/wp-content\/uploads\/2025\/02\/9-1024x1024.png\" alt=\"9\" class=\"wp-image-67897\" style=\"width:265px;height:auto\" srcset=\"https:\/\/obera.fr\/wp-content\/uploads\/2025\/02\/9-1024x1024.png 1024w, https:\/\/obera.fr\/wp-content\/uploads\/2025\/02\/9-300x300.png 300w, https:\/\/obera.fr\/wp-content\/uploads\/2025\/02\/9-150x150.png 150w, https:\/\/obera.fr\/wp-content\/uploads\/2025\/02\/9-768x768.png 768w, https:\/\/obera.fr\/wp-content\/uploads\/2025\/02\/9.png 1200w\" sizes=\"(max-width: 1024px) 100vw, 1024px\" \/><\/figure>\n<\/div>\n<\/div>\n\n<h2 class=\"wp-block-heading\">Ipari l\u00e9gh\u0171t\u0151 kiv\u00e1laszt\u00e1sa  <\/h2>\n\n<h3 class=\"wp-block-heading\">Az adiabatikus h\u0171t\u0151k k\u00fcl\u00f6nb\u00f6z\u0151 t\u00edpusai<\/h3>\n\n<p><strong>Az ipari l\u00e9gh\u0171t\u0151 kiv\u00e1laszt\u00e1sakor<\/strong> fontos, hogy meg\u00e9rtse az egys\u00e9gek k\u00f6z\u00f6tti k\u00fcl\u00f6nbs\u00e9geket. A k\u00f6zvetlen h\u0171t\u0151k \u00e1ltal\u00e1ban n\u00f6velik a besz\u00e1ll\u00edtott leveg\u0151 p\u00e1ratartalm\u00e1t. Ez a t\u00edpus k\u00fcl\u00f6n\u00f6sen hat\u00e9kony a sz\u00e1raz ter\u00fcleteken, ahol a p\u00e1ratartalom el\u0151ny\u00f6s lehet a h\u0151komfort jav\u00edt\u00e1s\u00e1ban. Az indirekt h\u0171t\u0151 ezzel szemben leh\u0171ti a leveg\u0151t, de nem n\u00f6veli a k\u00f6rnyezeti leveg\u0151 p\u00e1ratartalm\u00e1t, \u00edgy olyan k\u00f6rnyezetekben alkalmazhat\u00f3, ahol a p\u00e1ratartalmat alacsonyan kell tartani, p\u00e9ld\u00e1ul a<strong> gy\u00f3gyszeriparban vagy az \u00e9lelmiszeriparban<\/strong>. A h\u0171t\u0151t a h\u0171tend\u0151 t\u00e9rben az optim\u00e1lis hat\u00e9konys\u00e1g biztos\u00edt\u00e1sa \u00e9rdek\u00e9ben a h\u0171tend\u0151 t\u00e9rben sz\u00fcks\u00e9ges egyedi m\u00e9retekhez kell igaz\u00edtani.    <\/p>\n\n<h3 class=\"wp-block-heading\">M\u00e9retez\u00e9s  <\/h3>\n\n<p><strong>A l\u00e9gh\u0171t\u0151 m\u00e9retez\u00e9se <\/strong>alapvet\u0151 fontoss\u00e1g\u00fa, \u00e9s figyelembe kell vennie a h\u0171tend\u0151 t\u00e9r m\u00e9ret\u00e9t, a kezelend\u0151 leveg\u0151 mennyis\u00e9g\u00e9t \u00e9s a k\u00edv\u00e1nt h\u0171t\u00e9si teljes\u00edtm\u00e9nyt. Az is fontos, hogy a k\u00e9sz\u00fcl\u00e9k kapacit\u00e1sa \u00e9s l\u00e9g\u00e1raml\u00e1si sebess\u00e9ge megfelel\u0151 legyen, hogy a h\u0171t\u00e9s hat\u00e9konys\u00e1g\u00e1t az eg\u00e9sz k\u00f6rnyezetben garant\u00e1lni lehessen. A megfelel\u0151 adiabatikus k\u00e9sz\u00fcl\u00e9k kiv\u00e1laszt\u00e1sakor figyelembe kell venni az ipar\u00e1g saj\u00e1tos tev\u00e9kenys\u00e9g\u00e9t \u00e9s a munkak\u00f6rnyezetet. P\u00e9ld\u00e1ul a sok h\u0151t termel\u0151 g\u00e9pekkel rendelkez\u0151 helyis\u00e9geknek nagyobb l\u00e9g\u00e1raml\u00e1si sebess\u00e9gre van sz\u00fcks\u00e9g\u00fck, m\u00edg a <strong>szennyez\u00e9sre<\/strong> \u00e9rz\u00e9kenyebb helyis\u00e9geknek <strong>a jobb l\u00e9gsz\u0171r\u00e9ssel rendelkez\u0151 modelleket kell el\u0151nyben r\u00e9szes\u00edteni\u00fck<\/strong>. Ezenk\u00edv\u00fcl a megl\u00e9v\u0151 \u00e9p\u00fclet t\u00edpusa (tet\u0151, falak, ablakny\u00edl\u00e1sok stb.) is befoly\u00e1solja a kiv\u00e1lasztott rendszer hat\u00e9konys\u00e1g\u00e1t.      <\/p>\n\n<p>Tan\u00e1csra van sz\u00fcks\u00e9ge? Seg\u00edt\u00fcnk kiv\u00e1lasztani az \u00d6n ig\u00e9nyeinek megfelel\u0151 ipari l\u00e9gh\u0171t\u0151t. <\/p>\n\n<h2 class=\"wp-block-heading\">Tippek az optim\u00e1lis haszn\u00e1lathoz<\/h2>\n\n<div class=\"wp-block-wpseopress-faq-block-v2 is-layout-flow wp-block-wpseopress-faq-block-v2-is-layout-flow\">\n<details id=\"comment-installer-un-rafraichisseur-dair\" class=\"wp-block-details is-layout-flow wp-block-details-is-layout-flow\"><summary>Hogyan szereljek be egy l\u00e9gh\u0171t\u0151t?<\/summary>\n<p>A k\u00e9sz\u00fcl\u00e9ket ak\u00e1r fixen, ak\u00e1r mozgathat\u00f3an, nagyon k\u00f6nnyen telep\u00edthet\u0151. Egyszer\u0171en t\u00f6ltse meg a tart\u00e1lyt v\u00edzzel, \u00e9s csatlakoztassa a k\u00e9sz\u00fcl\u00e9ket egy fali aljzatba. <\/p>\n<\/details>\n\n\n\n<details id=\"comment-entretenir-un-rafraichisseur-dair\" class=\"wp-block-details is-layout-flow wp-block-details-is-layout-flow\"><summary>Hogyan kell karbantartani a l\u00e9gh\u0171t\u0151t?<\/summary>\n<p>A karbantart\u00e1s egyszer\u0171: csak tiszt\u00edtsa meg a sz\u0171r\u0151ket, ellen\u0151rizze a v\u00edztart\u00e1lyt, t\u00e1vol\u00edtsa el a port a l\u00e9gsz\u0171r\u0151r\u0151l, \u00e9s sz\u00fcks\u00e9g eset\u00e9n cser\u00e9lje ki a p\u00e1rologtat\u00f3 k\u00f6zeget.<\/p>\n<\/details>\n\n\n\n<details id=\"comment-maximiser-lefficacite-de-votre-rafraichisseur-dair\" class=\"wp-block-details is-layout-flow wp-block-details-is-layout-flow\"><summary>Hogyan maximaliz\u00e1lhatja l\u00e9gh\u0171t\u0151j\u00e9nek hat\u00e9konys\u00e1g\u00e1t?<\/summary>\n<p>Az adiabatikus l\u00e9gh\u0171t\u0151 hat\u00e9konys\u00e1g\u00e1nak maximaliz\u00e1l\u00e1sa \u00e9rdek\u00e9ben helyezze azt egy j\u00f3l szell\u0151z\u0151 helyis\u00e9gbe, \u00e9s gondoskodjon az \u00e1lland\u00f3 l\u00e9g\u00e1raml\u00e1sr\u00f3l.  <\/p>\n<\/details>\n<script type=\"application\/ld+json\">{\"@context\":\"https:\/\/schema.org\",\"@type\":\"FAQPage\",\"url\":\"https:\/\/obera.fr\/conseils\/comment-fonctionne-un-rafraichisseur-adiabatique\/\",\"@id\":\"https:\/\/obera.fr\/conseils\/comment-fonctionne-un-rafraichisseur-adiabatique\/\",\"mainEntity\":[{\"@type\":\"Question\",\"url\":\"https:\/\/obera.fr\/conseils\/comment-fonctionne-un-rafraichisseur-adiabatique\/#comment-installer-un-rafraichisseur-dair\",\"name\":\"Comment installer un rafra\u00eechisseur d\u2019air ?\",\"acceptedAnswer\":{\"@type\":\"Answer\",\"answerCount\":1,\"text\":\"&lt;p>Fixe ou mobile, l\u2019appareil est tr\u00e8s simple d\u2019installation. Remplissez le r\u00e9servoir d\u2019eau puis branchez l\u2019appareil \u00e0 une prise murale.&lt;\/p>\"}},{\"@type\":\"Question\",\"url\":\"https:\/\/obera.fr\/conseils\/comment-fonctionne-un-rafraichisseur-adiabatique\/#comment-entretenir-un-rafraichisseur-dair\",\"name\":\"Comment entretenir un rafra\u00eechisseur d\u2019air ?\",\"acceptedAnswer\":{\"@type\":\"Answer\",\"answerCount\":1,\"text\":\"&lt;p>Leur entretien est simple : il suffit de nettoyer les filtres, de v\u00e9rifier le r\u00e9servoir d'eau, de d\u00e9poussi\u00e9rer le filtre \u00e0 air et de remplacer le m\u00e9dia \u00e9vaporatif au besoin.&lt;\/p>\"}},{\"@type\":\"Question\",\"url\":\"https:\/\/obera.fr\/conseils\/comment-fonctionne-un-rafraichisseur-adiabatique\/#comment-maximiser-lefficacite-de-votre-rafraichisseur-dair\",\"name\":\"Comment maximiser l'efficacit\u00e9 de votre rafra\u00eechisseur d\u2019air ?\",\"acceptedAnswer\":{\"@type\":\"Answer\",\"answerCount\":1,\"text\":\"&lt;p>Pour maximiser l'efficacit\u00e9 de votre rafra\u00eechisseur d'air adiabatique, placez-le dans une pi\u00e8ce bien ventil\u00e9e et assurez-vous qu'il y a un flux d'air constant.&nbsp;&lt;\/p>\"}}]}<\/script><\/div>\n","protected":false},"excerpt":{"rendered":"<p>Az adiabatikus h\u0171t\u00e9s a v\u00edz azon term\u00e9szetes k\u00e9pess\u00e9g\u00e9n alapul, hogy a k\u00f6rnyez\u0151 leveg\u0151b\u0151l elsz\u00edvja a p\u00e1rolg\u00e1shoz sz\u00fcks\u00e9ges h\u0151t. Minden adiabatikus h\u0171t\u0151rendszer alapja ennek a term\u00e9szetes jelens\u00e9gnek az ut\u00e1nz\u00e1sa, mik\u00f6zben a megfelel\u0151 technol\u00f3gi\u00e1k seg\u00edts\u00e9g\u00e9vel maximaliz\u00e1lja a hat\u00e9konys\u00e1got. <\/p>\n","protected":false},"author":4,"featured_media":89961,"comment_status":"closed","ping_status":"closed","sticky":false,"template":"","format":"standard","meta":{"_acf_changed":false,"_seopress_robots_primary_cat":"none","_seopress_titles_title":"Comment fonctionne un rafra\u00eechisseur adiabatique\u00a0?","_seopress_titles_desc":"Le rafraichissement adiabatique fonctionne sur la capacit\u00e9 naturelle de l\u2019eau \u00e0 puiser dans l\u2019air ambiant l'\u00e9nergie pour son \u00e9vaporation.","_seopress_robots_index":"","footnotes":""},"categories":[314],"tags":[323],"class_list":["post-71994","post","type-post","status-publish","format-standard","has-post-thumbnail","hentry","category-a-mi-tanacsunk","tag-entete-kicsi","generate-columns","tablet-grid-50","mobile-grid-100","grid-parent","grid-50","no-featured-image-padding","resize-featured-image"],"acf":[],"_links":{"self":[{"href":"https:\/\/obera.fr\/hu\/wp-json\/wp\/v2\/posts\/71994","targetHints":{"allow":["GET"]}}],"collection":[{"href":"https:\/\/obera.fr\/hu\/wp-json\/wp\/v2\/posts"}],"about":[{"href":"https:\/\/obera.fr\/hu\/wp-json\/wp\/v2\/types\/post"}],"author":[{"embeddable":true,"href":"https:\/\/obera.fr\/hu\/wp-json\/wp\/v2\/users\/4"}],"replies":[{"embeddable":true,"href":"https:\/\/obera.fr\/hu\/wp-json\/wp\/v2\/comments?post=71994"}],"version-history":[{"count":6,"href":"https:\/\/obera.fr\/hu\/wp-json\/wp\/v2\/posts\/71994\/revisions"}],"predecessor-version":[{"id":89980,"href":"https:\/\/obera.fr\/hu\/wp-json\/wp\/v2\/posts\/71994\/revisions\/89980"}],"wp:featuredmedia":[{"embeddable":true,"href":"https:\/\/obera.fr\/hu\/wp-json\/wp\/v2\/media\/89961"}],"wp:attachment":[{"href":"https:\/\/obera.fr\/hu\/wp-json\/wp\/v2\/media?parent=71994"}],"wp:term":[{"taxonomy":"category","embeddable":true,"href":"https:\/\/obera.fr\/hu\/wp-json\/wp\/v2\/categories?post=71994"},{"taxonomy":"post_tag","embeddable":true,"href":"https:\/\/obera.fr\/hu\/wp-json\/wp\/v2\/tags?post=71994"}],"curies":[{"name":"wp","href":"https:\/\/api.w.org\/{rel}","templated":true}]}}