{"id":72025,"date":"2023-04-18T10:18:21","date_gmt":"2023-04-18T08:18:21","guid":{"rendered":"https:\/\/obera.fr\/a-mi-tanacsunk\/les-avantages-du-rafraichissement-adiabatique-dominent-largement-ses-inconvenients\/"},"modified":"2025-04-23T08:54:14","modified_gmt":"2025-04-23T06:54:14","slug":"les-avantages-du-rafraichissement-adiabatique-dominent-largement-ses-inconvenients","status":"publish","type":"post","link":"https:\/\/obera.fr\/hu\/a-mi-tanacsunk\/les-avantages-du-rafraichissement-adiabatique-dominent-largement-ses-inconvenients\/","title":{"rendered":"A l\u00e9gh\u0171t\u0151k el\u0151nyei a szakemberek \u00e9s az ipar sz\u00e1m\u00e1ra"},"content":{"rendered":"\n<div class=\"wp-block-columns is-layout-flex wp-container-core-columns-is-layout-28f84493 wp-block-columns-is-layout-flex\">\n<div class=\"wp-block-column is-layout-flow wp-block-column-is-layout-flow\" style=\"flex-basis:50%\">\n<p>Az ipari k\u00f6rnyezetben sz\u00e1mos berendez\u00e9s, p\u00e9ld\u00e1ul kemenc\u00e9k, kemenc\u00e9k vagy fr\u00f6ccs\u00f6nt\u0151g\u00e9pek intenz\u00edv h\u0151t termelnek, ami hat\u00e1ssal lehet a belt\u00e9ri leveg\u0151 min\u0151s\u00e9g\u00e9re, a kezel\u0151k k\u00e9nyelm\u00e9re, a csapatok termel\u00e9kenys\u00e9g\u00e9re, s\u0151t az <strong>el\u0151\u00e1ll\u00edtott term\u00e9kek min\u0151s\u00e9g\u00e9re<\/strong> is. Ezekkel a kih\u00edv\u00e1sokkal szemben az ipari l\u00e9gh\u0171t\u0151 vagy <a href=\"https:\/\/obera.fr\/hu\/produits\/rafraichisseurs-air\/\">adiabatikus h\u0171t\u0151<\/a> ide\u00e1lis megold\u00e1s a nagy terek h\u0171t\u00e9s\u00e9re.   <\/p>\n\n\n\n<p>Ez a mobil, energiatakar\u00e9kos, k\u00f6nnyen telep\u00edthet\u0151 \u00e9s karbantarthat\u00f3, megfizethet\u0151 \u00e1ron kaphat\u00f3 k\u00e9sz\u00fcl\u00e9k sz\u00e1mos el\u0151nyt k\u00edn\u00e1l a<strong> m\u0171helyek<\/strong>, rakt\u00e1rak, gy\u00e1rak vagy nagy ipari ter\u00fcletek<strong> hat\u00e9kony h\u0171t\u00e9s\u00e9hez<\/strong>. De vajon t\u00e9nyleg ismeri az \u00f6sszes el\u0151ny\u00e9t? <\/p>\n<\/div>\n\n\n\n<div class=\"wp-block-column is-layout-flow wp-block-column-is-layout-flow\" style=\"flex-basis:50%\">\n<figure class=\"wp-block-embed is-type-video is-provider-youtube wp-block-embed-youtube wp-embed-aspect-16-9 wp-has-aspect-ratio\"><div class=\"wp-block-embed__wrapper\">\n<iframe title=\"Rafraichisseur d&#039;air - Gamme IC - OberA\" width=\"1200\" height=\"675\" src=\"https:\/\/www.youtube.com\/embed\/NG-Ssy2oM70?feature=oembed\" frameborder=\"0\" allow=\"accelerometer; autoplay; clipboard-write; encrypted-media; gyroscope; picture-in-picture; web-share\" referrerpolicy=\"strict-origin-when-cross-origin\" allowfullscreen><\/iframe>\n<\/div><\/figure>\n<\/div>\n<\/div>\n\n<h2 class=\"wp-block-heading\">Hogyan m\u0171k\u00f6dik egy ipari l\u00e9gh\u0171t\u0151<\/h2>\n\n<h3 class=\"wp-block-heading\">Hogyan m\u0171k\u00f6dnek a l\u00e9gfriss\u00edt\u0151k a munkahelyen?<\/h3>\n\n<p>A l\u00e9gh\u0171t\u0151 <strong>a p\u00e1rologtat\u00f3 h\u0171t\u00e9s elv\u00e9n<\/strong> m\u0171k\u00f6dik. Gyakorlatilag a rendszer egy ventil\u00e1tor seg\u00edts\u00e9g\u00e9vel sz\u00edvja be a forr\u00f3, sz\u00e1raz leveg\u0151t. A leveg\u0151 ezut\u00e1n a k\u00e9sz\u00fcl\u00e9k tart\u00e1ly\u00e1b\u00f3l sz\u00e1rmaz\u00f3 v\u00edzzel \u00e1titatott k\u00f6zegen halad \u00e1t, \u00edgy p\u00e1r\u00e1sodik. Amikor a forr\u00f3 leveg\u0151 ezzel a nedves k\u00f6zeggel \u00e9rintkezik, a v\u00edz egy r\u00e9sze elp\u00e1rolog. A v\u00edz elp\u00e1rolg\u00e1sa energi\u00e1t ig\u00e9nyel a v\u00edzmolekul\u00e1k k\u00f6z\u00f6tti hidrog\u00e9nk\u00f6t\u00e9sek felbont\u00e1s\u00e1hoz. Ezt az energi\u00e1t a forr\u00f3 leveg\u0151b\u0151l veszik el, ami cs\u00f6kkenti annak h\u0151m\u00e9rs\u00e9klet\u00e9t. Min\u00e9l magasabb a k\u00f6rnyezeti h\u0151m\u00e9rs\u00e9klet, ann\u00e1l <strong>nagyobb a h\u0151cs\u00f6kken\u00e9s<\/strong>, mivel a melegebb leveg\u0151 el\u0151seg\u00edti a p\u00e1rolg\u00e1st, jav\u00edtva ezzel a h\u0171t\u0151 energiahat\u00e9konys\u00e1g\u00e1t. A l\u00e9gkondicion\u00e1l\u00f3 berendez\u00e9ssel ellent\u00e9tben az adiabatikus h\u0171t\u0151 gazdas\u00e1gos, nagy teljes\u00edtm\u00e9ny\u0171 megold\u00e1st k\u00edn\u00e1l a leveg\u0151 h\u0171t\u00e9s\u00e9re, k\u00fcl\u00f6n\u00f6sen forr\u00f3, sz\u00e1raz k\u00f6rnyezetben. K\u00fcl\u00f6n\u00f6sen j\u00f3l alkalmazhat\u00f3 nagy, nyitott, j\u00f3l szell\u0151z\u0151 terekben, valamint olyan ipar\u00e1gakban, ahol nagy a h\u0151termel\u00e9s.        <\/p>\n\n<figure class=\"wp-block-image aligncenter size-full is-resized\"><img decoding=\"async\" width=\"1000\" height=\"800\" src=\"https:\/\/obera.fr\/wp-content\/uploads\/2023\/04\/rafraichissement-dun-batiment.png\" alt=\"&#xE9;p&#xFC;let fel&#xFA;j&#xED;t&#xE1;sa\" class=\"wp-image-20884\" style=\"width:740px;height:auto\" srcset=\"https:\/\/obera.fr\/wp-content\/uploads\/2023\/04\/rafraichissement-dun-batiment.png 1000w, https:\/\/obera.fr\/wp-content\/uploads\/2023\/04\/rafraichissement-dun-batiment-300x240.png 300w, https:\/\/obera.fr\/wp-content\/uploads\/2023\/04\/rafraichissement-dun-batiment-768x614.png 768w\" sizes=\"(max-width: 1000px) 100vw, 1000px\" \/><\/figure>\n\n<h3 class=\"wp-block-heading\">L\u00e9gh\u0171t\u0151, l\u00e9gkondicion\u00e1l\u00f3, ipari ventil\u00e1tor&#8230; mi a k\u00fcl\u00f6nbs\u00e9g?<\/h3>\n\n<p>A ventil\u00e1tor egyszer\u0171en felkavarja a szoba leveg\u0151j\u00e9t an\u00e9lk\u00fcl, hogy megv\u00e1ltoztatn\u00e1 annak h\u0151m\u00e9rs\u00e9klet\u00e9t. Tiszt\u00e1n mechanikus hat\u00e1sa olyan l\u00e9g\u00e1raml\u00e1st hoz l\u00e9tre, amely a <strong>b\u0151rr\u0151l t\u00f6rt\u00e9n\u0151 izzads\u00e1g elp\u00e1rolg\u00e1s\u00e1nak felgyors\u00edt\u00e1s\u00e1val<\/strong> jav\u00edtja a frissess\u00e9g \u00e9rz\u00e9s\u00e9t. Ez\u00e9rt nincs hat\u00e1ssal a helyis\u00e9g leveg\u0151j\u00e9nek h\u0151fok\u00e1ra vagy p\u00e1ratartalm\u00e1ra, ami korl\u00e1tozza hat\u00e9konys\u00e1g\u00e1t olyan ipari k\u00f6rnyezetben, ahol nagy a h\u0151s\u00e9g \u00e9s a leveg\u0151 stagn\u00e1l.  <\/p>\n\n<p>Az ipari l\u00e9gkondicion\u00e1l\u00f3k h\u0171t\u0151k\u00f6zegek haszn\u00e1lat\u00e1t ig\u00e9nylik, amelyek hat\u00e1ssal lehetnek a k\u00f6rnyezetre, \u00e9s <strong>sok energi\u00e1t fogyasztanak<\/strong>, k\u00fcl\u00f6n\u00f6sen, ha a k\u00fcls\u0151 h\u0151m\u00e9rs\u00e9klet emelkedik. R\u00e1ad\u00e1sul a l\u00e9gkondicion\u00e1l\u00e1s kisz\u00e1r\u00edtja a leveg\u0151t, \u00e9s &#8222;h\u0171v\u00f6s&#8221; hat\u00e1st okozhat. B\u00e1r a l\u00e9gkondicion\u00e1l\u00f3 rendszer k\u00e9pes a h\u0151m\u00e9rs\u00e9klet pontos fenntart\u00e1s\u00e1ra, nagy ipari l\u00e9tes\u00edtm\u00e9nyekben nem alkalmas a magas energiaig\u00e9nye miatt.  <\/p>\n\n<p><strong>A l\u00e9gh\u0171t\u0151k<\/strong> viszont egyszer\u0171en \u00e9s gazdas\u00e1gosan \u00fczemeltethet\u0151k. A v\u00edz elp\u00e1rolg\u00e1s\u00e1val t\u00f6rt\u00e9n\u0151 adiabatikus h\u0171t\u00e9s elv\u00e9n alapul, nem haszn\u00e1l sem kompresszort, sem k\u00e9miai h\u0171t\u0151k\u00f6zeget, ami jelent\u0151sen cs\u00f6kkenti az energiafogyaszt\u00e1st. A k\u00fcl\u00f6n\u00f6sen meleg, sz\u00e1raz k\u00f6rnyezetben, ahol<strong>a p\u00e1rolg\u00e1s optimaliz\u00e1l\u00f3dik<\/strong>, a h\u0171t\u0151 nagy energiahat\u00e9konys\u00e1got biztos\u00edt, \u00edgy ide\u00e1lis megold\u00e1s nagy ipari terek \u00e9s nyitott ter\u00fcletek h\u0171t\u00e9s\u00e9re.  <\/p>\n\n<h2 class=\"wp-block-heading\">A l\u00e9gh\u0171t\u0151k f\u0151 el\u0151nyei a szakemberek sz\u00e1m\u00e1ra<\/h2>\n\n<figure class=\"wp-block-image aligncenter size-large is-resized\"><img decoding=\"async\" width=\"1024\" height=\"1024\" src=\"https:\/\/obera.fr\/wp-content\/uploads\/2025\/01\/image-avantages-1024x1024.jpg\" alt=\"k&#xE9;pi el&#x151;ny&#xF6;k\" class=\"wp-image-57732\" style=\"width:106px;height:auto\" srcset=\"https:\/\/obera.fr\/wp-content\/uploads\/2025\/01\/image-avantages-1024x1024.jpg 1024w, https:\/\/obera.fr\/wp-content\/uploads\/2025\/01\/image-avantages-300x300.jpg 300w, https:\/\/obera.fr\/wp-content\/uploads\/2025\/01\/image-avantages-150x150.jpg 150w, https:\/\/obera.fr\/wp-content\/uploads\/2025\/01\/image-avantages-768x768.jpg 768w, https:\/\/obera.fr\/wp-content\/uploads\/2025\/01\/image-avantages-400x400.jpg 400w, https:\/\/obera.fr\/wp-content\/uploads\/2025\/01\/image-avantages-600x600.jpg 600w, https:\/\/obera.fr\/wp-content\/uploads\/2025\/01\/image-avantages.jpg 1200w\" sizes=\"(max-width: 1024px) 100vw, 1024px\" \/><\/figure>\n\n<h3 class=\"wp-block-heading\">Cs\u00f6kkentett energiafogyaszt\u00e1s \u00e9s \u00fczemeltet\u00e9si k\u00f6lts\u00e9gek<\/h3>\n\n<p>A <strong>l\u00e9gh\u0171t\u0151 csak a<\/strong> leveg\u0151 \u00e9s a v\u00edz keringet\u00e9s\u00e9hez sz\u00fcks\u00e9ges <strong>\u00e1ramot fogyasztja<\/strong>, ami jelent\u0151sen cs\u00f6kkenti a villanysz\u00e1ml\u00e1t a l\u00e9gkondicion\u00e1l\u00f3hoz k\u00e9pest. Mivel nem ig\u00e9nyel h\u0171t\u0151k\u00f6zeget, energiatakar\u00e9kos m\u00f3don m\u0171k\u00f6dik, \u00edgy <strong>minim\u00e1lisra cs\u00f6kkenti a k\u00f6rnyezetre gyakorolt hat\u00e1s\u00e1t<\/strong>, \u00edgy z\u00f6ldebb, k\u00f6rnyezetbar\u00e1tabb alternat\u00edv\u00e1t jelent. <\/p>\n\n<p>A karbantart\u00e1s is egyszer\u0171s\u00f6dik, mivel az adiabatikus h\u0171t\u0151 nem ig\u00e9nyel szakk\u00e9pzett szakember beavatkoz\u00e1s\u00e1t, mint a l\u00e9gkondicion\u00e1l\u00f3 eset\u00e9ben. R\u00e1ad\u00e1sul a l\u00e9gh\u0171t\u0151 napi \u00fczemeltet\u00e9si k\u00f6lts\u00e9ge nagyon alacsony, gyakran csak n\u00e9h\u00e1ny t\u00edz cent egy 250 m\u00b2-es helyis\u00e9g eset\u00e9ben, ami sokkal alacsonyabb, mint egy l\u00e9gkondicion\u00e1l\u00f3\u00e9.<strong>A telep\u00edt\u00e9s is olcs\u00f3bb<\/strong>, a karbantart\u00e1s pedig a tart\u00e1ly \u00e9s a sz\u0171r\u0151 id\u0151szakos tiszt\u00edt\u00e1s\u00e1ra, valamint a t\u00f6bbi alkatr\u00e9sz \u00e9ves karbantart\u00e1s\u00e1ra korl\u00e1toz\u00f3dik. Ez jelent\u0151sen cs\u00f6kkenti a karbantart\u00e1si k\u00f6lts\u00e9geket, amelyek k\u00f6r\u00fclbel\u00fcl 10-szer alacsonyabbak, mint a hagyom\u00e1nyos l\u00e9gkondicion\u00e1l\u00f3k\u00e9.   <\/p>\n\n<p>R\u00f6viden, az adiabatikus l\u00e9gh\u0171t\u0151 alacsony energiafogyaszt\u00e1st, elhanyagolhat\u00f3 <strong>napi \u00fczemeltet\u00e9si k\u00f6lts\u00e9geket <\/strong>, valamint alacsony telep\u00edt\u00e9si \u00e9s karbantart\u00e1si k\u00f6lts\u00e9geket k\u00edn\u00e1l. Ez egy k\u00f6rnyezetbar\u00e1t, alacsony energiafelhaszn\u00e1l\u00e1s\u00fa alternat\u00edva, minim\u00e1lis sz\u00e9nl\u00e1bnyommal \u00e9s megfizethet\u0151 beszerz\u00e9si \u00e1rral. <\/p>\n\n<h3 class=\"wp-block-heading\">A munkak\u00f6r\u00fclm\u00e9nyek \u00e9s a termel\u00e9kenys\u00e9g jav\u00edt\u00e1sa<\/h3>\n\n<p>A h\u0151m\u00e9rs\u00e9klet cs\u00f6kkent\u00e9s\u00e9vel \u00e9s a relat\u00edv p\u00e1ratartalom n\u00f6vel\u00e9s\u00e9vel a m\u0171helyekben az<strong> ipari h\u0171t\u0151k<\/strong> seg\u00edtenek a h\u0151stressz elleni k\u00fczdelemben, amely jelens\u00e9g akkor jelentkezik, amikor a h\u0151m\u00e9rs\u00e9klet 24-26 \u00b0C f\u00f6l\u00e9 emelkedik, \u00e9s amelynek hat\u00e1sai 33-34 \u00b0C felett m\u00e9g kifejezettebbek, \u00e9s ak\u00e1r 50%-os termel\u00e9kenys\u00e9gcs\u00f6kken\u00e9st is okozhatnak. Az\u00e1ltal, hogy h\u0171v\u00f6s, nedves leveg\u0151t sz\u00f3rnak a helyis\u00e9gbe, a l\u00e9gfriss\u00edt\u0151k nagyobb h\u0151komfortot biztos\u00edtanak, \u00e9s cs\u00f6kkentik a kellemetlen \u00e9rz\u00e9st. <\/p>\n\n<p>R\u00e1ad\u00e1sul a <strong>h\u0171t\u0151k sz\u0171r\u0151vel vannak ell\u00e1tva, amely felfogja a port \u00e9s a szennyez\u0151 anyagokat<\/strong>, \u00edgy biztos\u00edtva a tiszta, higi\u00e9nikus leveg\u0151t a helyis\u00e9gben. Alacsony zajszintj\u00fck, amely 10 dB-lel alacsonyabb, mint a l\u00e9gkondicion\u00e1l\u00f3k\u00e9, hozz\u00e1j\u00e1rul a kellemesebb munkak\u00f6rnyezethez, amely megfelel a munkak\u00f6r\u00fclm\u00e9nyekre vonatkoz\u00f3 jogszab\u00e1lyi el\u0151\u00edr\u00e1soknak. Ez a megn\u00f6vekedett k\u00e9nyelem kevesebb munkabesz\u00fcntet\u00e9st \u00e9s <strong>magasabb munkatermel\u00e9kenys\u00e9get<\/strong> eredm\u00e9nyez.  <\/p>\n\n<h3 class=\"wp-block-heading\">Sokoldal\u00fa berendez\u00e9s m\u0171helyekben, rakt\u00e1rakban \u00e9s irod\u00e1kban t\u00f6rt\u00e9n\u0151 haszn\u00e1latra<\/h3>\n\n<p>A<strong> l\u00e9gh\u0171t\u0151 sokoldal\u00fa <\/strong>, \u00edgy sz\u00e1mos helyen haszn\u00e1lhat\u00f3, p\u00e9ld\u00e1ul ipari m\u0171helyekben, rakt\u00e1rakban, irod\u00e1kban vagy ak\u00e1r kereskedelmi helyis\u00e9gekben is. T\u00f6k\u00e9letesen alkalmas a k\u00fcl\u00f6nb\u00f6z\u0151 t\u00e9rkonfigur\u00e1ci\u00f3khoz, a nyitott ter\u00fcletekt\u0151l \u00e9s a k\u00fcl\u00f6nleges elrendez\u00e9s\u0171 helyis\u00e9gekt\u0151l kezdve az intenz\u00edv h\u0151s\u00e9ggel j\u00e1r\u00f3 k\u00f6rnyezetekig. A k\u00fcl\u00f6nb\u00f6z\u0151 modellekkel (k\u00e9tfokozat\u00fa h\u0171t\u00e9s, k\u00f6zvetlen, megford\u00edthat\u00f3 stb.), mobil vagy r\u00f6gz\u00edtett, a l\u00e9gh\u0171t\u0151 szem\u00e9lyre szabott<strong> h\u0171t\u00e9si megold\u00e1st <\/strong>k\u00edn\u00e1l.  <\/p>\n\n<h2 class=\"wp-block-heading\">Ipari k\u00f6rnyezetben figyelembe veend\u0151 hat\u00e1r\u00e9rt\u00e9kek<\/h2>\n\n<h3 class=\"wp-block-heading\">Alkalmazkod\u00e1s az \u00e9ghajlati viszonyokhoz<\/h3>\n\n<p>A l\u00e9gh\u0171t\u0151k k\u00fcl\u00f6n\u00f6sen hat\u00e9konyak a forr\u00f3, sz\u00e1raz k\u00f6rnyezetben. Teljes\u00edtm\u00e9ny\u00fck azonban cs\u00f6kkenhet magas p\u00e1ratartalm\u00fa k\u00f6r\u00fclm\u00e9nyek k\u00f6z\u00f6tt, mivel a v\u00edzzel tel\u00edtett leveg\u0151 korl\u00e1tozza a h\u0171t\u00e9shez sz\u00fcks\u00e9ges p\u00e1rolg\u00e1st. Ennek eredm\u00e9nyek\u00e9ppen nem alkalmasak magas p\u00e1ratartalm\u00fa k\u00f6rnyezetben.  <\/p>\n\n<p>R\u00e1ad\u00e1sul a<strong> l\u00e9gh\u0171t\u0151k<\/strong> nem biztos\u00edtanak pontos h\u0151m\u00e9rs\u00e9klet-szab\u00e1lyoz\u00e1st. B\u00e1r a berendez\u00e9s m\u00e9ret\u00e9t\u0151l \u00e9s a k\u00fcls\u0151 k\u00f6r\u00fclm\u00e9nyekt\u0151l f\u00fcgg\u0151en 5 \u00e9s 11 \u00b0C k\u00f6z\u00f6tt cs\u00f6kkenthetik a leveg\u0151 h\u0151m\u00e9rs\u00e9klet\u00e9t, nem k\u00e9pesek \u00e1lland\u00f3 h\u0151m\u00e9rs\u00e9kletet tartani egy z\u00e1rt t\u00e9rben. A stabil, pontos szab\u00e1lyoz\u00e1st biztos\u00edt\u00f3 l\u00e9gkondicion\u00e1l\u00f3kkal ellent\u00e9tben azonban a l\u00e9gh\u0171t\u0151k el\u0151nye, hogy megfizethet\u0151bbek, <strong>k\u00fcl\u00f6n\u00f6sen nagy t\u00e9rfogatok \u00e9s nyitott terek eset\u00e9ben<\/strong>, ahol a l\u00e9gkondicion\u00e1l\u00f3 telep\u00edt\u00e9se m\u0171szakilag vagy gazdas\u00e1gilag lehetetlen.  <\/p>\n\n<h3 class=\"wp-block-heading\">Az intenz\u00edven haszn\u00e1lt berendez\u00e9sek karbantart\u00e1sa \u00e9s tart\u00f3ss\u00e1ga<\/h3>\n\n<p>Ipari k\u00f6rnyezetben a l\u00e9gh\u0171t\u0151k karbantart\u00e1sa viszonylag egyszer\u0171 \u00e9s olcs\u00f3 a <strong>l\u00e9gkondicion\u00e1l\u00f3k\u00e9hoz<\/strong> k\u00e9pest. Intenz\u00edv haszn\u00e1lat eset\u00e9n rendszeres karbantart\u00e1sra van sz\u00fcks\u00e9g a megfelel\u0151 m\u0171k\u00f6d\u00e9s biztos\u00edt\u00e1sa \u00e9rdek\u00e9ben, k\u00fcl\u00f6n\u00f6sen a p\u00e1rologtat\u00f3rendszerek megfelel\u0151 m\u0171k\u00f6d\u00e9s\u00e9nek ellen\u0151rz\u00e9se r\u00e9v\u00e9n. A sz\u0171r\u0151ket rendszeresen tiszt\u00edtani kell, a v\u00edztart\u00e1lyokat pedig ellen\u0151rizni kell a pen\u00e9sz vagy lerak\u00f3d\u00e1sok kialakul\u00e1s\u00e1nak megel\u0151z\u00e9se \u00e9rdek\u00e9ben. A<strong>kompresszorok \u00e9s h\u0171t\u0151k\u00f6zegek hi\u00e1nya<\/strong> miatt ezek a k\u00e9sz\u00fcl\u00e9kek kev\u00e9sb\u00e9 hajlamosak a bonyolult meghib\u00e1sod\u00e1sokra. Mindazon\u00e1ltal a nem megfelel\u0151 karbantart\u00e1s cs\u00f6kkentheti \u00e9lettartamukat \u00e9s teljes\u00edtm\u00e9ny\u00fcket.    <\/p>\n\n<h2 class=\"wp-block-heading\">Hogyan v\u00e1lasszak p\u00e1rologtat\u00f3 h\u0171t\u0151t professzion\u00e1lis haszn\u00e1latra?<\/h2>\n\n<figure class=\"wp-block-image aligncenter size-large is-resized\"><img decoding=\"async\" width=\"1024\" height=\"1024\" src=\"https:\/\/obera.fr\/wp-content\/uploads\/2025\/01\/image-choix-1024x1024.jpg\" alt=\"k&#xE9;pv&#xE1;laszt&#xE1;s\" class=\"wp-image-57754\" style=\"width:114px;height:auto\" srcset=\"https:\/\/obera.fr\/wp-content\/uploads\/2025\/01\/image-choix-1024x1024.jpg 1024w, https:\/\/obera.fr\/wp-content\/uploads\/2025\/01\/image-choix-300x300.jpg 300w, https:\/\/obera.fr\/wp-content\/uploads\/2025\/01\/image-choix-150x150.jpg 150w, https:\/\/obera.fr\/wp-content\/uploads\/2025\/01\/image-choix-768x768.jpg 768w, https:\/\/obera.fr\/wp-content\/uploads\/2025\/01\/image-choix-400x400.jpg 400w, https:\/\/obera.fr\/wp-content\/uploads\/2025\/01\/image-choix-600x600.jpg 600w, https:\/\/obera.fr\/wp-content\/uploads\/2025\/01\/image-choix.jpg 1200w\" sizes=\"(max-width: 1024px) 100vw, 1024px\" \/><\/figure>\n\n<h3 class=\"wp-block-heading\">A kezelend\u0151 leveg\u0151 mennyis\u00e9ge \u00e9s a sz\u00fcks\u00e9ges teljes\u00edtm\u00e9ny<\/h3>\n\n<p>A <strong>l\u00e9gh\u0171t\u0151 kiv\u00e1laszt\u00e1sa <\/strong>mindenekel\u0151tt az \u00d6n munkak\u00f6rnyezet\u00e9nek saj\u00e1tos h\u0171t\u00e9si ig\u00e9nyeit\u0151l \u00e9s a m\u0171hely vagy a gy\u00e1rt\u00e1si helyis\u00e9g alapter\u00fclet\u00e9t\u0151l f\u00fcgg. Min\u00e9l magasabb a k\u00f6rnyezeti h\u0151m\u00e9rs\u00e9klet \u00e9s min\u00e9l nagyobb a kezelend\u0151 fel\u00fclet, ann\u00e1l nagyobb l\u00e9g\u00e1raml\u00e1si sebess\u00e9gre \u00e9s a h\u0171t\u0151 teljes\u00edtm\u00e9ny\u00e9re van sz\u00fcks\u00e9g a hat\u00e9konys\u00e1g \u00e9rdek\u00e9ben. <\/p>\n\n<p>Az Obera<strong> k\u00fcl\u00f6nb\u00f6z\u0151 t\u00edpus\u00fa ig\u00e9nyekhez igaz\u00edtott l\u00e9gh\u0171t\u0151<\/strong> modelleket k\u00edn\u00e1l, amelyek a kiv\u00e1lasztott teljes\u00edtm\u00e9nyt\u0151l f\u00fcgg\u0151en 80-400 m\u00b2-es terek kezel\u00e9s\u00e9re alkalmasak. Lehet\u0151s\u00e9g van t\u00f6bb egys\u00e9g kombin\u00e1l\u00e1s\u00e1ra is, hogy m\u00e9g nagyobb tereket is lefedjenek, \u00edgy a h\u0171t\u00e9si ig\u00e9nyek v\u00e1ltoz\u00e1s\u00e1val rugalmasan b\u0151v\u00edthet\u0151 opci\u00f3t k\u00edn\u00e1lnak. <\/p>\n\n<h3 class=\"wp-block-heading\">Mobilit\u00e1s \u00e9s \u00f6sszeegyeztethet\u0151s\u00e9g az ipari ter\u00fcletekkel<\/h3>\n\n<p>Egy m\u00e1sik figyelembe veend\u0151 krit\u00e9rium a h\u0171t\u0151 mozg\u00e9konys\u00e1ga, k\u00fcl\u00f6n\u00f6sen akkor, ha bizonyos munkater\u00fcleteken <strong>helyi h\u0171t\u00e9sre<\/strong> van sz\u00fcks\u00e9g. A g\u00f6rg\u0151kkel felszerelt mobil modellekkel a k\u00e9sz\u00fcl\u00e9k k\u00f6nnyen mozgathat\u00f3 a helyis\u00e9gben, \u00e9s gyorsan reag\u00e1lhat a s\u00fcrg\u0151s vagy egyszeri h\u0171t\u00e9si ig\u00e9nyekre. Ez a rugalmass\u00e1g nagy el\u0151ny az olyan<strong> atipikus<\/strong> munkater\u00fcleteken vagy gy\u00e1rt\u00e1si ter\u00fcleteken, ahol egy l\u00e9gkondicion\u00e1l\u00f3 berendez\u00e9s telep\u00edt\u00e9se t\u00fal bonyolult vagy nem lenne praktikus.  <\/p>\n\n<p>Az<strong>adiabatikus l\u00e9gh\u0171t\u0151 hat\u00e9konys\u00e1g\u00e1nak<\/strong> szeml\u00e9ltet\u00e9s\u00e9re egy \u00f6sszetett k\u00f6rnyezetben vegy\u00fck egy tengeri kont\u00e9ner h\u0171t\u00e9s\u00e9nek p\u00e9ld\u00e1j\u00e1t. Az \u00e1ltalunk telep\u00edtett mobil rendszer (az Ecoclim term\u00e9kcsal\u00e1d modelljei) 50\u00b0C k\u00f6zel\u00e9be cs\u00f6kkentette a kont\u00e9ner bels\u0151 h\u0151m\u00e9rs\u00e9klet\u00e9t, amely el\u00e9rte a sz\u00e9ls\u0151s\u00e9ges szintet. A v\u00edz elp\u00e1rolg\u00e1s\u00e1nak k\u00f6sz\u00f6nhet\u0151en a k\u00e9sz\u00fcl\u00e9kbe \u00e9p\u00edtett ventil\u00e1tor hat\u00e9konyan leh\u0171t\u00f6tte a leveg\u0151t 32\u00b0C-ra. Ez a strat\u00e9gia jav\u00edtotta a termel\u00e9kenys\u00e9get a <strong>kezel\u0151 biztons\u00e1g\u00e1nak<\/strong> fenntart\u00e1sa mellett.   <\/p>\n\n<h3 class=\"wp-block-heading\">A k\u00f6rnyezetv\u00e9delmi \u00e9s energetikai szabv\u00e1nyoknak val\u00f3 megfelel\u00e9s<\/h3>\n\n<p><strong>A l\u00e9gh\u0171t\u0151k megfelelnek<\/strong> a l\u00e9gkondicion\u00e1l\u00e1sra vonatkoz\u00f3 jelenlegi <strong>k\u00f6rnyezetv\u00e9delmi<\/strong> \u00e9s energetikai <strong>el\u0151\u00edr\u00e1soknak<\/strong>. Az eur\u00f3pai ir\u00e1nyelvekkel \u00f6sszhangban hozz\u00e1j\u00e1rulnak az \u00fcvegh\u00e1zhat\u00e1s\u00fa g\u00e1zok kibocs\u00e1t\u00e1s\u00e1nak cs\u00f6kkent\u00e9s\u00e9hez. Alacsony energiafogyaszt\u00e1suknak k\u00f6sz\u00f6nhet\u0151en megfelelnek az ISO 50001 energiagazd\u00e1lkod\u00e1si szabv\u00e1ny \u00e9s az EcoDesign rendelet k\u00f6vetelm\u00e9nyeinek. R\u00e1ad\u00e1sul, mivel \u00fagy tervezt\u00e9k \u0151ket, hogy <strong>optimaliz\u00e1lj\u00e1k az energiahat\u00e9konys\u00e1got<\/strong>, t\u00f6k\u00e9letesen illeszkednek a k\u00f6rnyezetir\u00e1ny\u00edt\u00e1si rendszerekbe. Ez\u00e1ltal fenntarthat\u00f3 \u00e9s k\u00f6rnyezetbar\u00e1t ipari h\u0171t\u00e9si megold\u00e1st jelentenek.    <\/p>\n\n<div style=\"height:20px\" aria-hidden=\"true\" class=\"wp-block-spacer\"><\/div>\n\n<div class=\"wp-block-buttons is-content-justification-center is-layout-flex wp-container-core-buttons-is-layout-a89b3969 wp-block-buttons-is-layout-flex\">\n<div class=\"wp-block-button\"><a class=\"wp-block-button__link wp-element-button\" href=\"https:\/\/obera.fr\/hu\/contact\/\">SZEM\u00c9LYRE SZABOTT TAN\u00c1CSAD\u00c1SRA VAN SZ\u00dcKS\u00c9GE?<\/a><\/div>\n<\/div>\n","protected":false},"excerpt":{"rendered":"<p>Az adiabatikus h\u0171t\u00e9s egyszer\u0171 megold\u00e1st jelent a nagy ipari, mez\u0151gazdas\u00e1gi, szolg\u00e1ltat\u00f3 \u00e9s rendezv\u00e9nyhelysz\u00edneken dolgoz\u00f3k k\u00e9nyelm\u00e9nek biztos\u00edt\u00e1s\u00e1ra a forr\u00f3 id\u0151j\u00e1r\u00e1sban.<\/p>\n","protected":false},"author":4,"featured_media":0,"comment_status":"closed","ping_status":"closed","sticky":false,"template":"","format":"standard","meta":{"_acf_changed":false,"_seopress_robots_primary_cat":"none","_seopress_titles_title":"Quels sont les avantages du rafra\u00eechissement adiabatique ?","_seopress_titles_desc":"Contribuant \u00e0 la qualit\u00e9 de l'air et du confort des salari\u00e9 et \u00e9tant \u00e9conomique et \u00e9cologique, le rafraichissement adiabatique domine tous ces inconv\u00e9nients.","_seopress_robots_index":"","footnotes":""},"categories":[314],"tags":[323],"class_list":["post-72025","post","type-post","status-publish","format-standard","hentry","category-a-mi-tanacsunk","tag-entete-kicsi","generate-columns","tablet-grid-50","mobile-grid-100","grid-parent","grid-50","no-featured-image-padding"],"acf":[],"_links":{"self":[{"href":"https:\/\/obera.fr\/hu\/wp-json\/wp\/v2\/posts\/72025","targetHints":{"allow":["GET"]}}],"collection":[{"href":"https:\/\/obera.fr\/hu\/wp-json\/wp\/v2\/posts"}],"about":[{"href":"https:\/\/obera.fr\/hu\/wp-json\/wp\/v2\/types\/post"}],"author":[{"embeddable":true,"href":"https:\/\/obera.fr\/hu\/wp-json\/wp\/v2\/users\/4"}],"replies":[{"embeddable":true,"href":"https:\/\/obera.fr\/hu\/wp-json\/wp\/v2\/comments?post=72025"}],"version-history":[{"count":2,"href":"https:\/\/obera.fr\/hu\/wp-json\/wp\/v2\/posts\/72025\/revisions"}],"predecessor-version":[{"id":77920,"href":"https:\/\/obera.fr\/hu\/wp-json\/wp\/v2\/posts\/72025\/revisions\/77920"}],"wp:attachment":[{"href":"https:\/\/obera.fr\/hu\/wp-json\/wp\/v2\/media?parent=72025"}],"wp:term":[{"taxonomy":"category","embeddable":true,"href":"https:\/\/obera.fr\/hu\/wp-json\/wp\/v2\/categories?post=72025"},{"taxonomy":"post_tag","embeddable":true,"href":"https:\/\/obera.fr\/hu\/wp-json\/wp\/v2\/tags?post=72025"}],"curies":[{"name":"wp","href":"https:\/\/api.w.org\/{rel}","templated":true}]}}