{"id":72736,"date":"2023-04-18T10:16:57","date_gmt":"2023-04-18T08:16:57","guid":{"rendered":"https:\/\/obera.fr\/a-mi-tanacsunk\/le-rafraichissement-adiabatique-un-coefficient-de-performance-thermique-inegale-pour-les-grands-volumes\/"},"modified":"2025-04-25T09:54:02","modified_gmt":"2025-04-25T07:54:02","slug":"le-rafraichissement-adiabatique-un-coefficient-de-performance-thermique-inegale-pour-les-grands-volumes","status":"publish","type":"post","link":"https:\/\/obera.fr\/hu\/a-mi-tanacsunk\/le-rafraichissement-adiabatique-un-coefficient-de-performance-thermique-inegale-pour-les-grands-volumes\/","title":{"rendered":"Nagy t\u00e9rfogat\u00fa l\u00e9gfriss\u00edt\u0151k: kiv\u00e1laszt\u00e1si krit\u00e9riumok \u00e9s v\u00e1s\u00e1rl\u00e1si \u00fatmutat\u00f3"},"content":{"rendered":"\n<div class=\"wp-block-columns is-layout-flex wp-container-core-columns-is-layout-28f84493 wp-block-columns-is-layout-flex\">\n<div class=\"wp-block-column is-layout-flow wp-block-column-is-layout-flow\" style=\"flex-basis:66.66%\">\n<p><strong> A nagy t\u00e9rfogat\u00fa l\u00e9gh\u0171t\u0151k<\/strong> ide\u00e1lisak a kellemes h\u0151m\u00e9rs\u00e9klet fenntart\u00e1s\u00e1ra nagy terekben, p\u00e9ld\u00e1ul m\u0171helyekben, hang\u00e1rokban, rakt\u00e1rakban, \u00fczletekben \u00e9s sportcsarnokokban. Ezek a nagy terek hat\u00e9kony h\u0171t\u00e9s\u00e9re tervezett k\u00e9sz\u00fcl\u00e9kek a v\u00edz elp\u00e1rolg\u00e1s\u00e1nak elv\u00e9t alkalmazz\u00e1k, amely egy term\u00e9szetes, k\u00f6rnyezetbar\u00e1t \u00e9s energiatakar\u00e9kos m\u00f3dszer. A modell kiv\u00e1laszt\u00e1sa els\u0151sorban a h\u0171tend\u0151 helyis\u00e9g m\u00e9ret\u00e9t\u0151l f\u00fcgg, de <strong>sz\u00e1mos egy\u00e9b krit\u00e9riumot is figyelembe kell venni<\/strong>. A megfelel\u0151 h\u0171t\u0151 kiv\u00e1laszt\u00e1sa alapvet\u0151 fontoss\u00e1g\u00fa a k\u00e9nyelmes munkak\u00f6r\u00fclm\u00e9nyek biztos\u00edt\u00e1s\u00e1hoz, mik\u00f6zben az energiak\u00f6lts\u00e9gek kord\u00e1ban tarthat\u00f3k. Ez a cikk<strong>seg\u00edt kiv\u00e1lasztani a<\/strong> megfelel\u0151<strong>l\u00e9gh\u0171t\u0151t<\/strong> nagy t\u00e9rfogathoz.    <\/p>\n<\/div>\n\n\n\n<div class=\"wp-block-column is-layout-flow wp-block-column-is-layout-flow\" style=\"flex-basis:33.33%\">\n<figure class=\"wp-block-image aligncenter size-large is-resized\"><img decoding=\"async\" width=\"1024\" height=\"1024\" src=\"https:\/\/obera.fr\/wp-content\/uploads\/2025\/02\/9-1024x1024.png\" alt=\"9\" class=\"wp-image-67897\" style=\"width:266px;height:auto\" srcset=\"https:\/\/obera.fr\/wp-content\/uploads\/2025\/02\/9-1024x1024.png 1024w, https:\/\/obera.fr\/wp-content\/uploads\/2025\/02\/9-300x300.png 300w, https:\/\/obera.fr\/wp-content\/uploads\/2025\/02\/9-150x150.png 150w, https:\/\/obera.fr\/wp-content\/uploads\/2025\/02\/9-768x768.png 768w, https:\/\/obera.fr\/wp-content\/uploads\/2025\/02\/9.png 1200w\" sizes=\"(max-width: 1024px) 100vw, 1024px\" \/><\/figure>\n<\/div>\n<\/div>\n\n<h2 class=\"wp-block-heading\">Hogyan m\u0171k\u00f6dnek a l\u00e9gh\u0171t\u0151k<\/h2>\n\n<div class=\"wp-block-columns is-layout-flex wp-container-core-columns-is-layout-28f84493 wp-block-columns-is-layout-flex\">\n<div class=\"wp-block-column is-layout-flow wp-block-column-is-layout-flow\" style=\"flex-basis:50%\">\n<h3 class=\"wp-block-heading\">H\u0171t\u00e9s v\u00edzp\u00e1rologtat\u00e1ssal<\/h3>\n\n\n\n<p>A <a href=\"https:\/\/obera.fr\/conseils\/comment-fonctionne-un-rafraichisseur-adiabatique\/\">l\u00e9gfriss\u00edt\u0151 a v\u00edz elp\u00e1rolg\u00e1s\u00e1nak elv\u00e9n m\u0171k\u00f6dik<\/a>, amely termodinamikai folyamat lehet\u0151v\u00e9 teszi a k\u00f6rnyezeti leveg\u0151 h\u0151m\u00e9rs\u00e9klet\u00e9nek term\u00e9szetes \u00e9s hat\u00e9kony cs\u00f6kkent\u00e9s\u00e9t. A h\u0171t\u0151 egy er\u0151s ventil\u00e1tor seg\u00edts\u00e9g\u00e9vel sz\u00edvja el a meleg leveg\u0151t a helyis\u00e9gb\u0151l, majd egy v\u00edzzel \u00e1titatott k\u00f6zegen kereszt\u00fcl vezeti azt.   <\/p>\n\n\n\n<p><\/p>\n\n\n\n<p>A meleg leveg\u0151vel \u00e9rintkezve a v\u00edz elp\u00e1rolog, elnyeli a h\u0151t \u00e9s leh\u0171ti a leveg\u0151t, miel\u0151tt az a helyis\u00e9gbe ker\u00fclne. A <strong>l\u00e9gh\u0171t\u0151 adiabatikus, \u00e9s t\u00f6bb sebess\u00e9gfokozatban <\/strong>\u00e1ll\u00edthat\u00f3 a l\u00e9g\u00e1raml\u00e1s, \u00edgy r\u00f6vid id\u0151 alatt optim\u00e1lis h\u0171t\u00e9st biztos\u00edt. <\/p>\n<\/div>\n\n\n\n<div class=\"wp-block-column is-layout-flow wp-block-column-is-layout-flow\" style=\"flex-basis:50%\">\n<figure class=\"wp-block-embed is-type-video is-provider-youtube wp-block-embed-youtube wp-embed-aspect-16-9 wp-has-aspect-ratio\"><div class=\"wp-block-embed__wrapper\">\n<iframe title=\"Rafraichisseur d&#039;air - Gamme IC - OberA\" width=\"1200\" height=\"675\" src=\"https:\/\/www.youtube.com\/embed\/NG-Ssy2oM70?feature=oembed\" frameborder=\"0\" allow=\"accelerometer; autoplay; clipboard-write; encrypted-media; gyroscope; picture-in-picture; web-share\" referrerpolicy=\"strict-origin-when-cross-origin\" allowfullscreen><\/iframe>\n<\/div><\/figure>\n<\/div>\n\n\n\n<div class=\"wp-block-column is-layout-flow wp-block-column-is-layout-flow\"><\/div>\n<\/div>\n\n<h3 class=\"wp-block-heading\">A p\u00e1rologtat\u00f3 h\u0171t\u0151 el\u0151nyei a l\u00e9gkondicion\u00e1l\u00f3val szemben<\/h3>\n\n<p><a href=\"https:\/\/obera.fr\/hu\/a-mi-tanacsunk\/hatekonysag-levegofrissitok\/\">A l\u00e9gh\u0171t\u0151k k\u00fcl\u00f6n\u00f6sen hat\u00e9konyak<\/a>, ha a k\u00fcls\u0151 h\u0151m\u00e9rs\u00e9klet magas \u00e9s a leveg\u0151 sz\u00e1raz. A hagyom\u00e1nyos l\u00e9gkondicion\u00e1l\u00f3kt\u00f3l elt\u00e9r\u0151en teljes\u00edtm\u00e9ny\u00fck a h\u0151s\u00e9g \u00e9s a sz\u00e1razs\u00e1g f\u00fcggv\u00e9ny\u00e9ben n\u00f6vekszik, \u00edgy optim\u00e1lis h\u0171t\u00e9st biztos\u00edtanak ipari k\u00f6rnyezetben. <\/p>\n\n<p><\/p>\n\n<p>K\u00f6rnyezetbar\u00e1tabbak is, mivel nem bocs\u00e1tanak ki h\u0171t\u0151k\u00f6zegg\u00e1zokat, \u00e9s kev\u00e9s energi\u00e1t fogyasztanak. Gazdas\u00e1gosabbak, mint a l\u00e9gkondicion\u00e1l\u00f3k, mivel <strong>alacsonyabb a beszerz\u00e9si \u00e1ruk \u00e9s nincsenek telep\u00edt\u00e9si k\u00f6lts\u00e9gek<\/strong>. R\u00e1ad\u00e1sul egyszer\u0171 \u00e9s olcs\u00f3 a karbantart\u00e1suk, nem ig\u00e9nyelnek speci\u00e1lis szersz\u00e1mokat vagy m\u0171szaki ismereteket, ami cs\u00f6kkenti a szervizel\u00e9shez sz\u00fcks\u00e9ges id\u0151t.  <\/p>\n\n<p><\/p>\n\n<p>A p\u00e1rologtat\u00f3 h\u0171t\u00e9s jelent\u0151s, 4 \u00e9s 12 \u00b0C k\u00f6z\u00f6tti <a href=\"https:\/\/obera.fr\/hu\/a-mi-tanacsunk\/rafraichisseur-air-basse-temperature\/\">h\u0151m\u00e9rs\u00e9klet-cs\u00f6kken\u00e9st<\/a> biztos\u00edt an\u00e9lk\u00fcl,<strong> hogy h\u0151stresszt<\/strong> vagy t\u00falzott hideg\u00e9rzetet<strong> okozna<\/strong> &#8211; ezek a l\u00e9gkondicion\u00e1l\u00e1ssal gyakran \u00f6sszef\u00fcgg\u00e9sbe hozott h\u00e1tr\u00e1nyok. R\u00e1ad\u00e1sul a leveg\u0151 kellemesen p\u00e1r\u00e1s marad, megel\u0151zve a kisz\u00e1rad\u00e1st \u00e9s a t\u00fal sz\u00e1raz leveg\u0151 okozta kellemetlens\u00e9geket, ami szint\u00e9n a l\u00e9gkondicion\u00e1l\u00e1ssal gyakran egy\u00fctt j\u00e1r\u00f3 h\u00e1tr\u00e1ny. A <strong>be\u00e9p\u00edtett sz\u0171r\u0151k \u00e9s az UV-l\u00e1mpa a jobb l\u00e9ghigi\u00e9ni\u00e1t is biztos\u00edtja<\/strong>.  <\/p>\n\n<p><\/p>\n\n<p>V\u00e9g\u00fcl, mobil kialak\u00edt\u00e1suknak k\u00f6sz\u00f6nhet\u0151en a p\u00e1rologtat\u00f3 h\u0171t\u0151k ide\u00e1lisak a munka\u00e1llom\u00e1sokhoz, g\u00e9pekhez vagy szerverekhez k\u00f6zeli ter\u00fcletek h\u0171t\u00e9s\u00e9re, megel\u0151zve <strong>a berendez\u00e9sek t\u00falmeleged\u00e9s\u00e9nek kock\u00e1zat\u00e1t<\/strong>, mik\u00f6zben jav\u00edtj\u00e1k a kezel\u0151k k\u00e9nyelm\u00e9t. Hat\u00e9konys\u00e1guk azonban a k\u00e9sz\u00fcl\u00e9k megfelel\u0151 m\u00e9retez\u00e9s\u00e9t\u0151l \u00e9s a k\u00edv\u00e1nt h\u0151m\u00e9rs\u00e9klet el\u00e9r\u00e9s\u00e9hez sz\u00fcks\u00e9ges id\u0151t\u0151l f\u00fcgg. <\/p>\n\n<figure class=\"wp-block-image aligncenter size-large is-resized\"><img decoding=\"async\" width=\"1024\" height=\"1024\" src=\"https:\/\/obera.fr\/wp-content\/uploads\/2025\/01\/image-avantages-1024x1024.jpg\" alt=\"k&#xE9;pi el&#x151;ny&#xF6;k\" class=\"wp-image-57732\" style=\"width:130px;height:auto\" srcset=\"https:\/\/obera.fr\/wp-content\/uploads\/2025\/01\/image-avantages-1024x1024.jpg 1024w, https:\/\/obera.fr\/wp-content\/uploads\/2025\/01\/image-avantages-300x300.jpg 300w, https:\/\/obera.fr\/wp-content\/uploads\/2025\/01\/image-avantages-150x150.jpg 150w, https:\/\/obera.fr\/wp-content\/uploads\/2025\/01\/image-avantages-768x768.jpg 768w, https:\/\/obera.fr\/wp-content\/uploads\/2025\/01\/image-avantages-400x400.jpg 400w, https:\/\/obera.fr\/wp-content\/uploads\/2025\/01\/image-avantages-600x600.jpg 600w, https:\/\/obera.fr\/wp-content\/uploads\/2025\/01\/image-avantages.jpg 1200w\" sizes=\"(max-width: 1024px) 100vw, 1024px\" \/><\/figure>\n\n<h3 class=\"wp-block-heading\">Milyen t\u00edpus\u00fa \u00e9p\u00fcletekben haszn\u00e1lhat\u00f3 az adiabatikus l\u00e9gh\u0171t\u0151?<\/h3>\n\n<p>Az ipari l\u00e9gh\u0171t\u0151k k\u00fcl\u00f6n\u00f6sen alkalmasak j\u00f3l szell\u0151z\u0151 vagy a k\u00fclvil\u00e1g fel\u00e9 nyitott helyis\u00e9gekbe. Ide\u00e1lisak nagy terekbe, \u00e9s nem aj\u00e1nlottak kis, z\u00e1rt helyis\u00e9gekbe. <strong>Ez\u00e1ltal ide\u00e1lisak sz\u00e1mos \u00e1gazatban<\/strong>, p\u00e9ld\u00e1ul az aut\u00f3-, f\u00e9m-, vegyi- \u00e9s nyomdaiparban, ahol a hat\u00e9kony, k\u00f6lts\u00e9ghat\u00e9kony h\u0171t\u00e9s elengedhetetlen. Kereskedelmi \u00e9s kiskereskedelmi k\u00f6rnyezetben, valamint sportcsarnokokban is sz\u00e9les k\u00f6rben haszn\u00e1lj\u00e1k \u0151ket, mivel ezekben a k\u00f6rnyezetekben <strong>nagy teljes\u00edtm\u00e9ny\u0171 h\u0171t\u00e9si megold\u00e1st<\/strong> ny\u00fajtanak.   <\/p>\n\n<h2 class=\"wp-block-heading\">A nagy t\u00e9rfogat\u00fa l\u00e9gh\u0171t\u0151 kiv\u00e1laszt\u00e1si krit\u00e9riumai<\/h2>\n\n<p>\u00cdme a f\u0151 krit\u00e9riumok, amelyeket figyelembe kell venni egy ipari l\u00e9gh\u0171t\u0151 v\u00e1s\u00e1rl\u00e1sakor:<\/p>\n\n<ul class=\"wp-block-list\">\n<li>L\u00e9g\u00e1raml\u00e1si kapacit\u00e1s<\/li>\n<\/ul>\n\n<p>A h\u0171t\u0151nek a<strong> h\u0171tend\u0151 t\u00e9r fel\u00fclet\u00e9hez igazod\u00f3 l\u00e9g\u00e1raml\u00e1si sebess\u00e9get<\/strong> kell biztos\u00edtania<strong>.<\/strong> Egy nagy teljes\u00edtm\u00e9ny\u0171 k\u00e9sz\u00fcl\u00e9k biztos\u00edtja, hogy a h\u0171v\u00f6s leveg\u0151 egyenletesen \u00e9s hat\u00e9konyan oszlik el, optimaliz\u00e1lva a felhaszn\u00e1l\u00f3 k\u00e9nyelm\u00e9t. Egy 100-200 m\u00b2-es m\u0171hely vagy rakt\u00e1r eset\u00e9ben 10 000-20 000 m\u00b3\/h l\u00e9g\u00e1ram\u00fa h\u0171t\u0151berendez\u00e9s aj\u00e1nlott. Nagyobb, 500 m\u00b2-n\u00e9l nagyobb ter\u00fcletek eset\u00e9n egy 30 000 m\u00b3\/h vagy ann\u00e1l nagyobb l\u00e9g\u00e1ram\u00fa modell hat\u00e9konyabb.  <\/p>\n\n<ul class=\"wp-block-list\">\n<li>V\u00edztart\u00e1ly m\u00e9rete<\/li>\n<\/ul>\n\n<p>A v\u00edztart\u00e1ly kapacit\u00e1sa k\u00f6zvetlen hat\u00e1ssal van a k\u00e9sz\u00fcl\u00e9k auton\u00f3mi\u00e1j\u00e1ra. Min\u00e9l nagyobb a kapacit\u00e1sa, ann\u00e1l hosszabb ideig haszn\u00e1lhat\u00f3 gyakori \u00fajrat\u00f6lt\u00e9s n\u00e9lk\u00fcl. Egy 50-100 literes tart\u00e1ly 4-8 \u00f3ra folyamatos haszn\u00e1latot biztos\u00edt. <strong>A nagyon nagy helyis\u00e9gekre tervezett ipari modellek<\/strong> ak\u00e1r 300 literes kapacit\u00e1ssal is rendelkezhetnek, ami cs\u00f6kkenti az ut\u00e1nt\u00f6lt\u00e9sek gyakoris\u00e1g\u00e1t.   <\/p>\n\n<ul class=\"wp-block-list\">\n<li>Zajszint<\/li>\n<\/ul>\n\n<p>Az ipari l\u00e9gh\u0171t\u0151ket gyakran csendes m\u0171k\u00f6d\u00e9s\u00fck miatt \u00e9rt\u00e9kelik. A l\u00e9gkondicion\u00e1l\u00f3kt\u00f3l elt\u00e9r\u0151en, amelyek zajos kompresszorral rendelkeznek, ezek a k\u00e9sz\u00fcl\u00e9kek <strong>csendes szell\u0151ztet\u0151 rendszerre<\/strong> t\u00e1maszkodnak, \u00e1ltal\u00e1ban 50 \u00e9s 65 dB k\u00f6z\u00f6tti hanger\u0151vel, a kiv\u00e1lasztott teljes\u00edtm\u00e9nyt\u0151l f\u00fcgg\u0151en. Egy 15 000 m\u00b3\/h-s modell \u00e1tlagosan 55 dB-t produk\u00e1l, ami egy norm\u00e1l besz\u00e9lget\u00e9snek felel meg.  <\/p>\n\n<ul class=\"wp-block-list\">\n<li>Mobilit\u00e1s \u00e9s k\u00f6nny\u0171 haszn\u00e1lat<\/li>\n<\/ul>\n\n<p>A mobil modell nagyobb rugalmass\u00e1got k\u00edn\u00e1l a haszn\u00e1latban. A stabil g\u00f6rg\u0151kkel \u00e9s a kapacit\u00e1st\u00f3l f\u00fcgg\u0151en 30 \u00e9s 80 kg k\u00f6z\u00f6tti s\u00falyokkal a h\u0171t\u0151k k\u00f6nnyen mozgathat\u00f3k egyik helyr\u0151l a m\u00e1sikra. <strong>Egyes term\u00e9kekhez t\u00e1vir\u00e1ny\u00edt\u00f3 \u00e9s \u00e1ll\u00edthat\u00f3 ventil\u00e1torsebess\u00e9g tartozik<\/strong> a tov\u00e1bbi k\u00e9nyelem \u00e9rdek\u00e9ben. A telep\u00edt\u00e9s \u00e9s az \u00fczembe helyez\u00e9s \u00e1ltal\u00e1ban gyors, ami cs\u00f6kkenti a haszn\u00e1lat el\u0151tti id\u0151t.  <\/p>\n\n<ul class=\"wp-block-list\">\n<li>Energiafogyaszt\u00e1s<\/li>\n<\/ul>\n\n<p>Egy <a href=\"https:\/\/obera.fr\/hu\/a-mi-tanacsunk\/les-avantages-du-rafraichissement-adiabatique-dominent-largement-ses-inconvenients\/\">ipari l\u00e9gh\u0171t\u0151 sokkal gazdas\u00e1gosabb<\/a>, mint egy l\u00e9gkondicion\u00e1l\u00f3. Teljes\u00edtm\u00e9nye \u00e1ltal\u00e1ban 200 \u00e9s 2000 W k\u00f6z\u00f6tt v\u00e1ltozik, a k\u00e9sz\u00fcl\u00e9k m\u00e9ret\u00e9t\u0151l f\u00fcgg\u0151en. Alacsony energiaig\u00e9nye miatt ide\u00e1lis megold\u00e1s nagy terek hat\u00e9kony h\u0171t\u00e9s\u00e9re an\u00e9lk\u00fcl, hogy n\u00f6veln\u00e9 az \u00e1ramsz\u00e1ml\u00e1t. \u00d6sszehasonl\u00edt\u00e1sk\u00e9ppen, egy egyen\u00e9rt\u00e9k\u0171 <strong>ipari l\u00e9gkondicion\u00e1l\u00f3nak<\/strong> 5-10-szer t\u00f6bb energi\u00e1ra van sz\u00fcks\u00e9ge.   <\/p>\n\n<figure class=\"wp-block-image aligncenter size-large is-resized\"><img decoding=\"async\" width=\"1024\" height=\"1024\" src=\"https:\/\/obera.fr\/wp-content\/uploads\/2025\/03\/conseil-raf-1024x1024.png\" alt=\"raf tan&#xE1;csad&#xE1;s\" class=\"wp-image-77456\" style=\"width:182px;height:auto\" srcset=\"https:\/\/obera.fr\/wp-content\/uploads\/2025\/03\/conseil-raf-1024x1024.png 1024w, https:\/\/obera.fr\/wp-content\/uploads\/2025\/03\/conseil-raf-300x300.png 300w, https:\/\/obera.fr\/wp-content\/uploads\/2025\/03\/conseil-raf-150x150.png 150w, https:\/\/obera.fr\/wp-content\/uploads\/2025\/03\/conseil-raf-768x768.png 768w, https:\/\/obera.fr\/wp-content\/uploads\/2025\/03\/conseil-raf.png 1200w\" sizes=\"(max-width: 1024px) 100vw, 1024px\" \/><\/figure>\n\n<h2 class=\"wp-block-heading\">Obera term\u00e9keink: az ipari l\u00e9gfriss\u00edt\u0151k teljes v\u00e1laszt\u00e9ka<\/h2>\n\n<p>Az Obera csendes l\u00e9gh\u0171t\u0151k sz\u00e9les v\u00e1laszt\u00e9k\u00e1t k\u00edn\u00e1lja, amelyeket nagy, intenz\u00edv h\u0171t\u00e9si ig\u00e9ny\u0171 terek h\u0171t\u00e9s\u00e9re terveztek.<\/p>\n\n<figure class=\"wp-block-table\"><table class=\"has-fixed-layout\"><tbody><tr><td><\/td><td class=\"has-text-align-center\" data-align=\"center\" colspan=\"3\"><strong>Mobil h\u0171t\u0151<\/strong><\/td><\/tr><tr><td><strong>Term\u00e9k<\/strong><\/td><td class=\"has-text-align-center\" data-align=\"center\"><strong>IC12<\/strong><\/td><td class=\"has-text-align-center\" data-align=\"center\"><strong>IC22<\/strong><\/td><td class=\"has-text-align-center\" data-align=\"center\"><strong>IC30<\/strong><\/td><\/tr><tr><td>H\u0171t\u0151fel\u00fclet<\/td><td class=\"has-text-align-center\" data-align=\"center\">80-150 m\u00b2 alapter\u00fclet<\/td><td class=\"has-text-align-center\" data-align=\"center\">150-250 m\u00b2 alapter\u00fclet<\/td><td class=\"has-text-align-center\" data-align=\"center\">200-400 m\u00b2 alapter\u00fclet<\/td><\/tr><tr><td>Leveg\u0151\u00e1raml\u00e1si sebess\u00e9g<\/td><td class=\"has-text-align-center\" data-align=\"center\">12,000<sup>m3\/h<\/sup><\/td><td class=\"has-text-align-center\" data-align=\"center\">22,000<sup>m3\/h<\/sup><\/td><td class=\"has-text-align-center\" data-align=\"center\">30,000<sup>m3\/h<\/sup><\/td><\/tr><tr><td>Ventil\u00e1tor fordulatsz\u00e1mok<\/td><td class=\"has-text-align-center\" data-align=\"center\">3  <\/td><td class=\"has-text-align-center\" data-align=\"center\">3  <\/td><td class=\"has-text-align-center\" data-align=\"center\">3<\/td><\/tr><tr><td>Alacsony zajszint<\/td><td class=\"has-text-align-center\" data-align=\"center\">54 \u00e9s 63 decibel k\u00f6z\u00f6tt<\/td><td class=\"has-text-align-center\" data-align=\"center\">58 \u00e9s 68 decibel k\u00f6z\u00f6tt<\/td><td class=\"has-text-align-center\" data-align=\"center\">66-70 decibel<\/td><\/tr><tr><td>V\u00edztart\u00e1ly<\/td><td class=\"has-text-align-center\" data-align=\"center\">70 L<\/td><td class=\"has-text-align-center\" data-align=\"center\">130 L<\/td><td class=\"has-text-align-center\" data-align=\"center\">280 L<\/td><\/tr><tr><td>T\u00e1ra s\u00faly<\/td><td class=\"has-text-align-center\" data-align=\"center\">43 kg<\/td><td class=\"has-text-align-center\" data-align=\"center\">50 kg<\/td><td class=\"has-text-align-center\" data-align=\"center\">110 kg<\/td><\/tr><tr><td>Teljes\u00edtm\u00e9ny  <\/td><td class=\"has-text-align-center\" data-align=\"center\">440 W<\/td><td class=\"has-text-align-center\" data-align=\"center\">640 W<\/td><td class=\"has-text-align-center\" data-align=\"center\">850 W<\/td><\/tr><\/tbody><\/table><\/figure>\n\n<h2 class=\"wp-block-heading\">A megfelel\u0151 l\u00e9gh\u0171t\u0151 kiv\u00e1laszt\u00e1sa a nagy terek sz\u00e1m\u00e1ra<\/h2>\n\n<p><strong>A megfelel\u0151 l\u00e9gh\u0171t\u0151 kiv\u00e1laszt\u00e1s\u00e1hoz<\/strong> sz\u00e1mos krit\u00e9riumot kell figyelembe vennie: j\u00f3 l\u00e9g\u00e1raml\u00e1si sebess\u00e9g, nagy v\u00edztart\u00e1ly, csendes \u00e9s energiatakar\u00e9kos k\u00e9sz\u00fcl\u00e9k. A h\u0171t\u00e9s hat\u00e9konys\u00e1g\u00e1ban kulcsszerepet j\u00e1tszik a rendszer teljes\u00edtm\u00e9nye. A nagy teljes\u00edtm\u00e9ny\u0171 ventil\u00e1tor <strong>biztos\u00edtja a j\u00f3 l\u00e9gkering\u00e9st, \u00e9s optimaliz\u00e1lja az \u00e1raml\u00e1si sebess\u00e9get<\/strong>, elker\u00fclve a rosszul h\u0171t\u00f6tt ter\u00fcleteket.    <\/p>\n\n<p><\/p>\n\n<p>Egyes term\u00e9kek t\u00f6bbf\u00e9le ventil\u00e1torsebess\u00e9ggel rendelkeznek, \u00edgy a teljes\u00edtm\u00e9nyt az \u00d6n ig\u00e9nyeinek megfelel\u0151en \u00e1ll\u00edthatja be. A tov\u00e1bbi k\u00e9nyelem \u00e9rdek\u00e9ben a t\u00e1vir\u00e1ny\u00edt\u00f3val a be\u00e1ll\u00edt\u00e1sok t\u00e1volr\u00f3l is k\u00f6nnyen elv\u00e9gezhet\u0151k. V\u00e9g\u00fcl, ak\u00e1r  <strong> <\/strong><a href=\"https:\/\/obera.fr\/hu\/produits\/rafraichisseurs-air\/\">Ak\u00e1r mobil h\u0171t\u0151t v\u00e1laszt a nagyobb rugalmass\u00e1g \u00e9rdek\u00e9ben<\/a>, ak\u00e1r helyhez k\u00f6t\u00f6tt modellt a hossz\u00fa t\u00e1v\u00fa telep\u00edt\u00e9shez, olyan berendez\u00e9st kell v\u00e1lasztania, amely pontosan megfelel a helyis\u00e9g k\u00f6vetelm\u00e9nyeinek. \u00c9s ne felejtse el v\u00e1s\u00e1rl\u00e1s el\u0151tt ellen\u0151rizni a v\u00e1s\u00e1rl\u00f3i v\u00e9lem\u00e9nyeket \u00e9s a sz\u00e1ll\u00edt\u00e1si hat\u00e1rid\u0151ket. <\/p>\n\n<div style=\"height:20px\" aria-hidden=\"true\" class=\"wp-block-spacer\"><\/div>\n\n<div class=\"wp-block-buttons is-content-justification-center is-layout-flex wp-container-core-buttons-is-layout-a89b3969 wp-block-buttons-is-layout-flex\">\n<div class=\"wp-block-button\"><a class=\"wp-block-button__link wp-element-button\" href=\"https:\/\/obera.fr\/hu\/contact\/\">SZEM\u00c9LYRE SZABOTT TAN\u00c1CSAD\u00c1SRA VAN SZ\u00dcKS\u00c9GE?<\/a><\/div>\n<\/div>\n","protected":false},"excerpt":{"rendered":"<p>Ny\u00e1ron, k\u00fcl\u00f6n\u00f6sen a h\u0151s\u00e9gcs\u00facsok idej\u00e9n a v\u00e1llalat nagy t\u00e9rfogat\u00e1nak h\u0171t\u00e9se probl\u00e9m\u00e1t jelent a hagyom\u00e1nyos l\u00e9gkondicion\u00e1l\u00e1s sz\u00e1m\u00e1ra, m\u00edg az adiabatikus h\u0171t\u00e9s jav\u00edtja a teljes\u00edtm\u00e9nyt.<\/p>\n","protected":false},"author":4,"featured_media":89741,"comment_status":"closed","ping_status":"closed","sticky":false,"template":"","format":"standard","meta":{"_acf_changed":false,"_seopress_robots_primary_cat":"none","_seopress_titles_title":"Faut-il opter pour rafra\u00eechissement adiabatique durant les vanicules ?","_seopress_titles_desc":"D\u00e9couvrez comment le rafraichissement adiabatique peut \u00eatre ma solution id\u00e9ale pour maintenir une temp\u00e9rature agr\u00e9able dans les grands espaces.","_seopress_robots_index":"","footnotes":""},"categories":[314],"tags":[323],"class_list":["post-72736","post","type-post","status-publish","format-standard","has-post-thumbnail","hentry","category-a-mi-tanacsunk","tag-entete-kicsi","generate-columns","tablet-grid-50","mobile-grid-100","grid-parent","grid-50","no-featured-image-padding","resize-featured-image"],"acf":[],"_links":{"self":[{"href":"https:\/\/obera.fr\/hu\/wp-json\/wp\/v2\/posts\/72736","targetHints":{"allow":["GET"]}}],"collection":[{"href":"https:\/\/obera.fr\/hu\/wp-json\/wp\/v2\/posts"}],"about":[{"href":"https:\/\/obera.fr\/hu\/wp-json\/wp\/v2\/types\/post"}],"author":[{"embeddable":true,"href":"https:\/\/obera.fr\/hu\/wp-json\/wp\/v2\/users\/4"}],"replies":[{"embeddable":true,"href":"https:\/\/obera.fr\/hu\/wp-json\/wp\/v2\/comments?post=72736"}],"version-history":[{"count":3,"href":"https:\/\/obera.fr\/hu\/wp-json\/wp\/v2\/posts\/72736\/revisions"}],"predecessor-version":[{"id":77949,"href":"https:\/\/obera.fr\/hu\/wp-json\/wp\/v2\/posts\/72736\/revisions\/77949"}],"wp:featuredmedia":[{"embeddable":true,"href":"https:\/\/obera.fr\/hu\/wp-json\/wp\/v2\/media\/89741"}],"wp:attachment":[{"href":"https:\/\/obera.fr\/hu\/wp-json\/wp\/v2\/media?parent=72736"}],"wp:term":[{"taxonomy":"category","embeddable":true,"href":"https:\/\/obera.fr\/hu\/wp-json\/wp\/v2\/categories?post=72736"},{"taxonomy":"post_tag","embeddable":true,"href":"https:\/\/obera.fr\/hu\/wp-json\/wp\/v2\/tags?post=72736"}],"curies":[{"name":"wp","href":"https:\/\/api.w.org\/{rel}","templated":true}]}}