{"id":76394,"date":"2025-03-24T09:30:00","date_gmt":"2025-03-24T07:30:00","guid":{"rendered":"https:\/\/obera.fr\/a-mi-tanacsunk\/rafraichisseur-air-metallurgie\/"},"modified":"2025-11-21T10:31:35","modified_gmt":"2025-11-21T08:31:35","slug":"rafraichisseur-air-metallurgie","status":"publish","type":"post","link":"https:\/\/obera.fr\/hu\/a-mi-tanacsunk\/rafraichisseur-air-metallurgie\/","title":{"rendered":"L\u00e9gh\u0171t\u0151k: hat\u00e9kony megold\u00e1s a f\u00e9mfeldolgoz\u00f3 \u00e1gazatban"},"content":{"rendered":"\n<div class=\"wp-block-columns is-layout-flex wp-container-core-columns-is-layout-28f84493 wp-block-columns-is-layout-flex\">\n<div class=\"wp-block-column is-layout-flow wp-block-column-is-layout-flow\" style=\"flex-basis:66.66%\">\n<p>A <strong>koh\u00e1szati szektor<\/strong> tev\u00e9kenys\u00e9gek sz\u00e9les sk\u00e1l\u00e1j\u00e1t \u00f6leli fel, az ac\u00e9lgy\u00e1rt\u00e1st\u00f3l a m\u0171helybeli hegeszt\u00e9si m\u0171veletekig. Extr\u00e9m h\u0151m\u00e9rs\u00e9kletek jellemzik, amelyeket az olvaszt\u00e1si elj\u00e1r\u00e1sok, valamint a f\u00e9mfeldolgoz\u00e1si m\u0171veletek gener\u00e1lnak. Ezek a neh\u00e9z h\u0151m\u00e9rs\u00e9kleti viszonyok, amelyek a <strong>koh\u00e1szati iparra<\/strong> jellemz\u0151ek, ny\u00e1ron, k\u00fcl\u00f6n\u00f6sen a h\u0151hull\u00e1mok idej\u00e9n m\u00e9g s\u00falyosbodnak. A h\u0151energia felhalmoz\u00f3d\u00e1sa az \u00e9p\u00fcletekben negat\u00edv hat\u00e1ssal lehet a termel\u00e9kenys\u00e9gre, a munk\u00e1sok biztons\u00e1g\u00e1ra \u00e9s m\u00e9g a g\u00e9pek teljes\u00edtm\u00e9ny\u00e9re is. Ennek orvosl\u00e1s\u00e1ra a l\u00e9gh\u0171t\u0151 hat\u00e9kony megold\u00e1st jelent, \u00f6tv\u00f6zve a h\u0171t\u00e9st \u00e9s a leveg\u0151min\u0151s\u00e9g jav\u00edt\u00e1s\u00e1t. Kifejezetten a magas <strong>h\u0151terhel\u00e9snek<\/strong> kitett ipari k\u00f6rnyezetekre tervezve, ez a berendez\u00e9s h\u0171ti a k\u00f6rnyezetet, mik\u00f6zben eg\u00e9szs\u00e9gesebb k\u00f6rnyezetet biztos\u00edt a kezel\u0151k sz\u00e1m\u00e1ra.<\/p>\n<\/div>\n\n\n\n<div class=\"wp-block-column is-layout-flow wp-block-column-is-layout-flow\" style=\"flex-basis:33.33%\">\n<figure class=\"wp-block-image aligncenter size-large is-resized\"><img decoding=\"async\" width=\"1024\" height=\"683\" src=\"https:\/\/obera.fr\/wp-content\/uploads\/2025\/02\/fumee-soudure-1024x683.jpg\" alt=\"hegeszt&#xE9;si f&#xFC;st\" class=\"wp-image-68296\" style=\"width:280px;height:auto\" srcset=\"https:\/\/obera.fr\/wp-content\/uploads\/2025\/02\/fumee-soudure-1024x683.jpg 1024w, https:\/\/obera.fr\/wp-content\/uploads\/2025\/02\/fumee-soudure-300x200.jpg 300w, https:\/\/obera.fr\/wp-content\/uploads\/2025\/02\/fumee-soudure-768x512.jpg 768w, https:\/\/obera.fr\/wp-content\/uploads\/2025\/02\/fumee-soudure-1536x1024.jpg 1536w, https:\/\/obera.fr\/wp-content\/uploads\/2025\/02\/fumee-soudure-2048x1365.jpg 2048w\" sizes=\"(max-width: 1024px) 100vw, 1024px\" \/><\/figure>\n<\/div>\n<\/div>\n\n<h2 class=\"wp-block-heading\">Hogyan m\u0171k\u00f6dik az adiabatikus l\u00e9gh\u0171t\u0151?<\/h2>\n\n<h3 class=\"wp-block-heading\">A v\u00edz elp\u00e1rolg\u00e1s\u00e1nak elve  <\/h3>\n\n<div class=\"wp-block-columns is-layout-flex wp-container-core-columns-is-layout-28f84493 wp-block-columns-is-layout-flex\">\n<div class=\"wp-block-column is-layout-flow wp-block-column-is-layout-flow\" style=\"flex-basis:66.66%\">\n<p>Egy <a href=\"https:\/\/obera.fr\/hu\/a-mi-tanacsunk\/comment-fonctionne-un-rafraichisseur-adiabatique\/\">l\u00e9gh\u0171t\u0151 m\u0171k\u00f6d\u00e9se a v\u00edz p\u00e1rolg\u00e1s\u00e1nak fizikai elv\u00e9n alapul<\/a>, egy term\u00e9szetes jelens\u00e9g, amely lehet\u0151v\u00e9 teszi a k\u00f6rnyezeti leveg\u0151 h\u0151m\u00e9rs\u00e9klet\u00e9nek cs\u00f6kkent\u00e9s\u00e9t. Technikai szempontb\u00f3l a meleg leveg\u0151t a l\u00e9gh\u0171t\u0151 ventil\u00e1tora besz\u00edvja, majd egy p\u00e1rologtat\u00f3 k\u00f6zegen, \u00e1ltal\u00e1ban egy v\u00edzzel tel\u00edtett cellul\u00f3z m\u00e9hsejt panelen kereszt\u00fcl \u00e1ramoltatja. P\u00e1rolg\u00e1s k\u00f6zben a v\u00edz elnyeli a leveg\u0151ben l\u00e9v\u0151 h\u0151energi\u00e1t, ez\u00e1ltal cs\u00f6kkentve annak <strong>h\u0151m\u00e9rs\u00e9klet\u00e9t \u00e9s enyh\u00e9n n\u00f6velve p\u00e1ratartalm\u00e1t<\/strong>, miel\u0151tt a h\u0171tend\u0151 t\u00e9rbe ker\u00fclne. Ezt a folyamatot adiabatikus vagy p\u00e1rologtat\u00f3 h\u0171t\u00e9snek nevezik.<\/p>\n<\/div>\n\n\n\n<div class=\"wp-block-column is-layout-flow wp-block-column-is-layout-flow\" style=\"flex-basis:33.33%\">\n<figure class=\"wp-block-image aligncenter size-full is-resized\"><img decoding=\"async\" width=\"1000\" height=\"1000\" src=\"https:\/\/obera.fr\/wp-content\/uploads\/2022\/03\/Rafraichisseur-dair-par-evaporation.jpg\" alt=\"p&#xE1;rologtat&#xF3; l&#xE9;gh&#x171;t&#x151;\" class=\"wp-image-13253\" style=\"width:222px;height:auto\" srcset=\"https:\/\/obera.fr\/wp-content\/uploads\/2022\/03\/Rafraichisseur-dair-par-evaporation.jpg 1000w, https:\/\/obera.fr\/wp-content\/uploads\/2022\/03\/Rafraichisseur-dair-par-evaporation-300x300.jpg 300w, https:\/\/obera.fr\/wp-content\/uploads\/2022\/03\/Rafraichisseur-dair-par-evaporation-150x150.jpg 150w, https:\/\/obera.fr\/wp-content\/uploads\/2022\/03\/Rafraichisseur-dair-par-evaporation-768x768.jpg 768w\" sizes=\"(max-width: 1000px) 100vw, 1000px\" \/><\/figure>\n<\/div>\n<\/div>\n\n<h3 class=\"wp-block-heading\">Az adiabatikus rendszer \u00f6kol\u00f3giai \u00e9s gazdas\u00e1gi el\u0151nyei<\/h3>\n\n<div class=\"wp-block-columns is-layout-flex wp-container-core-columns-is-layout-28f84493 wp-block-columns-is-layout-flex\">\n<div class=\"wp-block-column is-layout-flow wp-block-column-is-layout-flow\" style=\"flex-basis:66.66%\">\n<p>A l\u00e9gh\u0171t\u0151k egyik f\u0151 el\u0151nye az alacsony <a href=\"https:\/\/obera.fr\/hu\/a-mi-tanacsunk\/solution-refroidissement-efficacite-energetique\/\">energiafogyaszt\u00e1suk<\/a> a hagyom\u00e1nyos l\u00e9gkondicion\u00e1l\u00f3 rendszerekhez k\u00e9pest. Val\u00f3j\u00e1ban ezek vegyi h\u0171t\u0151k\u00f6zegeket haszn\u00e1lnak \u00e9s energiaig\u00e9nyes kompresszorokat ig\u00e9nyelnek, m\u00edg a l\u00e9gh\u0171t\u0151k a v\u00edz term\u00e9szetes p\u00e1rolg\u00e1s\u00e1t, egy <strong>energiatakar\u00e9kos folyamatot<\/strong> alkalmaznak.<\/p>\n\n\n\n<p>Tov\u00e1bb\u00e1, mivel nem haszn\u00e1l szennyez\u0151 h\u0171t\u0151g\u00e1zokat, ez a rendszer hozz\u00e1j\u00e1rul az ipar sz\u00e9nl\u00e1bnyom\u00e1nak cs\u00f6kkent\u00e9s\u00e9hez. Az adiabatikus h\u0171t\u00e9s jelent\u0151s energiak\u00f6lts\u00e9g-megtakar\u00edt\u00e1st eredm\u00e9nyez, k\u00fcl\u00f6n\u00f6sen olyan helyis\u00e9gekben, ahol a <strong>h\u0151m\u00e9rs\u00e9kleti viszonyok nagyon magasak<\/strong> \u00e9s jelent\u0151sen elt\u00e9rhetnek az egyes z\u00f3n\u00e1k k\u00f6z\u00f6tt. <\/p>\n\n\n\n<p>A p\u00e1rologtat\u00f3 h\u0171t\u0151k ez\u00e9rt<strong> hat\u00e9kony, energiatakar\u00e9kos h\u0171t\u00e9si<\/strong> megold\u00e1st k\u00edn\u00e1lnak, k\u00fcl\u00f6n\u00f6sen alkalmasak nagy t\u00e9rfogatok \u00e9s nyitott terek h\u0171t\u00e9s\u00e9re, mint p\u00e9ld\u00e1ul a f\u00e9mfeldolgoz\u00f3 \u00e1gazatban.<\/p>\n<\/div>\n\n\n\n<div class=\"wp-block-column is-layout-flow wp-block-column-is-layout-flow\" style=\"flex-basis:33.33%\">\n<figure class=\"wp-block-image aligncenter size-full is-resized\"><img decoding=\"async\" width=\"500\" height=\"500\" src=\"https:\/\/obera.fr\/wp-content\/uploads\/2025\/02\/ic22-removebg-preview.png\" alt=\"ic22 removebg el&#x151;n&#xE9;zet\" class=\"wp-image-59936\" style=\"width:288px;height:auto\" srcset=\"https:\/\/obera.fr\/wp-content\/uploads\/2025\/02\/ic22-removebg-preview.png 500w, https:\/\/obera.fr\/wp-content\/uploads\/2025\/02\/ic22-removebg-preview-300x300.png 300w, https:\/\/obera.fr\/wp-content\/uploads\/2025\/02\/ic22-removebg-preview-150x150.png 150w, https:\/\/obera.fr\/wp-content\/uploads\/2025\/02\/ic22-removebg-preview-400x400.png 400w\" sizes=\"(max-width: 500px) 100vw, 500px\" \/><\/figure>\n<\/div>\n<\/div>\n\n<h2 class=\"wp-block-heading\">A koh\u00e1szat saj\u00e1tos h\u0171t\u00e9si k\u00f6vetelm\u00e9nyei<\/h2>\n\n<h3 class=\"wp-block-heading\">Koh\u00e1szati folyamatok sor\u00e1n keletkez\u0151 magas h\u0151m\u00e9rs\u00e9kletek<\/h3>\n\n<p>A <strong>koh\u00e1szati \u00fczemekben a h\u0151m\u00e9rs\u00e9klet<\/strong> vesz\u00e9lyes szinteket \u00e9rhet el. P\u00e9ld\u00e1ul a f\u00e9mek koh\u00f3ban t\u00f6rt\u00e9n\u0151 olvaszt\u00e1sakor a h\u0151m\u00e9rs\u00e9klet el\u00e9ri az 1 600 \u00b0C-ot, ami jelent\u0151sen megn\u00f6veli a h\u0151- \u00e9s sug\u00e1rz\u00f3 energi\u00e1t a szomsz\u00e9dos ter\u00fcleteken. Ezek a h\u0151m\u00e9rs\u00e9kletek nemcsak a berendez\u00e9seket \u00e9s az anyagokat befoly\u00e1solhatj\u00e1k, hanem vesz\u00e9lyeztethetik az <strong>alkalmazottak k\u00e9nyelm\u00e9t \u00e9s j\u00f3l\u00e9t\u00e9t<\/strong>, valamint a koh\u00e1szati folyamatok megb\u00edzhat\u00f3s\u00e1g\u00e1t is.<\/p>\n\n<h3 class=\"wp-block-heading\">A h\u0151m\u00e9rs\u00e9klet hat\u00e1sa a munkav\u00e1llal\u00f3k termel\u00e9kenys\u00e9g\u00e9re \u00e9s biztons\u00e1g\u00e1ra<\/h3>\n\n<p>A <strong>t\u00falzott h\u0151m\u00e9rs\u00e9klet a munkak\u00f6rnyezetben<\/strong> fokozott f\u00e1radts\u00e1got, magas kimer\u00fclts\u00e9gi \u00e9s kisz\u00e1rad\u00e1si kock\u00e1zatot okoz. Az INRS hangs\u00falyozza, hogy a 33 \u00b0C feletti h\u0151m\u00e9rs\u00e9kletek jelent\u0151sen fokozz\u00e1k ezeket a vesz\u00e9lyeket. Ezek a k\u00f6r\u00fclm\u00e9nyek nemcsak az alkalmazottak j\u00f3l\u00e9t\u00e9t vesz\u00e9lyeztetik, hanem befoly\u00e1solj\u00e1k a m\u0171veletek min\u0151s\u00e9g\u00e9t \u00e9s hat\u00e9konys\u00e1g\u00e1t is. 33-34 \u00b0C felett a termel\u00e9kenys\u00e9g ak\u00e1r 50%-kal is cs\u00f6kkenhet, mik\u00f6zben a hib\u00e1k \u00e9s mulaszt\u00e1sok megszaporodnak, n\u00f6velve a szem\u00e9lyzet biztons\u00e1g\u00e1ra vonatkoz\u00f3 kock\u00e1zatokat. Ezenk\u00edv\u00fcl a <strong>magas h\u0151m\u00e9rs\u00e9klet hat\u00e1ssal lehet a berendez\u00e9sekre<\/strong>, cs\u00f6kkentve hat\u00e9konys\u00e1gukat \u00e9s n\u00f6velve a meghib\u00e1sod\u00e1sok \u00e9s a termel\u00e9sle\u00e1ll\u00e1sok gyakoris\u00e1g\u00e1t.<\/p>\n\n<h3 class=\"wp-block-heading\">A p\u00e1rologtat\u00f3 h\u0171t\u0151k el\u0151nyei koh\u00e1szati k\u00f6rnyezetben<\/h3>\n\n<h4 class=\"wp-block-heading\">A k\u00f6rnyezeti h\u0151 hat\u00e9kony cs\u00f6kkent\u00e9se<\/h4>\n\n<div class=\"wp-block-columns is-layout-flex wp-container-core-columns-is-layout-28f84493 wp-block-columns-is-layout-flex\">\n<div class=\"wp-block-column is-layout-flow wp-block-column-is-layout-flow\" style=\"flex-basis:25%\">\n<figure class=\"wp-block-image aligncenter size-large is-resized\"><img decoding=\"async\" width=\"1024\" height=\"1024\" src=\"https:\/\/obera.fr\/wp-content\/uploads\/2025\/01\/image-avantages-1024x1024.jpg\" alt=\"k&#xE9;pi el&#x151;ny&#xF6;k\" class=\"wp-image-57732\" style=\"width:144px;height:auto\" srcset=\"https:\/\/obera.fr\/wp-content\/uploads\/2025\/01\/image-avantages-1024x1024.jpg 1024w, https:\/\/obera.fr\/wp-content\/uploads\/2025\/01\/image-avantages-300x300.jpg 300w, https:\/\/obera.fr\/wp-content\/uploads\/2025\/01\/image-avantages-150x150.jpg 150w, https:\/\/obera.fr\/wp-content\/uploads\/2025\/01\/image-avantages-768x768.jpg 768w, https:\/\/obera.fr\/wp-content\/uploads\/2025\/01\/image-avantages-400x400.jpg 400w, https:\/\/obera.fr\/wp-content\/uploads\/2025\/01\/image-avantages-600x600.jpg 600w, https:\/\/obera.fr\/wp-content\/uploads\/2025\/01\/image-avantages.jpg 1200w\" sizes=\"(max-width: 1024px) 100vw, 1024px\" \/><\/figure>\n<\/div>\n\n\n\n<div class=\"wp-block-column is-layout-flow wp-block-column-is-layout-flow\" style=\"flex-basis:50%\">\n<p>A <a href=\"https:\/\/obera.fr\/hu\/a-mi-tanacsunk\/les-avantages-du-rafraichissement-adiabatique-dominent-largement-ses-inconvenients\/\">l\u00e9gh\u0171t\u0151 f\u0151 el\u0151nye<\/a> az, hogy hat\u00e9konyan k\u00e9pes cs\u00f6kkenteni a h\u0151m\u00e9rs\u00e9kletet nagy, nyitott terekben, p\u00e9ld\u00e1ul koh\u00e1szati m\u0171helyekben. Az adiabatikus rendszereknek k\u00f6sz\u00f6nhet\u0151en az ac\u00e9lgy\u00e1rakban, vasgy\u00e1rakban \u00e9s \u00f6nt\u00f6d\u00e9kben a leveg\u0151 folyamatosan h\u0171tve van, n\u00e9h\u00e1ny fokt\u00f3l ak\u00e1r t\u00edz fokig terjed\u0151 h\u0151m\u00e9rs\u00e9kletcs\u00f6kken\u00e9ssel, ez\u00e1ltal optim\u00e1lis h\u0151m\u00e9rs\u00e9kleti viszonyokat biztos\u00edtva. Ez hozz\u00e1j\u00e1rul a munkav\u00e1llal\u00f3k k\u00e9nyelm\u00e9nek jav\u00edt\u00e1s\u00e1hoz \u00e9s a helysz\u00edni biztons\u00e1g n\u00f6vel\u00e9s\u00e9hez. A h\u0171t\u0151berendez\u00e9s lehet\u0151v\u00e9 teszi a gyors h\u0171t\u00e9st is specifikus, <strong>magas h\u0151m\u00e9rs\u00e9klet\u0171 ter\u00fcleteken<\/strong>, ez\u00e1ltal k\u00e9nyelmesebb munkak\u00f6rnyezetet biztos\u00edtva.<\/p>\n<\/div>\n\n\n\n<div class=\"wp-block-column is-layout-flow wp-block-column-is-layout-flow\" style=\"flex-basis:25%\"><\/div>\n<\/div>\n\n<h4 class=\"wp-block-heading\">A munkak\u00f6r\u00fclm\u00e9nyek \u00e9s a leveg\u0151min\u0151s\u00e9g jav\u00edt\u00e1sa<\/h4>\n\n<div class=\"wp-block-columns is-layout-flex wp-container-core-columns-is-layout-28f84493 wp-block-columns-is-layout-flex\">\n<div class=\"wp-block-column is-layout-flow wp-block-column-is-layout-flow\" style=\"flex-basis:25%\">\n<div class=\"wp-block-columns is-layout-flex wp-container-core-columns-is-layout-28f84493 wp-block-columns-is-layout-flex\">\n<div class=\"wp-block-column is-layout-flow wp-block-column-is-layout-flow\">\n<figure class=\"wp-block-image aligncenter size-large is-resized\"><img decoding=\"async\" width=\"1024\" height=\"1024\" src=\"https:\/\/obera.fr\/wp-content\/uploads\/2025\/01\/image-avantages-1024x1024.jpg\" alt=\"k&#xE9;pi el&#x151;ny&#xF6;k\" class=\"wp-image-57732\" style=\"width:142px;height:auto\" srcset=\"https:\/\/obera.fr\/wp-content\/uploads\/2025\/01\/image-avantages-1024x1024.jpg 1024w, https:\/\/obera.fr\/wp-content\/uploads\/2025\/01\/image-avantages-300x300.jpg 300w, https:\/\/obera.fr\/wp-content\/uploads\/2025\/01\/image-avantages-150x150.jpg 150w, https:\/\/obera.fr\/wp-content\/uploads\/2025\/01\/image-avantages-768x768.jpg 768w, https:\/\/obera.fr\/wp-content\/uploads\/2025\/01\/image-avantages-400x400.jpg 400w, https:\/\/obera.fr\/wp-content\/uploads\/2025\/01\/image-avantages-600x600.jpg 600w, https:\/\/obera.fr\/wp-content\/uploads\/2025\/01\/image-avantages.jpg 1200w\" sizes=\"(max-width: 1024px) 100vw, 1024px\" \/><\/figure>\n<\/div>\n<\/div>\n<\/div>\n\n\n\n<div class=\"wp-block-column is-layout-flow wp-block-column-is-layout-flow\" style=\"flex-basis:50%\">\n<p>A l\u00e9gh\u0171t\u0151 akt\u00edvan hozz\u00e1j\u00e1rul a <strong>leveg\u0151min\u0151s\u00e9g jav\u00edt\u00e1s\u00e1hoz<\/strong>. Sz\u0171r\u0151kkel felszerelve cs\u00f6kkenti a szennyez\u0151d\u00e9sek, g\u00e1zok, irrit\u00e1l\u00f3 vagy m\u00e9rgez\u0151 g\u0151z\u00f6k \u00e9s f\u00fcst\u00f6k tartalm\u00e1t, valamint a f\u00e9mr\u00e9szecsk\u00e9ket \u00e9s a port. Az \u00edgy tiszt\u00edtott bef\u00fajt leveg\u0151 eg\u00e9szs\u00e9gesebb\u00e9 v\u00e1lik, cs\u00f6kkentve a <strong>l\u00e9gz\u0151szervi probl\u00e9m\u00e1k<\/strong> kock\u00e1zat\u00e1t \u00e9s el\u0151seg\u00edtve az alkalmazottak \u00e1ltal\u00e1nos j\u00f3l\u00e9t\u00e9t.<\/p>\n<\/div>\n\n\n\n<div class=\"wp-block-column is-layout-flow wp-block-column-is-layout-flow\" style=\"flex-basis:25%\"><\/div>\n<\/div>\n\n<h4 class=\"wp-block-heading\">Cs\u00f6kkentett korr\u00f3zi\u00f3s kock\u00e1zat<\/h4>\n\n<div class=\"wp-block-columns is-layout-flex wp-container-core-columns-is-layout-28f84493 wp-block-columns-is-layout-flex\">\n<div class=\"wp-block-column is-layout-flow wp-block-column-is-layout-flow\" style=\"flex-basis:25%\">\n<figure class=\"wp-block-image aligncenter size-large is-resized\"><img decoding=\"async\" width=\"1024\" height=\"1024\" src=\"https:\/\/obera.fr\/wp-content\/uploads\/2025\/01\/image-avantages-1024x1024.jpg\" alt=\"k&#xE9;pi el&#x151;ny&#xF6;k\" class=\"wp-image-57732\" style=\"width:144px;height:auto\" srcset=\"https:\/\/obera.fr\/wp-content\/uploads\/2025\/01\/image-avantages-1024x1024.jpg 1024w, https:\/\/obera.fr\/wp-content\/uploads\/2025\/01\/image-avantages-300x300.jpg 300w, https:\/\/obera.fr\/wp-content\/uploads\/2025\/01\/image-avantages-150x150.jpg 150w, https:\/\/obera.fr\/wp-content\/uploads\/2025\/01\/image-avantages-768x768.jpg 768w, https:\/\/obera.fr\/wp-content\/uploads\/2025\/01\/image-avantages-400x400.jpg 400w, https:\/\/obera.fr\/wp-content\/uploads\/2025\/01\/image-avantages-600x600.jpg 600w, https:\/\/obera.fr\/wp-content\/uploads\/2025\/01\/image-avantages.jpg 1200w\" sizes=\"(max-width: 1024px) 100vw, 1024px\" \/><\/figure>\n<\/div>\n\n\n\n<div class=\"wp-block-column is-layout-flow wp-block-column-is-layout-flow\" style=\"flex-basis:50%\">\n<p>A h\u0151 el\u0151seg\u00edti a leveg\u0151 oxig\u00e9nje \u00e9s a f\u00e9mek k\u00f6z\u00f6tti k\u00e9miai reakci\u00f3t, <strong>rozsdak\u00e9pz\u0151d\u00e9st<\/strong> eredm\u00e9nyezve, m\u00edg a p\u00e1ratartalom felgyors\u00edtja az oxid\u00e1ci\u00f3s folyamatot. A l\u00e9gh\u0171t\u0151 seg\u00edt korl\u00e1tozni a h\u0151m\u00e9rs\u00e9kleti cs\u00facsokat \u00e9s fenntartja a term\u00e9szetes p\u00e1ratartalmat. Ez a h\u0151szab\u00e1lyoz\u00e1s fontos szerepet j\u00e1tszik a f\u00e9manyagok meg\u0151rz\u00e9s\u00e9ben, cs\u00f6kkentve a rep\u00fcl\u0151 rozsda \u00e9s m\u00e1s korr\u00f3zi\u00f3s form\u00e1k kock\u00e1zat\u00e1t. Hozz\u00e1j\u00e1rul tov\u00e1bb\u00e1 a <strong>berendez\u00e9sek \u00e9lettartam\u00e1nak<\/strong> meghosszabb\u00edt\u00e1s\u00e1hoz \u00e9s a f\u00e9mterm\u00e9kek min\u0151s\u00e9g\u00e9nek fenntart\u00e1s\u00e1hoz.<\/p>\n<\/div>\n\n\n\n<div class=\"wp-block-column is-layout-flow wp-block-column-is-layout-flow\" style=\"flex-basis:25%\"><\/div>\n<\/div>\n\n<h4 class=\"wp-block-heading\">A rendszerek mobilit\u00e1sa \u00e9s rugalmass\u00e1ga  <\/h4>\n\n<div class=\"wp-block-columns is-layout-flex wp-container-core-columns-is-layout-28f84493 wp-block-columns-is-layout-flex\">\n<div class=\"wp-block-column is-layout-flow wp-block-column-is-layout-flow\" style=\"flex-basis:25%\">\n<figure class=\"wp-block-image aligncenter size-large is-resized\"><img decoding=\"async\" width=\"1024\" height=\"1024\" src=\"https:\/\/obera.fr\/wp-content\/uploads\/2025\/01\/image-avantages-1024x1024.jpg\" alt=\"k&#xE9;pi el&#x151;ny&#xF6;k\" class=\"wp-image-57732\" style=\"width:146px;height:auto\" srcset=\"https:\/\/obera.fr\/wp-content\/uploads\/2025\/01\/image-avantages-1024x1024.jpg 1024w, https:\/\/obera.fr\/wp-content\/uploads\/2025\/01\/image-avantages-300x300.jpg 300w, https:\/\/obera.fr\/wp-content\/uploads\/2025\/01\/image-avantages-150x150.jpg 150w, https:\/\/obera.fr\/wp-content\/uploads\/2025\/01\/image-avantages-768x768.jpg 768w, https:\/\/obera.fr\/wp-content\/uploads\/2025\/01\/image-avantages-400x400.jpg 400w, https:\/\/obera.fr\/wp-content\/uploads\/2025\/01\/image-avantages-600x600.jpg 600w, https:\/\/obera.fr\/wp-content\/uploads\/2025\/01\/image-avantages.jpg 1200w\" sizes=\"(max-width: 1024px) 100vw, 1024px\" \/><\/figure>\n\n\n\n<p><\/p>\n<\/div>\n\n\n\n<div class=\"wp-block-column is-layout-flow wp-block-column-is-layout-flow\" style=\"flex-basis:50%\">\n<p>Az adiabatikus l\u00e9gh\u0171t\u0151k nagy rugalmass\u00e1got k\u00edn\u00e1lnak, mobil \u00e9s hordozhat\u00f3 m\u00f3don telep\u00edthet\u0151k, \u00e9s c\u00e9lzott, s\u00fcrg\u0151ss\u00e9gi h\u0171t\u00e9st ig\u00e9nyl\u0151 specifikus ter\u00fcletekre ir\u00e1ny\u00edthat\u00f3k. Ez az alkalmazkod\u00f3k\u00e9pess\u00e9g k\u00fcl\u00f6n\u00f6sen el\u0151ny\u00f6s a <strong>koh\u00e1szati k\u00f6rnyezetekben<\/strong>, ahol a termel\u00e9si ter\u00fcletek v\u00e1ltozhatnak, \u00e9s ahol a mobil \u00e9s adapt\u00e1lhat\u00f3 h\u0171t\u0151rendszer priorit\u00e1st \u00e9lvez.<\/p>\n\n\n\n<p><\/p>\n<\/div>\n\n\n\n<div class=\"wp-block-column is-layout-flow wp-block-column-is-layout-flow\" style=\"flex-basis:25%\"><\/div>\n<\/div>\n\n<h2 class=\"wp-block-heading\">A l\u00e9gh\u0171t\u0151 kiv\u00e1laszt\u00e1s\u00e1nak krit\u00e9riumai a f\u00e9mfeldolgoz\u00f3 ipar sz\u00e1m\u00e1ra<\/h2>\n\n<h3 class=\"wp-block-heading\">Nagy t\u00e9rfogatokhoz igaz\u00edtott l\u00e9g\u00e1raml\u00e1si kapacit\u00e1s<\/h3>\n\n<div class=\"wp-block-columns is-layout-flex wp-container-core-columns-is-layout-28f84493 wp-block-columns-is-layout-flex\">\n<div class=\"wp-block-column is-layout-flow wp-block-column-is-layout-flow\" style=\"flex-basis:25%\">\n<figure class=\"wp-block-image aligncenter size-large is-resized\"><img decoding=\"async\" width=\"1024\" height=\"1024\" src=\"https:\/\/obera.fr\/wp-content\/uploads\/2025\/01\/image-choix-1024x1024.jpg\" alt=\"k&#xE9;pv&#xE1;laszt&#xE1;s\" class=\"wp-image-57754\" style=\"width:118px;height:auto\" srcset=\"https:\/\/obera.fr\/wp-content\/uploads\/2025\/01\/image-choix-1024x1024.jpg 1024w, https:\/\/obera.fr\/wp-content\/uploads\/2025\/01\/image-choix-300x300.jpg 300w, https:\/\/obera.fr\/wp-content\/uploads\/2025\/01\/image-choix-150x150.jpg 150w, https:\/\/obera.fr\/wp-content\/uploads\/2025\/01\/image-choix-768x768.jpg 768w, https:\/\/obera.fr\/wp-content\/uploads\/2025\/01\/image-choix-400x400.jpg 400w, https:\/\/obera.fr\/wp-content\/uploads\/2025\/01\/image-choix-600x600.jpg 600w, https:\/\/obera.fr\/wp-content\/uploads\/2025\/01\/image-choix.jpg 1200w\" sizes=\"(max-width: 1024px) 100vw, 1024px\" \/><\/figure>\n<\/div>\n\n\n\n<div class=\"wp-block-column is-layout-flow wp-block-column-is-layout-flow\" style=\"flex-basis:50%\">\n<p>A koh\u00e1szati \u00fczemekben a <strong>l\u00e9gh\u0171t\u0151nek<\/strong> elegend\u0151 teljes\u00edtm\u00e9nnyel kell rendelkeznie nagy l\u00e9gmennyis\u00e9gek kezel\u00e9s\u00e9hez. Nagy, t\u00f6bb t\u00edz- vagy t\u00f6bb sz\u00e1z n\u00e9gyzetm\u00e9teres terek h\u0171t\u00e9s\u00e9re tervezve, ezek a berendez\u00e9sek elegend\u0151 l\u00e9g\u00e1ramot biztos\u00edtanak az optim\u00e1lis h\u0151m\u00e9rs\u00e9klet fenntart\u00e1s\u00e1hoz a teljes munkater\u00fcleten.<\/p>\n<\/div>\n\n\n\n<div class=\"wp-block-column is-layout-flow wp-block-column-is-layout-flow\" style=\"flex-basis:25%\"><\/div>\n<\/div>\n\n<h3 class=\"wp-block-heading\">A berendez\u00e9sek robusztuss\u00e1ga \u00e9s tart\u00f3ss\u00e1ga ipari k\u00f6rnyezetben<\/h3>\n\n<div class=\"wp-block-columns is-layout-flex wp-container-core-columns-is-layout-28f84493 wp-block-columns-is-layout-flex\">\n<div class=\"wp-block-column is-layout-flow wp-block-column-is-layout-flow\" style=\"flex-basis:25%\">\n<figure class=\"wp-block-image aligncenter size-large is-resized\"><img decoding=\"async\" width=\"1024\" height=\"1024\" src=\"https:\/\/obera.fr\/wp-content\/uploads\/2025\/01\/image-choix-1024x1024.jpg\" alt=\"k&#xE9;pv&#xE1;laszt&#xE1;s\" class=\"wp-image-57754\" style=\"width:128px;height:auto\" srcset=\"https:\/\/obera.fr\/wp-content\/uploads\/2025\/01\/image-choix-1024x1024.jpg 1024w, https:\/\/obera.fr\/wp-content\/uploads\/2025\/01\/image-choix-300x300.jpg 300w, https:\/\/obera.fr\/wp-content\/uploads\/2025\/01\/image-choix-150x150.jpg 150w, https:\/\/obera.fr\/wp-content\/uploads\/2025\/01\/image-choix-768x768.jpg 768w, https:\/\/obera.fr\/wp-content\/uploads\/2025\/01\/image-choix-400x400.jpg 400w, https:\/\/obera.fr\/wp-content\/uploads\/2025\/01\/image-choix-600x600.jpg 600w, https:\/\/obera.fr\/wp-content\/uploads\/2025\/01\/image-choix.jpg 1200w\" sizes=\"(max-width: 1024px) 100vw, 1024px\" \/><\/figure>\n\n\n\n<p><\/p>\n<\/div>\n\n\n\n<div class=\"wp-block-column is-layout-flow wp-block-column-is-layout-flow\" style=\"flex-basis:50%\">\n<p>Az <strong>adiabatikus l\u00e9gh\u0171t\u0151k<\/strong> megb\u00edzhat\u00f3s\u00e1gukr\u00f3l \u00e9s robusztuss\u00e1gukr\u00f3l ismertek, rendk\u00edv\u00fcl egyszer\u0171 kialak\u00edt\u00e1suknak \u00e9s m\u0171k\u00f6d\u00e9si elv\u00fcknek k\u00f6sz\u00f6nhet\u0151en. Ez\u00e9rt k\u00fcl\u00f6n\u00f6sen alkalmasak az ig\u00e9nyes ipari k\u00f6rnyezetekbe, mint p\u00e9ld\u00e1ul a koh\u00e1szatban, ahol megb\u00edzhat\u00f3an kell m\u0171k\u00f6dni\u00fck \u00e9s <strong>ellen\u00e1llniuk kell az \u00e1gazat specifikus k\u00f6r\u00fclm\u00e9nyeinek<\/strong>.<\/p>\n\n\n\n<p><\/p>\n<\/div>\n\n\n\n<div class=\"wp-block-column is-layout-flow wp-block-column-is-layout-flow\" style=\"flex-basis:25%\"><\/div>\n<\/div>\n\n<h2 class=\"wp-block-heading\">L\u00e9pjen kapcsolatba egy Obera szak\u00e9rt\u0151vel, ha t\u00f6bbet szeretne megtudni a term\u00e9k jellemz\u0151ir\u0151l \u00e9s el\u0151nyeir\u0151l az \u00d6n f\u00e9mmegmunk\u00e1l\u00f3 m\u0171helye sz\u00e1m\u00e1ra.<\/h2>\n\n<p>A <strong>munkak\u00f6rnyezet\u00e9hez megfelel\u0151 p\u00e1rologtat\u00f3 h\u0171t\u0151<\/strong> kiv\u00e1laszt\u00e1sa kulcsfontoss\u00e1g\u00fa a k\u00e9nyelmes \u00e9s biztons\u00e1gos l\u00e9gk\u00f6r biztos\u00edt\u00e1s\u00e1hoz. Egy szak\u00e9rt\u0151 seg\u00edthet meghat\u00e1rozni a berendez\u00e9s optim\u00e1lis m\u00e9retez\u00e9s\u00e9t a termel\u00e9si ter\u00fclet m\u00e9ret\u00e9t\u0151l \u00e9s az ipari folyamatok saj\u00e1toss\u00e1gait\u00f3l f\u00fcgg\u0151en. A fix vagy hordozhat\u00f3 modell k\u00f6z\u00f6tti v\u00e1laszt\u00e1s a m\u0171hely elrendez\u00e9s\u00e9t\u0151l \u00e9s a mobilit\u00e1si ig\u00e9nyeit\u0151l f\u00fcgg. Fontos tov\u00e1bb\u00e1 megfelel\u0151 kapacit\u00e1s\u00fa tart\u00e1lyt v\u00e1lasztani a <strong>folyamatos teljes\u00edtm\u00e9ny biztos\u00edt\u00e1s\u00e1hoz<\/strong>, k\u00fcl\u00f6n\u00f6sen a nagy termel\u00e9si intenzit\u00e1s\u00fa m\u0171helyekben.<\/p>\n\n<p>V\u00e1s\u00e1rl\u00e1s el\u0151tt c\u00e9lszer\u0171 r\u00e9szletes \u00e1raj\u00e1nlatot k\u00e9rni, amely tartalmazza a term\u00e9k \u00e1r\u00e1t, sz\u00e1ll\u00edt\u00e1si idej\u00e9t \u00e9s beszerel\u00e9s\u00e9t.<\/p>\n","protected":false},"excerpt":{"rendered":"<p>A koh\u00e1szati szektor tev\u00e9kenys\u00e9gek sz\u00e9les sk\u00e1l\u00e1j\u00e1t \u00f6leli fel, a vasgy\u00e1rt\u00e1st\u00f3l eg\u00e9szen a m\u0171helybeli hegeszt\u00e9si m\u0171veletekig. Extr\u00e9m h\u0151m\u00e9rs\u00e9kletek jellemzik, amelyeket az olvaszt\u00e1si elj\u00e1r\u00e1sok, valamint a f\u00e9mfeldolgoz\u00e1si m\u0171veletek gener\u00e1lnak. Ezek a neh\u00e9z termikus k\u00f6r\u00fclm\u00e9nyek, amelyek a koh\u00e1szati ipar saj\u00e1toss\u00e1gai, ny\u00e1ron m\u00e9g ink\u00e1bb s\u00falyosbodnak, k\u00fcl\u00f6n\u00f6sen a h\u0151hull\u00e1mok idej\u00e9n.<\/p>\n","protected":false},"author":13,"featured_media":79870,"comment_status":"open","ping_status":"closed","sticky":false,"template":"","format":"standard","meta":{"_acf_changed":false,"_seopress_robots_primary_cat":"none","_seopress_titles_title":"A l\u00e9gh\u0171t\u0151: hat\u00e9kony megold\u00e1s a koh\u00e1szati ipar sz\u00e1m\u00e1ra","_seopress_titles_desc":"A koh\u00e1szatban a h\u0151s\u00e9g hat\u00e1ssal van a termel\u00e9kenys\u00e9gre. V\u00e1lasszon hat\u00e9kony l\u00e9gh\u0171t\u0151t a munk\u00e1sok k\u00e9nyelm\u00e9nek jav\u00edt\u00e1s\u00e1ra \u00e9s a berendez\u00e9sek meg\u00f3v\u00e1s\u00e1ra.","_seopress_robots_index":"","footnotes":""},"categories":[314],"tags":[],"class_list":["post-76394","post","type-post","status-publish","format-standard","has-post-thumbnail","hentry","category-a-mi-tanacsunk","generate-columns","tablet-grid-50","mobile-grid-100","grid-parent","grid-50","no-featured-image-padding","resize-featured-image"],"acf":[],"_links":{"self":[{"href":"https:\/\/obera.fr\/hu\/wp-json\/wp\/v2\/posts\/76394","targetHints":{"allow":["GET"]}}],"collection":[{"href":"https:\/\/obera.fr\/hu\/wp-json\/wp\/v2\/posts"}],"about":[{"href":"https:\/\/obera.fr\/hu\/wp-json\/wp\/v2\/types\/post"}],"author":[{"embeddable":true,"href":"https:\/\/obera.fr\/hu\/wp-json\/wp\/v2\/users\/13"}],"replies":[{"embeddable":true,"href":"https:\/\/obera.fr\/hu\/wp-json\/wp\/v2\/comments?post=76394"}],"version-history":[{"count":4,"href":"https:\/\/obera.fr\/hu\/wp-json\/wp\/v2\/posts\/76394\/revisions"}],"predecessor-version":[{"id":133685,"href":"https:\/\/obera.fr\/hu\/wp-json\/wp\/v2\/posts\/76394\/revisions\/133685"}],"wp:featuredmedia":[{"embeddable":true,"href":"https:\/\/obera.fr\/hu\/wp-json\/wp\/v2\/media\/79870"}],"wp:attachment":[{"href":"https:\/\/obera.fr\/hu\/wp-json\/wp\/v2\/media?parent=76394"}],"wp:term":[{"taxonomy":"category","embeddable":true,"href":"https:\/\/obera.fr\/hu\/wp-json\/wp\/v2\/categories?post=76394"},{"taxonomy":"post_tag","embeddable":true,"href":"https:\/\/obera.fr\/hu\/wp-json\/wp\/v2\/tags?post=76394"}],"curies":[{"name":"wp","href":"https:\/\/api.w.org\/{rel}","templated":true}]}}