{"id":76791,"date":"2022-03-07T12:38:53","date_gmt":"2022-03-07T10:38:53","guid":{"rendered":"https:\/\/obera.fr\/a-mi-tanacsunk\/solutions-pour-traiter-solvants-adsorption-charbon-actif\/"},"modified":"2025-05-06T10:23:36","modified_gmt":"2025-05-06T08:23:36","slug":"solutions-pour-traiter-solvants-adsorption-charbon-actif","status":"publish","type":"post","link":"https:\/\/obera.fr\/hu\/a-mi-tanacsunk\/solutions-pour-traiter-solvants-adsorption-charbon-actif\/","title":{"rendered":"Megold\u00e1sok az old\u00f3szerek kezel\u00e9s\u00e9re: adszorpci\u00f3 \u00e9s akt\u00edv sz\u00e9n"},"content":{"rendered":"\n<div class=\"wp-block-columns is-layout-flex wp-container-core-columns-is-layout-28f84493 wp-block-columns-is-layout-flex\">\n<div class=\"wp-block-column is-layout-flow wp-block-column-is-layout-flow\" style=\"flex-basis:66.66%\">\n<p>Haszn\u00e1l vegyi anyagokat a v\u00e1llalkoz\u00e1s\u00e1ban, kl\u00f3rral vagy an\u00e9lk\u00fcl?<strong> Az old\u00f3szerek kezel\u00e9s\u00e9re szolg\u00e1l\u00f3 megold\u00e1sok<\/strong> cs\u00f6kkentik a m\u00e9rgez\u00e9si \u00e9s robban\u00e1si kock\u00e1zatokat. A fest\u00e9kek, tiszt\u00edt\u00f3szerek, old\u00f3szerek sz\u00e1mos vegyipari term\u00e9kben jelen vannak, \u00e9s vesz\u00e9lyes hullad\u00e9knak min\u0151s\u00fclnek.  <\/p>\n\n\n\n<p><a href=\"https:\/\/obera.fr\/conseils\/aspiration-industrielle-solutions-professionnels\/\" data-type=\"URL\" data-id=\"https:\/\/obera.fr\/conseils\/aspiration-industrielle-solutions-professionnels\/\">Az ipari v\u00e1kuumrendszerek k\u00e9pesek ezeket a m\u00e9rgez\u0151 anyagokat felfogni<\/a> a leveg\u0151 min\u0151s\u00e9g\u00e9nek ellen\u0151rz\u00e9se \u00e9s a biztons\u00e1g garant\u00e1l\u00e1sa \u00e9rdek\u00e9ben. Az old\u00f3szerek kezel\u00e9s\u00e9re szolg\u00e1l\u00f3 megold\u00e1sok k\u00f6z\u00fcl n\u00e9h\u00e1ny a forr\u00e1selsz\u00edv\u00e1s \u00e9s a k\u00f6rnyezeti elsz\u00edv\u00e1s form\u00e1j\u00e1ban \u00e1ll rendelkez\u00e9sre. Ezek az<strong>adszorpci\u00f3 \u00e9s az akt\u00edvszenes sz\u0171r\u0151k<\/strong> elv\u00e9n alapulnak.  <\/p>\n<\/div>\n\n\n\n<div class=\"wp-block-column is-layout-flow wp-block-column-is-layout-flow\" style=\"flex-basis:33.33%\">\n<figure class=\"wp-block-image aligncenter size-large is-resized\"><img decoding=\"async\" width=\"1024\" height=\"549\" src=\"https:\/\/obera.fr\/wp-content\/uploads\/2025\/03\/charbon-actif-purple-1024x549.png\" alt=\"charbon actif purple\" class=\"wp-image-76468\" style=\"width:274px;height:auto\" srcset=\"https:\/\/obera.fr\/wp-content\/uploads\/2025\/03\/charbon-actif-purple-1024x549.png 1024w, https:\/\/obera.fr\/wp-content\/uploads\/2025\/03\/charbon-actif-purple-300x161.png 300w, https:\/\/obera.fr\/wp-content\/uploads\/2025\/03\/charbon-actif-purple-768x412.png 768w, https:\/\/obera.fr\/wp-content\/uploads\/2025\/03\/charbon-actif-purple.png 1200w\" sizes=\"(max-width: 1024px) 100vw, 1024px\" \/><\/figure>\n<\/div>\n<\/div>\n\n<h2 class=\"wp-block-heading\">Old\u00f3szeres kezel\u00e9si megold\u00e1s: adszorpci\u00f3<\/h2>\n\n<div class=\"wp-block-columns is-layout-flex wp-container-core-columns-is-layout-28f84493 wp-block-columns-is-layout-flex\">\n<div class=\"wp-block-column is-vertically-aligned-center is-layout-flow wp-block-column-is-layout-flow\" style=\"flex-basis:33.33%\">\n<figure class=\"wp-block-image aligncenter size-full is-resized\"><img decoding=\"async\" width=\"150\" height=\"400\" src=\"https:\/\/obera.fr\/wp-content\/uploads\/2022\/03\/ADSORPTION-1.jpg\" alt=\"adszorpci&#xF3;\" class=\"wp-image-9751\" style=\"width:113px;height:300px\" srcset=\"https:\/\/obera.fr\/wp-content\/uploads\/2022\/03\/ADSORPTION-1.jpg 150w, https:\/\/obera.fr\/wp-content\/uploads\/2022\/03\/ADSORPTION-1-113x300.jpg 113w\" sizes=\"(max-width: 150px) 100vw, 150px\" \/><\/figure>\n<\/div>\n\n\n\n<div class=\"wp-block-column is-vertically-aligned-center is-layout-flow wp-block-column-is-layout-flow\" style=\"flex-basis:66.66%\">\n<p>Az old\u00f3szerek haszn\u00e1lata a gy\u00e1rt\u00e1si tev\u00e9kenys\u00e9gekben sz\u00e1mos biztons\u00e1gi k\u00e9rd\u00e9st vet fel (eg\u00e9szs\u00e9g, robban\u00e1s). Az old\u00f3g\u0151z\u00f6k visszanyer\u00e9s\u00e9nek kezel\u00e9se azonban m\u00e1ra m\u00e1r t\u00f6k\u00e9letesen elsaj\u00e1t\u00edthat\u00f3.   <\/p>\n\n\n\n<p><strong>Az old\u00f3szerek kezel\u00e9s\u00e9re 3 megold\u00e1s <\/strong>l\u00e9tezik:<\/p>\n\n\n\n<ul class=\"wp-block-list\">\n<li>elt\u00e1vol\u00edt\u00f3 megold\u00e1s akt\u00edvszenes sz\u0171r\u0151kkel ;<\/li>\n\n\n\n<li>tiszt\u00edt\u00e1s k\u00e9miai vegy\u00fcletekkel ;<\/li>\n\n\n\n<li>szerves anyagokkal t\u00f6rt\u00e9n\u0151 hasznos\u00edt\u00e1s.<\/li>\n<\/ul>\n\n\n\n<p>Az old\u00f3szerek elt\u00e1vol\u00edt\u00e1sa akt\u00edvszenes sz\u0171r\u0151kkel sz\u00e9les k\u00f6rben elterjedt megold\u00e1s az iparban. A sz\u00e9nsz\u0171r\u0151 molekulacsapda: amikor az old\u00f3szerek a sz\u00e9n p\u00f3rusaihoz tapadnak, kondenz\u00e1l\u00f3dnak, \u00e9s v\u00e9g\u00fcl visszanyerhet\u0151k. <\/p>\n<\/div>\n<\/div>\n\n<h2 class=\"wp-block-heading\">Old\u00f3szerek kezel\u00e9s\u00e9re szolg\u00e1l\u00f3 berendez\u00e9sek \u00e9s l\u00e9tes\u00edtm\u00e9nyek<\/h2>\n\n<p><strong>Az old\u00f3szerek kezel\u00e9s\u00e9re szolg\u00e1l\u00f3 megold\u00e1sok<\/strong>, amelyek akt\u00edvszenes sz\u0171r\u0151ket haszn\u00e1lnak, rekuperat\u00edv elj\u00e1r\u00e1sok. Lehet\u0151v\u00e9 teszik a gy\u00e1rt\u00f3k sz\u00e1m\u00e1ra, hogy megfeleljenek a VLEP-nek, mik\u00f6zben a legvesz\u00e9lyesebb term\u00e9keket (BTEX \u00e9s CMR) elt\u00e1vol\u00edtj\u00e1k. A technol\u00f3giai fejl\u0151d\u00e9snek \u00e9s az innov\u00e1ci\u00f3nak k\u00f6sz\u00f6nhet\u0151en a mobil vagy helyhez k\u00f6t\u00f6tt l\u00e9gkezel\u0151 berendez\u00e9sek garant\u00e1lj\u00e1k a k\u00fcl\u00f6nb\u00f6z\u0151 szakmai tev\u00e9kenys\u00e9gek biztons\u00e1g\u00e1t. <strong>Az old\u00f3szereket felfogj\u00e1k, majd<\/strong> a sz\u0171r\u0151 cser\u00e9jekor <strong>ki\u00fcr\u00edtik<\/strong>.   <\/p>\n\n<h3 class=\"wp-block-heading\">Megold\u00e1sok az old\u00f3szerek forr\u00e1sn\u00e1l t\u00f6rt\u00e9n\u0151 kezel\u00e9s\u00e9re<\/h3>\n\n<figure class=\"wp-block-image size-full is-resized\"><img decoding=\"async\" width=\"1980\" height=\"350\" src=\"https:\/\/obera.fr\/wp-content\/uploads\/2022\/03\/bandeau-site-obera-ca.png\" alt=\"obera ca weboldal banner\" class=\"wp-image-76743\" style=\"width:786px;height:auto\" srcset=\"https:\/\/obera.fr\/wp-content\/uploads\/2022\/03\/bandeau-site-obera-ca.png 1980w, https:\/\/obera.fr\/wp-content\/uploads\/2022\/03\/bandeau-site-obera-ca-300x53.png 300w, https:\/\/obera.fr\/wp-content\/uploads\/2022\/03\/bandeau-site-obera-ca-1024x181.png 1024w, https:\/\/obera.fr\/wp-content\/uploads\/2022\/03\/bandeau-site-obera-ca-768x136.png 768w, https:\/\/obera.fr\/wp-content\/uploads\/2022\/03\/bandeau-site-obera-ca-1536x272.png 1536w\" sizes=\"(max-width: 1980px) 100vw, 1980px\" \/><\/figure>\n\n<p>Az <strong>ipari szagtalan\u00edt\u00f3k<\/strong> az old\u00f3szerek forr\u00e1sn\u00e1l t\u00f6rt\u00e9n\u0151 kezel\u00e9s\u00e9nek egyik megold\u00e1sa. Ezek a kism\u00e9ret\u0171, mobil eszk\u00f6z\u00f6k sz\u00edv\u00f3karokkal vagy elsz\u00edv\u00f3kupakokkal vannak felszerelve. Az old\u00f3szereket tartalmaz\u00f3 leveg\u0151t a karon vagy a csukly\u00e1n kereszt\u00fcl elsz\u00edvj\u00e1k, majd az old\u00f3szermentes leveg\u0151t a k\u00e9sz\u00fcl\u00e9k alj\u00e1n kereszt\u00fcl kibocs\u00e1tj\u00e1k. Egyes ATEX modellek ATEX z\u00f3n\u00e1kban is elhelyezhet\u0151k.     <\/p>\n\n<p>Ezek egy vagy k\u00e9t fokozat\u00fa old\u00f3szeres sz\u0171r\u00e9st k\u00edn\u00e1lnak a v\u00e9gs\u0151 sz\u0171r\u00e9s sor\u00e1n, a t\u00f6bbi sz\u0171r\u0151 (durva, finom \u00e9s abszol\u00fat) ut\u00e1n.  <\/p>\n\n<blockquote class=\"wp-block-quote is-layout-flow wp-block-quote-is-layout-flow\">\n<p><strong>A sz\u00e9nsz\u0171r\u0151k tel\u00edt\u00e9si sz\u0171r\u0151k (\u00fagynevezett molekul\u00e1ris sz\u0171r\u00e9s)<\/strong>, amelyeket rendszeresen cser\u00e9lni kell, ha a nyom\u00e1ses\u00e9s meghalad egy bizonyos k\u00fcsz\u00f6b\u00e9rt\u00e9ket.<\/p>\n<\/blockquote>\n\n<h3 class=\"wp-block-heading\">Megold\u00e1sok a k\u00f6rnyezetben l\u00e9v\u0151 old\u00f3szerek kezel\u00e9s\u00e9re<\/h3>\n\n<figure class=\"wp-block-image size-full is-resized\"><img decoding=\"async\" width=\"1980\" height=\"350\" src=\"https:\/\/obera.fr\/wp-content\/uploads\/2022\/03\/bandeau-site-obera-ca-pur.png\" alt=\"bandeau site obera ca pur\" class=\"wp-image-76766\" style=\"width:798px;height:auto\" srcset=\"https:\/\/obera.fr\/wp-content\/uploads\/2022\/03\/bandeau-site-obera-ca-pur.png 1980w, https:\/\/obera.fr\/wp-content\/uploads\/2022\/03\/bandeau-site-obera-ca-pur-300x53.png 300w, https:\/\/obera.fr\/wp-content\/uploads\/2022\/03\/bandeau-site-obera-ca-pur-1024x181.png 1024w, https:\/\/obera.fr\/wp-content\/uploads\/2022\/03\/bandeau-site-obera-ca-pur-768x136.png 768w, https:\/\/obera.fr\/wp-content\/uploads\/2022\/03\/bandeau-site-obera-ca-pur-1536x272.png 1536w\" sizes=\"(max-width: 1980px) 100vw, 1980px\" \/><\/figure>\n\n<p>A <strong>l\u00e9gtiszt\u00edt\u00f3k \u00e9s az ipari szagtalan\u00edt\u00f3k<\/strong> olyan megold\u00e1sok, amelyekkel a munkahelyi old\u00f3szereket \u00fagy kezelhetj\u00fck, hogy k\u00f6zben nem bocs\u00e1tunk ki vegyi f\u00fcst\u00f6t a k\u00f6rnyezetbe.<\/p>\n\n<p>Az old\u00f3szer-kibocs\u00e1t\u00e1sokn\u00e1l a <strong>szagmegsemmis\u00edt\u0151k<\/strong> haszn\u00e1lata nagyon j\u00f3 eredm\u00e9nyeket hoz. Sok kompozit-, gyanta-, f\u00e9m-, m\u0171anyag- \u00e9s vegyszergy\u00e1rt\u00f3 haszn\u00e1lja ezeket a k\u00e9sz\u00fcl\u00e9keket az old\u00f3szeres kezel\u00e9s kieg\u00e9sz\u00edt\u00e9s\u00e9re a forr\u00e1sn\u00e1l. <\/p>\n\n<blockquote class=\"wp-block-quote is-layout-flow wp-block-quote-is-layout-flow\">\n<p><strong>A l\u00e9gtiszt\u00edt\u00f3k<\/strong> (fix vagy kerekes egys\u00e9gek) garant\u00e1lj\u00e1k a belt\u00e9ri leveg\u0151 regener\u00e1l\u00e1s\u00e1t. Az old\u00f3szereket termel\u0151 tev\u00e9kenys\u00e9gek k\u00f6z\u00e9ppontj\u00e1ban elhelyezve besz\u00edvj\u00e1k a leveg\u0151t, az old\u00f3szereket akt\u00edvszenes sz\u0171r\u0151k\u00f6n fogj\u00e1k fel \u00e9s r\u00f6gz\u00edtik. <\/p>\n<\/blockquote>\n\n<p>Olvassa el tov\u00e1bb\u00e1: <a href=\"https:\/\/obera.fr\/conseils\/solutions-traiter-poussiere-solvants\/\" data-type=\"URL\" data-id=\"https:\/\/obera.fr\/conseils\/solutions-traiter-poussiere-solvants\/\">Milyen megold\u00e1sok vannak a por \u00e9s az old\u00f3szerek egyidej\u0171 kezel\u00e9s\u00e9re?<\/a><\/p>\n\n<h2 class=\"wp-block-heading\">Sz\u00e9nsz\u0171r\u0151k: a v\u00e9gs\u0151 sz\u0171r\u00e9si fokozat<\/h2>\n\n<p>Egy <strong>old\u00f3szeres kezel\u0151rendszerben<\/strong> a sz\u00e9nsz\u0171r\u0151 a l\u00e1nc utols\u00f3 l\u00e1ncszeme. Az el\u0151tte l\u00e9v\u0151 sz\u0171r\u0151k biztos\u00edtj\u00e1k a v\u00e9delmet (el\u0151sz\u0171r\u0151k, finomsz\u0171r\u0151k, abszol\u00fat sz\u0171r\u0151k). Az akt\u00edv sz\u00e9n olyan anyag, amely lehet\u0151v\u00e9 teszi, hogy <strong>minden t\u00edpus\u00fa old\u00f3szert<\/strong> tart\u00f3san elt\u00e1vol\u00edtson a munkak\u00f6rnyezetb\u0151l:  <\/p>\n\n<div class=\"wp-block-columns is-layout-flex wp-container-core-columns-is-layout-28f84493 wp-block-columns-is-layout-flex\">\n<div class=\"wp-block-column is-layout-flow wp-block-column-is-layout-flow\" style=\"flex-basis:66.66%\">\n<ul class=\"wp-block-list\">\n<li>benzol, toluol ;<\/li>\n\n\n\n<li>alk\u00e1nok, alk\u00e9nek ;<\/li>\n\n\n\n<li>metanol, etanol, glikolok ;<\/li>\n\n\n\n<li>aceton, metil-etil-keton ;<\/li>\n\n\n\n<li>acet\u00e1tok, agr\u00e1r-old\u00f3szerek ;<\/li>\n\n\n\n<li>etil-\u00e9ter ;<\/li>\n\n\n\n<li>kl\u00f3r, br\u00f3m ;<\/li>\n\n\n\n<li>aminok, amidok, terp\u00e9nek.<\/li>\n<\/ul>\n\n\n\n<p><\/p>\n<\/div>\n\n\n\n<div class=\"wp-block-column is-layout-flow wp-block-column-is-layout-flow\" style=\"flex-basis:33.33%\">\n<figure class=\"wp-block-image aligncenter size-large is-resized\"><img decoding=\"async\" width=\"1024\" height=\"549\" src=\"https:\/\/obera.fr\/wp-content\/uploads\/2025\/03\/charbon-actif-mix-1024x549.jpg\" alt=\"akt&#xED;v sz&#xE9;n kever&#xE9;k\" class=\"wp-image-76515\" style=\"width:289px;height:auto\" srcset=\"https:\/\/obera.fr\/wp-content\/uploads\/2025\/03\/charbon-actif-mix-1024x549.jpg 1024w, https:\/\/obera.fr\/wp-content\/uploads\/2025\/03\/charbon-actif-mix-300x161.jpg 300w, https:\/\/obera.fr\/wp-content\/uploads\/2025\/03\/charbon-actif-mix-768x412.jpg 768w, https:\/\/obera.fr\/wp-content\/uploads\/2025\/03\/charbon-actif-mix.jpg 1200w\" sizes=\"(max-width: 1024px) 100vw, 1024px\" \/><\/figure>\n<\/div>\n<\/div>\n\n<h2 class=\"wp-block-heading\">Megold\u00e1sok az old\u00f3szerek kezel\u00e9s\u00e9re: v\u00e9dje meg v\u00e1llalkoz\u00e1s\u00e1t<\/h2>\n\n<p>A l\u00e9gkezel\u00e9s cs\u00f6vez\u00e9s vagy szerel\u00e9s n\u00e9lk\u00fcl is lehets\u00e9ges. <strong>Az ilyen t\u00edpus\u00fa l\u00e9gkezel\u0151 rendszerek<\/strong> telep\u00edt\u00e9s\u00e9vel biztos\u00edthatja a <a href=\"https:\/\/obera.fr\/conseils\/solutions-pour-traiter-poussiere\/\" data-type=\"URL\" data-id=\"https:\/\/obera.fr\/conseils\/solutions-pour-traiter-poussiere\/\">por, a v\u00edrusok \u00e9s a bakt\u00e9riumok elt\u00e1vol\u00edt\u00e1s\u00e1t<\/a> a munkak\u00f6rnyezetb\u0151l. A halog\u00e9nezett vagy nem halog\u00e9nezett (kl\u00f3rmentes) old\u00f3szerek m\u00e9rgez\u0151 term\u00e9kek.  <\/p>\n\n<p>Az old\u00f3szer-kibocs\u00e1t\u00e1sok (amelyek vesz\u00e9lyes hullad\u00e9knak min\u0151s\u00fclnek) kezel\u00e9se a munk\u00e1ltat\u00f3 felel\u0151ss\u00e9ge. Nem tudja kik\u00fcsz\u00f6b\u00f6lni ezeket a tev\u00e9kenys\u00e9g\u00e9b\u0151l? A fenti megold\u00e1sok olyan <strong>kollekt\u00edv v\u00e9delmi int\u00e9zked\u00e9sek <\/strong>, amelyek megfelelnek az old\u00f3szerek haszn\u00e1lat\u00e1val kapcsolatos kock\u00e1zatok megel\u0151z\u00e9s\u00e9re vonatkoz\u00f3 k\u00f6vetelm\u00e9nyeknek.  <\/p>\n\n<div class=\"wp-block-buttons is-content-justification-center is-layout-flex wp-container-core-buttons-is-layout-a89b3969 wp-block-buttons-is-layout-flex\">\n<div class=\"wp-block-button\"><a class=\"wp-block-button__link wp-element-button\" href=\"https:\/\/obera.fr\/hu\/produits\/bras-dispositifs-captation\/\" style=\"border-radius:69px\">Ipari r\u00f6gz\u00edt\u00e9si megold\u00e1saink<\/a><\/div>\n<\/div>\n","protected":false},"excerpt":{"rendered":"<p>A fest\u00e9kek, tiszt\u00edt\u00f3szerek, old\u00f3szerek sz\u00e1mos vegyi term\u00e9kben jelen vannak, \u00e9s vesz\u00e9lyes hullad\u00e9knak min\u0151s\u00fclnek. Az ipari porsz\u00edv\u00f3k felfogj\u00e1k ezeket a m\u00e9rgez\u0151 anyagokat a leveg\u0151 min\u0151s\u00e9g\u00e9nek ellen\u0151rz\u00e9se \u00e9s a biztons\u00e1g garant\u00e1l\u00e1sa \u00e9rdek\u00e9ben.   <\/p>\n","protected":false},"author":4,"featured_media":95917,"comment_status":"open","ping_status":"closed","sticky":false,"template":"","format":"standard","meta":{"_acf_changed":false,"_seopress_robots_primary_cat":"none","_seopress_titles_title":"Traiter les solvants: solutions d'adsorption \/ charbon actif","_seopress_titles_desc":"Vous utilisez des produits chimiques dans votre activit\u00e9 ? Des solutions pour traiter les solvants r\u00e9duisent les risques toxiques et les risques d'explosion.","_seopress_robots_index":"","footnotes":""},"categories":[314],"tags":[323],"class_list":["post-76791","post","type-post","status-publish","format-standard","has-post-thumbnail","hentry","category-a-mi-tanacsunk","tag-entete-kicsi","generate-columns","tablet-grid-50","mobile-grid-100","grid-parent","grid-50","no-featured-image-padding","resize-featured-image"],"acf":[],"_links":{"self":[{"href":"https:\/\/obera.fr\/hu\/wp-json\/wp\/v2\/posts\/76791","targetHints":{"allow":["GET"]}}],"collection":[{"href":"https:\/\/obera.fr\/hu\/wp-json\/wp\/v2\/posts"}],"about":[{"href":"https:\/\/obera.fr\/hu\/wp-json\/wp\/v2\/types\/post"}],"author":[{"embeddable":true,"href":"https:\/\/obera.fr\/hu\/wp-json\/wp\/v2\/users\/4"}],"replies":[{"embeddable":true,"href":"https:\/\/obera.fr\/hu\/wp-json\/wp\/v2\/comments?post=76791"}],"version-history":[{"count":3,"href":"https:\/\/obera.fr\/hu\/wp-json\/wp\/v2\/posts\/76791\/revisions"}],"predecessor-version":[{"id":76846,"href":"https:\/\/obera.fr\/hu\/wp-json\/wp\/v2\/posts\/76791\/revisions\/76846"}],"wp:featuredmedia":[{"embeddable":true,"href":"https:\/\/obera.fr\/hu\/wp-json\/wp\/v2\/media\/95917"}],"wp:attachment":[{"href":"https:\/\/obera.fr\/hu\/wp-json\/wp\/v2\/media?parent=76791"}],"wp:term":[{"taxonomy":"category","embeddable":true,"href":"https:\/\/obera.fr\/hu\/wp-json\/wp\/v2\/categories?post=76791"},{"taxonomy":"post_tag","embeddable":true,"href":"https:\/\/obera.fr\/hu\/wp-json\/wp\/v2\/tags?post=76791"}],"curies":[{"name":"wp","href":"https:\/\/api.w.org\/{rel}","templated":true}]}}