{"id":79290,"date":"2025-04-07T09:52:13","date_gmt":"2025-04-07T07:52:13","guid":{"rendered":"https:\/\/obera.fr\/a-mi-tanacsunk\/dangers-pesticides-fleuristes\/"},"modified":"2025-11-21T10:32:51","modified_gmt":"2025-11-21T08:32:51","slug":"dangers-pesticides-fleuristes","status":"publish","type":"post","link":"https:\/\/obera.fr\/hu\/a-mi-tanacsunk\/dangers-pesticides-fleuristes\/","title":{"rendered":"A n\u00f6v\u00e9nyv\u00e9d\u0151 szerek vesz\u00e9lyei a vir\u00e1gk\u00f6t\u0151k sz\u00e1m\u00e1ra \u00e9s a l\u00e9gtiszt\u00edt\u00e1s fontoss\u00e1ga"},"content":{"rendered":"\n<p>A v\u00e1gott vir\u00e1gok, <strong>a sz\u00e9ps\u00e9g \u00e9s a szeretet szimb\u00f3lumai<\/strong> aggaszt\u00f3 val\u00f3s\u00e1got rejtenek a vel\u00fck naponta foglalkoz\u00f3 szakemberek sz\u00e1m\u00e1ra. Friss tanulm\u00e1nyok sz\u00e9les k\u00f6r\u0171 vir\u00e1gcsokor-szennyez\u0151d\u00e9st mutatnak ki peszticidekkel,<a href=\"https:\/\/obera.fr\/sante\/\"> eg\u00e9szs\u00e9g\u00fcgyi kock\u00e1zatoknak t\u00e9ve ki a vir\u00e1gk\u00f6t\u0151ket<\/a><strong> <\/strong>jelent\u0151sek.<\/p>\n\n<h2 class=\"wp-block-heading\">Mi az a n\u00f6v\u00e9nyv\u00e9d\u0151 szer?<\/h2>\n\n<p><\/p>\n\n<div class=\"wp-block-columns is-layout-flex wp-container-core-columns-is-layout-28f84493 wp-block-columns-is-layout-flex\">\n<div class=\"wp-block-column is-layout-flow wp-block-column-is-layout-flow\" style=\"flex-basis:66.66%\">\n<p>A n\u00f6v\u00e9nyv\u00e9d\u0151 szerek olyan k\u00e9miai anyagok, amelyeket a n\u00f6v\u00e9nyek parazit\u00e1k, betegs\u00e9gek \u00e9s gyomok elleni v\u00e9delm\u00e9re haszn\u00e1lnak. T\u00f6bb kateg\u00f3ri\u00e1ba sorolhat\u00f3k: rovar\u00f6l\u0151 szerek, gomba\u00f6l\u0151 szerek, gyomirt\u00f3k stb.   <\/p>\n\n\n\n<p>B\u00e1r <strong>els\u0151sorban mez\u0151gazdas\u00e1gi n\u00f6v\u00e9nyeken<\/strong> haszn\u00e1lj\u00e1k, a vir\u00e1gtermeszt\u00e9sben is sz\u00e9les k\u00f6rben elterjedt. Az \u00e9lelmiszerekkel ellent\u00e9tben a vir\u00e1gokat nem emberi fogyaszt\u00e1sra sz\u00e1nj\u00e1k, ez\u00e9rt r\u00e1juk nem vonatkoznak ugyanolyan szigor\u00fa el\u0151\u00edr\u00e1sok a n\u00f6v\u00e9nyv\u00e9d\u0151szer-marad\u00e9kok tekintet\u00e9ben. <\/p>\n<\/div>\n\n\n\n<div class=\"wp-block-column is-layout-flow wp-block-column-is-layout-flow\" style=\"flex-basis:33.33%\">\n<figure class=\"wp-block-image aligncenter size-large is-resized\"><img decoding=\"async\" width=\"1024\" height=\"1024\" src=\"https:\/\/obera.fr\/wp-content\/uploads\/2025\/04\/conseil-raf-1-1-1024x1024.png\" alt=\"raf tan&#xE1;cs (1)\" class=\"wp-image-79716\" style=\"width:244px;height:auto\" srcset=\"https:\/\/obera.fr\/wp-content\/uploads\/2025\/04\/conseil-raf-1-1-1024x1024.png 1024w, https:\/\/obera.fr\/wp-content\/uploads\/2025\/04\/conseil-raf-1-1-300x300.png 300w, https:\/\/obera.fr\/wp-content\/uploads\/2025\/04\/conseil-raf-1-1-150x150.png 150w, https:\/\/obera.fr\/wp-content\/uploads\/2025\/04\/conseil-raf-1-1-768x768.png 768w, https:\/\/obera.fr\/wp-content\/uploads\/2025\/04\/conseil-raf-1-1.png 1200w\" sizes=\"(max-width: 1024px) 100vw, 1024px\" \/><\/figure>\n<\/div>\n<\/div>\n\n<h2 class=\"wp-block-heading\">A v\u00e1gott vir\u00e1gok riaszt\u00f3 szennyezetts\u00e9ge<\/h2>\n\n<p>Az UFC-Que Choisir <strong>laborat\u00f3riumi vizsg\u00e1latokat v\u00e9gzett 15 r\u00f3zsacsokron<\/strong>, gerber\u00e1n \u00e9s krizant\u00e9mon, amelyeket \u00fczletekben, nagykereskedelmi l\u00e1ncokban \u00e9s online v\u00e1s\u00e1roltak. Az eredm\u00e9nyek elgondolkodtat\u00f3ak: A vizsg\u00e1lt vir\u00e1gok 100%-a szennyezett volt, egyetlen csokron ak\u00e1r 46 k\u00fcl\u00f6nb\u00f6z\u0151 peszticidmaradv\u00e1nyt is tal\u00e1ltak. Ezen anyagok k\u00f6z\u00fcl n\u00e9melyek bizony\u00edtottan r\u00e1kkelt\u0151ek \u00e9s<a href=\"https:\/\/obera.fr\/hu\/vegyszerek-petrolkemiai-termekek-parakemiai-termekek\/\"> endokrin rendszert k\u00e1ros\u00edt\u00f3 anyagok<\/a>, k\u00f6zvetlen <strong>vesz\u00e9lyt jelentenek a vir\u00e1gk\u00f6t\u0151k eg\u00e9szs\u00e9g\u00e9re<\/strong>, akik naponta kezelik \u0151ket.  <\/p>\n\n<h2 class=\"wp-block-heading\">Bizony\u00edtott eg\u00e9szs\u00e9g\u00fcgyi kock\u00e1zatok a szakemberek sz\u00e1m\u00e1ra<\/h2>\n\n<div class=\"wp-block-columns is-layout-flex wp-container-core-columns-is-layout-28f84493 wp-block-columns-is-layout-flex\">\n<div class=\"wp-block-column is-layout-flow wp-block-column-is-layout-flow\" style=\"flex-basis:66.66%\">\n<p>Ennek a kitetts\u00e9gnek a k\u00f6vetkezm\u00e9nyei nem elm\u00e9leti jelleg\u0171ek. A helyzet s\u00falyoss\u00e1g\u00e1t j\u00f3l mutatja Emmy tragikus esete, aki 11 \u00e9ves kor\u00e1ban halt meg a<g id=\"gid_0\"> vir\u00e1g\u00e1rus \u00e9desanyja \u00e1ltal kezelt n\u00f6v\u00e9nyv\u00e9d\u0151 szereknek val\u00f3 sz\u00fclet\u00e9s el\u0151tti kitetts\u00e9ggel \u00f6sszef\u00fcgg\u00e9sbe hozhat\u00f3 r\u00e1kban<\/g>. Ez a trag\u00e9dia r\u00e1vil\u00e1g\u00edt a v\u00e1gott vir\u00e1gokban tal\u00e1lhat\u00f3 n\u00f6v\u00e9nyv\u00e9d\u0151szer-maradv\u00e1nyokra vonatkoz\u00f3 szigor\u00fa szab\u00e1lyoz\u00e1s hi\u00e1ny\u00e1ra \u00e9s az \u00e1gazatban dolgoz\u00f3 szakemberek v\u00e9delm\u00e9nek hi\u00e1ny\u00e1ra.  <\/p>\n<\/div>\n\n\n\n<div class=\"wp-block-column is-layout-flow wp-block-column-is-layout-flow\" style=\"flex-basis:33.33%\">\n<figure class=\"wp-block-image alignleft size-large is-resized\"><img decoding=\"async\" width=\"1024\" height=\"1024\" src=\"https:\/\/obera.fr\/wp-content\/uploads\/2025\/03\/conseil-raf-1-1024x1024.png\" alt=\"Vigy&#xE1;zz a vesz&#xE9;lyre\" class=\"wp-image-77479\" style=\"width:140px;height:auto\" srcset=\"https:\/\/obera.fr\/wp-content\/uploads\/2025\/03\/conseil-raf-1-1024x1024.png 1024w, https:\/\/obera.fr\/wp-content\/uploads\/2025\/03\/conseil-raf-1-300x300.png 300w, https:\/\/obera.fr\/wp-content\/uploads\/2025\/03\/conseil-raf-1-150x150.png 150w, https:\/\/obera.fr\/wp-content\/uploads\/2025\/03\/conseil-raf-1-768x768.png 768w, https:\/\/obera.fr\/wp-content\/uploads\/2025\/03\/conseil-raf-1.png 1200w\" sizes=\"(max-width: 1024px) 100vw, 1024px\" \/><\/figure>\n<\/div>\n<\/div>\n\n<h2 class=\"wp-block-heading\">A l\u00e9gtiszt\u00edt\u00e1s fontoss\u00e1ga vir\u00e1gos k\u00f6rnyezetben<\/h2>\n\n<p>Ezzel a val\u00f3s\u00e1ggal szemben <strong>elengedhetetlen, hogy a vir\u00e1gk\u00f6t\u0151k megv\u00e9dj\u00e9k magukat e k\u00e1ros anyagok bel\u00e9legz\u00e9s\u00e9t\u0151l<\/strong>. Ipari l\u00e9gtiszt\u00edt\u00f3k telep\u00edt\u00e9se a <g id=\"gid_1\">m\u0171helyekben \u00e9s \u00fczletekben<\/g> hat\u00e9kony megold\u00e1st jelent a leveg\u0151ben sz\u00e1ll\u00f3 peszticidek koncentr\u00e1ci\u00f3j\u00e1nak cs\u00f6kkent\u00e9s\u00e9re. Ezek az eszk\u00f6z\u00f6k sz\u0171rik \u00e9s elt\u00e1vol\u00edtj\u00e1k a m\u00e9rgez\u0151 r\u00e9szecsk\u00e9ket, hozz\u00e1j\u00e1rulva ezzel egy eg\u00e9szs\u00e9gesebb munkak\u00f6rnyezet kialak\u00edt\u00e1s\u00e1hoz.  <\/p>\n\n<h2 class=\"wp-block-heading\">Az OberA \u00e1ltal k\u00edn\u00e1lt megold\u00e1sok<\/h2>\n\n<div class=\"wp-block-columns is-layout-flex wp-container-core-columns-is-layout-28f84493 wp-block-columns-is-layout-flex\">\n<div class=\"wp-block-column is-layout-flow wp-block-column-is-layout-flow\" style=\"flex-basis:66.66%\">\n<p>Az OberA-n\u00e1l meg\u00e9rtj\u00fck a vir\u00e1g\u00fczletek kih\u00edv\u00e1sait. Ipari l\u00e9gtiszt\u00edt\u00f3inkat \u00fagy tervezt\u00fck, hogy megfeleljenek a <a href=\"https:\/\/obera.fr\/hu\/elelmiszeripar\/purificateur-agroalimentaire\/\">potenci\u00e1lisan szennyezett term\u00e9keket<\/a> g\u00e1z \u00e9s szil\u00e1rd form\u00e1ban kezel\u0151 k\u00f6rnyezetek speci\u00e1lis ig\u00e9nyeinek. A tiszt\u00edt\u00e1si megold\u00e1sainkba val\u00f3 befektet\u00e9ssel a szakemberek :<\/p>\n\n\n\n<ul class=\"wp-block-list\">\n<li><strong>Jelent\u0151sen cs\u00f6kkenti<\/strong> a peszticidek jelenl\u00e9t\u00e9t a k\u00f6rnyezeti leveg\u0151ben.<\/li>\n\n\n\n<li><strong>V\u00e9dj\u00e9k eg\u00e9szs\u00e9g\u00fcket<\/strong> \u00e9s alkalmazottaik eg\u00e9szs\u00e9g\u00e9t a vegyi anyagok k\u00e1ros hat\u00e1sait\u00f3l.<\/li>\n\n\n\n<li><strong>Biztons\u00e1gosabb<\/strong> \u00e9s kellemesebb <strong>k\u00f6rnyezetet biztos\u00edtanak<\/strong> \u00fcgyfeleik sz\u00e1m\u00e1ra.<\/li>\n<\/ul>\n\n\n\n<p>Alapvet\u0151 fontoss\u00e1g\u00fa, hogy a vir\u00e1gk\u00f6t\u0151k tiszt\u00e1ban legyenek az \u00e1ltaluk kezelt vir\u00e1gokban tal\u00e1lhat\u00f3 n\u00f6v\u00e9nyv\u00e9d\u0151 szerekkel kapcsolatos kock\u00e1zatokkal. A megel\u0151z\u0151 int\u00e9zked\u00e9sek &#8211; p\u00e9ld\u00e1ul az ipari l\u00e9gtiszt\u00edt\u00f3k haszn\u00e1lata &#8211; alapvet\u0151 l\u00e9p\u00e9s a saj\u00e1t \u00e9s a k\u00f6rnyezet\u00fckben \u00e9l\u0151k biztons\u00e1g\u00e1nak garant\u00e1l\u00e1s\u00e1ban.<\/p>\n\n\n\n<p>Fedezze fel OberA l\u00e9gtiszt\u00edt\u00f3ink k\u00edn\u00e1lat\u00e1t, hogy a leveg\u0151 olyan tiszta legyen, mint egy tavaszi vir\u00e1gmez\u0151.<\/p>\n<\/div>\n\n\n\n<div class=\"wp-block-column is-layout-flow wp-block-column-is-layout-flow\" style=\"flex-basis:33.33%\">\n<figure class=\"wp-block-image aligncenter size-large is-resized\"><img decoding=\"async\" width=\"1024\" height=\"1024\" src=\"https:\/\/obera.fr\/wp-content\/uploads\/2025\/03\/2-1024x1024.png\" alt=\"OberA megold&#xE1;s\" class=\"wp-image-77618\" style=\"width:275px;height:auto\" srcset=\"https:\/\/obera.fr\/wp-content\/uploads\/2025\/03\/2-1024x1024.png 1024w, https:\/\/obera.fr\/wp-content\/uploads\/2025\/03\/2-300x300.png 300w, https:\/\/obera.fr\/wp-content\/uploads\/2025\/03\/2-150x150.png 150w, https:\/\/obera.fr\/wp-content\/uploads\/2025\/03\/2-768x768.png 768w, https:\/\/obera.fr\/wp-content\/uploads\/2025\/03\/2.png 1200w\" sizes=\"(max-width: 1024px) 100vw, 1024px\" \/><\/figure>\n<\/div>\n<\/div>\n\n<p><\/p>\n","protected":false},"excerpt":{"rendered":"<p>A v\u00e1gott vir\u00e1gok, a sz\u00e9ps\u00e9g \u00e9s a szeretet szimb\u00f3lumai aggaszt\u00f3 val\u00f3s\u00e1got rejtenek a vel\u00fck naponta foglalkoz\u00f3 szakemberek sz\u00e1m\u00e1ra.  <\/p>\n","protected":false},"author":13,"featured_media":79821,"comment_status":"open","ping_status":"closed","sticky":false,"template":"","format":"standard","meta":{"_acf_changed":false,"_seopress_robots_primary_cat":"none","_seopress_titles_title":"Vir\u00e1gk\u00f6t\u0151k: a n\u00f6v\u00e9nyv\u00e9d\u0151 szerek vesz\u00e9lyei \u00e9s a tiszt\u00edt\u00e1s sz\u00fcks\u00e9gess\u00e9ge","_seopress_titles_desc":"Tudja meg, hogy az OberA l\u00e9gtiszt\u00edt\u00f3k hogyan el\u0151zhetik meg a vir\u00e1gk\u00f6t\u0151k sz\u00e1m\u00e1ra a n\u00f6v\u00e9nyv\u00e9d\u0151 szerek vesz\u00e9lyeit.","_seopress_robots_index":"","footnotes":""},"categories":[314],"tags":[],"class_list":["post-79290","post","type-post","status-publish","format-standard","has-post-thumbnail","hentry","category-a-mi-tanacsunk","generate-columns","tablet-grid-50","mobile-grid-100","grid-parent","grid-50","no-featured-image-padding","resize-featured-image"],"acf":[],"_links":{"self":[{"href":"https:\/\/obera.fr\/hu\/wp-json\/wp\/v2\/posts\/79290","targetHints":{"allow":["GET"]}}],"collection":[{"href":"https:\/\/obera.fr\/hu\/wp-json\/wp\/v2\/posts"}],"about":[{"href":"https:\/\/obera.fr\/hu\/wp-json\/wp\/v2\/types\/post"}],"author":[{"embeddable":true,"href":"https:\/\/obera.fr\/hu\/wp-json\/wp\/v2\/users\/13"}],"replies":[{"embeddable":true,"href":"https:\/\/obera.fr\/hu\/wp-json\/wp\/v2\/comments?post=79290"}],"version-history":[{"count":4,"href":"https:\/\/obera.fr\/hu\/wp-json\/wp\/v2\/posts\/79290\/revisions"}],"predecessor-version":[{"id":133704,"href":"https:\/\/obera.fr\/hu\/wp-json\/wp\/v2\/posts\/79290\/revisions\/133704"}],"wp:featuredmedia":[{"embeddable":true,"href":"https:\/\/obera.fr\/hu\/wp-json\/wp\/v2\/media\/79821"}],"wp:attachment":[{"href":"https:\/\/obera.fr\/hu\/wp-json\/wp\/v2\/media?parent=79290"}],"wp:term":[{"taxonomy":"category","embeddable":true,"href":"https:\/\/obera.fr\/hu\/wp-json\/wp\/v2\/categories?post=79290"},{"taxonomy":"post_tag","embeddable":true,"href":"https:\/\/obera.fr\/hu\/wp-json\/wp\/v2\/tags?post=79290"}],"curies":[{"name":"wp","href":"https:\/\/api.w.org\/{rel}","templated":true}]}}