{"id":80965,"date":"2025-01-23T16:12:38","date_gmt":"2025-01-23T14:12:38","guid":{"rendered":"https:\/\/obera.fr\/a-mi-tanacsunk\/cas-usage-securite-production-urgence\/"},"modified":"2025-08-29T10:06:49","modified_gmt":"2025-08-29T08:06:49","slug":"cas-usage-securite-production-urgence","status":"publish","type":"post","link":"https:\/\/obera.fr\/hu\/a-mi-tanacsunk\/cas-usage-securite-production-urgence\/","title":{"rendered":"Hogyan biztos\u00edthat\u00f3 a termel\u00e9s folyamatoss\u00e1ga \u00e9s biztons\u00e1ga v\u00e9szhelyzet eset\u00e9n: visszatekint\u00e9s egy sikeres beavatkoz\u00e1sra?"},"content":{"rendered":"\n<p><strong>Egy t\u0171z okozta v\u00e9szhelyzetben<\/strong> minket h\u00edvtak, \u00e9s nagy kih\u00edv\u00e1ssal kellett szemben\u00e9zn\u00fcnk: garant\u00e1lni a termel\u00e9s folyamatoss\u00e1g\u00e1t, mik\u00f6zben a kezel\u0151k \u00e9s a berendez\u00e9sek optim\u00e1lis biztons\u00e1g\u00e1t kellett biztos\u00edtanunk.  <\/p>\n\n<p>\u00cdme, hogyan reag\u00e1ltunk erre a probl\u00e9m\u00e1ra, \u00e9s hogyan vezett\u00fcnk <strong>be egy<\/strong> fenntarthat\u00f3 \u00e9s innovat\u00edv <strong>megold\u00e1st<\/strong>.<\/p>\n\n<h2 class=\"wp-block-heading\">A v\u00e9szhelyzetet ellen\u0151rz\u00e9s alatt tartj\u00e1k: ideiglenes megold\u00e1st hoztak l\u00e9tre<\/h2>\n\n<div class=\"wp-block-media-text is-stacked-on-mobile\" style=\"grid-template-columns:29% auto\"><figure class=\"wp-block-media-text__media\"><img decoding=\"async\" width=\"1024\" height=\"768\" src=\"https:\/\/obera.fr\/wp-content\/uploads\/2025\/01\/img_20250115_120639-1024x768.jpg\" alt=\"img 20250115 120639\" class=\"wp-image-58638 size-full\" srcset=\"https:\/\/obera.fr\/wp-content\/uploads\/2025\/01\/img_20250115_120639-1024x768.jpg 1024w, https:\/\/obera.fr\/wp-content\/uploads\/2025\/01\/img_20250115_120639-300x225.jpg 300w, https:\/\/obera.fr\/wp-content\/uploads\/2025\/01\/img_20250115_120639-768x576.jpg 768w, https:\/\/obera.fr\/wp-content\/uploads\/2025\/01\/img_20250115_120639-1536x1152.jpg 1536w, https:\/\/obera.fr\/wp-content\/uploads\/2025\/01\/img_20250115_120639-2048x1536.jpg 2048w\" sizes=\"(max-width: 1024px) 100vw, 1024px\" \/><\/figure><div class=\"wp-block-media-text__content\">\n<p>Amikor a t\u0171z megrong\u00e1lta a hegeszt\u00e9si f\u00fcstelsz\u00edv\u00f3 rendszert, a termel\u00e9s megszak\u00edt\u00e1s\u00e1nak elker\u00fcl\u00e9se \u00e9rdek\u00e9ben gyors beavatkoz\u00e1sra volt sz\u00fcks\u00e9g. Ehhez egy <a href=\"https:\/\/obera.fr\/hu\/produits\/depoussiereurs-industriels\/mobiles\/extracteur-poussiere-dustomat-4\/\">b\u00e9relt DUSTOMAT 4-24-es<\/a> k\u00e9sz\u00fcl\u00e9ket telep\u00edtett\u00fcnk. Ez a mobil porelsz\u00edv\u00f3 lehet\u0151v\u00e9 tette a m\u0171k\u00f6d\u00e9s azonnali folytat\u00e1s\u00e1t, mik\u00f6zben biztons\u00e1gos, a hat\u00e1lyos szabv\u00e1nyoknak megfelel\u0151 munkak\u00f6rnyezetet biztos\u00edtott.  <\/p>\n<\/div><\/div>\n\n<h2 class=\"wp-block-heading\">Alapos tanulm\u00e1ny a fenntarthat\u00f3, nagy teljes\u00edtm\u00e9ny\u0171 megold\u00e1s \u00e9rdek\u00e9ben<\/h2>\n\n<p><strong>Ezt k\u00f6vet\u0151en m\u00e9lyrehat\u00f3 elemz\u00e9st v\u00e9ge<\/strong> ztek, hogy az \u00fczem konfigur\u00e1ci\u00f3j\u00e1ra \u00e9s egyedi ig\u00e9nyeire szabott megold\u00e1st javasoljanak. A c\u00e9l az volt, hogy a megl\u00e9v\u0151 porlev\u00e1laszt\u00f3t kicser\u00e9lj\u00e9k, mik\u00f6zben a cs\u0151h\u00e1l\u00f3zat m\u00e9ret\u00e9t \u00fagy alak\u00edtott\u00e1k \u00e1t, hogy a hegeszt\u00e9si f\u00fcst hat\u00e9kony elsz\u00edv\u00e1sa biztos\u00edtott legyen. <\/p>\n\n<h3 class=\"wp-block-heading\">Az azonos\u00edtott probl\u00e9ma :<\/h3>\n\n<p>A berendez\u00e9snek lehet\u0151v\u00e9 kellett tennie a hegeszt\u00e9si f\u00fcst elsz\u00edv\u00e1s\u00e1t t\u00f6bb ponton, az al\u00e1bbiak szerint elosztva:<\/p>\n\n<ul class=\"wp-block-list\">\n<li><strong>H\u00e1rom hegeszt\u0151sor<\/strong>, amelyek k\u00f6z\u00fcl kett\u0151 automatiz\u00e1lt,<\/li>\n\n\n\n<li><strong>K\u00e9zi retus\u00e1l\u00f3 \u00e1llom\u00e1s<\/strong>, amely motorh\u00e1ztet\u0151vel \u00e9s elsz\u00edv\u00f3karokkal van felszerelve.<\/li>\n<\/ul>\n\n<h2 class=\"wp-block-heading\">Egy szem\u00e9lyre szabott megold\u00e1s: a DUSTMAC F-378 rendszer<\/h2>\n\n<p>Erre a probl\u00e9m\u00e1ra v\u00e1laszul telep\u00edtett\u00fcnk egy <strong>DUSTMAC F-378-as helyhez k\u00f6t\u00f6tt sz\u0171r\u0151rendszert<\/strong>. Ez a belt\u00e9rben telep\u00edtett rendszer a legfejlettebb technol\u00f3gi\u00e1kkal van felszerelve, hogy garant\u00e1lja a teljes\u00edtm\u00e9nyt, a biztons\u00e1got \u00e9s a k\u00f6nny\u0171 karbantart\u00e1st. <\/p>\n\n<h3 class=\"wp-block-heading\">A megold\u00e1s er\u0151ss\u00e9gei :<\/h3>\n\n<ol class=\"wp-block-list\">\n<li><strong>Optimaliz\u00e1lt sz\u0171r\u00e9s :<\/strong>\n<ul class=\"wp-block-list\">\n<li>A rendszer teljesen automatikus s\u0171r\u00edtett leveg\u0151s tiszt\u00edt\u00e1ssal ell\u00e1tott sz\u0171r\u0151bet\u00e9tekkel rendelkezik, amelyek garant\u00e1lj\u00e1k a maxim\u00e1lis hat\u00e9konys\u00e1got.<\/li>\n\n\n\n<li>A be\u00e9p\u00edtett el\u0151lev\u00e1laszt\u00f3nak k\u00f6sz\u00f6nhet\u0151en a nagy r\u00e9szecsk\u00e9k k\u00f6zvetlen\u00fcl a sz\u0171r\u0151k el\u00e9r\u00e9se el\u0151tt felfog\u00e1sra ker\u00fclnek, \u00edgy meghosszabb\u00edtva azok \u00e9lettartam\u00e1t.<\/li>\n<\/ul>\n<\/li>\n\n\n\n<li><strong>Fokozott biztons\u00e1g :<\/strong>\n<ul class=\"wp-block-list\">\n<li>A <strong>szikra el\u0151szepar\u00e1tor<\/strong> korl\u00e1tozza a besz\u00edvott leveg\u0151ben l\u00e9v\u0151 izz\u00f3 r\u00e9szecsk\u00e9k jelenl\u00e9t\u00e9b\u0151l ered\u0151 kock\u00e1zatokat.<\/li>\n\n\n\n<li>A t\u0171zvesz\u00e9ly megel\u0151z\u00e9se \u00e9rdek\u00e9ben <strong>automatikus \u00e9rz\u00e9kel\u0151 \u00e9s t\u0171zolt\u00f3 rendszer<\/strong> van be\u00e9p\u00edtve.<\/li>\n<\/ul>\n<\/li>\n\n\n\n<li><strong>Egyszer\u0171s\u00edtett karbantart\u00e1s \u00e9s folyamatos m\u0171k\u00f6d\u00e9s :<\/strong>\n<ul class=\"wp-block-list\">\n<li>A nyom\u00e1sk\u00fcl\u00f6nbs\u00e9g automatikusan vez\u00e9rli a sz\u0171r\u0151 tiszt\u00edt\u00e1s\u00e1t m\u0171k\u00f6d\u00e9s k\u00f6zben \u00e9s ut\u00e1n, elker\u00fclve a megszak\u00edt\u00e1st.<\/li>\n\n\n\n<li><strong>A laza por<\/strong> egy speci\u00e1lis tart\u00e1lyban <strong>gy\u0171lik \u00f6ssze<\/strong>, amely gyorsan \u00e9s egyszer\u0171en ki\u00fcr\u00edthet\u0151.<\/li>\n<\/ul>\n<\/li>\n<\/ol>\n\n<h3 class=\"wp-block-heading\">A legkorszer\u0171bb rendszer<\/h3>\n\n<div class=\"wp-block-media-text has-media-on-the-right is-stacked-on-mobile\" style=\"grid-template-columns:auto 23%\"><div class=\"wp-block-media-text__content\">\n<p>A <a href=\"https:\/\/obera.fr\/hu\/produits\/depoussiereurs-industriels\/fixes\/aspiration-centralisee-industrielle-dustmac\/\">DUSTMAC F-378<\/a> seg\u00edts\u00e9g\u00e9vel \u00fcgyfel\u00fcnk mostant\u00f3l egy robusztus, biztons\u00e1gos f\u00fcstelsz\u00edv\u00f3 rendszerrel rendelkezik, amely megfelel a leg\u00fajabb szab\u00e1lyoz\u00e1si k\u00f6vetelm\u00e9nyeknek. <br\/>Ez a megold\u00e1s lehet\u0151v\u00e9 teszi :<\/p>\n\n\n\n<ul class=\"wp-block-list\">\n<li>Cs\u00f6kkentett karbantart\u00e1si k\u00f6lts\u00e9gek a teljesen automatiz\u00e1lt m\u0171k\u00f6d\u00e9snek k\u00f6sz\u00f6nhet\u0151en.<\/li>\n\n\n\n<li>Az \u00fczem leveg\u0151min\u0151s\u00e9g\u00e9nek jelent\u0151s javul\u00e1sa,<\/li>\n\n\n\n<li>Optim\u00e1lis kezel\u0151i v\u00e9delem,<\/li>\n<\/ul>\n\n\n\n<h2 class=\"wp-block-heading\">K\u00f6vetkeztet\u00e9s: v\u00e1rakoz\u00e1s \u00e9s innov\u00e1ci\u00f3 \u00fcgyfeleink szolg\u00e1lat\u00e1ban<\/h2>\n\n\n\n<p>V\u00e9szhelyzet eset\u00e9n csapatunk gyorsan tudott reag\u00e1lni, hogy <strong>elker\u00fclje a termel\u00e9s megszakad\u00e1s\u00e1t<\/strong>. Az alapos vizsg\u00e1latnak \u00e9s a legmodernebb sz\u0171r\u0151rendszer telep\u00edt\u00e9s\u00e9nek k\u00f6sz\u00f6nhet\u0151en nemcsak egy azonnali probl\u00e9m\u00e1t oldottunk meg, hanem tart\u00f3s \u00e9s innovat\u00edv megold\u00e1st is biztos\u00edtottunk. Ha \u00d6n is hasonl\u00f3 kih\u00edv\u00e1sokkal szembes\u00fcl, ne habozzon<strong> kapcsolatba l\u00e9pni vel\u00fcnk, hogy egy\u00fctt megtal\u00e1ljuk az<\/strong> \u00d6n ig\u00e9nyeinek legmegfelel\u0151bb<strong> megold\u00e1st<\/strong>. <\/p>\n<\/div><figure class=\"wp-block-media-text__media\"><img decoding=\"async\" width=\"768\" height=\"1024\" src=\"https:\/\/obera.fr\/wp-content\/uploads\/2025\/01\/img_20250115_120649-768x1024.jpg\" alt=\"img 20250115 120649\" class=\"wp-image-58615 size-full\" srcset=\"https:\/\/obera.fr\/wp-content\/uploads\/2025\/01\/img_20250115_120649-768x1024.jpg 768w, https:\/\/obera.fr\/wp-content\/uploads\/2025\/01\/img_20250115_120649-225x300.jpg 225w, https:\/\/obera.fr\/wp-content\/uploads\/2025\/01\/img_20250115_120649-1152x1536.jpg 1152w, https:\/\/obera.fr\/wp-content\/uploads\/2025\/01\/img_20250115_120649-1536x2048.jpg 1536w, https:\/\/obera.fr\/wp-content\/uploads\/2025\/01\/img_20250115_120649-scaled.jpg 1920w\" sizes=\"(max-width: 768px) 100vw, 768px\" \/><\/figure><\/div>\n\n<h2 class=\"wp-block-heading\">.<\/h2>\n","protected":false},"excerpt":{"rendered":"<p>Egy t\u0171z okozta v\u00e9szhelyzetben minket h\u00edvtak, \u00e9s nagy kih\u00edv\u00e1ssal kellett szemben\u00e9zn\u00fcnk: garant\u00e1lni a termel\u00e9s folyamatoss\u00e1g\u00e1t, mik\u00f6zben a kezel\u0151k \u00e9s a berendez\u00e9sek optim\u00e1lis biztons\u00e1g\u00e1t kellett biztos\u00edtanunk.<br \/>\n\u00cdme, hogyan reag\u00e1ltunk erre a probl\u00e9m\u00e1ra, \u00e9s hogyan vezett\u00fcnk be egy fenntarthat\u00f3 \u00e9s innovat\u00edv megold\u00e1st.<\/p>\n","protected":false},"author":13,"featured_media":80828,"comment_status":"open","ping_status":"closed","sticky":false,"template":"","format":"standard","meta":{"_acf_changed":false,"_seopress_robots_primary_cat":"none","_seopress_titles_title":"Termel\u00e9sfolytonoss\u00e1g \u00e9s biztons\u00e1g: mi a teend\u0151 v\u00e9szhelyzetben?","_seopress_titles_desc":"Egy t\u0171z okozta v\u00e9szhelyzetben h\u00edvtak minket, \u00e9s komoly kih\u00edv\u00e1ssal kellett szemben\u00e9zn\u00fcnk.","_seopress_robots_index":"","footnotes":""},"categories":[314],"tags":[323],"class_list":["post-80965","post","type-post","status-publish","format-standard","has-post-thumbnail","hentry","category-a-mi-tanacsunk","tag-entete-kicsi","generate-columns","tablet-grid-50","mobile-grid-100","grid-parent","grid-50","no-featured-image-padding","resize-featured-image"],"acf":[],"_links":{"self":[{"href":"https:\/\/obera.fr\/hu\/wp-json\/wp\/v2\/posts\/80965","targetHints":{"allow":["GET"]}}],"collection":[{"href":"https:\/\/obera.fr\/hu\/wp-json\/wp\/v2\/posts"}],"about":[{"href":"https:\/\/obera.fr\/hu\/wp-json\/wp\/v2\/types\/post"}],"author":[{"embeddable":true,"href":"https:\/\/obera.fr\/hu\/wp-json\/wp\/v2\/users\/13"}],"replies":[{"embeddable":true,"href":"https:\/\/obera.fr\/hu\/wp-json\/wp\/v2\/comments?post=80965"}],"version-history":[{"count":2,"href":"https:\/\/obera.fr\/hu\/wp-json\/wp\/v2\/posts\/80965\/revisions"}],"predecessor-version":[{"id":128042,"href":"https:\/\/obera.fr\/hu\/wp-json\/wp\/v2\/posts\/80965\/revisions\/128042"}],"wp:featuredmedia":[{"embeddable":true,"href":"https:\/\/obera.fr\/hu\/wp-json\/wp\/v2\/media\/80828"}],"wp:attachment":[{"href":"https:\/\/obera.fr\/hu\/wp-json\/wp\/v2\/media?parent=80965"}],"wp:term":[{"taxonomy":"category","embeddable":true,"href":"https:\/\/obera.fr\/hu\/wp-json\/wp\/v2\/categories?post=80965"},{"taxonomy":"post_tag","embeddable":true,"href":"https:\/\/obera.fr\/hu\/wp-json\/wp\/v2\/tags?post=80965"}],"curies":[{"name":"wp","href":"https:\/\/api.w.org\/{rel}","templated":true}]}}