{"id":81025,"date":"2025-02-04T11:02:47","date_gmt":"2025-02-04T09:02:47","guid":{"rendered":"https:\/\/obera.fr\/a-mi-tanacsunk\/equipement-taille-pierre-worldskill-lyon\/"},"modified":"2025-04-14T15:28:19","modified_gmt":"2025-04-14T13:28:19","slug":"equipement-taille-pierre-worldskill-lyon","status":"publish","type":"post","link":"https:\/\/obera.fr\/hu\/a-mi-tanacsunk\/equipement-taille-pierre-worldskill-lyon\/","title":{"rendered":"OberA, a k\u0151farag\u00f3 berendez\u00e9sek etalonja: felt\u0171n\u0151 jelenl\u00e9t a WorldSkills 2024 vil\u00e1gd\u00f6nt\u0151n Lyonban."},"content":{"rendered":"\n<p>Az <strong>OberA-n\u00e1l<\/strong> az a c\u00e9lunk, hogy a k\u0151farag\u00f3 berendez\u00e9sek ter\u00e9n m\u00e9rc\u00e9v\u00e9 v\u00e1ljunk. Ennek \u00e9rdek\u00e9ben innovat\u00edv, nagy teljes\u00edtm\u00e9ny\u0171 megold\u00e1sokat k\u00edn\u00e1lunk a szakembereknek, amelyek megfelelnek az \u00e1gazat kih\u00edv\u00e1sainak. Ezt szem el\u0151tt tartva \u00e9rte minket az a megtiszteltet\u00e9s, hogy r\u00e9szt vehett\u00fcnk a <strong>WorldSkills 2024 vil\u00e1gd\u00f6nt\u0151n<\/strong>, egy olyan nemzetk\u00f6zi esem\u00e9nyen, amely kiemeli a szakm\u00e1k kiv\u00e1l\u00f3s\u00e1g\u00e1t \u00e9s a vil\u00e1g minden t\u00e1j\u00e1r\u00f3l \u00e9rkez\u0151 mesteremberek szak\u00e9rtelm\u00e9t.  <\/p>\n\n<div class=\"wp-block-media-text is-stacked-on-mobile\" style=\"grid-template-columns:21% auto\"><figure class=\"wp-block-media-text__media\"><img decoding=\"async\" width=\"768\" height=\"1024\" src=\"https:\/\/obera.fr\/wp-content\/uploads\/2025\/02\/lyon2-768x1024.jpg\" alt=\"lyoni Worldskills 2024\" class=\"wp-image-59769 size-full\" srcset=\"https:\/\/obera.fr\/wp-content\/uploads\/2025\/02\/lyon2-768x1024.jpg 768w, https:\/\/obera.fr\/wp-content\/uploads\/2025\/02\/lyon2-225x300.jpg 225w, https:\/\/obera.fr\/wp-content\/uploads\/2025\/02\/lyon2-1152x1536.jpg 1152w, https:\/\/obera.fr\/wp-content\/uploads\/2025\/02\/lyon2-1536x2048.jpg 1536w, https:\/\/obera.fr\/wp-content\/uploads\/2025\/02\/lyon2-scaled.jpg 1920w\" sizes=\"(max-width: 768px) 100vw, 768px\" \/><\/figure><div class=\"wp-block-media-text__content\">\n<h2 class=\"wp-block-heading\">A Dustomat 16: Nagy teljes\u00edtm\u00e9ny\u0171 v\u00e1lasz a porszemek kih\u00edv\u00e1s\u00e1ra<\/h2>\n\n\n\n<p>A nagy verseny sor\u00e1n bevetett\u00fck a <a href=\"https:\/\/obera.fr\/produits\/depoussiereurs-industriels\/mobiles\/extracteur-poussiere-pulverulente-dustomat-16m\/\">Dustomat 16 ipari porelsz\u00edv\u00f3nkat<\/a>, amelyet kifejezetten a k\u0151farag\u00e1si m\u0171veletek sor\u00e1n keletkez\u0151 porszer\u0171 por kezel\u00e9s\u00e9re tervezt\u00fcnk. Ez a korszer\u0171 berendez\u00e9s kulcsszerepet j\u00e1tszott a versenyz\u0151k munkak\u00f6r\u00fclm\u00e9nyeinek jav\u00edt\u00e1s\u00e1ban, mivel eg\u00e9szs\u00e9gesebb \u00e9s biztons\u00e1gosabb k\u00f6rnyezetet garant\u00e1lt. <\/p>\n<\/div><\/div>\n\n<div style=\"height:24px\" aria-hidden=\"true\" class=\"wp-block-spacer\"><\/div>\n\n<h2 class=\"wp-block-heading\">Mi\u00e9rt jelent nagy \u00e9rt\u00e9ket a Dustomat 16?<\/h2>\n\n<ol class=\"wp-block-list\">\n<li><strong>Teljes\u00edtm\u00e9ny \u00e9s hat\u00e9konys\u00e1g<\/strong>: Az er\u0151teljes sz\u00edv\u00f3er\u0151nek \u00e9s a fejlett sz\u0171r\u00e9snek k\u00f6sz\u00f6nhet\u0151en a Dustomat 16 hat\u00e9konyan felfogja a finom r\u00e9szecsk\u00e9ket, \u00edgy v\u00e9di a kezel\u0151k eg\u00e9szs\u00e9g\u00e9t.<\/li>\n\n\n\n<li><strong>Mobilit\u00e1s \u00e9s alkalmazkod\u00f3k\u00e9pess\u00e9g<\/strong>: Kompakt \u00e9s ergonomikus, k\u00f6nnyen illeszkedik b\u00e1rmely m\u0171helybe vagy munkater\u00fcletre, optim\u00e1lis rugalmass\u00e1got biztos\u00edtva.<\/li>\n\n\n\n<li><strong>K\u00f6rnyezetv\u00e9delmi elk\u00f6telezetts\u00e9g<\/strong>: A por leveg\u0151ben val\u00f3 eloszl\u00e1s\u00e1nak cs\u00f6kkent\u00e9s\u00e9vel elsz\u00edv\u00f3nk hozz\u00e1j\u00e1rul a k\u00f6rnyezetbar\u00e1tabb megk\u00f6zel\u00edt\u00e9shez.<\/li>\n<\/ol>\n\n<div class=\"wp-block-media-text has-media-on-the-right is-stacked-on-mobile\" style=\"grid-template-columns:auto 20%\"><div class=\"wp-block-media-text__content\">\n<h2 class=\"wp-block-heading\">Er\u0151s elk\u00f6telezetts\u00e9g a k\u0151m\u0171ves szakm\u00e1k ir\u00e1nt<\/h2>\n\n\n\n<p>A <strong>WorldSkills 2024<\/strong> vil\u00e1gd\u00f6nt\u0151n val\u00f3 r\u00e9szv\u00e9tel\u00fcnk a k\u0151m\u0171ves szakemberek ir\u00e1nti elk\u00f6telezetts\u00e9g\u00fcnket mutatja. A <strong>Dustomat 16<\/strong> porlev\u00e1laszt\u00f3k el\u00e9rhet\u0151v\u00e9 t\u00e9tel\u00e9vel meger\u0151s\u00edtj\u00fck azon sz\u00e1nd\u00e9kunkat, hogy t\u00e1mogatjuk a mesterembereket, \u00e9s \u00e9lvonalbeli berendez\u00e9seket biztos\u00edtunk sz\u00e1mukra, amelyek jav\u00edtj\u00e1k mindennapi \u00e9let\u00fcket \u00e9s optimaliz\u00e1lj\u00e1k termel\u00e9kenys\u00e9g\u00fcket. <\/p>\n\n\n\n<p>Az <strong>OberA-n\u00e1l<\/strong> meggy\u0151z\u0151d\u00e9s\u00fcnk, hogy az innov\u00e1ci\u00f3 \u00e9s a min\u0151s\u00e9g a sikeres munka alappill\u00e9rei. Tov\u00e1bbra is nagy teljes\u00edtm\u00e9ny\u0171 megold\u00e1sokat fejleszt\u00fcnk a szakemberek ig\u00e9nyeinek kiel\u00e9g\u00edt\u00e9s\u00e9re, \u00e9s meger\u0151s\u00edtj\u00fck <strong>vezet\u0151<\/strong> poz\u00edci\u00f3nkat <strong>a k\u0151farag\u00f3 berendez\u00e9sek ter\u00e9n<\/strong>. <\/p>\n<\/div><figure class=\"wp-block-media-text__media\"><img decoding=\"async\" width=\"768\" height=\"1024\" src=\"https:\/\/obera.fr\/wp-content\/uploads\/2025\/02\/lyon1-768x1024.jpg\" alt=\"lyoni vil\u00e1gbajnoks\u00e1g 2024\" class=\"wp-image-59791 size-full\" srcset=\"https:\/\/obera.fr\/wp-content\/uploads\/2025\/02\/lyon1-768x1024.jpg 768w, https:\/\/obera.fr\/wp-content\/uploads\/2025\/02\/lyon1-225x300.jpg 225w, https:\/\/obera.fr\/wp-content\/uploads\/2025\/02\/lyon1-1152x1536.jpg 1152w, https:\/\/obera.fr\/wp-content\/uploads\/2025\/02\/lyon1-1536x2048.jpg 1536w, https:\/\/obera.fr\/wp-content\/uploads\/2025\/02\/lyon1-scaled.jpg 1920w\" sizes=\"(max-width: 768px) 100vw, 768px\" \/><\/figure><\/div>\n\n<div style=\"height:37px\" aria-hidden=\"true\" class=\"wp-block-spacer\"><\/div>\n\n<p class=\"has-text-align-center\">Ha t\u00f6bbet szeretne megtudni berendez\u00e9seinkr\u0151l \u00e9s megold\u00e1sainkr\u00f3l, <a href=\"https:\/\/obera.fr\/hu\/contact\/\">l\u00e9pjen kapcsolatba vel\u00fcnk<\/a> m\u00e9g ma, vagy l\u00e1togasson el az <strong>Obera.fr<\/strong> weboldalra!<br\/><\/p>\n","protected":false},"excerpt":{"rendered":"<p>Az OberA-n\u00e1l az a c\u00e9lunk, hogy a k\u0151farag\u00f3 berendez\u00e9sek ter\u00e9n m\u00e9rc\u00e9v\u00e9 v\u00e1ljunk. Ennek \u00e9rdek\u00e9ben innovat\u00edv, nagy teljes\u00edtm\u00e9ny\u0171 megold\u00e1sokat k\u00edn\u00e1lunk a szakembereknek, amelyek megfelelnek az \u00e1gazat kih\u00edv\u00e1sainak. Ezt szem el\u0151tt tartva \u00e9rte minket az a megtiszteltet\u00e9s, hogy r\u00e9szt vehett\u00fcnk a WorldSkills 2024 vil\u00e1gd\u00f6nt\u0151n, egy olyan nemzetk\u00f6zi esem\u00e9nyen, amely kiemeli a szakm\u00e1k kiv\u00e1l\u00f3s\u00e1g\u00e1t \u00e9s a vil\u00e1g minden t\u00e1j\u00e1r\u00f3l \u00e9rkez\u0151 mesteremberek szak\u00e9rtelm\u00e9t.  <\/p>\n","protected":false},"author":13,"featured_media":80794,"comment_status":"open","ping_status":"closed","sticky":false,"template":"","format":"standard","meta":{"_acf_changed":false,"_seopress_robots_primary_cat":"none","_seopress_titles_title":"OberA, a k\u0151farag\u00f3 berendez\u00e9sek etalonja","_seopress_titles_desc":"Az OberA-n\u00e1l az a c\u00e9lunk, hogy a k\u0151farag\u00f3 berendez\u00e9sek ter\u00e9n m\u00e9rc\u00e9v\u00e9 v\u00e1ljunk. Ennek el\u00e9r\u00e9se \u00e9rdek\u00e9ben innovat\u00edv megold\u00e1sokat k\u00edn\u00e1lunk a szakembereknek. ","_seopress_robots_index":"","footnotes":""},"categories":[314],"tags":[],"class_list":["post-81025","post","type-post","status-publish","format-standard","has-post-thumbnail","hentry","category-a-mi-tanacsunk","generate-columns","tablet-grid-50","mobile-grid-100","grid-parent","grid-50","no-featured-image-padding","resize-featured-image"],"acf":[],"_links":{"self":[{"href":"https:\/\/obera.fr\/hu\/wp-json\/wp\/v2\/posts\/81025","targetHints":{"allow":["GET"]}}],"collection":[{"href":"https:\/\/obera.fr\/hu\/wp-json\/wp\/v2\/posts"}],"about":[{"href":"https:\/\/obera.fr\/hu\/wp-json\/wp\/v2\/types\/post"}],"author":[{"embeddable":true,"href":"https:\/\/obera.fr\/hu\/wp-json\/wp\/v2\/users\/13"}],"replies":[{"embeddable":true,"href":"https:\/\/obera.fr\/hu\/wp-json\/wp\/v2\/comments?post=81025"}],"version-history":[{"count":1,"href":"https:\/\/obera.fr\/hu\/wp-json\/wp\/v2\/posts\/81025\/revisions"}],"predecessor-version":[{"id":81052,"href":"https:\/\/obera.fr\/hu\/wp-json\/wp\/v2\/posts\/81025\/revisions\/81052"}],"wp:featuredmedia":[{"embeddable":true,"href":"https:\/\/obera.fr\/hu\/wp-json\/wp\/v2\/media\/80794"}],"wp:attachment":[{"href":"https:\/\/obera.fr\/hu\/wp-json\/wp\/v2\/media?parent=81025"}],"wp:term":[{"taxonomy":"category","embeddable":true,"href":"https:\/\/obera.fr\/hu\/wp-json\/wp\/v2\/categories?post=81025"},{"taxonomy":"post_tag","embeddable":true,"href":"https:\/\/obera.fr\/hu\/wp-json\/wp\/v2\/tags?post=81025"}],"curies":[{"name":"wp","href":"https:\/\/api.w.org\/{rel}","templated":true}]}}