{"id":81259,"date":"2024-10-24T10:50:30","date_gmt":"2024-10-24T08:50:30","guid":{"rendered":"https:\/\/obera.fr\/a-mi-tanacsunk\/purificateur-air-college\/"},"modified":"2025-04-14T15:37:40","modified_gmt":"2025-04-14T13:37:40","slug":"purificateur-air-college","status":"publish","type":"post","link":"https:\/\/obera.fr\/hu\/a-mi-tanacsunk\/purificateur-air-college\/","title":{"rendered":"HEPA 14 l\u00e9gtiszt\u00edt\u00f3 az iskol\u00e1k sz\u00e1m\u00e1ra: megold\u00e1sok az iskol\u00e1k belt\u00e9ri szennyez\u00e9s\u00e9nek kezel\u00e9s\u00e9re"},"content":{"rendered":"\n<p>Az OberA l\u00e9gtiszt\u00edt\u00f3 k\u00e9sz\u00fcl\u00e9kek az <strong>olyan int\u00e9zm\u00e9nyek leveg\u0151min\u0151s\u00e9g\u00e9nek<\/strong> jav\u00edt\u00e1s\u00e1ra szolg\u00e1lnak <strong>, mint a b\u00f6lcs\u0151d\u00e9k, \u00f3vod\u00e1k, iskol\u00e1k, f\u0151iskol\u00e1k \u00e9s l\u00edceumok<\/strong>. A gyermekek \u00e9s a szem\u00e9lyzet eg\u00e9szs\u00e9g\u00e9nek v\u00e9delme \u00e9rdek\u00e9ben a sz\u0171r\u0151rendszerek \u00fagy vannak kialak\u00edtva, hogy kisz\u0171rj\u00e9k \u00e9s elt\u00e1vol\u00edts\u00e1k a port, a v\u00edrusokat, a bakt\u00e9riumokat, a polleneket, a k\u00e9miai r\u00e9szecsk\u00e9ket \u00e9s a k\u00fcls\u0151 szennyez\u0151d\u00e9seket.<strong> Nagy teljes\u00edtm\u00e9ny\u0171 <\/strong>berendez\u00e9sek a l\u00e9g\u00fati fert\u0151z\u00e9sek, az asztma \u00e9s a j\u00e1rv\u00e1nyok kock\u00e1zat\u00e1nak korl\u00e1toz\u00e1s\u00e1ra.    <\/p>\n\n<h2 class=\"wp-block-heading\">Az iskolai szennyez\u00e9s forr\u00e1sai<\/h2>\n\n<figure class=\"wp-block-image alignright size-large is-resized\"><img decoding=\"async\" width=\"1024\" height=\"683\" src=\"https:\/\/obera.fr\/wp-content\/uploads\/2024\/10\/ecole-1024x683.jpg\" alt=\"A tan&#xE1;r a kez&#xFC;ket felemel&#x151; di&#xE1;kokra mutat\" class=\"wp-image-53300\" style=\"width:353px;height:auto\" srcset=\"https:\/\/obera.fr\/wp-content\/uploads\/2024\/10\/ecole-1024x683.jpg 1024w, https:\/\/obera.fr\/wp-content\/uploads\/2024\/10\/ecole-300x200.jpg 300w, https:\/\/obera.fr\/wp-content\/uploads\/2024\/10\/ecole-768x513.jpg 768w, https:\/\/obera.fr\/wp-content\/uploads\/2024\/10\/ecole-1536x1025.jpg 1536w, https:\/\/obera.fr\/wp-content\/uploads\/2024\/10\/ecole-2048x1367.jpg 2048w\" sizes=\"(max-width: 1024px) 100vw, 1024px\" \/><\/figure>\n\n<p>Az oszt\u00e1lytermek \u00e9s tanul\u00f3szob\u00e1k a <strong>v\u00edrusok \u00e9s bakt\u00e9riumok kedvenc j\u00e1tsz\u00f3terei<\/strong>. De ez m\u00e9g nem minden: m\u00e1s szennyez\u0151 anyagok is jelen vannak, amelyek hat\u00e1ssal lehetnek a gyermekek, a k\u00fcl\u00f6n\u00f6sen \u00e9rz\u00e9keny n\u00e9pess\u00e9g eg\u00e9szs\u00e9g\u00e9re. Ezek k\u00f6z\u00e9 tartoznak a k\u00f6vetkez\u0151k:  <\/p>\n\n<ul class=\"wp-block-list\">\n<li>Az oszt\u00e1lytermek karbantart\u00e1s\u00e1hoz \u00e9s tiszt\u00edt\u00e1s\u00e1hoz haszn\u00e1lt vegyi term\u00e9kek;<\/li>\n\n\n\n<li>Az <strong>iskola f\u00f6ldrajzi elhelyezked\u00e9se<\/strong>, amely lehet, hogy er\u0151sen szennyezett ter\u00fcleten van;<\/li>\n\n\n\n<li>A l\u00e9tes\u00edtm\u00e9ny \u00e9p\u00edt\u00e9s\u00e9hez haszn\u00e1lt anyagok \u00e9s berendez\u00e9si t\u00e1rgyak, amelyek <a href=\"https:\/\/obera.fr\/conseils\/quels-procedes-ameliorent-qualite-air-eliminant-cov\/\">ill\u00e9kony szerves vegy\u00fcleteket (VOC<\/a> ) bocs\u00e1tanak ki, amelyek a leveg\u0151ben lebegve maradnak;<\/li>\n\n\n\n<li>A tanul\u00f3k \u00e9s a szem\u00e9lyzet k\u00f6z\u00f6tt <strong>\u00e1tvihet\u0151 v\u00edrusok \u00e9s bakt\u00e9riumok<\/strong>, mint p\u00e9ld\u00e1ul a covid 19, ahol a v\u00edrus a g\u00e1tl\u00f3 int\u00e9zked\u00e9sek ellen\u00e9re is tov\u00e1bb terjed.<\/li>\n<\/ul>\n\n<p>Ha figyelembe vessz\u00fck, hogy a tanul\u00f3k napjuk 90%-\u00e1t az oszt\u00e1lyteremben t\u00f6ltik, nyilv\u00e1nval\u00f3, hogy a v\u00edrusok terjed\u00e9s\u00e9nek kock\u00e1zata k\u00fcl\u00f6n\u00f6sen nagy.  <\/p>\n\n<p><\/p>\n\n<p class=\"has-text-align-center\">&#8221;  <em>M\u00edg a fert\u0151z\u00e9svesz\u00e9ly az <strong>iskol\u00e1k sz\u00e1m\u00e1ra a legfontosabb k\u00e9rd\u00e9s<\/strong>, a leveg\u0151 min\u0151s\u00e9ge a gyermekek kognit\u00edv k\u00e9pess\u00e9geire is hat\u00e1ssal van. R\u00e9szben felel\u0151s a koncentr\u00e1ci\u00f3 cs\u00f6kken\u00e9s\u00e9\u00e9rt, \u00e9s hat\u00e1ssal lehet a tanul\u00f3k tanulm\u00e1nyi teljes\u00edtm\u00e9ny\u00e9re.    <\/em><\/p>\n\n<p>Mondja Thibaut Samsel \u00fcgyvezet\u0151 igazgat\u00f3, aki 20 \u00e9ve a l\u00e9gkezel\u00e9sre szakosodott.<\/p>\n\n<h2 class=\"wp-block-heading\">A belt\u00e9ri leveg\u0151 min\u0151s\u00e9ge: hogyan v\u00e9dhetj\u00fck meg a gyermekek \u00e9s a tan\u00e1rok eg\u00e9szs\u00e9g\u00e9t?<\/h2>\n\n<h3 class=\"wp-block-heading\">Leveg\u0151min\u0151s\u00e9g: az iskolaigazgat\u00f3k k\u00f6telezetts\u00e9gei Franciaorsz\u00e1gban  <\/h3>\n\n<p>A k\u00f6zter\u00fcletek szennyez\u00e9s\u00e9nek cs\u00f6kkent\u00e9se \u00e9rdek\u00e9ben az <strong>eg\u00e9szs\u00e9g\u00fcgyi \u00e9s a k\u00f6rnyezetv\u00e9delmi miniszt\u00e9rium cselekv\u00e9si tervet ind\u00edtott<\/strong>, amely az iskol\u00e1kra is kiterjed. A 2015-1000. sz\u00e1m\u00fa rendelet \u00e9rtelm\u00e9ben 2015 \u00f3ta az iskolaigazgat\u00f3k k\u00f6telesek ellen\u0151rizni a belt\u00e9ri leveg\u0151 min\u0151s\u00e9g\u00e9t.   <\/p>\n\n<p><\/p>\n\n<p>K\u00f6telez\u0151 a <strong>szennyez\u0151 anyagok<\/strong>, p\u00e9ld\u00e1ul a C02, a formaldehid, a perkl\u00f3r-etil\u00e9n \u00e9s a benzol <strong>koncentr\u00e1ci\u00f3j\u00e1nak<\/strong> nyomon k\u00f6vet\u00e9se \u00e9s az <strong>enged\u00e9lyezett hat\u00e1r\u00e9rt\u00e9kek t\u00fall\u00e9p\u00e9s\u00e9nek megakad\u00e1lyoz\u00e1sa<\/strong> a l\u00e9tes\u00edtm\u00e9nyekben.<\/p>\n\n<p>CO2-\u00e9rz\u00e9kel\u0151k, oszt\u00e1lytermi leveg\u0151elemz\u0151 k\u00e9sz\u00fcl\u00e9kek CO2-k\u00fcsz\u00f6b\u00e9rt\u00e9kek t\u00fall\u00e9p\u00e9sekor figyelmeztet\u0151 jelz\u00e9ssel&#8230; A professzion\u00e1lis l\u00e9gtiszt\u00edt\u00f3k mellett az \u00d6n ig\u00e9nyeinek megfelel\u0151 fel\u00fcgyeleti berendez\u00e9seket is k\u00edn\u00e1lunk.<\/p>\n\n<h3 class=\"wp-block-heading\">Kovid, v\u00edrusok, finom r\u00e9szecsk\u00e9k, szennyez\u00e9s&#8230; melyik l\u00e9gtiszt\u00edt\u00f3 a legjobb az oszt\u00e1lytermek \u00e9s k\u00f6z\u00f6ss\u00e9gi terek sz\u00e1m\u00e1ra?  <\/h3>\n\n<p>A berendez\u00e9s hat\u00e9konys\u00e1g\u00e1nak biztos\u00edt\u00e1sa \u00e9rdek\u00e9ben javasoljuk, hogy<strong>olyan HEPA sz\u0171r\u0151rendszerrel rendelkez\u0151 l\u00e9gtiszt\u00edt\u00f3t v\u00e1lasszon<\/strong>, amely k\u00e9pes a v\u00edrusok, bakt\u00e9riumok, pollenek \u00e9s<a href=\"https:\/\/obera.fr\/conseils\/filtre-hepa-et-purificateur-d-air\/\"> finom r\u00e9szecsk\u00e9k ak\u00e1r 99,995%-\u00e1t is elkapni (HEPA 14 sz\u0171r\u0151)<\/a>. Ezek a sz\u0171r\u0151k k\u00e9pesek a 0,3 mikronos vagy ann\u00e1l nagyobb m\u00e9ret\u0171 lebeg\u0151 r\u00e9szecsk\u00e9k \u00f6sszegy\u0171jt\u00e9s\u00e9re. <\/p>\n\n<p><\/p>\n\n<p>Az is l\u00e9nyeges, hogy ellen\u0151rizze a k\u00e9sz\u00fcl\u00e9k lefedetts\u00e9gi kapacit\u00e1s\u00e1t, hogy az <strong>eg\u00e9sz oszt\u00e1lyteremben<\/strong> folyamatosan <strong>keringetni<\/strong> tudja <strong>a leveg\u0151t<\/strong>. A <strong>di\u00e1kok \u00e9s a tan\u00e1rok k\u00e9nyelme \u00e9rdek\u00e9ben egyar\u00e1nt<\/strong> gy\u0151z\u0151dj\u00f6n meg arr\u00f3l, hogy a berendez\u00e9s csendes. <\/p>\n\n<p><\/p>\n\n<p class=\"has-text-align-center\"><em>Tudtad? Minden l\u00e9gtiszt\u00edt\u00f3nk plug &amp; play: egyszer\u0171en csatlakoztassa a h\u00e1ztart\u00e1si konnektorba, amikor megkapja, \u00e9s m\u00e1ris m\u0171k\u00f6dni kezd. Ami az elhelyez\u00e9st illeti, a <strong>l\u00e9gtiszt\u00edt\u00f3t ide\u00e1lis esetben a t\u00e1bla el\u00e9 <\/strong>vagy az oszt\u00e1lyterem h\u00e1ts\u00f3 r\u00e9sz\u00e9be (k\u00f6z\u00e9pre) <strong>kell helyezni <\/strong>, hogy a lehet\u0151 legt\u00f6bb szennyez\u0151 anyagot felfogja. A termeket tov\u00e1bbra is c\u00e9lszer\u0171 szell\u0151ztetni, k\u00fcl\u00f6n\u00f6sen a sz\u00fcnetekben. Az OberA l\u00e9gtiszt\u00edt\u00f3 sz\u0171r\u00e9si teljes\u00edtm\u00e9nye semmilyen m\u00f3don nem cs\u00f6kken.    <\/em><\/p>\n\n<h2 class=\"wp-block-heading\">OberA v\u00edrusirt\u00f3 l\u00e9gtiszt\u00edt\u00f3k HEPA sz\u0171r\u0151vel: a v\u00edrusok \u00e9s bakt\u00e9riumok 99,995%-\u00e1t kezeli az oszt\u00e1lytermekben.<\/h2>\n\n<p>A HEPA-sz\u0171r\u0151ket <strong>\u00fagy tervezt\u00e9k, hogy a legkisebb r\u00e9szecsk\u00e9ket<\/strong>, k\u00f6zt\u00fck a v\u00edrusokat \u00e9s bakt\u00e9riumokat is <strong>felfogj\u00e1k<\/strong>. Ugyanolyan n\u00e9pszer\u0171ek az oktat\u00e1si int\u00e9zm\u00e9nyekben, mint a tiszta helyis\u00e9gekben \u00e9s az orvosi laborat\u00f3riumokban. Akt\u00edvszenes l\u00e9gtiszt\u00edt\u00f3inkat m\u00e1s sz\u0171r\u00e9si szintekkel eg\u00e9sz\u00edtj\u00fck ki, p\u00e9ld\u00e1ul r\u00e9szecskesz\u0171r\u0151vel, hogy minden m\u00e9ret\u0171 szennyez\u0151 anyagot kezelni tudjunk.  <\/p>\n\n<p><\/p>\n\n<p>T\u00f6bbf\u00e9le HEPA-sz\u0171r\u0151vel ell\u00e1tott k\u00e9sz\u00fcl\u00e9kcsal\u00e1dot k\u00edn\u00e1lunk iskolai folyamatos haszn\u00e1latra:<\/p>\n\n<div class=\"wp-block-columns is-layout-flex wp-container-core-columns-is-layout-28f84493 wp-block-columns-is-layout-flex\">\n<div class=\"wp-block-column is-layout-flow wp-block-column-is-layout-flow\" style=\"flex-basis:33.34%\">\n<figure class=\"wp-block-image aligncenter size-full is-resized\"><a href=\"https:\/\/obera.fr\/produits\/purificateurs-air\/poussieres-epur-b01-ecoprime\/\"><img decoding=\"async\" width=\"433\" height=\"433\" src=\"https:\/\/obera.fr\/wp-content\/uploads\/2020\/09\/epur-b01-ecoprime.jpg\" alt=\"Ober&#xE1; - L&#xE9;gtiszt&#xED;t&#xF3;\" class=\"wp-image-1008\" style=\"width:250px\" srcset=\"https:\/\/obera.fr\/wp-content\/uploads\/2020\/09\/epur-b01-ecoprime.jpg 433w, https:\/\/obera.fr\/wp-content\/uploads\/2020\/09\/epur-b01-ecoprime-300x300.jpg 300w, https:\/\/obera.fr\/wp-content\/uploads\/2020\/09\/epur-b01-ecoprime-150x150.jpg 150w\" sizes=\"(max-width: 433px) 100vw, 433px\" \/><\/a><figcaption class=\"wp-element-caption\"><a href=\"https:\/\/obera.fr\/hu\/produits\/purificateurs-air\/poussieres-epur-b01-ecoprime\/\">EPUR B01 EcoPrime<\/a><\/figcaption><\/figure>\n\n\n\n<ul class=\"wp-block-list\">\n<li>Kompakt \u00e9s csendes;<\/li>\n\n\n\n<li>V\u00edrusok, bakt\u00e9riumok, por \u00e9s aeroszolok kezel\u00e9se;<\/li>\n\n\n\n<li>Ide\u00e1lis kis tantermek (20-60 m2) tiszt\u00edt\u00e1s\u00e1ra;<\/li>\n\n\n\n<li>99,53%-os hat\u00e9konys\u00e1ggal kezeli a v\u00edrusokat \u00e9s bakt\u00e9riumokat.<\/li>\n<\/ul>\n<\/div>\n\n\n\n<div class=\"wp-block-column is-layout-flow wp-block-column-is-layout-flow\" style=\"flex-basis:33.34%\">\n<figure class=\"wp-block-image aligncenter size-full is-resized\"><a href=\"https:\/\/obera.fr\/produits\/purificateurs-air\/anti-covid-virus-bacteries\/epur05\/\"><img decoding=\"async\" width=\"600\" height=\"600\" src=\"https:\/\/obera.fr\/wp-content\/uploads\/2021\/05\/Sans-titre-17.jpg\" alt=\"epur05\" class=\"wp-image-5552\" style=\"width:250px\" srcset=\"https:\/\/obera.fr\/wp-content\/uploads\/2021\/05\/Sans-titre-17.jpg 600w, https:\/\/obera.fr\/wp-content\/uploads\/2021\/05\/Sans-titre-17-300x300.jpg 300w, https:\/\/obera.fr\/wp-content\/uploads\/2021\/05\/Sans-titre-17-150x150.jpg 150w\" sizes=\"(max-width: 600px) 100vw, 600px\" \/><\/a><figcaption class=\"wp-element-caption\"><a href=\"https:\/\/obera.fr\/produits\/purificateurs-air\/anti-covid-virus-bacteries\/epur05\/\">EPUR 05<\/a><\/figcaption><\/figure>\n\n\n\n<ul class=\"wp-block-list\">\n<li>Diszkr\u00e9t kialak\u00edt\u00e1s;<\/li>\n\n\n\n<li>V\u00edrusok, bakt\u00e9riumok, finom por, CMR (vegyi anyagok) \u00e9s aeroszolok kezel\u00e9se;<\/li>\n\n\n\n<li>Szoba 100 m2-ig;<\/li>\n\n\n\n<li>99,9%-os hat\u00e9konys\u00e1ggal kezeli a v\u00edrusokat \u00e9s bakt\u00e9riumokat.<\/li>\n<\/ul>\n<\/div>\n\n\n\n<div class=\"wp-block-column is-layout-flow wp-block-column-is-layout-flow\" style=\"flex-basis:33.33%\">\n<figure class=\"wp-block-image aligncenter size-full is-resized\"><a href=\"https:\/\/obera.fr\/produits\/purificateurs-air\/anti-covid-virus-bacteries\/virbox\/\"><img decoding=\"async\" width=\"547\" height=\"688\" src=\"https:\/\/obera.fr\/wp-content\/uploads\/2021\/04\/Virbox-1-et-2.png\" alt=\"virbox 1 &#xE9;s 2\" class=\"wp-image-5271\" style=\"width:198px;height:auto\" srcset=\"https:\/\/obera.fr\/wp-content\/uploads\/2021\/04\/Virbox-1-et-2.png 547w, https:\/\/obera.fr\/wp-content\/uploads\/2021\/04\/Virbox-1-et-2-239x300.png 239w\" sizes=\"(max-width: 547px) 100vw, 547px\" \/><\/a><figcaption class=\"wp-element-caption\"><a href=\"https:\/\/obera.fr\/produits\/purificateurs-air\/anti-covid-virus-bacteries\/virbox\/\">VIRBOX 750<\/a><\/figcaption><\/figure>\n\n\n\n<ul class=\"wp-block-list\">\n<li>Rugalmas \u00e9s csendes, opcion\u00e1lis C02-\u00e9rz\u00e9kel\u0151 ;<\/li>\n\n\n\n<li>V\u00edrusok, bakt\u00e9riumok, por ;<\/li>\n\n\n\n<li>200m2-ig kezelt fel\u00fclet;<\/li>\n\n\n\n<li>A v\u00edrusok \u00e9s bakt\u00e9riumok 99,995%-a elt\u00e1vol\u00edtva.<\/li>\n<\/ul>\n<\/div>\n<\/div>\n\n<p><\/p>\n","protected":false},"excerpt":{"rendered":"<p>Az OberA l\u00e9gtiszt\u00edt\u00f3 k\u00e9sz\u00fcl\u00e9kek az olyan int\u00e9zm\u00e9nyek leveg\u0151min\u0151s\u00e9g\u00e9nek jav\u00edt\u00e1s\u00e1ra szolg\u00e1lnak, mint a b\u00f6lcs\u0151d\u00e9k, \u00f3vod\u00e1k, iskol\u00e1k, f\u0151iskol\u00e1k \u00e9s l\u00edceumok. A gyermekek \u00e9s a szem\u00e9lyzet eg\u00e9szs\u00e9g\u00e9nek v\u00e9delme \u00e9rdek\u00e9ben a sz\u0171r\u0151rendszerek \u00fagy vannak kialak\u00edtva, hogy kisz\u0171rj\u00e9k \u00e9s elt\u00e1vol\u00edts\u00e1k a port, a v\u00edrusokat, a bakt\u00e9riumokat, a polleneket, a k\u00e9miai r\u00e9szecsk\u00e9ket \u00e9s a k\u00fcls\u0151 szennyez\u0151d\u00e9seket. <\/p>\n","protected":false},"author":13,"featured_media":0,"comment_status":"open","ping_status":"closed","sticky":false,"template":"","format":"standard","meta":{"_acf_changed":false,"_seopress_robots_primary_cat":"none","_seopress_titles_title":"Nagy teljes\u00edtm\u00e9ny\u0171 l\u00e9gtiszt\u00edt\u00f3k f\u0151iskol\u00e1k sz\u00e1m\u00e1ra I OberA","_seopress_titles_desc":"Jav\u00edtsa a belt\u00e9ri leveg\u0151 min\u0151s\u00e9g\u00e9t, \u00e9s cs\u00f6kkentse a fert\u0151z\u00e9sek, az allergia \u00e9s az asztma kock\u00e1zat\u00e1t az iskol\u00e1ban.","_seopress_robots_index":"","footnotes":""},"categories":[314],"tags":[323],"class_list":["post-81259","post","type-post","status-publish","format-standard","hentry","category-a-mi-tanacsunk","tag-entete-kicsi","generate-columns","tablet-grid-50","mobile-grid-100","grid-parent","grid-50","no-featured-image-padding"],"acf":[],"_links":{"self":[{"href":"https:\/\/obera.fr\/hu\/wp-json\/wp\/v2\/posts\/81259","targetHints":{"allow":["GET"]}}],"collection":[{"href":"https:\/\/obera.fr\/hu\/wp-json\/wp\/v2\/posts"}],"about":[{"href":"https:\/\/obera.fr\/hu\/wp-json\/wp\/v2\/types\/post"}],"author":[{"embeddable":true,"href":"https:\/\/obera.fr\/hu\/wp-json\/wp\/v2\/users\/13"}],"replies":[{"embeddable":true,"href":"https:\/\/obera.fr\/hu\/wp-json\/wp\/v2\/comments?post=81259"}],"version-history":[{"count":1,"href":"https:\/\/obera.fr\/hu\/wp-json\/wp\/v2\/posts\/81259\/revisions"}],"predecessor-version":[{"id":81284,"href":"https:\/\/obera.fr\/hu\/wp-json\/wp\/v2\/posts\/81259\/revisions\/81284"}],"wp:attachment":[{"href":"https:\/\/obera.fr\/hu\/wp-json\/wp\/v2\/media?parent=81259"}],"wp:term":[{"taxonomy":"category","embeddable":true,"href":"https:\/\/obera.fr\/hu\/wp-json\/wp\/v2\/categories?post=81259"},{"taxonomy":"post_tag","embeddable":true,"href":"https:\/\/obera.fr\/hu\/wp-json\/wp\/v2\/tags?post=81259"}],"curies":[{"name":"wp","href":"https:\/\/api.w.org\/{rel}","templated":true}]}}