{"id":81423,"date":"2024-09-06T11:35:17","date_gmt":"2024-09-06T09:35:17","guid":{"rendered":"https:\/\/obera.fr\/a-mi-tanacsunk\/transformation-adiabatique-reversible\/"},"modified":"2025-12-08T13:23:21","modified_gmt":"2025-12-08T11:23:21","slug":"transformation-adiabatique-reversible","status":"publish","type":"post","link":"https:\/\/obera.fr\/hu\/a-mi-tanacsunk\/transformation-adiabatique-reversible\/","title":{"rendered":"Mi a reverzibilis adiabatikus \u00e1talakul\u00e1s?"},"content":{"rendered":"\n<p>A <strong>reverzibilis<\/strong> <strong>adiabatikus folyamat<\/strong> egy idealiz\u00e1lt termodinamikai folyamat, amely k\u00f6zponti szerepet j\u00e1tszik az energetikai rendszerek elemz\u00e9s\u00e9ben. A k\u00fclvil\u00e1ggal val\u00f3 h\u0151\u00e1tad\u00e1s kiz\u00e1r\u00e1s\u00e1val ez az \u00e1talakul\u00e1s kiz\u00e1r\u00f3lag a termodinamika t\u00f6rv\u00e9nyei \u00e9s az \u00e1llapotegyenletek szerint zajlik. K\u00fcl\u00f6n\u00f6sen j\u00f3l le\u00edrhat\u00f3 \u00e9s alkalmazhat\u00f3 ide\u00e1lis g\u00e1zok eset\u00e9ben. Melyek ennek az adiabatikus folyamatnak a megk\u00fcl\u00f6nb\u00f6ztet\u0151 jellemz\u0151i? Milyen matematikai egyenletek hat\u00e1rozz\u00e1k meg a viselked\u00e9s\u00e9t? \u00c9s melyek az <strong>adiabatikus reverzibilit\u00e1snak<\/strong> a konkr\u00e9t alkalmaz\u00e1sai a termikus rendszerekben \u00e9s motorokban?<\/p>\n\n<h2 class=\"wp-block-heading\">Meghat\u00e1roz\u00e1s \u00e9s alapelvek<\/h2>\n\n<figure class=\"wp-block-image alignright size-full is-resized\"><img decoding=\"async\" width=\"760\" height=\"647\" src=\"https:\/\/obera.fr\/wp-content\/uploads\/2024\/09\/thermodynamique.png\" alt=\"H&#x151;m&#xE9;r&#x151;, ahol az egyik ny&#xED;l felfel&#xE9;, a m&#xE1;sik lefel&#xE9; mutat\" class=\"wp-image-33976\" style=\"width:329px;height:auto\" srcset=\"https:\/\/obera.fr\/wp-content\/uploads\/2024\/09\/thermodynamique.png 760w, https:\/\/obera.fr\/wp-content\/uploads\/2024\/09\/thermodynamique-300x255.png 300w\" sizes=\"(max-width: 760px) 100vw, 760px\" \/><\/figure>\n\n<h3 class=\"wp-block-heading\">Mi az adiabatikus \u00e1talakul\u00e1s?  <\/h3>\n\n<h4 class=\"wp-block-heading\">Meghat\u00e1roz\u00e1s  <\/h4>\n\n<p>Az <strong>adiabatikus folyamat<\/strong> egy olyan termodinamikai folyamat, amelyben nincs h\u0151\u00e1tad\u00e1s a k\u00f6rnyezettel, azaz Q=0, ahol Q a k\u00fcls\u0151vel kicser\u00e9lt h\u0151mennyis\u00e9get jel\u00f6li. Ennek k\u00f6vetkezt\u00e9ben a termodinamika els\u0151 f\u0151t\u00e9tel\u00e9nek egyenlete egyszer\u0171s\u00f6dik, \u00e9s U=W form\u00e1ban fejezhet\u0151 ki, ahol U a bels\u0151 energia v\u00e1ltoz\u00e1sa, \u00e9s W az <a href=\"https:\/\/obera.fr\/hu\/a-mi-tanacsunk\/le-principe-de-fonctionnement-du-refroidissement-adiabatique-air-eau-evaporation\/\">adiabatikus folyamat<\/a> sor\u00e1n v\u00e9gzett munka.<\/p>\n\n<h4 class=\"wp-block-heading\">Az adiabatikus \u00e1talakul\u00e1s jellemz\u0151i<\/h4>\n\n<p>A rendszer bels\u0151 energi\u00e1ja csak a rendszerben vagy a rendszer \u00e1ltal v\u00e9gzett munka f\u00fcggv\u00e9ny\u00e9ben v\u00e1ltozik, \u00e9s nem t\u00f6rt\u00e9nik h\u0151csere a k\u00fclvil\u00e1ggal.  <\/p>\n\n<p>Az<strong> adiabatikus \u00e1talakul\u00e1s lehet reverzibilis,<\/strong> amikor a folyamat ide\u00e1lis m\u00f3don, energia disszip\u00e1ci\u00f3 n\u00e9lk\u00fcl zajlik, vagy irreverzibilis, amikor olyan jelens\u00e9gek, mint a s\u00farl\u00f3d\u00e1s, turbulencia vagy m\u00e1s disszip\u00e1ci\u00f3 jelenl\u00e9t\u00e9ben.<\/p>\n\n<h3 class=\"wp-block-heading\">Mi a reverzibilis adiabatikus \u00e1talakul\u00e1s?<\/h3>\n\n<h4 class=\"wp-block-heading\">Meghat\u00e1roz\u00e1s<\/h4>\n\n<p>A <strong>reverzibilis adiabatikus folyamat<\/strong> egy olyan termodinamikai folyamat, amelyben egy rendszer h\u0151csere n\u00e9lk\u00fcl fejl\u0151dik a k\u00f6rnyezet\u00e9vel (adiabatikus), \u00e9s ahol a folyamat minden l\u00e9p\u00e9se t\u00f6k\u00e9letesen megford\u00edthat\u00f3. M\u00e1s sz\u00f3val, a rendszer visszat\u00e9rhet eredeti \u00e1llapot\u00e1ba an\u00e9lk\u00fcl, hogy maradand\u00f3 v\u00e1ltoz\u00e1sokat hagyna maga a rendszerben vagy a k\u00f6rnyezet\u00e9ben. Ez azt jelenti, hogy ha a folyamat megfordul, a rendszer \u00e9s a k\u00f6rnyezete pontosan visszanyeri kor\u00e1bbi \u00e1llapot\u00e1t, energiavesztes\u00e9g vagy visszaford\u00edthatatlan v\u00e1ltoz\u00e1s n\u00e9lk\u00fcl.<\/p>\n\n<h4 class=\"wp-block-heading\">A reverzibilis adiabatikus \u00e1talakul\u00e1s jellemz\u0151i<\/h4>\n\n<p>Az energia megmarad\u00e1s\u00e1nak t\u00f6rv\u00e9nye: a rendszer bels\u0151 energi\u00e1ja kiz\u00e1r\u00f3lag a rendszerben vagy a rendszer \u00e1ltal v\u00e9gzett munka f\u00fcggv\u00e9ny\u00e9ben v\u00e1ltozik, a k\u00fclvil\u00e1ggal nem t\u00f6rt\u00e9nik h\u0151csere.<\/p>\n\n<ul class=\"wp-block-list\">\n<li><strong>Kv\u00e1zisztatikus folyamat<\/strong>: az \u00e1talakul\u00e1s lassan megy v\u00e9gbe, lehet\u0151v\u00e9 t\u00e9ve a rendszer sz\u00e1m\u00e1ra, hogy egym\u00e1st k\u00f6vet\u0151 egyens\u00falyi \u00e1llapotokon menjen kereszt\u00fcl. Ez ink\u00e1bb v\u00e9gtelen\u00fcl kicsi m\u0171veletek sorozata, mint hirtelen \u00e9s durva \u00e1talakul\u00e1s. <\/li>\n\n\n\n<li><strong>Termodinamikai egyens\u00faly<\/strong>: a folyamat sor\u00e1n a rendszer termodinamikai egyens\u00falyban marad. Folyamatoss\u00e1g van az intenz\u00edv mennyis\u00e9gek k\u00f6z\u00f6tt, mint p\u00e9ld\u00e1ul a nyom\u00e1s \u00e9s a h\u0151m\u00e9rs\u00e9klet, biztos\u00edtva, hogy a rendszer bels\u0151 \u00e9s k\u00fcls\u0151 egyens\u00falyban legyen az eg\u00e9sz \u00e1talakul\u00e1s sor\u00e1n.<\/li>\n\n\n\n<li><strong>Izentropikus folyamat<\/strong>: reverzibilis jellege \u00e9s a disszipat\u00edv jelens\u00e9gek hi\u00e1nya miatt a folyamatot izentropikusnak nevezik. Ez azt jelenti, hogy nincs entr\u00f3pia termel\u00e9s, \u00e9s a rendszer teljes entr\u00f3pi\u00e1ja v\u00e1ltozatlan marad az \u00e1talakul\u00e1s sor\u00e1n, azaz S=0.<\/li>\n<\/ul>\n\n<h2 class=\"wp-block-heading\">A reverzibilis adiabatikus \u00e1talakul\u00e1s vonatkoz\u00f3 egyenletei<\/h2>\n\n<h3 class=\"wp-block-heading\">\u00c1ltal\u00e1nos kapcsolatok<\/h3>\n\n<p>Egy <strong>reverzibilis adiabatikus \u00e1talakul\u00e1s<\/strong> eset\u00e9n :<\/p>\n\n<p>Nincs h\u0151\u00e1tad\u00e1s: dQ=0<\/p>\n\n<p>Az entr\u00f3pia v\u00e1ltoz\u00e1sa nulla: dS=0<\/p>\n\n<p>A termodinamika els\u0151 t\u00f6rv\u00e9ny\u00e9nek egyenlete a reverzibilis <a href=\"https:\/\/obera.fr\/hu\/a-mi-tanacsunk\/comprendre-systeme-adiabatique-fonctionnement-applications\/\">adiabatikus<\/a> \u00e1talakul\u00e1sra a k\u00f6vetkez\u0151: dU = -PdV<\/p>\n\n<p>  a :<\/p>\n\n<ul class=\"wp-block-list\">\n<li>U a bels\u0151 energia ;<\/li>\n\n\n\n<li>P a nyom\u00e1s ;<\/li>\n\n\n\n<li>Q a h\u0151cser\u00e9t jelenti;<\/li>\n\n\n\n<li>S az entr\u00f3pia ;<\/li>\n\n\n\n<li>V a t\u00e9rfogat.<\/li>\n<\/ul>\n\n<h3 class=\"wp-block-heading\">T\u00f6k\u00e9letes g\u00e1zok<\/h3>\n\n<p>Egy <strong>reverzibilis adiabatikus \u00e1talakul\u00e1son<\/strong> \u00e1tes\u0151 t\u00f6k\u00e9letes g\u00e1z eset\u00e9ben a bels\u0151 energia v\u00e1ltoz\u00e1sa a k\u00f6vetkez\u0151k\u00e9ppen fejezhet\u0151 ki: dU = Cv dT<\/p>\n\n<p>a :<\/p>\n\n<ul class=\"wp-block-list\">\n<li>Cv a h\u0151kapacit\u00e1s \u00e1lland\u00f3 t\u00e9rfogat mellett ;<\/li>\n\n\n\n<li>dT a h\u0151m\u00e9rs\u00e9klet-v\u00e1ltoz\u00e1s.<\/li>\n<\/ul>\n\n<p>A termodinamika els\u0151 t\u00f6rv\u00e9nye teh\u00e1t : Cv dT = -P dV<\/p>\n\n<h3 class=\"wp-block-heading\">Laplace-egyenletek<\/h3>\n\n<p>A Laplace-egyenletek egy t\u00f6k\u00e9letes g\u00e1z nyom\u00e1s\u00e1t, t\u00e9rfogat\u00e1t \u00e9s h\u0151m\u00e9rs\u00e9klet\u00e9t hat\u00e1rozz\u00e1k meg egy <strong>reverzibilis adiabatikus \u00e1talakul\u00e1s <\/strong>sor\u00e1n <strong>. <\/strong>Ezeket a k\u00f6vetkez\u0151k\u00e9ppen fejezik ki:<\/p>\n\n<p class=\"has-text-align-center\">PV = \u00e1lland\u00f3<\/p>\n\n<p class=\"has-text-align-center\">TV-1 = \u00e1lland\u00f3<\/p>\n\n<p class=\"has-text-align-center\">TP(1-\/) = \u00e1lland\u00f3<\/p>\n\n<p>A (gamma, m\u00e1s n\u00e9ven adiabatikus index vagy Laplace-egy\u00fctthat\u00f3), amely a h\u0151kapacit\u00e1sok ar\u00e1nya, a k\u00f6vetkez\u0151 meghat\u00e1roz\u00e1ssal: = CpCv.<\/p>\n\n<p>a :<\/p>\n\n<ul class=\"wp-block-list\">\n<li>Cv a h\u0151kapacit\u00e1s \u00e1lland\u00f3 t\u00e9rfogat mellett ;<\/li>\n\n\n\n<li>Cp a h\u0151kapacit\u00e1s \u00e1lland\u00f3 nyom\u00e1son.<\/li>\n<\/ul>\n\n<h3 class=\"wp-block-heading\">A munka kifejez\u00e9se <strong>reverzibilis adiabatikus<\/strong> k\u00f6r\u00fclm\u00e9nyek k\u00f6z\u00f6tt<\/h3>\n\n<p>Amikor a g\u00e1z t\u00e1gul, azaz amikor a t\u00e9rfogata n\u00f6vekszik (Vf&gt;Vi), munk\u00e1t v\u00e9gez a k\u00fcls\u0151n. Ebben az esetben a munka pozit\u00edvnak tekintend\u0151, mert a g\u00e1z \u201eenergi\u00e1t ad\u201d a k\u00f6rnyezet\u00e9nek. A g\u00e1z \u00e1ltal ezen t\u00e1gul\u00e1s sor\u00e1n v\u00e9gzett munka kifejez\u00e9se a k\u00f6vetkez\u0151:<\/p>\n\n<p class=\"has-text-align-center\">W= PiVi-PfVf-1<\/p>\n\n<p>ahol :<\/p>\n\n<ul class=\"wp-block-list\">\n<li>Pi \u00e9s Vi a kezdeti nyom\u00e1s \u00e9s t\u00e9rfogat;<\/li>\n\n\n\n<li>Pf \u00e9s Vf a v\u00e9gs\u0151 nyom\u00e1s \u00e9s t\u00e9rfogat.<\/li>\n<\/ul>\n\n<p>Ezzel szemben, ha a g\u00e1zt \u00f6sszenyomjuk (t\u00e9rfogata cs\u00f6kken, Vf<vi un=\"\" travail=\"\" est=\"\" effectu=\"\" sur=\"\" le=\"\" gaz=\"\" par=\"\" l=\"\" toujours=\"\" consid=\"\" comme=\"\" positif=\"\" dans=\"\" ce=\"\" cas=\"\" car=\"\" de=\"\" au=\"\" pour=\"\" comprimer.=\"\" du=\"\" devient=\"\" :=\"\"><\/vi><\/p>\n\n<p class=\"has-text-align-center\">W= PfVf-PiVi-1<\/p>\n\n<h2 class=\"wp-block-heading\">Alkalmaz\u00e1si p\u00e9ld\u00e1k  <\/h2>\n\n<p>A <strong>reverzibilis adiabatikus folyamat<\/strong> egyenletei minden\u00fctt jelen vannak olyan ter\u00fcleteken, mint az energia, a g\u00e1zmechanika, a m\u00e9rn\u00f6ki tudom\u00e1nyok, valamint a l\u00e9gk\u00f6ri \u00e9s asztrofizikai tudom\u00e1nyok. Kulcsfontoss\u00e1g\u00fa szerepet j\u00e1tszanak ezekben a tudom\u00e1ny\u00e1gakban, k\u00fcl\u00f6n\u00f6sen a termodinamikai rendszerekben, ahol az energia\u00e1tad\u00e1sok optimaliz\u00e1l\u00e1s\u00e1ra t\u00f6rekednek. A g\u00e1zok t\u00e1gul\u00e1si vagy kompresszi\u00f3s folyamatainak modellez\u00e9s\u00e9re \u00e9s elemz\u00e9s\u00e9re haszn\u00e1lva, h\u0151csere n\u00e9lk\u00fcl a k\u00f6rnyezettel, ezek a folyamatok alapvet\u0151ek sz\u00e1mos rendszer meg\u00e9rt\u00e9s\u00e9hez \u00e9s optimaliz\u00e1l\u00e1s\u00e1hoz. \u00cdme n\u00e9h\u00e1ny gyakorlati alkalmaz\u00e1si p\u00e9lda, ahol a <strong>reverzibilis adiabatikus folyamatok<\/strong> alapvet\u0151ek:<\/p>\n\n<h3 class=\"wp-block-heading\">Termodinamikai ciklusok  <\/h3>\n\n<p>A Carnot-ciklus, egy elm\u00e9leti modell h\u0151motorokhoz, <strong>reverzibilis adiabatikus f\u00e1zisokat<\/strong> tartalmaz a hat\u00e9konys\u00e1g maximaliz\u00e1l\u00e1sa \u00e9rdek\u00e9ben. Ez az ide\u00e1lis ciklus k\u00e9t <strong>reverzibilis adiabatikus folyamatb\u00f3l<\/strong> (t\u00e1gul\u00e1s \u00e9s kompresszi\u00f3) \u00e9s k\u00e9t izoterm folyamatb\u00f3l (\u00e1lland\u00f3 h\u0151m\u00e9rs\u00e9kleten) \u00e1ll.<\/p>\n\n<h3 class=\"wp-block-heading\">Kompresszorok \u00e9s turbin\u00e1k<\/h3>\n\n<p>G\u00e1zkompresszorokban \u00e9s turbin\u00e1kban a g\u00e1zok kompresszi\u00f3ja \u00e9s t\u00e1gul\u00e1sa gyakran <strong>reverzibilis adiabatikus folyamatokk\u00e9nt<\/strong> modellezhet\u0151k. Ez lehet\u0151v\u00e9 teszi a hat\u00e9konys\u00e1g maximaliz\u00e1l\u00e1s\u00e1t a h\u0151 form\u00e1j\u00e1ban fell\u00e9p\u0151 energiavesztes\u00e9gek minimaliz\u00e1l\u00e1s\u00e1val.<\/p>\n\n<h3 class=\"wp-block-heading\">H\u0171t\u0151szekr\u00e9nyek \u00e9s h\u0151szivatty\u00fak<\/h3>\n\n<p>A h\u0171t\u0151ciklusok \u00e9s h\u0151szivatty\u00fak <strong>reverzibilis adiabatikus folyamatokat<\/strong> haszn\u00e1lnak a h\u0171t\u0151k\u00f6zeg kompresszi\u00f3s \u00e9s expanzi\u00f3s f\u00e1zisaiban. Ezek a folyamatok lehet\u0151v\u00e9 teszik a h\u0151energia hat\u00e9kony \u00e1tvitel\u00e9t egyik helyr\u0151l a m\u00e1sikra, optimaliz\u00e1lva a rendszer energiahat\u00e9konys\u00e1g\u00e1t.<\/p>\n\n<h3 class=\"wp-block-heading\">Ipari folyamatok elemz\u00e9se<\/h3>\n\n<p>A m\u00e9rn\u00f6k\u00f6k <a href=\"https:\/\/obera.fr\/hu\/a-mi-tanacsunk\/rafraichisseur-adiabatique-industriel-guide-complet\/\">adiabatikus reverzibilit\u00e1st<\/a> haszn\u00e1lnak<strong> <\/strong>k\u00fcl\u00f6nb\u00f6z\u0151 ipari folyamatok elemz\u00e9s\u00e9re \u00e9s tervez\u00e9s\u00e9re, mint p\u00e9ld\u00e1ul a g\u00e1zok sz\u00e9tv\u00e1laszt\u00e1sa \u00e9s a folyad\u00e9kok kezel\u00e9se. Ezek a modellek lehet\u0151v\u00e9 teszik a teljes\u00edtm\u00e9ny optimaliz\u00e1l\u00e1s\u00e1t \u00e9s az energiak\u00f6lts\u00e9gek cs\u00f6kkent\u00e9s\u00e9t.<\/p>\n","protected":false},"excerpt":{"rendered":"<p>A reverzibilis adiabatikus \u00e1talakul\u00e1s egy idealiz\u00e1lt termodinamikai folyamat, amely k\u00f6zponti szerepet j\u00e1tszik az energiarendszerek elemz\u00e9s\u00e9ben. A k\u00fclvil\u00e1ggal val\u00f3 h\u0151\u00e1tad\u00e1s kiz\u00e1r\u00e1s\u00e1val ez az \u00e1talakul\u00e1s kiz\u00e1r\u00f3lag a termodinamika t\u00f6rv\u00e9nyei \u00e9s az \u00e1llapotegyenletek szerint zajlik.<\/p>\n","protected":false},"author":4,"featured_media":81221,"comment_status":"open","ping_status":"closed","sticky":false,"template":"","format":"standard","meta":{"_acf_changed":false,"_seopress_robots_primary_cat":"none","_seopress_titles_title":"Reverzibilis adiabatikus \u00e1talakul\u00e1s: defin\u00edci\u00f3 \u00e9s jelent\u0151s\u00e9ge","_seopress_titles_desc":"A reverzibilis adiabatikus \u00e1talakul\u00e1s egy idealiz\u00e1lt termodinamikai folyamat, amely k\u00f6zponti szerepet j\u00e1tszik az energiarendszerek elemz\u00e9s\u00e9ben.","_seopress_robots_index":"","footnotes":""},"categories":[314],"tags":[323],"class_list":["post-81423","post","type-post","status-publish","format-standard","has-post-thumbnail","hentry","category-a-mi-tanacsunk","tag-entete-kicsi","generate-columns","tablet-grid-50","mobile-grid-100","grid-parent","grid-50","no-featured-image-padding","resize-featured-image"],"acf":[],"_links":{"self":[{"href":"https:\/\/obera.fr\/hu\/wp-json\/wp\/v2\/posts\/81423","targetHints":{"allow":["GET"]}}],"collection":[{"href":"https:\/\/obera.fr\/hu\/wp-json\/wp\/v2\/posts"}],"about":[{"href":"https:\/\/obera.fr\/hu\/wp-json\/wp\/v2\/types\/post"}],"author":[{"embeddable":true,"href":"https:\/\/obera.fr\/hu\/wp-json\/wp\/v2\/users\/4"}],"replies":[{"embeddable":true,"href":"https:\/\/obera.fr\/hu\/wp-json\/wp\/v2\/comments?post=81423"}],"version-history":[{"count":3,"href":"https:\/\/obera.fr\/hu\/wp-json\/wp\/v2\/posts\/81423\/revisions"}],"predecessor-version":[{"id":135230,"href":"https:\/\/obera.fr\/hu\/wp-json\/wp\/v2\/posts\/81423\/revisions\/135230"}],"wp:featuredmedia":[{"embeddable":true,"href":"https:\/\/obera.fr\/hu\/wp-json\/wp\/v2\/media\/81221"}],"wp:attachment":[{"href":"https:\/\/obera.fr\/hu\/wp-json\/wp\/v2\/media?parent=81423"}],"wp:term":[{"taxonomy":"category","embeddable":true,"href":"https:\/\/obera.fr\/hu\/wp-json\/wp\/v2\/categories?post=81423"},{"taxonomy":"post_tag","embeddable":true,"href":"https:\/\/obera.fr\/hu\/wp-json\/wp\/v2\/tags?post=81423"}],"curies":[{"name":"wp","href":"https:\/\/api.w.org\/{rel}","templated":true}]}}