{"id":82273,"date":"2023-12-12T12:19:53","date_gmt":"2023-12-12T10:19:53","guid":{"rendered":"https:\/\/obera.fr\/a-mi-tanacsunk\/depoussiereur-fixe-mobile-central-local-quels-criteres\/"},"modified":"2025-12-07T15:05:27","modified_gmt":"2025-12-07T13:05:27","slug":"depoussiereur-fixe-mobile-central-local-quels-criteres","status":"publish","type":"post","link":"https:\/\/obera.fr\/hu\/a-mi-tanacsunk\/depoussiereur-fixe-mobile-central-local-quels-criteres\/","title":{"rendered":"Fix vagy mobil, k\u00f6zponti vagy helyi porlev\u00e1laszt\u00f3: milyen szempontok alapj\u00e1n v\u00e1lasszon?"},"content":{"rendered":"\n<figure class=\"wp-block-image alignright size-large is-resized\"><img decoding=\"async\" width=\"1024\" height=\"704\" src=\"https:\/\/obera.fr\/wp-content\/uploads\/2023\/12\/schema-particules-1024x704.jpg\" alt=\"R&#xC9;SZECSKE RENDSZER\" class=\"wp-image-26777\" style=\"width:353px;height:auto\" srcset=\"https:\/\/obera.fr\/wp-content\/uploads\/2023\/12\/schema-particules-1024x704.jpg 1024w, https:\/\/obera.fr\/wp-content\/uploads\/2023\/12\/schema-particules-300x206.jpg 300w, https:\/\/obera.fr\/wp-content\/uploads\/2023\/12\/schema-particules-768x528.jpg 768w, https:\/\/obera.fr\/wp-content\/uploads\/2023\/12\/schema-particules.jpg 1199w\" sizes=\"(max-width: 1024px) 100vw, 1024px\" \/><\/figure>\n\n<figure class=\"wp-block-image size-full is-resized\"><img decoding=\"async\" width=\"346\" height=\"80\" src=\"https:\/\/obera.fr\/wp-content\/uploads\/2023\/12\/capture-decran-2023-12-06-155242-1.png\" alt=\"2023 12 06 155242 1\" class=\"wp-image-26556\" style=\"width:164px;height:auto\" srcset=\"https:\/\/obera.fr\/wp-content\/uploads\/2023\/12\/capture-decran-2023-12-06-155242-1.png 346w, https:\/\/obera.fr\/wp-content\/uploads\/2023\/12\/capture-decran-2023-12-06-155242-1-300x69.png 300w\" sizes=\"(max-width: 346px) 100vw, 346px\" \/><\/figure>\n\n<p>Ha egy <strong>porlev\u00e1laszt\u00e1si technika<\/strong> kiv\u00e1laszt\u00e1s\u00e1t a kibocs\u00e1tott r\u00e9szecsk\u00e9k m\u00e9rete, fizikai-k\u00e9miai tulajdons\u00e1gaik, az oper\u00e1torokra \u00e9s a k\u00f6rnyezetre gyakorolt hat\u00e1suk vez\u00e9rli, akkor m\u00e1s krit\u00e9riumok is szerepet j\u00e1tszanak a <a href=\"https:\/\/obera.fr\/hu\/produits\/depoussiereurs-industriels\/\">fix vagy mobil porlev\u00e1laszt\u00f3<\/a>, a porlev\u00e1laszt\u00f3 rendszer k\u00f6zpontos\u00edt\u00e1sa vagy lokaliz\u00e1l\u00e1sa k\u00f6z\u00f6tti v\u00e1laszt\u00e1sban. Ezek a krit\u00e9riumok a termel\u00e9si k\u00f6rnyezett\u0151l f\u00fcggenek: az ipari szektor, a termel\u00e9si egys\u00e9g m\u00e9rete, \u00e9letciklus\u00e1nak pillanata, a termel\u00e9si folyamatok; a m\u0171k\u00f6d\u00e9s\u00e9t szab\u00e1lyoz\u00f3 jogi korl\u00e1tok, a k\u00f6lts\u00e9gvet\u00e9si korl\u00e1tok \u00e9s a befektet\u00e9si, valamint a <strong>porlev\u00e1laszt\u00e1s m\u0171k\u00f6d\u00e9si<\/strong> \u00e1raml\u00e1sai k\u00f6z\u00f6tti p\u00e9nz\u00fcgyi egyens\u00faly; stb. Minden eset egyedi. Sz\u00e1mos krit\u00e9rium l\u00e9tezik! Egy els\u0151 megk\u00f6zel\u00edt\u00e9s seg\u00edt tiszt\u00e1zni a helyzetet!<\/p>\n\n<p><\/p>\n\n<figure class=\"wp-block-image size-full is-resized\"><img decoding=\"async\" width=\"346\" height=\"80\" src=\"https:\/\/obera.fr\/wp-content\/uploads\/2023\/12\/capture-decran-2023-12-06-155242-1.png\" alt=\"2023 12 06 155242 1\" class=\"wp-image-26556\" style=\"width:164px;height:auto\" srcset=\"https:\/\/obera.fr\/wp-content\/uploads\/2023\/12\/capture-decran-2023-12-06-155242-1.png 346w, https:\/\/obera.fr\/wp-content\/uploads\/2023\/12\/capture-decran-2023-12-06-155242-1-300x69.png 300w\" sizes=\"(max-width: 346px) 100vw, 346px\" \/><\/figure>\n\n<h2 class=\"wp-block-heading\">A v\u00e1laszt\u00e1s kontextusa helyhez k\u00f6t\u00f6tt vagy mobil, k\u00f6zponti vagy helyi porelt\u00e1vol\u00edt\u00f3 rendszerben<\/h2>\n\n<p>Egy fix porlev\u00e1laszt\u00f3 k\u00f6zpont a <strong>termel\u00e9si egys\u00e9g \u00f6sszes munkahely\u00e9t<\/strong> \u00e9rinti. Nagy mennyis\u00e9g\u0171 poros leveg\u0151t fog kezelni, f\u00fcggetlen\u00fcl a kibocs\u00e1tott por koncentr\u00e1ci\u00f3j\u00e1t\u00f3l. <\/p>\n\n<p>Ezzel szemben a mobil porlev\u00e1laszt\u00f3ba val\u00f3 befektet\u00e9s a porlev\u00e1laszt\u00e1s lokaliz\u00e1l\u00e1s\u00e1nak keret\u00e9be illeszkedik. Feldolgoz\u00e1si kapacit\u00e1sa leggyakrabban a munkahelyre korl\u00e1toz\u00f3dik. A <strong>mobilit\u00e1sa lehet\u0151v\u00e9 teszi a kezelend\u0151 helysz\u00ednek sokf\u00e9les\u00e9g\u00e9t<\/strong>. <\/p>\n\n<p>M\u00e1s porlev\u00e1laszt\u00f3k k\u00f6ztes k\u00f6rnyezetekre adnak v\u00e1laszt. P\u00e9ld\u00e1ul egy <strong>lokaliz\u00e1lt fix porlev\u00e1laszt\u00f3<\/strong> egy munkahelyen megfelelhet egy kis szervezet \u00e1lland\u00f3 ig\u00e9nyeinek; vagy egy nagy termel\u00e9si egys\u00e9g kieg\u00e9sz\u00edt\u0151 ig\u00e9nyeinek, ami egy porlev\u00e1laszt\u00f3 k\u00f6zpont t\u00fal k\u00f6lts\u00e9ges fejleszt\u00e9s\u00e9t vonn\u00e1 maga ut\u00e1n. Egy mobil porlev\u00e1laszt\u00f3 egyidej\u0171leg t\u00f6bb munkahelyet is kiszolg\u00e1lhat egy \u00e9p\u00edtkez\u00e9s vagy egy kis termel\u00e9si egys\u00e9g keret\u00e9ben.<\/p>\n\n<p>Mivel sokf\u00e9le felhaszn\u00e1l\u00e1si eset l\u00e9tezik, a tov\u00e1bbiakban egy <strong>helyhez k\u00f6t\u00f6tt er\u0151m\u0171 \u00e9s egy mobil sz\u0171r\u0151<\/strong> krit\u00e9riumait fogjuk megvizsg\u00e1lni; a k\u00f6ztes kontextusokat nem vizsg\u00e1ljuk, mivel a krit\u00e9riumok nem jelleg\u00fckben, hanem m\u00e9rt\u00e9k\u00fckben k\u00fcl\u00f6nb\u00f6znek egym\u00e1st\u00f3l.<\/p>\n\n<h2 class=\"wp-block-heading\">A beruh\u00e1z\u00e1s m\u00e9rt\u00e9ke \u00e9s id\u0151tartama, beszerz\u00e9si folyamat  <\/h2>\n\n<p>Egy <strong>k\u00f6zpontos\u00edtott porlev\u00e1laszt\u00f3 rendszer beszerz\u00e9se<\/strong> jelent\u0151s id\u0151- \u00e9s p\u00e9nzbefektet\u00e9st ig\u00e9nyel. Megk\u00f6veteli a termel\u00e9si rendszer el\u0151zetes tanulm\u00e1nyoz\u00e1s\u00e1t, a porlev\u00e1laszt\u00f3 rendszer r\u00e9szletes tervez\u00e9s\u00e9t a termel\u00e9si rendszerbe val\u00f3 integr\u00e1l\u00e1s\u00e1hoz, gy\u00e1rt\u00e1s\u00e1t, majd telep\u00edt\u00e9s\u00e9t. Ez egy strat\u00e9giai befektet\u00e9s, amelyet az ipari eszk\u00f6z \u00e9letciklus\u00e1nak bizonyos f\u00e1zisaiban kell m\u00e9rlegelni: egy nagy, specializ\u00e1lt termel\u00e9si egys\u00e9g l\u00e9trehoz\u00e1sakor, b\u0151v\u00edt\u00e9sekor, a termel\u00e9si rendszer \u00fajratervez\u00e9sekor. <\/p>\n\n<p>A mobil porlev\u00e1laszt\u00f3ba val\u00f3 befektet\u00e9s sokkal alacsonyabbnak bizonyul. A <strong>beszerz\u00e9si k\u00f6lts\u00e9g nem tartalmazza az \u00e9p\u00fcleten v\u00e9gzett munk\u00e1latokat<\/strong>, sem a termel\u00e9skies\u00e9st, amely a telep\u00edt\u00e9s elv\u00e9gz\u00e9s\u00e9hez sz\u00fcks\u00e9ges ideiglenes le\u00e1ll\u00e1s miatt keletkezik. Az ipari v\u00e1llalat kevesebb id\u0151t ford\u00edt a beszerz\u00e9si folyamatra, amely deleg\u00e1lhat\u00f3 a m\u0171hely szintj\u00e9re. <\/p>\n\n<p>V\u00e9gs\u0151 soron a porlev\u00e1laszt\u00f3 megv\u00e1s\u00e1rl\u00e1s\u00e1t megel\u0151zheti b\u00e9rl\u00e9s, ami a befektet\u00e9s biztos\u00edt\u00e1s\u00e1ra szolg\u00e1l. Ezenk\u00edv\u00fcl a mobil berendez\u00e9sek b\u00e9rl\u00e9se ideiglenes ig\u00e9nyt is kiel\u00e9g\u00edthet (pl.: ideiglenes \u00e9p\u00edtkez\u00e9s, a <strong>termel\u00e9si rendszer<\/strong> egy elem\u00e9nek jav\u00edt\u00e1sa, amely <a href=\"https:\/\/obera.fr\/hu\/vegyszerek-petrolkemiai-termekek-parakemiai-termekek\/\">k\u00e1ros vagy robban\u00e1svesz\u00e9lyes r\u00e9szecsk\u00e9k<\/a> kibocs\u00e1t\u00e1s\u00e1t okozza, &#8230;) <\/p>\n\n<p>A mobil porlev\u00e1laszt\u00f3k beszerz\u00e9se a beruh\u00e1z\u00e1sok fokozatos \u00fctemez\u00e9s\u00e9be illeszkedik a termel\u00e9si rendszer m\u00f3dos\u00edt\u00e1sainak \u00fctem\u00e9ben. Ez a befektet\u00e9si strat\u00e9gia el\u0151re l\u00e1tja az ipari szektor v\u00e1ltoz\u00e1sait, a termel\u00e9si \u00e9s porlev\u00e1laszt\u00e1si technik\u00e1k leg\u00fajabb \u00e1ll\u00e1s\u00e1nak fejl\u0151d\u00e9s\u00e9t, a jogszab\u00e1lyi v\u00e1ltoz\u00e1sokat. Lehet\u0151v\u00e9 teszi, hogy egy <strong>k\u00f6zpontos\u00edtott porlev\u00e1laszt\u00f3 rendszer<\/strong> fejl\u0151d\u00e9se eset\u00e9n, amelyet a termel\u00e9si rendszer b\u0151v\u00edt\u00e9se korl\u00e1toz, meg\u0151rizz\u00e9k a kezdeti befektet\u00e9st, \u00e9s kieg\u00e9sz\u00edts\u00e9k azt mobil porlev\u00e1laszt\u00f3kba val\u00f3 befektet\u00e9ssel.<\/p>\n\n<h2 class=\"wp-block-heading\">A termel\u00e9si rendszer fejleszt\u00e9si kil\u00e1t\u00e1sai  <\/h2>\n\n<figure class=\"wp-block-image alignright size-large is-resized\"><img decoding=\"async\" width=\"576\" height=\"1024\" src=\"https:\/\/obera.fr\/wp-content\/uploads\/2023\/12\/dustomat-4.24-576x1024.jpg\" alt=\"dustomat 4.24\" class=\"wp-image-26784\" style=\"width:201px;height:auto\" srcset=\"https:\/\/obera.fr\/wp-content\/uploads\/2023\/12\/dustomat-4.24-576x1024.jpg 576w, https:\/\/obera.fr\/wp-content\/uploads\/2023\/12\/dustomat-4.24-169x300.jpg 169w, https:\/\/obera.fr\/wp-content\/uploads\/2023\/12\/dustomat-4.24-768x1365.jpg 768w, https:\/\/obera.fr\/wp-content\/uploads\/2023\/12\/dustomat-4.24-864x1536.jpg 864w, https:\/\/obera.fr\/wp-content\/uploads\/2023\/12\/dustomat-4.24-1152x2048.jpg 1152w, https:\/\/obera.fr\/wp-content\/uploads\/2023\/12\/dustomat-4.24-scaled.jpg 1440w\" sizes=\"(max-width: 576px) 100vw, 576px\" \/><\/figure>\n\n<p>Az ipari v\u00e1llalat a k\u00f6zpontos\u00edtott porlev\u00e1laszt\u00e1s megold\u00e1s\u00e1t fontolgatja, ha termel\u00e9si rendszere hossz\u00fa t\u00e1von fejl\u0151dik, \u00e9s egy bizonyos t\u00edpus\u00fa termel\u00e9sre specializ\u00e1l\u00f3dott. Val\u00f3ban, egy k\u00f6zpontos\u00edtott porlev\u00e1laszt\u00f3 rendszert egy adott felhaszn\u00e1l\u00e1si esetre terveznek. Egy adott id\u0151pontban a termel\u00e9si rendszer k\u00f6vetelm\u00e9nyei szerint tervezik \u00e9s gy\u00e1rtj\u00e1k. A <strong>termel\u00e9si rendszer konfigur\u00e1ci\u00f3j\u00e1ban bek\u00f6vetkez\u0151 b\u00e1rmilyen v\u00e1ltoz\u00e1s<\/strong> (\u00faj g\u00e9p, \u00faj elhelyez\u00e9s, a termel\u00e9si egys\u00e9g b\u0151v\u00edt\u00e9se) a porlev\u00e1laszt\u00f3 rendszer \u00fajrakonfigur\u00e1l\u00e1s\u00e1t vonja maga ut\u00e1n (a cs\u0151h\u00e1l\u00f3zat, a sz\u0171r\u0151 \u00e1tm\u00e9retez\u00e9se). N\u00e9ha a befektet\u00e9s teljes meg\u00faj\u00edt\u00e1s\u00e1t is jelentheti, ha a sz\u0171r\u0151modul modularit\u00e1s\u00e1t, a szell\u0151z\u00e9s v\u00e1ltoz\u00e9konys\u00e1g\u00e1t nem vett\u00e9k figyelembe a tervez\u00e9si f\u00e1zisban, <strong>k\u00f6lts\u00e9gvet\u00e9si korl\u00e1t<\/strong> miatt. <\/p>\n\n<p>A <strong>mobil porlev\u00e1laszt\u00f3ba val\u00f3 befektet\u00e9s<\/strong> a porlev\u00e1laszt\u00f3 rendszer decentraliz\u00e1l\u00e1si strat\u00e9gi\u00e1j\u00e1nak felel meg. A sz\u0171r\u0151modul a sz\u0171rt leveg\u0151 kibocs\u00e1t\u00e1s\u00e1val a g\u00e9phez a lehet\u0151 legk\u00f6zelebb helyezkedik el. Ez a strat\u00e9gia a k\u00f6vetkez\u0151 perspekt\u00edv\u00e1kon alapul: az ipari eszk\u00f6z r\u00f6vid vagy k\u00f6z\u00e9pt\u00e1v\u00fa alkalmazkod\u00f3k\u00e9pess\u00e9ge \u00e9s fejl\u0151d\u00e9se, a porlev\u00e1laszt\u00f3 sokoldal\u00fa felhaszn\u00e1l\u00e1sa, egy <a href=\"https:\/\/obera.fr\/hu\/produits\/depoussiereurs-industriels\/petits\/tk-serie\/\">munkahelyen a porlev\u00e1laszt\u00f3<\/a> haszn\u00e1lat\u00e1nak szakaszos ig\u00e9nye, a termel\u00e9si rendszer \u00e1ltal haszn\u00e1lt technol\u00f3gi\u00e1k gyors elavul\u00e1sa. Az ipari v\u00e1llalat mobil porlev\u00e1laszt\u00f3 v\u00e1s\u00e1rl\u00e1s\u00e1t fontolgatja, amikor rugalmas termel\u00e9si rendszer szervez\u00e9s\u00e9t t\u00e1mogatja. P\u00e9ld\u00e1ul egy mobil porlev\u00e1laszt\u00f3 k\u00f6veti a termel\u0151berendez\u00e9s \u00e1thelyez\u00e9s\u00e9t, amikor az ipari v\u00e1llalat \u00fajrakonfigur\u00e1lja termel\u00e9si rendszer\u00e9t. Egy <strong>mobil porlev\u00e1laszt\u00f3 beszerz\u00e9se<\/strong> k\u00eds\u00e9rheti a termel\u0151eszk\u00f6z b\u0151v\u00edt\u00e9s\u00e9t is. Ekkor a porlev\u00e1laszt\u00f3 rendszer kezdeti konfigur\u00e1ci\u00f3j\u00e1nak kieg\u00e9sz\u00edt\u00e9s\u00e9r\u0151l van sz\u00f3 (k\u00f6zponti egys\u00e9g vagy mobil porlev\u00e1laszt\u00f3 park).<\/p>\n\n<h3 class=\"wp-block-heading\">A portalan\u00edt\u00f3 rendszer telep\u00edt\u00e9si idej\u00e9nek hat\u00e1sa a termel\u00e9si rendszerre<\/h3>\n\n<figure class=\"wp-block-image alignleft size-large is-resized\"><img decoding=\"async\" width=\"1024\" height=\"768\" src=\"https:\/\/obera.fr\/wp-content\/uploads\/2023\/12\/obnex2-1024x768.png\" alt=\"obnex2\" class=\"wp-image-26788\" style=\"width:360px;height:auto\" srcset=\"https:\/\/obera.fr\/wp-content\/uploads\/2023\/12\/obnex2-1024x768.png 1024w, https:\/\/obera.fr\/wp-content\/uploads\/2023\/12\/obnex2-300x225.png 300w, https:\/\/obera.fr\/wp-content\/uploads\/2023\/12\/obnex2-768x576.png 768w, https:\/\/obera.fr\/wp-content\/uploads\/2023\/12\/obnex2-1536x1152.png 1536w, https:\/\/obera.fr\/wp-content\/uploads\/2023\/12\/obnex2-2048x1536.png 2048w\" sizes=\"(max-width: 1024px) 100vw, 1024px\" \/><\/figure>\n\n<p><strong>K\u00f6zpontos\u00edtott \u00e9s fix porlev\u00e1laszt\u00f3 rendszer telep\u00edt\u00e9se<\/strong> a termel\u00e9si rendszer ideiglenes le\u00e1ll\u00edt\u00e1s\u00e1t ig\u00e9nyli, ez\u00e1ltal termel\u00e9si id\u0151t em\u00e9szt fel. A telep\u00edt\u00e9s gyakran bizonyos id\u0151tartam\u00fa \u00e9p\u00fclet\u00e1talak\u00edt\u00e1si munk\u00e1latokat von maga ut\u00e1n (p\u00e9ld\u00e1ul: teherhord\u00f3 alap meger\u0151s\u00edt\u00e9se, teherhord\u00f3 falak \u00e1tvezet\u00e9se, mennyezeti \u00e1tvezet\u00e9sek, az elektromos h\u00e1l\u00f3zat, a s\u0171r\u00edtett leveg\u0151 h\u00e1l\u00f3zat\u00e1nak adapt\u00e1l\u00e1sa stb.). Ehhez hozz\u00e1 kell adni egy komplex elsz\u00edv\u00f3- \u00e9s cs\u0151h\u00e1l\u00f3zat ki\u00e9p\u00edt\u00e9s\u00e9nek id\u0151tartam\u00e1t, amely sz\u00fcks\u00e9ges az egyes berendez\u00e9sekn\u00e9l a szabv\u00e1nyos sz\u00edv\u00e1si sebess\u00e9gek betart\u00e1s\u00e1hoz, \u00e9s az elsz\u00edvott por sz\u00e1ll\u00edt\u00e1si sebess\u00e9geihez.<\/p>\n\n<p>Egy <strong>mobil porlev\u00e1laszt\u00f3 telep\u00edt\u00e9se<\/strong> nem em\u00e9szt fel termel\u00e9si id\u0151t, mivel nem ig\u00e9nyel ideiglenes le\u00e1ll\u00edt\u00e1st a termel\u00e9si rendszerben. A telep\u00edt\u00e9s az eszk\u00f6z elhelyez\u00e9s\u00e9re \u00e9s az elektromos, valamint s\u0171r\u00edtett leveg\u0151 h\u00e1l\u00f3zatokhoz val\u00f3 csatlakoztat\u00e1sra korl\u00e1toz\u00f3dik. A porlev\u00e1laszt\u00f3 a termel\u0151berendez\u00e9shez a lehet\u0151 legk\u00f6zelebb helyezkedik el. A cs\u0151h\u00e1l\u00f3zat minim\u00e1lisra cs\u00f6kken. Nincs neh\u00e9zs\u00e9g a <strong>munkahelyi berendez\u00e9s<\/strong> v\u00e1ltoz\u00e1sainak k\u00f6vet\u00e9s\u00e9ben.<\/p>\n\n<h3 class=\"wp-block-heading\">Hat\u00e1s a gy\u00e1rt\u00e1si ter\u00fclet kialak\u00edt\u00e1s\u00e1ra \u00e9s a fix vagy mobil porlev\u00e1laszt\u00f3 kiv\u00e1laszt\u00e1s\u00e1ra<\/h3>\n\n<p>Egy k\u00f6zpontos\u00edtott porlev\u00e1laszt\u00f3 rendszer helyig\u00e9nye a k\u00f6vetkez\u0151 elemek \u00e1ltal elfoglalt t\u00e9rfogatok \u00f6sszeg\u00e9vel m\u00e9rhet\u0151: az <a href=\"https:\/\/obera.fr\/hu\/produits\/bras-dispositifs-captation\/capot-industriel\/\">elsz\u00edv\u00f3 modulok<\/a>, a por sz\u00e1ll\u00edt\u00e1si h\u00e1l\u00f3zat, a <strong>k\u00f6zponti sz\u0171r\u0151- \u00e9s visszanyer\u0151 egys\u00e9g<\/strong>. A k\u00f6zpontos\u00edtott sz\u0171r\u0151egys\u00e9g jelent\u0151s helyig\u00e9nye olyan, hogy gyakran bels\u0151 elhelyez\u00e9s j\u00f6n sz\u00f3ba, vagy egy speci\u00e1lis helyis\u00e9gben, vagy a termel\u00e9si egys\u00e9gen bel\u00fcl egy k\u00fcls\u0151 fal k\u00f6zel\u00e9ben, vagy egy k\u00fcls\u0151 helysz\u00ednen. Egy porlev\u00e1laszt\u00f3 k\u00f6zpont elhelyez\u00e9se kompromisszum a termel\u00e9si ter\u00fclet konfigur\u00e1ci\u00f3ja, az elsz\u00edv\u00f3 berendez\u00e9sek \u00e9s a k\u00f6zponti sz\u0171r\u0151 k\u00f6z\u00f6tti t\u00e1vols\u00e1g, valamint a cs\u0151h\u00e1l\u00f3zat helyig\u00e9nye k\u00f6z\u00f6tt. A cs\u0151h\u00e1l\u00f3zat elhelyez\u00e9s\u00e9nek a termel\u00e9si ter\u00fcleten figyelembe kell vennie a g\u00e9pek beavatkoz\u00e1s\u00e1hoz sz\u00fcks\u00e9ges helyet meghib\u00e1sod\u00e1s vagy <strong>g\u00e9p \u00e1thelyez\u00e9se<\/strong> eset\u00e9n.<\/p>\n\n<p>Egy mobil porlev\u00e1laszt\u00f3 helyig\u00e9nye alacsony egy fix porlev\u00e1laszt\u00f3 k\u00f6zponthoz k\u00e9pest. Az eszk\u00f6z t\u00e9rfogata \u00e9s mobilit\u00e1sa lehet\u0151v\u00e9 teszi, hogy a munkahely vagy a g\u00e9p k\u00f6zel\u00e9be helyezz\u00e9k. Ez az elhelyez\u00e9s kik\u00fcsz\u00f6b\u00f6li a cs\u0151h\u00e1l\u00f3zattal kapcsolatos helyig\u00e9ny probl\u00e9m\u00e1it. A t\u00e9rbeli korl\u00e1tok helyi jelleg\u0171ek lesznek, kapcsol\u00f3dnak: a <strong>munkahely \u00e9s a szomsz\u00e9dos berendez\u00e9sek<\/strong> k\u00f6z\u00f6tti rendelkez\u00e9sre \u00e1ll\u00f3 t\u00e9rfogathoz, a porgy\u0171jt\u0151 berendez\u00e9shez \u00e9s annak a kibocs\u00e1t\u00e1si forr\u00e1shoz val\u00f3 k\u00f6zels\u00e9g\u00e9hez, a dolgoz\u00f3 k\u00fcl\u00f6nb\u00f6z\u0151 poz\u00edci\u00f3ihoz \u00e9s mozg\u00e1saihoz m\u0171k\u00f6d\u00e9s k\u00f6zben. Egy mobil porlev\u00e1laszt\u00f3 k\u00f6nny\u0171 man\u0151verezhet\u0151s\u00e9ge ezeknek a korl\u00e1toknak val\u00f3 megfelel\u00e9sre szolg\u00e1l. <\/p>\n\n<h2 class=\"wp-block-heading\">A termel\u00e9si folyamat folytonoss\u00e1ga vagy megszak\u00edtotts\u00e1ga a k\u00f6zponti vagy helyi porelt\u00e1vol\u00edt\u00e1s megv\u00e1laszt\u00e1s\u00e1ban<\/h2>\n\n<p>Egy <strong>k\u00f6zponti sz\u0171r\u0151egys\u00e9g<\/strong> \u00e1ltal\u00e1ban egy g\u00e9pcsoport folyamatos porlev\u00e1laszt\u00e1si ig\u00e9ny\u00e9nek felel meg; mindegyik specifikus elsz\u00edv\u00e1ssal rendelkezik. Egy k\u00f6zpontos\u00edtott egys\u00e9g folyamatosan \u00e9s egyidej\u0171leg t\u00f6rt\u00e9n\u0151 porlev\u00e1laszt\u00e1sra van tervezve a termel\u00e9si rendszer \u00f6sszes m\u0171velet\u00e9t illet\u0151en. K\u00e9pes nagyon jelent\u0151s l\u00e9g\u00e1ramot \u00e9s sz\u0171r\u0151fel\u00fcletet biztos\u00edtani, amelyek k\u00e9pesek elnyelni a por kibocs\u00e1t\u00e1si cs\u00facsait. Amikor egy munkahely nincs haszn\u00e1latban, a leveg\u0151 elsz\u00edv\u00e1sa nem \u00e1ll le. Az alulhaszn\u00e1lat felesleges <strong>energiafogyaszt\u00e1st eredm\u00e9nyez<\/strong>.<\/p>\n\n<p>Egy mobil porlev\u00e1laszt\u00f3 mind a folyamatos, mind az alkalmi porlev\u00e1laszt\u00e1si ig\u00e9nyekhez alkalmazkodik. Sokoldal\u00fa, egym\u00e1s ut\u00e1n t\u00f6bb, korl\u00e1tozott ideig port kibocs\u00e1t\u00f3 munkahely, vagy <strong>t\u00f6bb ideiglenes \u00e9p\u00edtkez\u00e9s<\/strong> porlev\u00e1laszt\u00e1s\u00e1t is biztos\u00edthatja. K\u00e9pes mobil munkahelyet k\u00eds\u00e9rni, vagy nagy m\u00e9ret\u0171 darabon t\u00f6bb ponton v\u00e9gzett munk\u00e1latokat. <\/p>\n\n<p>T\u00f6bb mobil porlev\u00e1laszt\u00f3 haszn\u00e1lata lehet\u0151v\u00e9 teszi az ipari v\u00e1llalat sz\u00e1m\u00e1ra, hogy porlev\u00e1laszt\u00f3 rendszer\u00e9t adapt\u00e1lja a kibocs\u00e1t\u00e1sok v\u00e1ltoz\u00e9konys\u00e1g\u00e1hoz \u00e9s a termel\u00e9si rendszer\u00e9nek berendez\u00e9sei \u00e1ltal kibocs\u00e1tott r\u00e9szecsk\u00e9k sokf\u00e9les\u00e9g\u00e9hez. T\u00f6bb porlev\u00e1laszt\u00e1si technika p\u00e1rhuzamos alkalmaz\u00e1sa a munkahelyek szerint elk\u00e9pzelhet\u0151. Lehet\u0151s\u00e9g van a <strong>helyi sz\u0171r\u00e9s<\/strong> (forr\u00e1sn\u00e1l t\u00f6rt\u00e9n\u0151 elsz\u00edv\u00e1s) \u00e9s az \u00e1ltal\u00e1nos (k\u00f6rnyezeti elsz\u00edv\u00e1s) kombin\u00e1l\u00e1s\u00e1ra is mobil berendez\u00e9sekkel.<\/p>\n\n<h3 class=\"wp-block-heading\">A porelsz\u00edv\u00f3 rendszer \u00e1ltal okozott zajszint az el\u0151\u00edr\u00e1soknak megfelel\u0151en<\/h3>\n\n<figure class=\"wp-block-image alignright size-full is-resized\"><img decoding=\"async\" width=\"832\" height=\"355\" src=\"https:\/\/obera.fr\/wp-content\/uploads\/2023\/12\/capture-decran-2023-12-19-144926.png\" alt=\"elfog&#xE1;s dekran 2023 12 19 144926\" class=\"wp-image-26772\" style=\"width:372px;height:auto\" srcset=\"https:\/\/obera.fr\/wp-content\/uploads\/2023\/12\/capture-decran-2023-12-19-144926.png 832w, https:\/\/obera.fr\/wp-content\/uploads\/2023\/12\/capture-decran-2023-12-19-144926-300x128.png 300w, https:\/\/obera.fr\/wp-content\/uploads\/2023\/12\/capture-decran-2023-12-19-144926-768x328.png 768w\" sizes=\"(max-width: 832px) 100vw, 832px\" \/><\/figure>\n\n<p><strong>A m\u0171k\u00f6d\u0151 porlev\u00e1laszt\u00f3 zajszintje<\/strong> a ventil\u00e1tor (lap\u00e1tok, motor) zaj\u00e1b\u00f3l, a dugul\u00e1selh\u00e1r\u00edt\u00e1s zaj\u00e1b\u00f3l (r\u00e1z\u00e1s, kompresszor, s\u0171r\u00edtett leveg\u0151 pulz\u00e1l\u00e1sa stb.) sz\u00e1rmazik.<\/p>\n\n<p>Egy porlev\u00e1laszt\u00f3 k\u00f6zpont folyamatosan m\u0171k\u00f6dik, teljes\u00edtm\u00e9ny\u00e9vel ar\u00e1nyos zajt bocs\u00e1t ki. A termel\u00e9si egys\u00e9gen bel\u00fcl elhelyezve meg kell felelnie a zaj napi expoz\u00edci\u00f3s szintj\u00e9re vonatkoz\u00f3 szab\u00e1lyoz\u00e1si k\u00f6vetelm\u00e9nyeknek az \u00fczemeltet\u0151kre vonatkoz\u00f3an. Ami vagy a hangszigetel\u00e9s\u00e9hez vezet, vagy egy speci\u00e1lis, hangszigetelt helyis\u00e9gbe val\u00f3 elhelyez\u00e9s\u00e9hez. K\u00fcls\u0151 elhelyez\u00e9s eset\u00e9n az ipari tev\u00e9kenys\u00e9gekkel kapcsolatos zajszennyez\u00e9si jogi korl\u00e1tok al\u00e1 esik, k\u00fcl\u00f6n\u00f6sen, ha a <strong>termel\u00e9si egys\u00e9g lak\u00f3\u00f6vezetben tal\u00e1lhat\u00f3<\/strong>. A sz\u0171r\u0151 hangszigetel\u00e9se mag\u00e1ban foglalja a ventil\u00e1tor\u00e9t (hangszigetel\u0151 burkolat, hangtomp\u00edt\u00f3), valamint a tiszt\u00edt\u00e1s\u00e9t (a sz\u0171r\u0151 hangszigetel\u0151, sz\u00e9tszedhet\u0151 panellel val\u00f3 burkol\u00e1sa).<\/p>\n\n<p>Egy mobil porlev\u00e1laszt\u00f3 zajszintje 80-90 dB k\u00f6r\u00fcl van. Ez a zaj hozz\u00e1ad\u00f3dik a munkahely zaj\u00e1hoz. Ez az \u00f6sszegz\u00e9s egy\u00e9ni zajv\u00e9delmet tehet sz\u00fcks\u00e9gess\u00e9, hogy figyelembe vegy\u00e9k a <strong>munkav\u00e1llal\u00f3 zajk\u00f6rnyezet\u00e9re vonatkoz\u00f3 szab\u00e1lyoz\u00e1si k\u00f6vetelm\u00e9nyeket<\/strong>.<\/p>\n\n<h3 class=\"wp-block-heading\">A porelsz\u00edv\u00f3 rendszer energiafogyaszt\u00e1sa<\/h3>\n\n<p>Egy porlev\u00e1laszt\u00f3 k\u00f6zpont \u00e1lland\u00f3 m\u0171k\u00f6d\u00e9se nem egyeztethet\u0151 \u00f6ssze egy ideiglenesen nem haszn\u00e1lt munkahellyel. Elker\u00fclhetetlen az energiavesztes\u00e9g, mivel az elsz\u00edvott leveg\u0151t nem kell porlev\u00e1lasztani. Ha a <strong>k\u00f6zpont az \u00e9p\u00fcleten k\u00edv\u00fcl helyezkedik el<\/strong>, \u00e9s a leveg\u0151 kifel\u00e9 ker\u00fcl kibocs\u00e1t\u00e1sra, akkor hozz\u00e1ad\u00f3dik a h\u0151energia-fogyaszt\u00e1s, amely a k\u00f6rnyezeti leveg\u0151 \/ k\u00fcls\u0151 leveg\u0151 h\u0151m\u00e9rs\u00e9klet-k\u00fcl\u00f6nbs\u00e9g\u00e9hez kapcsol\u00f3dik. <\/p>\n\n<p>Egy mobil porlev\u00e1laszt\u00f3 ig\u00e9ny szerint haszn\u00e1lhat\u00f3. Csak a berendez\u00e9s m\u0171k\u00f6d\u00e9si ideje alatt m\u0171k\u00f6dik, amellyel p\u00e1ros\u00edtva van a kibocs\u00e1t\u00e1sok sz\u0171r\u00e9s\u00e9re. Az <strong>energiafogyaszt\u00e1s a haszn\u00e1lat id\u0151tartam\u00e1ra korl\u00e1toz\u00f3dik<\/strong>. Mivel a porlev\u00e1laszt\u00f3 a tiszta leveg\u0151t a termel\u00e9si egys\u00e9gbe bocs\u00e1tja vissza, nincs h\u0151energia-fogyaszt\u00e1s a porlev\u00e1laszt\u00e1si elj\u00e1r\u00e1shoz kapcsol\u00f3d\u00f3an.<\/p>\n\n<h3 class=\"wp-block-heading\">A porelsz\u00edv\u00f3 rendszer karbantart\u00e1sa<\/h3>\n\n<p>A mozg\u00f3 mechanikai alkatr\u00e9szek els\u0151sorban egy porlev\u00e1laszt\u00f3 k\u00f6zpont sz\u0171r\u0151j\u00e9ben tal\u00e1lhat\u00f3k. A karbantart\u00e1s f\u0151k\u00e9nt a sz\u0171r\u0151 hely\u00e9n t\u00f6rt\u00e9nik. A cs\u0151h\u00e1l\u00f3zaton v\u00e9gzett ellen\u0151rz\u00e9sek bonyolultabbak lesznek. Egy termel\u0151berendez\u00e9s meghib\u00e1sod\u00e1sa eset\u00e9n az egyetlen sz\u0171r\u0151forr\u00e1st\u00f3l val\u00f3 f\u00fcgg\u0151s\u00e9g a termel\u00e9si egys\u00e9g teljes le\u00e1ll\u00e1s\u00e1t vonja maga ut\u00e1n, vagy egy <strong>r\u00e9sz\u00e9nek le\u00e1ll\u00e1s\u00e1t, ha a cs\u0151h\u00e1l\u00f3zat<\/strong> v\u00e1ltoz\u00f3 szell\u0151z\u00e9ssel lett tervezve. A sz\u0171r\u0151 meghib\u00e1sod\u00e1sa elker\u00fclhetetlen\u00fcl a termel\u00e9s le\u00e1ll\u00e1s\u00e1t okozza. <\/p>\n\n<p>A mobil porlev\u00e1laszt\u00f3k a termel\u00e9si egys\u00e9g eg\u00e9sz ter\u00fclet\u00e9n eloszlanak. A karbantart\u00e1s szervez\u00e9se kev\u00e9sb\u00e9 egyszer\u0171, mivel t\u00f6bb helyen zajlik, \u00e9s ez megsokszorozza az ellen\u0151rz\u00e9seket. Ezzel szemben egy <strong>termel\u0151berendez\u00e9s meghib\u00e1sod\u00e1sa<\/strong> nem befoly\u00e1solja a t\u00f6bbi berendez\u00e9s porlev\u00e1laszt\u00e1s\u00e1t. Egy mobil porlev\u00e1laszt\u00f3 meghib\u00e1sod\u00e1sa ideiglenesen megoldhat\u00f3 egy hasonl\u00f3 porlev\u00e1laszt\u00f3 b\u00e9rl\u00e9s\u00e9vel.<\/p>\n","protected":false},"excerpt":{"rendered":"<p>M\u00edg a porelsz\u00edv\u00e1si technika megv\u00e1laszt\u00e1s\u00e1t befoly\u00e1solja a kibocs\u00e1tott r\u00e9szecsk\u00e9k m\u00e9rete, fizikai-k\u00e9miai tulajdons\u00e1gaik, az oper\u00e1torokra \u00e9s a k\u00f6rnyezetre gyakorolt hat\u00e1suk, addig m\u00e1s szempontok is szerepet j\u00e1tszanak abban, hogy r\u00f6gz\u00edtett vagy mobil porelsz\u00edv\u00f3t, illetve k\u00f6zpontos\u00edtott vagy helyi porelsz\u00edv\u00f3 rendszert v\u00e1lasszunk. Ezen krit\u00e9riumok a termel\u00e9si k\u00f6rnyezett\u0151l f\u00fcggenek: az ipari \u00e1gazat, a termel\u00e9si egys\u00e9g m\u00e9rete, \u00e9letciklus\u00e1nak aktu\u00e1lis szakasza, a gy\u00e1rt\u00e1si folyamatok; a m\u0171k\u00f6d\u00e9s\u00e9t szab\u00e1lyoz\u00f3 jogi korl\u00e1tok, a k\u00f6lts\u00e9gvet\u00e9si korl\u00e1tok \u00e9s a porelsz\u00edv\u00e1s beruh\u00e1z\u00e1si \u00e9s m\u0171k\u00f6d\u00e9si k\u00f6lts\u00e9gei k\u00f6z\u00f6tti p\u00e9nz\u00fcgyi egyens\u00faly; stb. Minden eset egyedi. Sz\u00e1mos krit\u00e9rium l\u00e9tezik! Egy els\u0151 megk\u00f6zel\u00edt\u00e9s seg\u00edt tiszt\u00e1zni a helyzetet!<\/p>\n","protected":false},"author":4,"featured_media":81712,"comment_status":"open","ping_status":"closed","sticky":false,"template":"","format":"standard","meta":{"_acf_changed":false,"_seopress_robots_primary_cat":"none","_seopress_titles_title":"Fix vagy mobil, k\u00f6zponti vagy helyi porlev\u00e1laszt\u00f3: a v\u00e1laszt\u00e1s szempontjai?","_seopress_titles_desc":"Ezek a krit\u00e9riumok a termel\u00e9si kontextust\u00f3l f\u00fcggenek: az ipari \u00e1gazatt\u00f3l, a termel\u00e9si egys\u00e9g m\u00e9ret\u00e9t\u0151l, az \u00e9letciklus adott pontj\u00e1t\u00f3l, a termel\u00e9si folyamatokt\u00f3l stb.","_seopress_robots_index":"","footnotes":""},"categories":[314],"tags":[323],"class_list":["post-82273","post","type-post","status-publish","format-standard","has-post-thumbnail","hentry","category-a-mi-tanacsunk","tag-entete-kicsi","generate-columns","tablet-grid-50","mobile-grid-100","grid-parent","grid-50","no-featured-image-padding","resize-featured-image"],"acf":[],"_links":{"self":[{"href":"https:\/\/obera.fr\/hu\/wp-json\/wp\/v2\/posts\/82273","targetHints":{"allow":["GET"]}}],"collection":[{"href":"https:\/\/obera.fr\/hu\/wp-json\/wp\/v2\/posts"}],"about":[{"href":"https:\/\/obera.fr\/hu\/wp-json\/wp\/v2\/types\/post"}],"author":[{"embeddable":true,"href":"https:\/\/obera.fr\/hu\/wp-json\/wp\/v2\/users\/4"}],"replies":[{"embeddable":true,"href":"https:\/\/obera.fr\/hu\/wp-json\/wp\/v2\/comments?post=82273"}],"version-history":[{"count":3,"href":"https:\/\/obera.fr\/hu\/wp-json\/wp\/v2\/posts\/82273\/revisions"}],"predecessor-version":[{"id":135037,"href":"https:\/\/obera.fr\/hu\/wp-json\/wp\/v2\/posts\/82273\/revisions\/135037"}],"wp:featuredmedia":[{"embeddable":true,"href":"https:\/\/obera.fr\/hu\/wp-json\/wp\/v2\/media\/81712"}],"wp:attachment":[{"href":"https:\/\/obera.fr\/hu\/wp-json\/wp\/v2\/media?parent=82273"}],"wp:term":[{"taxonomy":"category","embeddable":true,"href":"https:\/\/obera.fr\/hu\/wp-json\/wp\/v2\/categories?post=82273"},{"taxonomy":"post_tag","embeddable":true,"href":"https:\/\/obera.fr\/hu\/wp-json\/wp\/v2\/tags?post=82273"}],"curies":[{"name":"wp","href":"https:\/\/api.w.org\/{rel}","templated":true}]}}