{"id":82376,"date":"2023-11-14T12:07:12","date_gmt":"2023-11-14T10:07:12","guid":{"rendered":"https:\/\/obera.fr\/a-mi-tanacsunk\/cas-usage-traitement-vapeurs-degraissant-nettoyage-pieces-metalliques\/"},"modified":"2025-04-15T11:14:43","modified_gmt":"2025-04-15T09:14:43","slug":"cas-usage-traitement-vapeurs-degraissant-nettoyage-pieces-metalliques","status":"publish","type":"post","link":"https:\/\/obera.fr\/hu\/a-mi-tanacsunk\/cas-usage-traitement-vapeurs-degraissant-nettoyage-pieces-metalliques\/","title":{"rendered":"oberA Felhaszn\u00e1l\u00e1si eset: F\u00e9m zs\u00edrtalan\u00edt\u00f3 g\u0151z\u00f6k kezel\u00e9se"},"content":{"rendered":"\n<figure class=\"wp-block-image alignright size-large is-resized\"><img decoding=\"async\" width=\"576\" height=\"1024\" src=\"https:\/\/obera.fr\/wp-content\/uploads\/2023\/12\/epurbox-1-576x1024.jpg\" alt=\"epurbox 1\" class=\"wp-image-26448\" style=\"width:237px;height:auto\" srcset=\"https:\/\/obera.fr\/wp-content\/uploads\/2023\/12\/epurbox-1-576x1024.jpg 576w, https:\/\/obera.fr\/wp-content\/uploads\/2023\/12\/epurbox-1-169x300.jpg 169w, https:\/\/obera.fr\/wp-content\/uploads\/2023\/12\/epurbox-1-768x1365.jpg 768w, https:\/\/obera.fr\/wp-content\/uploads\/2023\/12\/epurbox-1-864x1536.jpg 864w, https:\/\/obera.fr\/wp-content\/uploads\/2023\/12\/epurbox-1-1152x2048.jpg 1152w, https:\/\/obera.fr\/wp-content\/uploads\/2023\/12\/epurbox-1-scaled.jpg 1440w\" sizes=\"(max-width: 576px) 100vw, 576px\" \/><\/figure>\n\n<p>Lehet\u0151s\u00e9g\u00fcnk ny\u00edlt egy nemzetk\u00f6zi \u00fcgyf\u00e9l felszerel\u00e9s\u00e9re, aki <strong>a g\u00e1zok<\/strong> \u00e9s folyad\u00e9kok <strong>membr\u00e1nszivatty\u00fainak \u00e9s rendszereinek<\/strong> fejleszt\u00e9s\u00e9re, tervez\u00e9s\u00e9re, gy\u00e1rt\u00e1s\u00e1ra \u00e9s <strong>forgalmaz\u00e1s\u00e1ra<\/strong> specializ\u00e1l\u00f3dott. \u00dcgyfel\u00fcnk, aki tudat\u00e1ban van a k\u00f6rnyezet \u00e9s a dolgoz\u00f3k eg\u00e9szs\u00e9g\u00e9nek meg\u0151rz\u00e9s\u00e9nek fontoss\u00e1g\u00e1val, arra k\u00e9rt minket, hogy oldjunk meg egy kritikus kih\u00edv\u00e1st a gy\u00e1rt\u00e1si folyamat\u00e1n bel\u00fcl. <\/p>\n\n<p>A szivatty\u00fak f\u00e9m alkatr\u00e9szeinek tiszt\u00edt\u00e1s\u00e1ra haszn\u00e1lt zs\u00edrtalan\u00edt\u00f3 szerek olyan zs\u00edrtalan\u00edt\u00f3 g\u0151z\u00f6ket termeltek, amelyek k\u00e1rosak voltak a k\u00f6rnyezetre \u00e9s a gy\u00e1rt\u00f3m\u0171hely\u00fck <a href=\"https:\/\/obera.fr\/conseils\/traitement-odeurs-industrielles\/\">belt\u00e9ri leveg\u0151j\u00e9nek min\u0151s\u00e9g\u00e9re<\/a>.<\/p>\n\n<p>Mivel tiszt\u00e1ban voltunk a zs\u00edrtalan\u00edt\u00f3 g\u0151zkibocs\u00e1t\u00e1s k\u00e1ros hat\u00e1s\u00e1val a dolgoz\u00f3k eg\u00e9szs\u00e9g\u00e9re \u00e9s a k\u00f6rnyezetre, egy egyedi megold\u00e1st javasoltunk. Egy <a href=\"https:\/\/obera.fr\/hu\/produits\/traitement-cov\/aspiration-mobile-odeurs-epur-box\/\">ePURBOX<\/a> akt\u00edvszenes porelsz\u00edv\u00f3 rendszerrel kieg\u00e9sz\u00edtett <strong>elsz\u00edv\u00f3 h\u00e1ts\u00f3 felsz\u00edv\u00e1st<\/strong> tervezt\u00fcnk \u00e9s telep\u00edtett\u00fcnk k\u00f6zvetlen\u00fcl a f\u00e9malkatr\u00e9sz-tiszt\u00edt\u00f3 \u00e1llom\u00e1son, hogy a zs\u00edrtalan\u00edt\u00f3 g\u0151z\u00f6ket a forr\u00e1sn\u00e1l hat\u00e9konyan felfogja \u00e9s megsz\u0171rje, \u00e9s \u00edgy megv\u00e9dje a kezel\u0151t. <\/p>\n\n<p>A leveg\u0151kezel\u00e9s ter\u00e9n szerzett szak\u00e9rtelm\u00fcnknek k\u00f6sz\u00f6nhet\u0151en <strong>jelent\u0151sen cs\u00f6kkenteni tud<\/strong> tuk a m\u0171hely\u00fckben a zs\u00edrtalan\u00edt\u00f3 <strong>g\u0151z\u00f6k kibocs\u00e1t\u00e1s\u00e1t<\/strong> a k\u00f6rnyezeti leveg\u0151be. Ez eg\u00e9szs\u00e9gesebb \u00e9s biztons\u00e1gosabb munkahelyet teremtett az alkalmazottak sz\u00e1m\u00e1ra, mik\u00f6zben cs\u00f6kkentette v\u00e1llalkoz\u00e1suk k\u00f6rnyezeti hat\u00e1s\u00e1t. <\/p>\n\n<p>A mi<strong> l\u00e9gkezel\u00e9si megold\u00e1sunk<\/strong> v\u00e1laszt\u00e1s\u00e1val \u00fcgyfel\u00fcnk egy l\u00e9p\u00e9st tett a felel\u0151ss\u00e9gteljesebb termel\u00e9s fel\u00e9, \u00f6sszhangban a k\u00f6rnyezetv\u00e9delmi, valamint a munkahelyi eg\u00e9szs\u00e9g\u00fcgyi \u00e9s biztons\u00e1gi el\u0151\u00edr\u00e1sokkal. Ez a sikeres egy\u00fcttm\u0171k\u00f6d\u00e9s j\u00f3l p\u00e9ld\u00e1zza az innov\u00e1ci\u00f3 \u00e9s a fenntarthat\u00f3s\u00e1g ir\u00e1nti elk\u00f6telezetts\u00e9g\u00fcnket, seg\u00edtve \u00fcgyfeleinket c\u00e9ljaik el\u00e9r\u00e9s\u00e9ben \u00e9s biztons\u00e1gosabb, eg\u00e9szs\u00e9gesebb munkahelyek kialak\u00edt\u00e1s\u00e1ban. <\/p>\n\n<h2 class=\"wp-block-heading\"><strong>A zs\u00edrtalan\u00edt\u00f3 g\u0151z\u00f6k vesz\u00e9lyei a kezel\u0151k eg\u00e9szs\u00e9g\u00e9re n\u00e9zve<\/strong><\/h2>\n\n<figure class=\"wp-block-image alignleft size-full is-resized\"><img decoding=\"async\" width=\"600\" height=\"600\" src=\"https:\/\/obera.fr\/wp-content\/uploads\/2023\/12\/picto-risque-mutagene-1.jpg\" alt=\"picto mutag&#xE9;n kock&#xE1;zat 1\" class=\"wp-image-26460\" style=\"width:73px;height:auto\" srcset=\"https:\/\/obera.fr\/wp-content\/uploads\/2023\/12\/picto-risque-mutagene-1.jpg 600w, https:\/\/obera.fr\/wp-content\/uploads\/2023\/12\/picto-risque-mutagene-1-300x300.jpg 300w, https:\/\/obera.fr\/wp-content\/uploads\/2023\/12\/picto-risque-mutagene-1-150x150.jpg 150w\" sizes=\"(max-width: 600px) 100vw, 600px\" \/><\/figure>\n\n<p>A <strong>f\u00e9malkatr\u00e9szek<\/strong> zs\u00edrtalan\u00edt\u00f3szerekkel t\u00f6rt\u00e9n\u0151 <strong>ipari tiszt\u00edt\u00e1sa<\/strong> sor\u00e1n ill\u00e9kony szerves vegy\u00fcletek (VOC) keletkeznek, amelyek sz\u00e1mos eg\u00e9szs\u00e9g\u00fcgyi kock\u00e1zatot jelentenek a vel\u00fck tart\u00f3san \u00e9s nagy koncentr\u00e1ci\u00f3ban \u00e9rintkez\u0151 kezel\u0151szem\u00e9lyzet sz\u00e1m\u00e1ra. A VOC-k olyan k\u00e9miai anyagok, amelyek szobah\u0151m\u00e9rs\u00e9kleten k\u00f6nnyen elp\u00e1rolognak, \u00e9s<strong> a kezel\u0151k bel\u00e9legezhetik<\/strong> \u0151ket, ami eg\u00e9szs\u00e9g\u00fcgyi kock\u00e1zatokhoz vezet. \u00cdme n\u00e9h\u00e1ny, ezzel a folyamattal kapcsolatos vesz\u00e9ly.  <\/p>\n\n<h3 class=\"wp-block-heading\"><strong>A l\u00e9gutak irrit\u00e1ci\u00f3ja  <\/strong><\/h3>\n\n<p>A VOC-k bel\u00e9legz\u00e9se a l\u00e9gutak irrit\u00e1ci\u00f3j\u00e1t okozhatja, <strong>ami olyan t\u00fcnetekhez vezethet, mint a k\u00f6h\u00f6g\u00e9s<\/strong>, torokf\u00e1j\u00e1s, t\u00fcssz\u00f6g\u00e9s \u00e9s l\u00e9gszomj.<\/p>\n\n<h3 class=\"wp-block-heading\"><strong>Neurol\u00f3giai probl\u00e9m\u00e1k  <\/strong><\/h3>\n\n<p>Egyes VOC-k <strong>idegm\u00e9regnek min\u0151s\u00fclnek<\/strong>, \u00e9s hat\u00e1ssal lehetnek a k\u00f6zponti idegrendszerre. A magas VOC-szintnek val\u00f3 tart\u00f3s kitetts\u00e9g fejf\u00e1j\u00e1shoz, sz\u00e9d\u00fcl\u00e9shez, mem\u00f3riazavarhoz \u00e9s koncentr\u00e1ci\u00f3s probl\u00e9m\u00e1khoz vezethet. <\/p>\n\n<h3 class=\"wp-block-heading\"><strong>Kr\u00f3nikus l\u00e9gz\u0151szervi megbeteged\u00e9sek  <\/strong><\/h3>\n\n<p><strong>A VOC-oknak val\u00f3 folyamatos kitetts\u00e9g <\/strong>kr\u00f3nikus l\u00e9gz\u0151szervi probl\u00e9m\u00e1khoz, p\u00e9ld\u00e1ul asztm\u00e1hoz vezethet, vagy a t\u00fcnetek s\u00falyosbod\u00e1s\u00e1hoz a hajlamos emberekn\u00e9l.<\/p>\n\n<h3 class=\"wp-block-heading\"><strong>B\u0151rprobl\u00e9m\u00e1k<\/strong><\/h3>\n\n<p>Egyes zs\u00edrtalan\u00edt\u00f3szerek olyan vegyi anyagokat tartalmaznak, amelyek <strong>allergi\u00e1s b\u0151rreakci\u00f3kat okozhatnak<\/strong> az ennek kitett kezel\u0151kn\u00e9l.<\/p>\n\n<h3 class=\"wp-block-heading\"><strong>A m\u00e1jra \u00e9s a ves\u00e9re gyakorolt hat\u00e1sok<\/strong><\/h3>\n\n<p>Egyes VOC-k m\u00e9rgez\u0151ek a m\u00e1jra \u00e9s a ves\u00e9re, \u00e9s a hosszan tart\u00f3 expoz\u00edci\u00f3 k\u00e1ros\u00edthatja ezeket a szerveket.<\/p>\n\n<h3 class=\"wp-block-heading\"><strong>R\u00e1kkelt\u0151 kock\u00e1zatok  <\/strong><\/h3>\n\n<p>Egyes nemzetk\u00f6zi eg\u00e9szs\u00e9g\u00fcgyi \u00fcgyn\u00f6ks\u00e9gek egyes VOC-okat val\u00f3sz\u00edn\u0171s\u00edthet\u0151en <strong>r\u00e1kkelt\u0151 anyagnak min\u0151s\u00edtenek <\/strong>, ami aggodalomra ad okot azzal kapcsolatban, hogy az expoz\u00edci\u00f3nak kitett egy\u00e9nekben r\u00e1kot okozhatnak.<\/p>\n\n<p>Fontos <strong>megjegyezni, hogy a VOC-ok vesz\u00e9lyei<\/strong> a leveg\u0151ben l\u00e9v\u0151 koncentr\u00e1ci\u00f3t\u00f3l, az expoz\u00edci\u00f3 id\u0151tartam\u00e1t\u00f3l \u00e9s gyakoris\u00e1g\u00e1t\u00f3l, valamint az egy\u00e9ni \u00e9rz\u00e9kenys\u00e9gt\u0151l f\u00fcggnek. Azok az \u00fczemeltet\u0151k, akik rendszeresen dolgoznak olyan zs\u00edrtalan\u00edt\u00f3kkal, amelyek VOC-okat termelnek, nagy mennyis\u00e9g\u0171 ilyen vegyi anyagnak lehetnek kit\u00e9ve, ami <strong>n\u00f6veli az eg\u00e9szs\u00e9g\u00fckre jelentett kock\u00e1zatot<\/strong>. <\/p>\n\n<p>A kezel\u0151k eg\u00e9szs\u00e9g\u00e9nek v\u00e9delme \u00e9rdek\u00e9ben elengedhetetlen olyan megel\u0151z\u0151 int\u00e9zked\u00e9sek bevezet\u00e9se, mint p\u00e9ld\u00e1ul az alacsony VOC-tartalm\u00fa vagy VOC-mentes zs\u00edrtalan\u00edt\u00f3szerek haszn\u00e1lata, <strong>a tiszt\u00edt\u00e1si ter\u00fcletek megfelel\u0151 l\u00e9gkezel\u00e9se<\/strong> a VOC-koncentr\u00e1ci\u00f3 cs\u00f6kkent\u00e9se \u00e9rdek\u00e9ben, valamint a megfelel\u0151 egy\u00e9ni v\u00e9d\u0151felszerel\u00e9s haszn\u00e1lata a vesz\u00e9lyes vegyi anyagokkal val\u00f3 k\u00f6zvetlen \u00e9rintkez\u00e9s minimaliz\u00e1l\u00e1sa \u00e9rdek\u00e9ben. Ezenk\u00edv\u00fcl a kezel\u0151ket t\u00e1j\u00e9koztatni kell a VOC-okkal kapcsolatos kock\u00e1zatokr\u00f3l, \u00e9s ki kell k\u00e9pezni \u0151ket a helyes biztons\u00e1gi gyakorlatokra, hogy cs\u00f6kkents\u00e9k expoz\u00edci\u00f3jukat \u00e9s megel\u0151zz\u00e9k a kapcsol\u00f3d\u00f3 eg\u00e9szs\u00e9g\u00fcgyi probl\u00e9m\u00e1kat. Ezen l\u00e9p\u00e9sek megt\u00e9tel\u00e9vel<strong> biztons\u00e1gosabb \u00e9s eg\u00e9szs\u00e9gesebb munkak\u00f6rnyezetet lehet teremteni<\/strong> a f\u00e9malkatr\u00e9szek tiszt\u00edt\u00e1sa sor\u00e1n, amikor olyan zs\u00edrtalan\u00edt\u00f3 szereket haszn\u00e1lnak, amelyek k\u00e1ros VOC-ket termelnek.  <\/p>\n\n<h2 class=\"wp-block-heading\"><strong>A zs\u00edrtalan\u00edt\u00f3 g\u0151zkezel\u00e9s el\u0151nyei a f\u00e9m alkatr\u00e9szek tiszt\u00edt\u00e1s\u00e1n\u00e1l<\/strong><\/h2>\n\n<p>A f\u00e9m alkatr\u00e9szek zs\u00edrtalan\u00edt\u00e1sa sor\u00e1n a zs\u00edrtalan\u00edt\u00f3 szerekb\u0151l sz\u00e1rmaz\u00f3 ill\u00e9kony szerves vegy\u00fcletek (VOC) kezel\u00e9se sz\u00e1mos fontos el\u0151nnyel j\u00e1r. El\u0151sz\u00f6r is,<strong> v\u00e9di a kezel\u0151k eg\u00e9szs\u00e9g\u00e9t<\/strong> az\u00e1ltal, hogy megsz\u00fcnteti vagy cs\u00f6kkenti a VOC-kibocs\u00e1t\u00e1st a k\u00f6rnyezeti leveg\u0151be, ez\u00e1ltal minimaliz\u00e1lja a l\u00e9g\u00fati irrit\u00e1ci\u00f3, a kr\u00f3nikus l\u00e9gz\u0151szervi probl\u00e9m\u00e1k, az idegrendszeri rendelleness\u00e9gek \u00e9s m\u00e1s k\u00e1ros eg\u00e9szs\u00e9g\u00fcgyi hat\u00e1sok kock\u00e1zat\u00e1t. <\/p>\n\n<figure class=\"wp-block-image alignright size-large is-resized\"><img decoding=\"async\" width=\"1024\" height=\"683\" src=\"https:\/\/obera.fr\/wp-content\/uploads\/2023\/12\/environnement-sain-1-1024x683.jpg\" alt=\"fiatal fi&#xFA; fej&#xE9;t az &#xE9;g fel&#xE9; ford&#xED;tva, csukott szemmel egy tiszta napon\" class=\"wp-image-26455\" style=\"width:376px;height:auto\" srcset=\"https:\/\/obera.fr\/wp-content\/uploads\/2023\/12\/environnement-sain-1-1024x683.jpg 1024w, https:\/\/obera.fr\/wp-content\/uploads\/2023\/12\/environnement-sain-1-300x200.jpg 300w, https:\/\/obera.fr\/wp-content\/uploads\/2023\/12\/environnement-sain-1-768x512.jpg 768w, https:\/\/obera.fr\/wp-content\/uploads\/2023\/12\/environnement-sain-1-1536x1024.jpg 1536w, https:\/\/obera.fr\/wp-content\/uploads\/2023\/12\/environnement-sain-1-2048x1365.jpg 2048w\" sizes=\"(max-width: 1024px) 100vw, 1024px\" \/><\/figure>\n\n<p>Ezenk\u00edv\u00fcl a l\u00e9gkezel\u00e9s a zs\u00edrtalan\u00edt\u00f3 m\u0171helyben jav\u00edtja a belt\u00e9ri leveg\u0151 min\u0151s\u00e9g\u00e9t az\u00e1ltal, hogy a VOC-okat a forr\u00e1sn\u00e1l fogja fel \u00e9s sz\u00fcnteti meg. Ez <strong>eg\u00e9szs\u00e9gesebb munkak\u00f6rnyezetet teremt<\/strong> a kezel\u0151k sz\u00e1m\u00e1ra, cs\u00f6kkentve a fejf\u00e1j\u00e1s, a f\u00e1radts\u00e1g \u00e9s a rossz leveg\u0151min\u0151s\u00e9ggel j\u00e1r\u00f3 egy\u00e9b t\u00fcnetek kock\u00e1zat\u00e1t. <\/p>\n\n<p>K\u00f6rnyezetv\u00e9delmi szempontb\u00f3l a VOC-kezel\u0151 rendszerek biztos\u00edtj\u00e1k a VOC-kibocs\u00e1t\u00e1sra vonatkoz\u00f3 szigor\u00fa k\u00f6rnyezetv\u00e9delmi el\u0151\u00edr\u00e1sok betart\u00e1s\u00e1t. Ily m\u00f3don a<strong> v\u00e1llalatok elker\u00fclhetik a lehets\u00e9ges b\u00edrs\u00e1gokat \u00e9s b\u00fcntet\u00e9seket<\/strong>, meger\u0151s\u00edtve ezzel a k\u00f6rnyezeti felel\u0151ss\u00e9gv\u00e1llal\u00e1sukat. <\/p>\n\n<p>A l\u00e9gkezel\u00e9s emellett jav\u00edtja a zs\u00edrtalan\u00edt\u00e1s hat\u00e9konys\u00e1g\u00e1t az\u00e1ltal, hogy lehet\u0151v\u00e9 teszi a VOC-kibocs\u00e1t\u00e1s jobb kezel\u00e9s\u00e9t. Ez a zs\u00edrtalan\u00edt\u00f3szerek hat\u00e9konyabb felhaszn\u00e1l\u00e1s\u00e1hoz, az er\u0151forr\u00e1sok jobb meg\u0151rz\u00e9s\u00e9hez \u00e9s a m\u0171k\u00f6d\u00e9si k\u00f6lts\u00e9gek cs\u00f6kken\u00e9s\u00e9hez vezet. <\/p>\n\n<p>A VOC-kezel\u00e9s felel\u0151s gyakorlat\u00e1nak elfogad\u00e1s\u00e1val a v\u00e1llalatok bizony\u00edtj\u00e1k a munkav\u00e1llal\u00f3k eg\u00e9szs\u00e9ge \u00e9s biztons\u00e1ga ir\u00e1nti elk\u00f6telezetts\u00e9g\u00fcket, valamint a k\u00f6rnyezet ir\u00e1nti aggodalmukat. Ez<strong> jav\u00edthatja meg\u00edt\u00e9l\u00e9s\u00fcket az \u00fcgyfelek<\/strong>, \u00fczleti partnerek \u00e9s a k\u00f6zv\u00e9lem\u00e9ny<strong> el\u0151tt<\/strong>. <\/p>\n\n<blockquote class=\"wp-block-quote is-layout-flow wp-block-quote-is-layout-flow\">\n<p>Fedezze fel az ipari k\u00f6rnyezetben l\u00e9v\u0151 <a href=\"https:\/\/obera.fr\/conseils\/cas-usage-traitement-hydrocarbures-milieu-industriel\/\">sz\u00e9nhidrog\u00e9nek kezel\u00e9s\u00e9re<\/a> vonatkoz\u00f3 felhaszn\u00e1l\u00e1si esetet is.<\/p>\n<\/blockquote>\n","protected":false},"excerpt":{"rendered":"<p>Lehet\u0151s\u00e9g\u00fcnk ny\u00edlt egy nemzetk\u00f6zi \u00fcgyf\u00e9l felszerel\u00e9s\u00e9re, aki a g\u00e1zok \u00e9s folyad\u00e9kok membr\u00e1nszivatty\u00fainak \u00e9s rendszereinek fejleszt\u00e9s\u00e9re, tervez\u00e9s\u00e9re, gy\u00e1rt\u00e1s\u00e1ra \u00e9s forgalmaz\u00e1s\u00e1ra specializ\u00e1l\u00f3dott. \u00dcgyfel\u00fcnk, aki tudat\u00e1ban van a k\u00f6rnyezet \u00e9s a dolgoz\u00f3k eg\u00e9szs\u00e9g\u00e9nek meg\u0151rz\u00e9s\u00e9nek fontoss\u00e1g\u00e1val, arra k\u00e9rt minket, hogy oldjunk meg egy kritikus kih\u00edv\u00e1st a gy\u00e1rt\u00e1si folyamat\u00e1n bel\u00fcl. <\/p>\n","protected":false},"author":4,"featured_media":0,"comment_status":"open","ping_status":"closed","sticky":false,"template":"","format":"standard","meta":{"_acf_changed":false,"_seopress_robots_primary_cat":"none","_seopress_titles_title":"oberA Felhaszn\u00e1l\u00e1si eset: F\u00e9m zs\u00edrtalan\u00edt\u00f3 g\u0151z\u00f6k kezel\u00e9se","_seopress_titles_desc":"Az OberA lehet\u0151s\u00e9get kapott egy nemzetk\u00f6zi \u00fcgyf\u00e9l felszerel\u00e9s\u00e9re, aki a g\u00e1zok \u00e9s folyad\u00e9kok membr\u00e1nszivatty\u00fainak \u00e9s rendszereinek fejleszt\u00e9s\u00e9re, tervez\u00e9s\u00e9re, gy\u00e1rt\u00e1s\u00e1ra \u00e9s forgalmaz\u00e1s\u00e1ra specializ\u00e1l\u00f3dott. Tudja meg, hogyan tudtunk megfelelni ennek az ig\u00e9nynek. ","_seopress_robots_index":"","footnotes":""},"categories":[314],"tags":[323],"class_list":["post-82376","post","type-post","status-publish","format-standard","hentry","category-a-mi-tanacsunk","tag-entete-kicsi","generate-columns","tablet-grid-50","mobile-grid-100","grid-parent","grid-50","no-featured-image-padding"],"acf":[],"_links":{"self":[{"href":"https:\/\/obera.fr\/hu\/wp-json\/wp\/v2\/posts\/82376","targetHints":{"allow":["GET"]}}],"collection":[{"href":"https:\/\/obera.fr\/hu\/wp-json\/wp\/v2\/posts"}],"about":[{"href":"https:\/\/obera.fr\/hu\/wp-json\/wp\/v2\/types\/post"}],"author":[{"embeddable":true,"href":"https:\/\/obera.fr\/hu\/wp-json\/wp\/v2\/users\/4"}],"replies":[{"embeddable":true,"href":"https:\/\/obera.fr\/hu\/wp-json\/wp\/v2\/comments?post=82376"}],"version-history":[{"count":1,"href":"https:\/\/obera.fr\/hu\/wp-json\/wp\/v2\/posts\/82376\/revisions"}],"predecessor-version":[{"id":82378,"href":"https:\/\/obera.fr\/hu\/wp-json\/wp\/v2\/posts\/82376\/revisions\/82378"}],"wp:attachment":[{"href":"https:\/\/obera.fr\/hu\/wp-json\/wp\/v2\/media?parent=82376"}],"wp:term":[{"taxonomy":"category","embeddable":true,"href":"https:\/\/obera.fr\/hu\/wp-json\/wp\/v2\/categories?post=82376"},{"taxonomy":"post_tag","embeddable":true,"href":"https:\/\/obera.fr\/hu\/wp-json\/wp\/v2\/tags?post=82376"}],"curies":[{"name":"wp","href":"https:\/\/api.w.org\/{rel}","templated":true}]}}