{"id":82475,"date":"2024-04-09T15:48:29","date_gmt":"2024-04-09T13:48:29","guid":{"rendered":"https:\/\/obera.fr\/a-mi-tanacsunk\/quels-procedes-ameliorent-qualite-air-eliminant-cov\/"},"modified":"2025-04-15T11:19:49","modified_gmt":"2025-04-15T09:19:49","slug":"quels-procedes-ameliorent-qualite-air-eliminant-cov","status":"publish","type":"post","link":"https:\/\/obera.fr\/hu\/a-mi-tanacsunk\/quels-procedes-ameliorent-qualite-air-eliminant-cov\/","title":{"rendered":"Milyen elj\u00e1r\u00e1sok jav\u00edtj\u00e1k a leveg\u0151min\u0151s\u00e9get a VOC-ok elt\u00e1vol\u00edt\u00e1s\u00e1val?"},"content":{"rendered":"\n<p>A <strong>VOC-kezel\u00e9si elj\u00e1r\u00e1soknak<\/strong> k\u00e9t csal\u00e1dja l\u00e9tezik a VOC-ok k\u00f6rnyezeti leveg\u0151b\u0151l t\u00f6rt\u00e9n\u0151 kivon\u00e1s\u00e1ra:<\/p>\n\n<ul class=\"wp-block-list\">\n<li>Helyre\u00e1ll\u00edt\u00e1si folyamatok<\/li>\n<\/ul>\n\n<p><strong>A rekuperat\u00edv elj\u00e1r\u00e1sok c\u00e9lja a VOC-ok visszanyer\u00e9se<\/strong> \u00fajrafelhaszn\u00e1l\u00e1s c\u00e9lj\u00e1b\u00f3l. Ezek k\u00f6z\u00e9 tartozik az adszorpci\u00f3 deszorpci\u00f3val, az abszorpci\u00f3, a kondenz\u00e1ci\u00f3 \u00e9s a membr\u00e1nszepar\u00e1ci\u00f3.   <\/p>\n\n<ul class=\"wp-block-list\">\n<li>Megsemmis\u00edt\u00e9si folyamat  <\/li>\n<\/ul>\n\n<p>A rombol\u00f3 elj\u00e1r\u00e1sok a <strong>VOC-ok oxid\u00e1ci\u00f3j\u00e1n<\/strong> (katalitikus, termikus), biol\u00f3giai kezel\u00e9seken, deszorpci\u00f3 n\u00e9lk\u00fcli adszorpci\u00f3n stb. alapulnak.<\/p>\n\n<h2 class=\"wp-block-heading\">Adszorpci\u00f3<\/h2>\n\n<figure class=\"wp-block-image alignright size-full is-resized\"><img decoding=\"async\" width=\"774\" height=\"461\" src=\"https:\/\/obera.fr\/wp-content\/uploads\/2024\/09\/adsorption.png\" alt=\"Az anyagba ker&#xFC;l&#x151; &#xE9;s ott marad&#xF3; v&#xED;zcseppek\" class=\"wp-image-33956\" style=\"width:393px;height:auto\" srcset=\"https:\/\/obera.fr\/wp-content\/uploads\/2024\/09\/adsorption.png 774w, https:\/\/obera.fr\/wp-content\/uploads\/2024\/09\/adsorption-300x179.png 300w, https:\/\/obera.fr\/wp-content\/uploads\/2024\/09\/adsorption-768x457.png 768w\" sizes=\"(max-width: 774px) 100vw, 774px\" \/><\/figure>\n\n<p><strong>A VOC-molekul\u00e1k<\/strong> a Van der Waals-er\u0151k hat\u00e1s\u00e1ra nagy fajlagos fel\u00fclettel rendelkez\u0151 szil\u00e1rd anyaghoz k\u00f6t\u0151dnek. Sz\u00e1mos adszorbens anyag l\u00e9tezik: akt\u00edv sz\u00e9n, zeolit, szilikag\u00e9l, aktiv\u00e1lt alum\u00ednium-oxid \u00e9s gyanta. Az akt\u00edv sz\u00e9n a legsz\u00e9lesebb k\u00f6rben haszn\u00e1lt. Nagy fajlagos fel\u00fclettel rendelkezik (800-2000 m\u00b2\/g), \u00e9s por, szemcse vagy sz\u00f6vet form\u00e1j\u00e1ban kaphat\u00f3. Amikor az akt\u00edv sz\u00e9n tel\u00edt\u0151dik, az <strong>anyagot <\/strong>vagy <strong>kicser\u00e9lik <\/strong>\u00e9s hullad\u00e9kk\u00e9nt kezelik (por), vagy regener\u00e1lj\u00e1k a VOC-ok deszorpci\u00f3val t\u00f6rt\u00e9n\u0151 visszanyer\u00e9s\u00e9vel. Ez vagy a teljes nyom\u00e1s cs\u00f6kkent\u00e9s\u00e9t (v\u00e1kuum deszorpci\u00f3) vagy<strong>a h\u0151m\u00e9rs\u00e9klet n\u00f6vel\u00e9s\u00e9t<\/strong><a href=\"https:\/\/obera.fr\/conseils\/cov-aspiration-vapeurs-solvants\/\">(g\u0151z<\/a>, leveg\u0151 vagy forr\u00f3 semleges g\u00e1zok) jelenti. A VOC-okat ezut\u00e1n \u00fajrahasznos\u00edtj\u00e1k a termel\u00e9sben.      <\/p>\n\n<p>Az abszorpci\u00f3s vagy g\u00e1zmos\u00e1s a VOC-okat tartalmaz\u00f3 leveg\u0151 \u00e9s egy foly\u00e9kony old\u00f3szer k\u00f6z\u00f6tti \u00e9rintkez\u00e9sen alapul. Az oldhat\u00f3 VOC-ok \u00e1tmennek a folyad\u00e9kba. A v\u00edzben old\u00f3d\u00f3 VOC-ok eset\u00e9ben vizet haszn\u00e1lnak. A nehezen old\u00f3d\u00f3 VOC-ok eset\u00e9ben<strong>szilikonolaj helyettes\u00edti a vizet<\/strong>. Ezt a k\u00e9t technik\u00e1t nem haszn\u00e1lj\u00e1k sz\u00e9les k\u00f6rben, mivel a v\u00edz nem t\u00fal hat\u00e9kony, az olaj pedig meglehet\u0151sen dr\u00e1ga.    <\/p>\n\n<h2 class=\"wp-block-heading\">Kondenz\u00e1ci\u00f3<\/h2>\n\n<p>Ennek sor\u00e1n a g\u00e1znem\u0171 VOC-ot folyad\u00e9kk\u00e1 alak\u00edtj\u00e1k \u00e1t a h\u0151m\u00e9rs\u00e9klet -40 \u00b0C-ra t\u00f6rt\u00e9n\u0151 cs\u00f6kkent\u00e9s\u00e9vel mechanikus kondenz\u00e1ci\u00f3 eset\u00e9n (kompresszor \u00e9s h\u0151cser\u00e9l\u0151 haszn\u00e1lat\u00e1val), illetve &#8211; 180 \u00b0C-ra t\u00f6rt\u00e9n\u0151 kriog\u00e9n kondenz\u00e1ci\u00f3 eset\u00e9n (foly\u00e9kony nitrog\u00e9n haszn\u00e1lat\u00e1val). <strong>A folyad\u00e9kot ezut\u00e1n elv\u00e1lasztj\u00e1k a leveg\u0151t\u0151l<\/strong> a visszanyer\u00e9s c\u00e9lj\u00e1b\u00f3l. Ezt a technik\u00e1t olyan szennyezett leveg\u0151 eset\u00e9ben alkalmazz\u00e1k, amely nagy koncentr\u00e1ci\u00f3ban tartalmaz legal\u00e1bb 40\u00b0C-os forr\u00e1spont\u00fa VOC-okat. A kondenz\u00e1ci\u00f3 1000<sup>m3\/h-n\u00e1l<\/sup> kisebb szennyezett leveg\u0151\u00e1ram eset\u00e9n alkalmazhat\u00f3.   <\/p>\n\n<h2 class=\"wp-block-heading\"><strong>Membr\u00e1n elv\u00e1laszt\u00e1s<\/strong><\/h2>\n\n<p>A VOC-okkal szennyezett leveg\u0151 egy <strong>f\u00e9lig \u00e1tereszt\u0151 membr\u00e1non<\/strong> halad \u00e1t <strong>, amely<\/strong> az \u00e1thalad\u00e1s sor\u00e1n visszatartja a VOC-okat. A membr\u00e1nlev\u00e1laszt\u00e1ssal kezelt \u00e1raml\u00e1si sebess\u00e9g kevesebb mint 100<sup>m3\/h<\/sup>. Az elv\u00e1laszt\u00e1s hat\u00e9konys\u00e1ga a membr\u00e1n szerkezet\u00e9t\u0151l, a membr\u00e1n hat\u00e1r\u00e9rt\u00e9k\u00e9t\u0151l <strong>\u00e9s a sz\u0171r\u00e9s m\u0171k\u00f6d\u00e9si k\u00f6r\u00fclm\u00e9nyeit\u0151l<\/strong> f\u00fcgg. A technika dr\u00e1ga \u00e9s \u00e9rz\u00e9keny az \u00e1raml\u00e1si sebess\u00e9g \u00e9s a koncentr\u00e1ci\u00f3 v\u00e1ltoz\u00e1saira.   <\/p>\n\n<h2 class=\"wp-block-heading\"><strong>Termikus oxid\u00e1ci\u00f3<\/strong><\/h2>\n\n<p>A VOC-okat legal\u00e1bb 750\u00b0-on kell el\u00e9getni, hogy<sub>CO2-v\u00e9<\/sub> \u00e9s v\u00edzz\u00e9 alakuljanak. Az <strong>energiabevitel \u00e9s az \u00e9g\u00e9si h\u0151bevitel<\/strong> egyens\u00faly\u00e1hoz <sup>10 g\/m3<\/sup> -n\u00e9l nagyobb VOC-koncentr\u00e1ci\u00f3ra van sz\u00fcks\u00e9g. Ellenkez\u0151 esetben a folyamat nagyon energiaig\u00e9nyes lesz. Ha a VOC halog\u00e9nezett vagy k\u00e9nezett, fenn\u00e1ll a vesz\u00e9lye, hogy m\u00e9rgez\u0151 mell\u00e9kterm\u00e9kek keletkeznek, amelyek tov\u00e1bbi semleges\u00edt\u0151 kezel\u00e9st ig\u00e9nyelnek.   <\/p>\n\n<h2 class=\"wp-block-heading\"><strong>Katalitikus oxid\u00e1ci\u00f3<\/strong><\/h2>\n\n<p>Az el\u0151z\u0151 technik\u00e1hoz <strong>nemesf\u00e9m vagy f\u00e9moxid<\/strong> kataliz\u00e1tort adnak hozz\u00e1. Ez 250\u00b0 \u00e9s 400\u00b0 k\u00f6z\u00f6tti h\u0151m\u00e9rs\u00e9kleten oxid\u00e1lja a VOC-okat. A c\u00e9l az oxid\u00e1ci\u00f3val kapcsolatos energiafogyaszt\u00e1s cs\u00f6kkent\u00e9se. Bizonyos elemek (neh\u00e9zf\u00e9mek, foszfor, <sub>SO2<\/sub>) azonban hozz\u00e1j\u00e1rulnak a kataliz\u00e1tor m\u00e9rgez\u00e9s\u00e9hez \u00e9s inaktiv\u00e1l\u00e1s\u00e1hoz.     <\/p>\n\n<h2 class=\"wp-block-heading\"><strong>Mikrobiol\u00f3giai kezel\u00e9sek<\/strong><\/h2>\n\n<p>A <strong>mikrob\u00e1k aerob m\u00f3don bontj\u00e1k le a VOC-okat<sub>CO2-re<\/sub><\/strong> \u00e9s v\u00edzre. A mikrobakult\u00far\u00e1t vagy r\u00f6gz\u00edtik, vagy diszperg\u00e1lj\u00e1k egy mozg\u00f3 vagy \u00e1ll\u00f3 folyad\u00e9kf\u00e1zisban. L\u00e9teznek biofilterek, bioperkol\u00e1torok \u00e9s bioscrubberek.  <\/p>\n\n<h3 class=\"wp-block-heading\"><strong>Biofilter<\/strong><\/h3>\n\n<p>A <strong>bakt\u00e9riumok egy szerves hordoz\u00f3anyaghoz <\/strong>(t\u0151zeg, fa stb. <strong>) kapcsol\u00f3dnak <\/strong>, amelyen kereszt\u00fcl a VOC-szennyezett leveg\u0151 \u00e1raml\u00e1sa \u00e1thalad. A biol\u00f3giai aktivit\u00e1s fenntart\u00e1sa \u00e9rdek\u00e9ben a bakt\u00e9riumokat id\u0151nk\u00e9nt v\u00edzzel \u00e9s tov\u00e1bbi t\u00e1panyagokkal permetezik. <\/p>\n\n<h3 class=\"wp-block-heading\"><strong>Biopercolator<\/strong><\/h3>\n\n<p>A bakt\u00e9riumok egy <strong>szil\u00e1rd<\/strong> hordoz\u00f3ra tapadnak <strong>, amely lehet \u00e1sv\u00e1nyi vagy t\u00f6m\u00e9sekb\u0151l \u00e1ll\u00f3<\/strong>. Biofilm alakul ki, amely ak\u00e1r t\u00f6bb millim\u00e9ter vastag is lehet. A folyamatos \u00f6nt\u00f6z\u00e9s eloszlatja a vizet \u00e9s a t\u00e1panyagp\u00f3tl\u00e1st. Ez\u00e1ltal a biofilm k\u00f6r\u00fcl egy foly\u00e9kony film j\u00f6n l\u00e9tre, amelyben az oxig\u00e9n \u00e9s a VOC-ok felsz\u00edv\u00f3dnak, majd \u00e1tker\u00fclnek a biofilmbe.   <\/p>\n\n<h3 class=\"wp-block-heading\"><strong>Biolaveur<\/strong><\/h3>\n\n<p>A VOC-okat egy permetez\u0151 mos\u00f3toronyban felsz\u00edvj\u00e1k, majd <strong>egy<\/strong> szuszpend\u00e1lt biomassz\u00e1t tartalmaz\u00f3 <strong>aktiv\u00e1l\u00f3 tart\u00e1lyban biol\u00f3giailag lebontj\u00e1k<\/strong>. Az olaj\/v\u00edz emulzi\u00f3t haszn\u00e1l\u00f3 bioscrubberek k\u00e9pesek kezelni a v\u00edzben nehezen old\u00f3d\u00f3 vagy a mikroorganizmusokra m\u00e9rgez\u0151 vegy\u00fcleteket. <\/p>\n\n<h3 class=\"wp-block-heading\"><strong>A kezel\u00e9s megv\u00e1laszt\u00e1sa<\/strong><\/h3>\n\n<p>Ez f\u00fcgg a kezelend\u0151 VOC-k jelleg\u00e9t\u0151l, a <strong>szennyezett leveg\u0151ben l\u00e9v\u0151<\/strong> minim\u00e1lis, <strong>maxim\u00e1lis \u00e9s \u00e1tlagos<\/strong> koncentr\u00e1ci\u00f3j\u00e1t\u00f3l, valamint a leveg\u0151 fizikai k\u00f6r\u00fclm\u00e9nyeit\u0151l (h\u0151m\u00e9rs\u00e9klet, relat\u00edv p\u00e1ratartalom, por vagy m\u00e1s szennyez\u0151 anyagok jelenl\u00e9te stb.).  <\/p>\n\n<p>Abban az esetben, ha egy vagy k\u00e9t kezelend\u0151 VOC-ot kibocs\u00e1t\u00f3 folyamatr\u00f3l van sz\u00f3, \u00e9s a VOC(ok) \u00fajrafelhaszn\u00e1l\u00e1sa nyeres\u00e9gesnek bizonyul, a visszanyer\u00e9si technika v\u00e1laszthat\u00f3; a VOC-koncentr\u00e1ci\u00f3 \u00e9s a szennyezett leveg\u0151 megfelel\u0151 \u00e1raml\u00e1si sebess\u00e9g\u00e9nek f\u00fcggv\u00e9ny\u00e9ben.  <\/p>\n\n<p>3 vagy t\u00f6bb VOC eset\u00e9n a legjobb, ha a destrukt\u00edv technik\u00e1t v\u00e1lasztja.<\/p>\n\n<p>Meg kell jegyezni, hogy a gy\u00e1rt\u00f3k t\u00f6bb mint 30%-a <a href=\"https:\/\/obera.fr\/produits\/traitement-cov\/filtre-atex-mobile-mobfan-4500\/\">v\u00e1lasztja az akt\u00edv sz\u00e9n alap\u00fa kezel\u00e9st<\/a>.<strong> <\/strong>lehet\u0151v\u00e9 teszi az \u00e1raml\u00e1si sebess\u00e9gek sz\u00e9les sk\u00e1l\u00e1j\u00e1t mind a destrukt\u00edv, mind a rekuperat\u00edv alkalmaz\u00e1sokhoz. Emellett kik\u00fcsz\u00f6b\u00f6lik a szagterhel\u00e9st. <\/p>\n","protected":false},"excerpt":{"rendered":"<p>A VOC-kezel\u00e9si elj\u00e1r\u00e1sok k\u00e9t csal\u00e1dj\u00e1t haszn\u00e1lj\u00e1k a VOC-ok k\u00f6rnyezeti leveg\u0151b\u0151l t\u00f6rt\u00e9n\u0151 kivon\u00e1s\u00e1ra:<\/p>\n<p>Helyre\u00e1ll\u00edt\u00e1si folyamatok<\/p>\n<p>A rekuperat\u00edv elj\u00e1r\u00e1sok c\u00e9lja a VOC-ok visszanyer\u00e9se \u00fajrafelhaszn\u00e1l\u00e1s c\u00e9lj\u00e1b\u00f3l. Ide tartozik az adszorpci\u00f3 deszorpci\u00f3val, abszorpci\u00f3val, kondenz\u00e1ci\u00f3val, membr\u00e1nszepar\u00e1ci\u00f3val stb. <\/p>\n","protected":false},"author":4,"featured_media":81945,"comment_status":"open","ping_status":"closed","sticky":false,"template":"","format":"standard","meta":{"_acf_changed":false,"_seopress_robots_primary_cat":"none","_seopress_titles_title":"Milyen elj\u00e1r\u00e1sok jav\u00edtj\u00e1k a leveg\u0151min\u0151s\u00e9get a VOC-ok elt\u00e1vol\u00edt\u00e1s\u00e1val?","_seopress_titles_desc":"A VOC-kezel\u00e9si elj\u00e1r\u00e1soknak k\u00e9t csal\u00e1dja l\u00e9tezik a VOC-ok k\u00f6rnyezeti leveg\u0151b\u0151l t\u00f6rt\u00e9n\u0151 kivon\u00e1s\u00e1ra: a visszanyer\u00e9si \u00e9s a megsemmis\u00edt\u00e9si elj\u00e1r\u00e1sok.","_seopress_robots_index":"","footnotes":""},"categories":[314],"tags":[323],"class_list":["post-82475","post","type-post","status-publish","format-standard","has-post-thumbnail","hentry","category-a-mi-tanacsunk","tag-entete-kicsi","generate-columns","tablet-grid-50","mobile-grid-100","grid-parent","grid-50","no-featured-image-padding","resize-featured-image"],"acf":[],"_links":{"self":[{"href":"https:\/\/obera.fr\/hu\/wp-json\/wp\/v2\/posts\/82475","targetHints":{"allow":["GET"]}}],"collection":[{"href":"https:\/\/obera.fr\/hu\/wp-json\/wp\/v2\/posts"}],"about":[{"href":"https:\/\/obera.fr\/hu\/wp-json\/wp\/v2\/types\/post"}],"author":[{"embeddable":true,"href":"https:\/\/obera.fr\/hu\/wp-json\/wp\/v2\/users\/4"}],"replies":[{"embeddable":true,"href":"https:\/\/obera.fr\/hu\/wp-json\/wp\/v2\/comments?post=82475"}],"version-history":[{"count":3,"href":"https:\/\/obera.fr\/hu\/wp-json\/wp\/v2\/posts\/82475\/revisions"}],"predecessor-version":[{"id":82488,"href":"https:\/\/obera.fr\/hu\/wp-json\/wp\/v2\/posts\/82475\/revisions\/82488"}],"wp:featuredmedia":[{"embeddable":true,"href":"https:\/\/obera.fr\/hu\/wp-json\/wp\/v2\/media\/81945"}],"wp:attachment":[{"href":"https:\/\/obera.fr\/hu\/wp-json\/wp\/v2\/media?parent=82475"}],"wp:term":[{"taxonomy":"category","embeddable":true,"href":"https:\/\/obera.fr\/hu\/wp-json\/wp\/v2\/categories?post=82475"},{"taxonomy":"post_tag","embeddable":true,"href":"https:\/\/obera.fr\/hu\/wp-json\/wp\/v2\/tags?post=82475"}],"curies":[{"name":"wp","href":"https:\/\/api.w.org\/{rel}","templated":true}]}}