{"id":82543,"date":"2024-04-10T11:08:55","date_gmt":"2024-04-10T09:08:55","guid":{"rendered":"https:\/\/obera.fr\/a-mi-tanacsunk\/cov-aspiration-vapeurs-solvants\/"},"modified":"2025-12-08T13:22:28","modified_gmt":"2025-12-08T11:22:28","slug":"cov-aspiration-vapeurs-solvants","status":"publish","type":"post","link":"https:\/\/obera.fr\/hu\/a-mi-tanacsunk\/cov-aspiration-vapeurs-solvants\/","title":{"rendered":"Hogyan lehet hat\u00e9konyan kivonni a VOC-okat az old\u00f3szerekb\u0151l?"},"content":{"rendered":"\n<p>Az <strong>ill\u00e9kony szerves vegy\u00fcletek (VOC)<\/strong> t\u00f6bb ezer vegyi anyagot foglalnak magukba, amelyek term\u00e9kekben, kieg\u00e9sz\u00edt\u0151kben, berendez\u00e9sekben tal\u00e1lhat\u00f3k egy ipari telephely munka\u00e1llom\u00e1sain. Az ipar \u00e1ltal haszn\u00e1lt vagy gy\u00e1rtott term\u00e9kek k\u00f6z\u00fcl az old\u00f3szerek k\u00fcl\u00f6n\u00f6sen ill\u00e9kony szerves vegy\u00fcletekb\u0151l (VOC) \u00e1ll\u00f3 g\u0151z\u00f6ket \u00e9s aeroszolokat bocs\u00e1tanak ki. <\/p>\n\n<p>Tiszt\u00e1n, vagy term\u00e9kek \u00f6sszet\u00e9tel\u00e9ben, ezeket az old\u00f3szereket k\u00fcl\u00f6nb\u00f6z\u0151 ipari folyamatokban, valamint karbantart\u00e1si, tiszt\u00edt\u00e1si \u00e9s fenntart\u00e1si m\u0171veletekben haszn\u00e1lj\u00e1k. \u00c1titatj\u00e1k az ebb\u0151l ered\u0151 <strong>hullad\u00e9kot<\/strong>, beszennyezik a haszn\u00e1lt kieg\u00e9sz\u00edt\u0151ket \u00e9s berendez\u00e9seket. <\/p>\n\n<p>Val\u00f3j\u00e1ban minden old\u00f3szerhaszn\u00e1lat szennyezi a k\u00f6rnyezeti leveg\u0151t VOC-k kibocs\u00e1t\u00e1s\u00e1val. Az old\u00f3szerek azonban gyakran <strong>toxikus hat\u00e1sokat<\/strong> v\u00e1ltanak ki, \u00e9s k\u00f6nnyen meggyulladnak. Ez\u00e9rt kock\u00e1zatokat rejt mag\u00e1ban, mind a munkav\u00e1llal\u00f3k eg\u00e9szs\u00e9g\u00e9re \u00e9s biztons\u00e1g\u00e1ra, mind a k\u00f6rnyezetre n\u00e9zve; gazdas\u00e1gi \u00e9s jogi k\u00f6vetkezm\u00e9nyekkel j\u00e1rva. <\/p>\n\n<p>Ezen kock\u00e1zatok megel\u0151z\u00e9se \u00e9rdek\u00e9ben a <strong>szab\u00e1lyoz\u00e1s hat\u00e1r\u00e9rt\u00e9keket \u00edr el\u0151 a VOC-koncentr\u00e1ci\u00f3ra<\/strong> a leveg\u0151ben. E k\u00f6telezetts\u00e9g teljes\u00edt\u00e9s\u00e9hez az egyik megold\u00e1s az old\u00f3szerg\u0151z\u00f6kkel szennyezett l\u00e9gk\u00f6r hat\u00e9kony elsz\u00edv\u00e1sa, majd annak kezel\u00e9se speci\u00e1lis sz\u0171r\u0151berendez\u00e9ssel. <\/p>\n\n<h2 class=\"wp-block-heading\">Az old\u00f3szerek kateg\u00f3ri\u00e1i<\/h2>\n\n<p>K\u00fcl\u00f6nbs\u00e9get kell tenni a k\u00f6vetkez\u0151k k\u00f6z\u00f6tt :<\/p>\n\n<ul class=\"wp-block-list\">\n<li>Ill\u00e9kony szerves vegy\u00fcleteket kibocs\u00e1t\u00f3 <strong>szerves old\u00f3szerek<\/strong>.<\/li>\n\n\n\n<li>A <strong>savas vagy l\u00fagos vizes oldatok<\/strong>. Savas vagy l\u00fagos g\u0151z\u00f6ket, valamint VOC-kat (szerves savakat) bocs\u00e1tanak ki.<\/li>\n\n\n\n<li>Savas vagy l\u00fagos g\u0151z\u00f6ket kibocs\u00e1t\u00f3 <strong>mos\u00f3szerek<\/strong> \u00e9s VOC-k, ha old\u00f3szereket (alkoholokat, glikol\u00e9tereket stb.), illatanyagokat, sz\u00ednez\u00e9keket stb. tartalmaznak.<\/li>\n\n\n\n<li>Biol\u00f3giai aeroszolokat kibocs\u00e1t\u00f3 <strong>vizes mikrobiol\u00f3giai oldatok<\/strong> <\/li>\n<\/ul>\n\n<h2 class=\"wp-block-heading\">Az old\u00f3szerek kock\u00e1zatai \u00e9s hat\u00e1suk<\/h2>\n\n<p>Az old\u00f3szerek kock\u00e1zatot jelentenek az emberi eg\u00e9szs\u00e9gre, <strong>t\u0171z- \u00e9s robban\u00e1svesz\u00e9lyt<\/strong> (ATEX kock\u00e1zat), <a href=\"https:\/\/obera.fr\/hu\/ujrahasznositas\/purificateur-gestion-dechets\/\">k\u00f6rnyezeti kock\u00e1zatokat<\/a>.<\/p>\n\n<h3 class=\"wp-block-heading\">Az old\u00f3szerekkel \u00e9s g\u0151zeikkel kapcsolatos eg\u00e9szs\u00e9g\u00fcgyi kock\u00e1zatok<\/h3>\n\n<p>Amikor az emberek old\u00f3szerekkel \u00e9s g\u0151zeikkel \u00e9rintkeznek, ki vannak t\u00e9ve :  <\/p>\n\n<figure class=\"wp-block-image alignright size-full is-resized\"><img decoding=\"async\" width=\"712\" height=\"478\" src=\"https:\/\/obera.fr\/wp-content\/uploads\/2024\/09\/toxique-1.png\" alt=\"Vegy&#xE9;sz feh&#xE9;r k&#xF6;penyben &#xE9;s k&#xE9;k keszty&#x171;ben egy k&#xE9;k k&#xE9;miai anyagot mutat be egy &#xFC;vegben\" class=\"wp-image-33941\" style=\"width:500px\" srcset=\"https:\/\/obera.fr\/wp-content\/uploads\/2024\/09\/toxique-1.png 712w, https:\/\/obera.fr\/wp-content\/uploads\/2024\/09\/toxique-1-300x201.png 300w\" sizes=\"(max-width: 712px) 100vw, 712px\" \/><\/figure>\n\n<ul class=\"wp-block-list\">\n<li><strong>toxikus kock\u00e1zatok <\/strong>(k\u00fcl\u00f6n\u00f6sen szerves old\u00f3szerek),  <\/li>\n\n\n\n<li><strong>a mar\u00f3 hat\u00e1s kock\u00e1zata<\/strong> (savas \u00e9s l\u00fagos vizes oldatok),  <\/li>\n\n\n\n<li><strong><a href=\"https:\/\/obera.fr\/hu\/gyogyszeripar\/\">biol\u00f3giai kock\u00e1zatokat<\/a><\/strong> (mikrobiol\u00f3giai vizes oldatok). <\/li>\n<\/ul>\n\n<p>Az el\u00e9r\u00e9sek a k\u00f6vetkez\u0151k szerint t\u00f6rt\u00e9nnek :<\/p>\n\n<ul class=\"wp-block-list\">\n<li><strong>t\u00fcd\u0151<\/strong> (g\u0151z\u00f6k vagy aeroszolok bel\u00e9gz\u00e9s\u00e9vel t\u00f6rt\u00e9n\u0151 behatol\u00e1s),  <\/li>\n\n\n\n<li><strong>b\u0151r\u00f6n \u00e1t<\/strong> (\u00e9rintkez\u00e9s az old\u00f3szerrel),  <\/li>\n\n\n\n<li><strong>em\u00e9szt\u00e9s<\/strong> (p\u00e9ld\u00e1ul old\u00f3szerrel szennyezett \u00e9tel vagy ital a kezeken kereszt\u00fcl).  <\/li>\n<\/ul>\n\n<p>Ezenk\u00edv\u00fcl m\u00e1s szervek is k\u00e1rosodhatnak: sz\u00edv, agy, m\u00e1j, vese&#8230; A hat\u00e1sok enyhe, reverzibilis t\u00fcnetekhez (fejf\u00e1j\u00e1s, h\u00e1nyinger, irrit\u00e1ci\u00f3&#8230;) vezethetnek, valamint s\u00falyos t\u00fcnetekhez vagy betegs\u00e9gekhez (eszm\u00e9letveszt\u00e9s, cirr\u00f3zis, r\u00e1k, sejtelv\u00e1ltoz\u00e1s, reprodukci\u00f3s probl\u00e9m\u00e1k&#8230;). <\/p>\n\n<p>A hat\u00e1s m\u00e9rt\u00e9ke a k\u00f6vetkez\u0151kt\u0151l f\u00fcgg  <\/p>\n\n<ul class=\"wp-block-list\">\n<li>az old\u00f3szerben l\u00e9v\u0151 <strong>vegyi anyagok toxicit\u00e1sa<\/strong>,  <\/li>\n\n\n\n<li>az emberi testbe<strong> val\u00f3 behatol\u00e1s \u00fatja<\/strong>,  <\/li>\n\n\n\n<li>a munkav\u00e1llal\u00f3 \u00e1ltal az egyes expoz\u00edci\u00f3k sor\u00e1n <strong>kapott d\u00f3zis<\/strong>,  <\/li>\n\n\n\n<li>az old\u00f3szerrel <strong>val\u00f3 \u00e9rintkez\u00e9s gyakoris\u00e1ga <\/strong>,  <\/li>\n\n\n\n<li>a munkav\u00e1llal\u00f3 \u00e1ltal a<strong>bel\u00e9gz\u00e9s \u00fatj\u00e1n t\u00f6rt\u00e9n\u0151 expoz\u00edci\u00f3<\/strong> idej\u00e9n kifejtett fizikai er\u0151fesz\u00edt\u00e9s, az expoz\u00edci\u00f3ra adott biol\u00f3giai reakci\u00f3ja, amely a genetikai adotts\u00e1gaihoz kapcsol\u00f3dik, az expon\u00e1lt munkav\u00e1llal\u00f3 eg\u00e9szs\u00e9gi \u00e1llapota, k\u00f6rnyezete \u00e9s \u00e9letm\u00f3dja stb.  <\/li>\n<\/ul>\n\n<p>A m\u00e9rgez\u00e9sek t\u00f6bbs\u00e9ge old\u00f3szerg\u0151z\u00f6k vagy aeroszolok bel\u00e9legz\u00e9s\u00e9vel t\u00f6rt\u00e9nik. Magas old\u00f3szer- vagy helyis\u00e9g-h\u0151m\u00e9rs\u00e9klet, nagy <strong>old\u00f3szerp\u00e1rolg\u00e1si fel\u00fclet<\/strong>, l\u00e9g\u00e1ramlat el\u0151seg\u00edti a t\u00fcd\u0151n kereszt\u00fcli bejut\u00e1st. <\/p>\n\n<h3 class=\"wp-block-heading\">Az old\u00f3szerek \u00e9s g\u0151zeik \u00e1ltal jelentett biztons\u00e1gi kock\u00e1zat.<\/h3>\n\n<p>A legt\u00f6bb szerves old\u00f3szer gy\u00fal\u00e9kony. Ha nem k\u00f6zvetlen\u00fcl robban\u00e1svesz\u00e9lyesek, haszn\u00e1lati k\u00f6r\u00fclm\u00e9nyeik robban\u00e1svesz\u00e9lyes <strong>l\u00e9gk\u00f6rt (ATEX)<\/strong> eredm\u00e9nyeznek. A biztons\u00e1gi kock\u00e1zat az egyes old\u00f3szerek fizikai-k\u00e9miai jellemz\u0151it\u0151l f\u00fcgg: lobban\u00e1spont, \u00f6ngyullad\u00e1si h\u0151m\u00e9rs\u00e9klet, robban\u00e1si tartom\u00e1ny, g\u0151zs\u0171r\u0171s\u00e9g; valamint az old\u00f3szerg\u0151z\u00f6k gy\u00fajt\u00f3forr\u00e1sait\u00f3l: l\u00e1ng, forr\u00f3 fel\u00fclet, statikus elektromoss\u00e1g&#8230; A t\u00fczek \u00e9s robban\u00e1sok <strong>fizikai \u00e9s k\u00e9miai hat\u00e1sokat fejtenek ki<\/strong> a munkav\u00e1llal\u00f3kra \u00e9s a lakoss\u00e1gra, az \u00e9p\u00edtett k\u00f6rnyezetre, egy ipari telephely <a href=\"https:\/\/obera.fr\/hu\/a-mi-tanacsunk\/cov-processus-industriels-quelle-strategie-attenuation\/\">term\u00e9szetes k\u00f6rnyezet\u00e9re<\/a> \u00e9s k\u00f6rny\u00e9k\u00e9re.<\/p>\n\n<h3 class=\"wp-block-heading\">Az old\u00f3szerek \u00e9s g\u0151z\u00f6k k\u00f6rnyezeti kock\u00e1zata.<\/h3>\n\n<p>Az old\u00f3szerg\u0151z\u00f6k kibocs\u00e1t\u00e1sa, a <strong>foly\u00e9kony old\u00f3szerek ki\u00e1raml\u00e1sa k\u00f6zvetlen szennyez\u00e9st okoz<\/strong> a leveg\u0151, a v\u00edz, a talaj tekintet\u00e9ben. De k\u00f6zvetett szennyez\u00e9st is okoz ezen 3 \u00f6kol\u00f3giai rekeszben, a k\u00f6vetkez\u0151n kereszt\u00fcl <\/p>\n\n<ul class=\"wp-block-list\">\n<li>l\u00e9gk\u00f6ri hull\u00e1mok,  <\/li>\n\n\n\n<li>a talajba \u00e9s a v\u00edzbe felsz\u00edv\u00f3dott old\u00f3szerek elp\u00e1rolg\u00e1sa,  <\/li>\n\n\n\n<li>az old\u00f3szerek leboml\u00e1sa vesz\u00e9lyesebb anyagokk\u00e1<\/li>\n\n\n\n<li>az old\u00f3szereknek az \u00e9l\u0151 szervezetek \u00e1ltali felsz\u00edv\u00f3d\u00e1sa \u00e9s bioakkumul\u00e1ci\u00f3ja.  <\/li>\n<\/ul>\n\n<p>Az <strong>old\u00f3szeres szennyez\u00e9s<\/strong> k\u00f6zvetlen\u00fcl \u00e9rinti az embert, az \u00e1llatvil\u00e1got \u00e9s a n\u00f6v\u00e9nyvil\u00e1got. Egy ipari telephely kibocs\u00e1t\u00e1sainak k\u00f6zvetett k\u00f6vetkezm\u00e9nye az old\u00f3szer jelenl\u00e9te az iv\u00f3v\u00edzben, a n\u00f6v\u00e9nyekben, a halakban.<\/p>\n\n<h2 class=\"wp-block-heading\">Milyen el\u0151\u00edr\u00e1sok befoly\u00e1solj\u00e1k az old\u00f3szerek haszn\u00e1lat\u00e1t?<\/h2>\n\n<h3 class=\"wp-block-heading\">A francia munka t\u00f6rv\u00e9nyk\u00f6nyve az old\u00f3szerrel kapcsolatos munkahelyi kock\u00e1zatok megel\u0151z\u00e9se \u00e9rdek\u00e9ben<\/h3>\n\n<p>Az old\u00f3szerek haszn\u00e1lata a <strong>Munka T\u00f6rv\u00e9nyk\u00f6nyv\u00e9nek sz\u00e1mos aspektus\u00e1t \u00e9rinti<\/strong>, k\u00fcl\u00f6n\u00f6sen a <a href=\"https:\/\/obera.fr\/sante\/\">munkahelyi eg\u00e9szs\u00e9ggel \u00e9s biztons\u00e1ggal<\/a> kapcsolatos cikkeket. A Munka T\u00f6rv\u00e9nyk\u00f6nyve foglalkozik a munk\u00e1ltat\u00f3 k\u00f6telezetts\u00e9geivel, amelyek a k\u00f6vetkez\u0151kre vonatkoznak <\/p>\n\n<ul class=\"wp-block-list\">\n<li><strong>a munkahelyi kibocs\u00e1t\u00e1sok<\/strong>, k\u00fcl\u00f6n\u00f6sen a g\u0151z\u00f6k \u00e9s aeroszolok <strong>felfog\u00e1sa<\/strong><\/li>\n\n\n\n<li>a t\u0171z- \u00e9s robban\u00e1svesz\u00e9ly (<a href=\"https:\/\/obera.fr\/hu\/vegyszerek-petrolkemiai-termekek-parakemiai-termekek\/\">ATEX kock\u00e1zat<\/a>) megel\u0151z\u00e9s\u00e9re old\u00f3szerek haszn\u00e1latakor, <\/li>\n\n\n\n<li>az old\u00f3szereket vagy azok g\u0151zeit haszn\u00e1l\u00f3 vagy feldolgoz\u00f3 <strong>munkahelyi berendez\u00e9sek megfelel\u0151s\u00e9ge<\/strong>,  <\/li>\n\n\n\n<li>az old\u00f3szerekben l\u00e9v\u0151 k\u00e9miai vegy\u00fcletek \u00e1ltal okozott <strong>k\u00e9miai, CMR<\/strong> \u00e9s biol\u00f3giai <strong>kock\u00e1zatok megel\u0151z\u00e9se<\/strong>&#8230;  <\/li>\n<\/ul>\n\n<h3 class=\"wp-block-heading\">Az old\u00f3szerekb\u0151l sz\u00e1rmaz\u00f3 VOC-kibocs\u00e1t\u00e1s hat\u00e1sainak k\u00f6rnyezetv\u00e9delmi k\u00f3dexe<\/h3>\n\n<p>A K\u00f6rnyezetv\u00e9delmi T\u00f6rv\u00e9nyk\u00f6nyv a szennyez\u00e9s megel\u0151z\u00e9s\u00e9vel foglalkozik az old\u00f3szerek szok\u00e1sos (diff\u00faz \u00e9s csatorn\u00e1zott) vagy v\u00e9letlen k\u00f6rnyezetbe jut\u00e1s\u00e1val. Meghat\u00e1rozza a k\u00f6rnyezetbe kibocs\u00e1tott hat\u00e1r\u00e9rt\u00e9keket (VLE) minden old\u00f3szerb\u0151l sz\u00e1rmaz\u00f3 VOC-ra. Ha az old\u00f3szerfogyaszt\u00e1s egy bizonyos, tev\u00e9kenys\u00e9gt\u0151l f\u00fcgg\u0151en meghat\u00e1rozott k\u00fcsz\u00f6b\u00e9rt\u00e9ket meghalad, akkor a v\u00e1llalat az <strong>K\u00f6rnyezetv\u00e9delmi Szempontb\u00f3l Oszt\u00e1lyozott L\u00e9tes\u00edtm\u00e9nyek (ICPE)<\/strong> szab\u00e1lyoz\u00e1s\u00e1t k\u00f6veti. A K\u00f6rnyezetv\u00e9delmi T\u00f6rv\u00e9nyk\u00f6nyv szab\u00e1lyozza a hullad\u00e9kkezel\u00e9st is az old\u00f3szerek haszn\u00e1lat\u00e1val kapcsolatban.<\/p>\n\n<h3 class=\"wp-block-heading\">A k\u00f6zeg\u00e9szs\u00e9g\u00fcgyi szab\u00e1lyzat az old\u00f3szer-kibocs\u00e1t\u00e1sok lakoss\u00e1gra gyakorolt hat\u00e1saira vonatkoz\u00f3an<\/h3>\n\n<p>A k\u00f6zeg\u00e9szs\u00e9g\u00fcgyi szab\u00e1lyzat foglalkozik <strong>az old\u00f3szerek<\/strong> haszn\u00e1lat\u00e1nak \u00e9s kibocs\u00e1t\u00e1s\u00e1nak a <strong>lakoss\u00e1gra<\/strong> gyakorolt eg\u00e9szs\u00e9g\u00fcgyi hat\u00e1saival, k\u00fcl\u00f6n\u00f6sen az ICPE-nek nem min\u0151s\u00fcl\u0151 tev\u00e9kenys\u00e9gek sor\u00e1n, az iv\u00f3v\u00edzben, a szennyv\u00edzben stb. t\u00f6rt\u00e9n\u0151 felhaszn\u00e1l\u00e1s sor\u00e1n.<\/p>\n\n<h3 class=\"wp-block-heading\">Az old\u00f3szerek haszn\u00e1lat\u00e1hoz kapcsol\u00f3d\u00f3 foglalkoz\u00e1si megbeteged\u00e9sek t\u00e1rsadalombiztos\u00edt\u00e1si k\u00f3dexe<\/h3>\n\n<p>A Szoci\u00e1lis Biztons\u00e1gi T\u00f6rv\u00e9nyk\u00f6nyv az old\u00f3szerek haszn\u00e1lat\u00e1ra vonatkozik, amelyek foglalkoz\u00e1si megbeteged\u00e9seket \u00e9s az ebb\u0151l ered\u0151 j\u00e1rul\u00e9kokat okozhatnak. Meghat\u00e1rozza a munk\u00e1ltat\u00f3 t\u00e1j\u00e9koztat\u00e1si k\u00f6telezetts\u00e9geit <strong>a k\u00fcl\u00f6nb\u00f6z\u0151 t\u00e1rsadalombiztos\u00edt\u00e1si szervek<\/strong> (betegbiztos\u00edt\u00e1s, nyugd\u00edjp\u00e9nzt\u00e1r&#8230;) fel\u00e9.<\/p>\n\n<h3 class=\"wp-block-heading\">ADR-el\u0151\u00edr\u00e1sok az old\u00f3szerlogisztik\u00e1ra az ipari telephelyeken<\/h3>\n\n<p>A Vesz\u00e9lyes \u00c1ruk Nemzetk\u00f6zi K\u00f6z\u00fati Sz\u00e1ll\u00edt\u00e1s\u00e1r\u00f3l sz\u00f3l\u00f3 Eur\u00f3pai Meg\u00e1llapod\u00e1s (ADR) t\u00f6bb szempontb\u00f3l is figyelembe veszi az old\u00f3szereket: az old\u00f3szer csomagol\u00e1s\u00e1nak kompatibilit\u00e1sa a sz\u00e1ll\u00edt\u00e1s sor\u00e1n (a kann\u00e1t\u00f3l a tart\u00e1lyig), valamint az <strong>old\u00f3szerek kezel\u00e9s\u00e9nek<\/strong> k\u00fcl\u00f6nleges felt\u00e9telei <strong>a kirakod\u00e1s \u00e9s a berakod\u00e1s sor\u00e1n az ipari telephelyeken.<\/strong><\/p>\n\n<h2 class=\"wp-block-heading\">Az old\u00f3g\u0151z\u00f6k vagy aeroszolok kivon\u00e1s\u00e1nak k\u00fcl\u00f6nb\u00f6z\u0151 technik\u00e1i.<\/h2>\n\n<p>Az ipari telephelyen tart\u00f3zkod\u00f3 szem\u00e9lyek bel\u00e9legz\u00e9s \u00e1ltali expoz\u00edci\u00f3j\u00e1nak cs\u00f6kkent\u00e9se ig\u00e9nyli a VOC-k \u00e9s old\u00f3szer-aeroszolok elsz\u00edv\u00e1s\u00e1t a <a href=\"https:\/\/obera.fr\/hu\/a-mi-tanacsunk\/quelles-sources-cov-contribuent-degrader-qualite-air-site-industriel\/\">k\u00f6rnyezeti leveg\u0151<\/a> tiszt\u00edt\u00e1s\u00e1hoz. El\u0151nyben r\u00e9szes\u00edtj\u00fck a forr\u00e1sn\u00e1l t\u00f6rt\u00e9n\u0151 elsz\u00edv\u00e1st, hogy a <strong>munka\u00e1llom\u00e1sonk\u00e9nti old\u00f3szer-kibocs\u00e1t\u00e1st a lehet\u0151 legnagyobb m\u00e9rt\u00e9kben<\/strong> cs\u00f6kkents\u00fck. A fennmarad\u00f3 VOC-kat pedig a helyis\u00e9g l\u00e9gk\u00f6r\u00e9nek \u00e1ltal\u00e1nos elsz\u00edv\u00e1s\u00e1val gy\u0171jtj\u00fck \u00f6ssze, amelyhez kompenz\u00e1ci\u00f3s szell\u0151ztet\u00e9st t\u00e1rs\u00edtunk. <\/p>\n\n<h3 class=\"wp-block-heading\">Az old\u00f3szerf\u00fcst\u00f6k felfog\u00e1s\u00e1ra szolg\u00e1l\u00f3 technika kiv\u00e1laszt\u00e1s\u00e1nak krit\u00e9riumai<\/h3>\n\n<p>A r\u00f6gz\u00edt\u00e9si technika kiv\u00e1laszt\u00e1sa a k\u00f6vetkez\u0151kt\u0151l f\u00fcgg:<\/p>\n\n<ul class=\"wp-block-list\">\n<li>folyamatbeli korl\u00e1toz\u00e1sok,  <\/li>\n\n\n\n<li>az \u00fczemeltet\u0151 feladat\u00e1t,  <\/li>\n\n\n\n<li>a VOC fel\u00fclete \u00e9s p\u00e1rolg\u00e1si sebess\u00e9ge, valamint a kibocs\u00e1tott VOC l\u00e9gs\u0171r\u0171s\u00e9ge.  <\/li>\n<\/ul>\n\n<p>A f\u00fcstg\u00e1zok hat\u00e9kony felfog\u00e1s\u00e1hoz t\u00f6rekedjen a :  <\/p>\n\n<ul class=\"wp-block-list\">\n<li><strong>a k\u00e9sz\u00fcl\u00e9k maxim\u00e1lis k\u00f6zels\u00e9ge <\/strong>a kibocs\u00e1t\u00f3 forr\u00e1shoz,  <\/li>\n\n\n\n<li>a kibocs\u00e1t\u00e1si z\u00f3na teljes bekapszul\u00e1z\u00e1sa \u00e9s a sz\u00edv\u00f3\u00e1ram egyenletes eloszl\u00e1sa,  <\/li>\n\n\n\n<li>olyan<strong> sz\u00edv\u00e1si sebess\u00e9g<\/strong>, amely lehet\u0151v\u00e9 teszi, hogy mind a VOC-ok, mind a bel\u0151l\u00fck sz\u00e1rmaz\u00f3 aeroszolok a l\u00e9g\u00e1ramlatba ker\u00fcljenek.  <\/li>\n<\/ul>\n\n<p>Az \u00e9rz\u00e9kel\u0151 elhelyez\u00e9se \u00e9s a f\u00fcst term\u00e9szetes mozg\u00e1s\u00e1nak figyelembev\u00e9tele (a g\u0151z s\u0171r\u0171s\u00e9g\u00e9t\u0151l f\u00fcgg\u0151en):  <\/p>\n\n<ul class=\"wp-block-list\">\n<li>megakad\u00e1lyozza, hogy a <strong>kezel\u0151 bel\u00e9gz\u00e9si z\u00f3n\u00e1ja<\/strong> \u00e1tl\u00e9pje az old\u00f3szer-kibocs\u00e1t\u00e1si z\u00f3n\u00e1t,  <\/li>\n\n\n\n<li>a <strong>huzatb\u00f3l ered\u0151 zavar\u00f3<\/strong> hat\u00e1sok, a h\u0151komfort \u00e9s az el\u0151\u00edrt zajszintek t\u00fall\u00e9p\u00e9s\u00e9nek elker\u00fcl\u00e9se.  <\/li>\n<\/ul>\n\n<p>A r\u00f6gz\u00edt\u0151eszk\u00f6z m\u00e9rete megfelel a t\u00e9rbeli korl\u00e1toknak:  <\/p>\n\n<ul class=\"wp-block-list\">\n<li>a munka\u00e1llom\u00e1son,  <\/li>\n\n\n\n<li>tev\u00e9kenys\u00e9g,  <\/li>\n\n\n\n<li>karbantart\u00e1si m\u0171veletek.  <\/li>\n<\/ul>\n\n<p>Az ATEX kock\u00e1zatot jelent\u0151 kibocs\u00e1t\u00e1sok eset\u00e9ben a<strong>gy\u0171jt\u0151berendez\u00e9snek<\/strong> meg kell felelnie az ATEX z\u00f3n\u00e1z\u00e1si krit\u00e9riumoknak.<\/p>\n\n<h3 class=\"wp-block-heading\">Milyen helyi elsz\u00edv\u00f3rendszert v\u00e1lasszak az old\u00f3szerek \u00e1ltal kibocs\u00e1tott VOC-k eset\u00e9ben?<\/h3>\n\n<p>Sz\u00e1mos helyi elsz\u00edv\u00f3 berendez\u00e9s \u00e1ll az ipari felhaszn\u00e1l\u00f3k rendelkez\u00e9s\u00e9re. Az elsz\u00edv\u00e1si ig\u00e9nyek elemz\u00e9se \u00e9s a fent eml\u00edtett kiv\u00e1laszt\u00e1si krit\u00e9riumok ir\u00e1ny\u00edtj\u00e1k a d\u00f6nt\u00e9s\u00e9t.<\/p>\n\n<h4 class=\"wp-block-heading\">Forgathat\u00f3 \u00e9s csukl\u00f3s sz\u00edv\u00f3karok vagy laborat\u00f3riumi karok old\u00f3szeres g\u0151z\u00f6kh\u00f6z<\/h4>\n\n<p>T\u00e9rbeli elhelyez\u00e9si <strong>rugalmass\u00e1guk miatt v\u00e1lasztva<\/strong>, megold\u00e1st ny\u00fajtanak az alacsony toxicit\u00e1s\u00fa VOC-k elsz\u00edv\u00e1s\u00e1ra, t\u00e9rbeli korl\u00e1tok k\u00f6z\u00f6tt v\u00e9gzett, alacsony vagy k\u00f6zepes VOC-kibocs\u00e1t\u00e1s\u00fa munk\u00e1k sor\u00e1n. C\u00e9ljuk a k\u00f6vetkez\u0151 el\u00e9r\u00e9se:<\/p>\n\n<ul class=\"wp-block-list\">\n<li><strong>A sz\u00edv\u00f3\u00e1ram optimaliz\u00e1lt elhelyez\u00e9se<\/strong> a munka\u00e1llom\u00e1s \u00e9s a szomsz\u00e9dos berendez\u00e9sek alapter\u00fclete \u00e1ltal korl\u00e1tozott t\u00e9rfogatban.  <\/li>\n\n\n\n<li><strong>Az \u00e9rz\u00e9kel\u0151 maxim\u00e1lis k\u00f6zels\u00e9ge<\/strong> a kibocs\u00e1t\u00e1si forr\u00e1shoz az optim\u00e1lis gy\u0171jt\u00e9si ter\u00fclet \u00e9rdek\u00e9ben.<\/li>\n\n\n\n<li><strong>Alkalmazkod\u00f3k\u00e9pess\u00e9g a munka el\u0151rehalad\u00e1s\u00e1hoz<\/strong> bizonyos m\u00e9ret\u0171 alkatr\u00e9szeken, vagy a munkav\u00e1llal\u00f3 poz\u00edci\u00f3j\u00e1nak v\u00e1ltoz\u00e1s\u00e1hoz a m\u0171velet sor\u00e1n. Az elsz\u00edv\u00f3 karok azonban olyan munk\u00e1khoz alkalmasak, amelyek nem ig\u00e9nyelnek t\u00fal gyakori v\u00e1ltoztat\u00e1st az elsz\u00edv\u00f3 ny\u00edl\u00e1sn\u00e1l.<\/li>\n<\/ul>\n\n<p>Az elsz\u00edv\u00f3 karok <strong>elhelyez\u00e9si rugalmass\u00e1ga<\/strong> lehet\u0151v\u00e9 teszi a kibocs\u00e1tott g\u0151z s\u0171r\u0171s\u00e9g\u00e9nek k\u00f6nny\u0171 figyelembev\u00e9tel\u00e9t. Ennek \u00e9rdek\u00e9ben az elsz\u00edv\u00f3 \u00e1raml\u00e1st a VOC k\u00f6rnyezeti l\u00e9gk\u00f6rben val\u00f3 diszperzi\u00f3s vagy koncentr\u00e1ci\u00f3s viselked\u00e9se szerint kell elhelyezni.<\/p>\n\n<p>Az elsz\u00edv\u00f3 karok \u00e9s laborat\u00f3riumi karok el\u0151nye, hogy kev\u00e9sb\u00e9 zavarj\u00e1k a kezel\u0151t. Azonban \u00e9rz\u00e9kenyebbek a <strong>l\u00e9g\u00e1raml\u00e1sok okozta l\u00e9gturbulenci\u00e1kra<\/strong>, a munkater\u00fcleten bel\u00fcli l\u00e9g\u00e1ramlatokhoz, vagy az elsz\u00edv\u00f3 karhoz k\u00f6zeli mozg\u00e1sokhoz kapcsol\u00f3d\u00f3an. Az elsz\u00edv\u00e1si t\u00e9rfogat\u00e1ram<\/p>\n\n<h4 class=\"wp-block-heading\">Mobil ipari VOC elsz\u00edv\u00f3k<\/h4>\n\n<p>Min\u00e9l t\u00f6bb VOC-t bocs\u00e1t ki a m\u0171velet, ann\u00e1l nagyobb az elsz\u00edv\u00f3 ny\u00edl\u00e1snak kell lennie. Az \u00e1ll\u00edthat\u00f3, csukl\u00f3s elsz\u00edv\u00f3 karhoz alkalmazkodva, egy <strong>t\u00e9glalap alak\u00fa elsz\u00edv\u00f3erny\u0151 nagy elsz\u00edv\u00e1si fel\u00fcletet biztos\u00edt<\/strong>. \u00cdgy nagyobb VOC-kibocs\u00e1t\u00e1sra is alkalmas, az adott m\u0171veletre \u00e9s k\u00f6rnyezet\u00e9re vonatkoz\u00f3 t\u00e9rbeli korl\u00e1tok mellett. Az elsz\u00edv\u00f3erny\u0151 sz\u00e9lesebb elsz\u00edv\u00f3 \u00e1raml\u00e1st hoz l\u00e9tre, mik\u00f6zben a lehet\u0151 legk\u00f6zelebb ker\u00fcl a VOC-kibocs\u00e1t\u00e1s forr\u00e1s\u00e1hoz. Ez\u00e1ltal nagyobb <strong>VOC-kibocs\u00e1t\u00e1si fel\u00fcletet<\/strong> tesz lehet\u0151v\u00e9, mint kor\u00e1bban. <\/p>\n\n<h4 class=\"wp-block-heading\">A VOC-kibocs\u00e1t\u00e1si z\u00f3na lez\u00e1r\u00e1s\u00e1ra szolg\u00e1l\u00f3 elsz\u00edv\u00f3fed\u00e9l<\/h4>\n\n<p>A VOC elsz\u00edv\u00f3 \u00e9s gy\u0171jt\u0151 burkolatok a <strong>munka\u00e1llom\u00e1s statikus telep\u00edt\u00e9si<\/strong> konfigur\u00e1ci\u00f3iban, vagy ipari g\u00e9peken haszn\u00e1latosak. \u00dagy vannak elrendezve, hogy befedj\u00e9k a VOC forr\u00e1s\u00e1t, \u00e9s megakad\u00e1lyozz\u00e1k a sz\u00e9tterjed\u00e9st az elsz\u00edv\u00f3 berendez\u00e9sen k\u00edv\u00fclre. A m\u0171velet kontextus\u00e1t\u00f3l f\u00fcgg\u0151en a burkolat rendelkezhet ny\u00edl\u00e1ssal vagy sem. A <strong>ny\u00edl\u00e1s m\u00e9retez\u00e9se<\/strong> befoly\u00e1solja a VOC-val terhelt l\u00e9g\u00e1ram elsz\u00edv\u00e1si sebess\u00e9g\u00e9t.<\/p>\n\n<h4 class=\"wp-block-heading\">Sz\u00edv\u00f3 h\u00e1tfalak lamin\u00e1ris \u00e1raml\u00e1s l\u00e9trehoz\u00e1s\u00e1ra a VOC-ok felfog\u00e1sa \u00e9rdek\u00e9ben<\/h4>\n\n<p>Egy VOC elsz\u00edv\u00f3 h\u00e1tlap f\u00fcgg\u0151leges fallal rendelkezik, amely elsz\u00edv\u00f3 ny\u00edl\u00e1sk\u00e9nt szolg\u00e1l. A VOC forr\u00e1sa m\u00f6g\u00e9 vagy mell\u00e9 helyezhet\u0151. A munkater\u00fclet hossz\u00e1hoz m\u00e9retezett v\u00edzszintes elsz\u00edv\u00f3r\u00e9sek sora lefedi a f\u00fcgg\u0151leges fal magass\u00e1g\u00e1t. Az elsz\u00edv\u00f3 h\u00e1tlap c\u00e9lja egy fizikai akad\u00e1ly l\u00e9trehoz\u00e1sa a kezel\u0151 \u00e9s a <strong>VOC-kibocs\u00e1t\u00e1si z\u00f3na<\/strong> k\u00f6z\u00f6tt. Ennek \u00e9rdek\u00e9ben v\u00edzszintesen sz\u00edvja el a teljes munkater\u00fcletet. Val\u00f3j\u00e1ban az elsz\u00edv\u00e1s egyenletesen oszlik el a teljes f\u00fcgg\u0151leges falon; mind magass\u00e1gban, mind hossz\u00fas\u00e1gban. <\/p>\n\n<p>A homog\u00e9n l\u00e9g\u00e1ram a kezel\u0151t\u0151l az elsz\u00edv\u00f3 fal fel\u00e9 t\u00e1vozik; a VOC-kibocs\u00e1t\u00e1s forr\u00e1sa az \u00e1raml\u00e1s \u00fatj\u00e1ban helyezkedik el. A <strong>elsz\u00edv\u00f3 h\u00e1tlap<\/strong> lehet\u0151v\u00e9 teszi nagyobb hossz\u00fas\u00e1g\u00fa munkater\u00fcletek elsz\u00edv\u00e1s\u00e1t, mint az elsz\u00edv\u00f3 asztalok. J\u00f3l alkalmazhat\u00f3 nagym\u00e9ret\u0171 t\u00e1rgyakon v\u00e9gzett m\u0171veletekhez, vagy ha a m\u0171veletek a kibocs\u00e1t\u00e1si forr\u00e1s f\u00fcgg\u0151leges vagy v\u00edzszintes elmozdul\u00e1s\u00e1t ig\u00e9nylik (p\u00e9ld\u00e1ul: t\u00f6bb m\u0171k\u00f6d\u00e9si pont egy nagym\u00e9ret\u0171 t\u00e1rgyon). J\u00f3l elsz\u00edvja azokat a VOC-kat, amelyek s\u0171r\u0171s\u00e9ge megk\u00f6zel\u00edti a leveg\u0151\u00e9t. Val\u00f3j\u00e1ban ezek a VOC-k k\u00f6nnyen keverednek a leveg\u0151vel, a munkater\u00fclet h\u00e1rom dimenzi\u00f3j\u00e1ban diffund\u00e1lva. A teljes l\u00e9gk\u00f6ri <strong>munkat\u00e9r lamin\u00e1ris \u00e1raml\u00e1sban<\/strong> t\u00f6rt\u00e9n\u0151 mozgat\u00e1s\u00e1val az elsz\u00edv\u00f3 h\u00e1tlap ellens\u00falyozza az ilyen t\u00edpus\u00fa VOC-k viselked\u00e9s\u00e9t.<\/p>\n\n<h4 class=\"wp-block-heading\">Sz\u00edv\u00f3asztal a f\u00e9lig ill\u00e9kony VOC-ok felfog\u00e1s\u00e1ra<\/h4>\n\n<p>Az elsz\u00edv\u00f3 asztal egy munkafel\u00fclet form\u00e1j\u00e1ban jelenik meg, amely a feladat c\u00e9lj\u00e1t\u00f3l f\u00fcgg\u0151en vagy egy v\u00edzszintes elsz\u00edv\u00f3r\u00e9st tartalmaz a h\u00e1tt\u00e9rben, vagy a <strong>t\u00e1bla fel\u00fclet\u00e9t hossz\u00e1ban cs\u00edkoz\u00f3 elsz\u00edv\u00f3r\u00e9seket<\/strong>. Itt az a c\u00e9l, hogy egy elsz\u00edv\u00f3 \u00e1raml\u00e1st hozzunk l\u00e9tre, amely egyenletesen oszlik el a teljes munkafel\u00fcleten. C\u00e9lja tov\u00e1bb\u00e1 egy lefel\u00e9 ir\u00e1nyul\u00f3 \u00e1raml\u00e1s l\u00e9trehoz\u00e1sa, amely a VOC-kat a munkafel\u00fclet fel\u00e9 ir\u00e1ny\u00edtja. A VOC-val terhelt \u00e1raml\u00e1s ezut\u00e1n egy k\u00f6zponti vagy helyi sz\u0171r\u0151rendszer fel\u00e9 ir\u00e1nyul. Ez ut\u00f3bbi esetben az elsz\u00edv\u00f3 asztal mobil, \u00e9s \u00e1ltal\u00e1ban a sz\u0171rt leveg\u0151t a m\u0171helybe engedheti. <\/p>\n\n<p>Az elsz\u00edv\u00f3 asztalok alkalmasak olyan munk\u00e1khoz, amelyek korl\u00e1tozott munkafel\u00fcletet ig\u00e9nyelnek. Haszn\u00e1latuk teh\u00e1t a megmunk\u00e1land\u00f3 elemek m\u00e9ret\u00e9t\u0151l f\u00fcgg, valamint a m\u0171veleti mozdulatokhoz sz\u00fcks\u00e9ges helyt\u0151l. Olyan m\u0171veletekhez alkalmasak, amelyek a kibocs\u00e1t\u00e1si forr\u00e1s <strong>t\u00e9rbeli helyzet\u00e9nek gyakori v\u00e1ltoztat\u00e1s\u00e1t<\/strong> ig\u00e9nylik (p\u00e9ld\u00e1ul kis kibocs\u00e1t\u00f3 t\u00e1rgyak kezel\u00e9se). Ezenk\u00edv\u00fcl, mivel a kibocs\u00e1t\u00e1si forr\u00e1s alatt helyezkednek el, j\u00f3l alkalmazhat\u00f3k a leveg\u0151n\u00e9l nehezebb VOC-k (f\u00e9lig ill\u00e9kony VOC-k) elsz\u00edv\u00e1s\u00e1ra.<\/p>\n\n<h4 class=\"wp-block-heading\">Modul\u00e1ris elsz\u00edv\u00f3 motorh\u00e1ztet\u0151 nagym\u00e9rt\u00e9kben ill\u00e9kony VOC-ok sz\u00e1m\u00e1ra<\/h4>\n\n<p>A munka\u00e1llom\u00e1s f\u00f6l\u00e9 helyezett old\u00f3szerg\u0151z\u00f6k elsz\u00edv\u00e1s\u00e1ra szolg\u00e1l\u00f3 berendez\u00e9s, az elsz\u00edv\u00f3erny\u0151 els\u0151sorban er\u0151sen ill\u00e9kony VOC-k elsz\u00edv\u00e1s\u00e1ra szolg\u00e1l, vagy olyan elj\u00e1r\u00e1sb\u00f3l sz\u00e1rmaz\u00f3 VOC-k elsz\u00edv\u00e1s\u00e1ra, amely felfel\u00e9 ir\u00e1nyul\u00f3 meleg l\u00e9g\u00e1ramot gener\u00e1l. A fel\u00fclr\u0151l lefel\u00e9 mozg\u00f3 l\u00e9g\u00e1ram nem haladhat \u00e1t a <strong>kezel\u0151 bel\u00e9legz\u00e9si z\u00f3n\u00e1j\u00e1n<\/strong>. Ez az elsz\u00edv\u00f3 berendez\u00e9s m\u00e1s elsz\u00edv\u00f3 rendszerek kieg\u00e9sz\u00edt\u00e9sek\u00e9nt haszn\u00e1lhat\u00f3, vagy ha m\u00e1s helyi elsz\u00edv\u00f3 rendszerek nem alkalmazhat\u00f3k az adott munkak\u00f6r\u00fclm\u00e9nyek k\u00f6z\u00f6tt. Az elsz\u00edv\u00f3erny\u0151 \u00e9rz\u00e9keny a l\u00e9g\u00e1ramlatokra, amit a rugalmas f\u00fcgg\u0151leges lamell\u00e1kb\u00f3l \u00e1ll\u00f3 felszerel\u00e9s kompenz\u00e1lhat. Ezzel javul az elsz\u00edv\u00e1si teljes\u00edtm\u00e9ny. Ha az elsz\u00edv\u00e1s CMR (r\u00e1kkelt\u0151, mutag\u00e9n, reprotoxikus) VOC-kat vagy m\u00e1s <strong>m\u00e9rgez\u0151 anyagokat<\/strong> \u00e9rint, a munk\u00e1ltat\u00f3nak m\u00e1s elsz\u00edv\u00e1si m\u00f3dot kell v\u00e1lasztania. <\/p>\n\n<h4 class=\"wp-block-heading\">Pouyes-gy\u0171r\u0171 vagy gy\u0171r\u0171 alak\u00fa eszk\u00f6z a VOC-ok felfog\u00e1s\u00e1ra a m\u0171veletek sor\u00e1n, k\u00f6r alak\u00fa ny\u00edl\u00e1sok haszn\u00e1lat\u00e1val.<\/h4>\n\n<p>A VOC-kibocs\u00e1t\u00f3 folyad\u00e9kok, mint az old\u00f3szerek, \u00e1tad\u00e1sokon \u00e9s kezel\u00e9seken mennek kereszt\u00fcl, amelyek fokozz\u00e1k a VOC-kibocs\u00e1t\u00e1st. <strong>Sz\u00e1mos m\u0171velet<\/strong> k\u00f6r alak\u00fa ny\u00edl\u00e1s keret\u00e9ben t\u00f6rt\u00e9nik. P\u00e9ld\u00e1ul: \u00e1t\u00f6nt\u00e9s, t\u00f6lt\u00e9s, mintav\u00e9tel, kever\u00e9s tart\u00e1lyokban, hord\u00f3kban, reaktorokban&#8230; Ezek a VOC-kibocs\u00e1t\u00e1st n\u00f6vel\u0151 m\u0171veletek ATEX kock\u00e1zatot is gener\u00e1lhatnak. A c\u00e9l a kibocs\u00e1t\u00e1si forr\u00e1s, amelyet a korong alak\u00fa ny\u00edl\u00e1sfel\u00fclet k\u00e9pvisel, lehet\u0151 legszorosabb k\u00f6r\u00fclhat\u00e1rol\u00e1sa. <\/p>\n\n<p>Ennek megfelel\u0151en az <strong>gy\u0171r\u0171s elsz\u00edv\u00f3 berendez\u00e9s<\/strong> egy perif\u00e9ri\u00e1s elsz\u00edv\u00f3 r\u00e9sb\u0151l \u00e1ll. Ez az elsz\u00edv\u00f3 r\u00e9s a teljes ny\u00edl\u00e1sfel\u00fcletr\u0151l elsz\u00edvja a VOC-kat. Egy f\u00e9lk\u00f6r alak\u00fa, vagy nagyobb burkolat, amely azon az oldalon nyitott, ahol a munkav\u00e1llal\u00f3 dolgozik a m\u0171velet megk\u00f6nny\u00edt\u00e9se \u00e9rdek\u00e9ben, megakad\u00e1lyozza a g\u0151z\u00f6k sz\u00e9tterjed\u00e9s\u00e9t a helyis\u00e9gben. Az elsz\u00edv\u00e1si sebess\u00e9g garant\u00e1lja, hogy a VOC-k ne \u00e9rj\u00e9k el a kezel\u0151 bel\u00e9legz\u00e9si z\u00f3n\u00e1j\u00e1t.<\/p>\n\n<h4 class=\"wp-block-heading\">Fedelekbe integr\u00e1lt elsz\u00edv\u00f3 berendez\u00e9sek az old\u00f3szerg\u0151z\u00f6k sz\u00e1m\u00e1ra.<\/h4>\n\n<p>Haszn\u00e1lj\u00e1k mer\u00edt\u0151 tart\u00e1lyokhoz, a nagym\u00e9ret\u0171 VOC-kibocs\u00e1t\u00f3 fel\u00fcletekkel rendelkez\u0151 zs\u00edrtalan\u00edt\u00f3 berendez\u00e9sekhez. Ez a berendez\u00e9s VOC-t \u00e9s szagokat kibocs\u00e1t\u00f3 <strong>hullad\u00e9kgy\u0171jt\u0151 ed\u00e9nyekhez vagy kuk\u00e1khoz<\/strong> is haszn\u00e1lhat\u00f3. <\/p>\n\n<p>A fed\u00e9lben l\u00e9v\u0151 ny\u00edl\u00e1s lehet\u0151v\u00e9 teszi az elsz\u00edvott leveg\u0151 \u00e1thalad\u00e1s\u00e1t, \u00e9s fenntartja a bels\u0151 depresszi\u00f3t z\u00e1r\u00e1s k\u00f6zben. A fed\u00e9l kinyit\u00e1sakor az elsz\u00edv\u00e1si t\u00e9rfogat\u00e1ram n\u00f6vekszik, hogy fenntartsa a <strong>kibocs\u00e1t\u00e1sok elsz\u00edv\u00e1s\u00e1nak<\/strong> hat\u00e9konys\u00e1g\u00e1t. <\/p>\n\n<h2 class=\"wp-block-heading\">K\u00f6vetkeztet\u00e9s<\/h2>\n\n<p>Az old\u00f3szerek \u00e1ltal kibocs\u00e1tott VOC-k kock\u00e1zatokat jelentenek a <strong>munkav\u00e1llal\u00f3k eg\u00e9szs\u00e9g\u00e9re \u00e9s biztons\u00e1g\u00e1ra<\/strong>, valamint a k\u00f6rnyezetre. A kibocs\u00e1t\u00e1si kontextusok sokf\u00e9les\u00e9ge \u00e9s a hat\u00e1sok soksz\u00edn\u0171s\u00e9ge t\u00f6bb jogi k\u00f3dex \u00e1ltal meghat\u00e1rozott szab\u00e1lyoz\u00e1st eredm\u00e9nyez. Ezek kollekt\u00edv megel\u0151z\u0151 int\u00e9zked\u00e9sekre k\u00f6telezik a munk\u00e1ltat\u00f3t, bele\u00e9rtve az old\u00f3szerekb\u0151l sz\u00e1rmaz\u00f3 VOC-k \u00e1ltal szennyezett leveg\u0151 elsz\u00edv\u00e1s\u00e1t. Sz\u00e1mos elsz\u00edv\u00e1si technika l\u00e9tezik. A <strong>VOC-k kibocs\u00e1t\u00e1si jellemz\u0151i \u00e9s kontextusa<\/strong> ir\u00e1ny\u00edtj\u00e1k a berendez\u00e9s kiv\u00e1laszt\u00e1s\u00e1t. Egy szak\u00e9rt\u0151 tan\u00e1csai megk\u00f6nny\u00edtik a d\u00f6nt\u00e9shozatalt.<\/p>\n","protected":false},"excerpt":{"rendered":"<p>Az ill\u00e9kony szerves vegy\u00fcletek (VOC) t\u00f6bb ezer k\u00e9miai anyagot foglalnak magukban, amelyeket az ipari telephelyen tal\u00e1lhat\u00f3 term\u00e9kek, tartoz\u00e9kok \u00e9s berendez\u00e9sek tartalmaznak. Az ipar \u00e1ltal haszn\u00e1lt vagy gy\u00e1rtott term\u00e9kek k\u00f6z\u00fcl az old\u00f3szerek k\u00fcl\u00f6n\u00f6sen ill\u00e9kony szerves vegy\u00fcletekb\u0151l (VOC) \u00e1ll\u00f3 g\u0151z\u00f6ket \u00e9s aeroszolokat bocs\u00e1tanak ki. <\/p>\n","protected":false},"author":4,"featured_media":81884,"comment_status":"open","ping_status":"closed","sticky":false,"template":"","format":"standard","meta":{"_acf_changed":false,"_seopress_robots_primary_cat":"none","_seopress_titles_title":"Hogyan lehet hat\u00e9konyan kivonni a VOC-okat az old\u00f3szerekb\u0151l?","_seopress_titles_desc":"Az ill\u00e9kony szerves vegy\u00fcletek (VOC) t\u00f6bb ezer k\u00e9miai anyagot foglalnak magukban, amelyeket az ipari telephelyen tal\u00e1lhat\u00f3 term\u00e9kek, tartoz\u00e9kok \u00e9s berendez\u00e9sek tartalmaznak.","_seopress_robots_index":"","footnotes":""},"categories":[314],"tags":[323],"class_list":["post-82543","post","type-post","status-publish","format-standard","has-post-thumbnail","hentry","category-a-mi-tanacsunk","tag-entete-kicsi","generate-columns","tablet-grid-50","mobile-grid-100","grid-parent","grid-50","no-featured-image-padding","resize-featured-image"],"acf":[],"_links":{"self":[{"href":"https:\/\/obera.fr\/hu\/wp-json\/wp\/v2\/posts\/82543","targetHints":{"allow":["GET"]}}],"collection":[{"href":"https:\/\/obera.fr\/hu\/wp-json\/wp\/v2\/posts"}],"about":[{"href":"https:\/\/obera.fr\/hu\/wp-json\/wp\/v2\/types\/post"}],"author":[{"embeddable":true,"href":"https:\/\/obera.fr\/hu\/wp-json\/wp\/v2\/users\/4"}],"replies":[{"embeddable":true,"href":"https:\/\/obera.fr\/hu\/wp-json\/wp\/v2\/comments?post=82543"}],"version-history":[{"count":3,"href":"https:\/\/obera.fr\/hu\/wp-json\/wp\/v2\/posts\/82543\/revisions"}],"predecessor-version":[{"id":135219,"href":"https:\/\/obera.fr\/hu\/wp-json\/wp\/v2\/posts\/82543\/revisions\/135219"}],"wp:featuredmedia":[{"embeddable":true,"href":"https:\/\/obera.fr\/hu\/wp-json\/wp\/v2\/media\/81884"}],"wp:attachment":[{"href":"https:\/\/obera.fr\/hu\/wp-json\/wp\/v2\/media?parent=82543"}],"wp:term":[{"taxonomy":"category","embeddable":true,"href":"https:\/\/obera.fr\/hu\/wp-json\/wp\/v2\/categories?post=82543"},{"taxonomy":"post_tag","embeddable":true,"href":"https:\/\/obera.fr\/hu\/wp-json\/wp\/v2\/tags?post=82543"}],"curies":[{"name":"wp","href":"https:\/\/api.w.org\/{rel}","templated":true}]}}