{"id":82606,"date":"2024-04-06T01:08:56","date_gmt":"2024-04-05T23:08:56","guid":{"rendered":"https:\/\/obera.fr\/a-mi-tanacsunk\/composes-organiques-volatiles-cov-impacts-gestion-industrie\/"},"modified":"2025-12-08T13:21:20","modified_gmt":"2025-12-08T11:21:20","slug":"composes-organiques-volatiles-cov-impacts-gestion-industrie","status":"publish","type":"post","link":"https:\/\/obera.fr\/hu\/a-mi-tanacsunk\/composes-organiques-volatiles-cov-impacts-gestion-industrie\/","title":{"rendered":"Ill\u00e9kony szerves vegy\u00fcletek (VOC): hat\u00e1sok \u00e9s kezel\u00e9s az iparban"},"content":{"rendered":"\n<p>Ipari telephelyen az ill\u00e9kony szerves vegy\u00fcletek, azaz a VOC-k, <strong>a k\u00f6rnyezeti leveg\u0151 szennyez\u0151anyagai k\u00f6z\u00e9 tartoznak<\/strong>, belt\u00e9ren \u00e9s k\u00fclt\u00e9ren egyar\u00e1nt. A VOC kifejez\u00e9s sz\u00e1mos k\u00e9miai anyagot foglal mag\u00e1ban. <\/p>\n\n<p>Mi a k\u00f6z\u00f6s benn\u00fck? Sz\u00e9nb\u0151l \u00e9s hidrog\u00e9nb\u0151l \u00e1llnak, \u00e9s k\u00f6rnyezeti k\u00f6r\u00fclm\u00e9nyek k\u00f6z\u00f6tt g\u00e1zf\u00e1zisban vagy k\u00f6nnyen elp\u00e1rolg\u00f3 foly\u00e9kony f\u00e1zisban tal\u00e1lhat\u00f3k. A VOC-k hat\u00e1ssal vannak a leveg\u0151 min\u0151s\u00e9g\u00e9re, k\u00f6vetkezm\u00e9nyekkel az <a href=\"https:\/\/obera.fr\/sante\/\">emberi eg\u00e9szs\u00e9gre<\/a>, a k\u00f6rnyezetre \u00e9s a gazdas\u00e1gra. Ez\u00e9rt hivatalos eur\u00f3pai szint\u0171 meghat\u00e1roz\u00e1s t\u00e1rgy\u00e1t k\u00e9pezik, \u00e9s nemzeti szinten is \u00e1t\u00fcltet\u00e9sre ker\u00fcltek. A VOC-k fizikai-k\u00e9miai tulajdons\u00e1gainak ismerete seg\u00edt a megfelel\u0151 megel\u0151z\u0151 int\u00e9zked\u00e9sek meghozatal\u00e1ban. \u00cdme egy <strong>gyors \u00e1ttekint\u00e9s<\/strong>, amely megismerteti \u00d6nnel a leveg\u0151 min\u0151s\u00e9g\u00e9t befoly\u00e1sol\u00f3 VOC-k fizikai \u00e9s k\u00e9miai saj\u00e1toss\u00e1gait.     <\/p>\n\n<h2 class=\"wp-block-heading\">A VOC-k szab\u00e1lyoz\u00e1si meghat\u00e1roz\u00e1sa<\/h2>\n\n<figure class=\"wp-block-image alignright size-large is-resized\"><img decoding=\"async\" width=\"1024\" height=\"1024\" src=\"https:\/\/obera.fr\/wp-content\/uploads\/2024\/04\/design-sans-titre-8-1-1024x1024.jpg\" alt=\"c&#xED;m n&#xE9;lk&#xFC;li terv 8 1\" class=\"wp-image-30144\" style=\"width:382px;height:auto\" srcset=\"https:\/\/obera.fr\/wp-content\/uploads\/2024\/04\/design-sans-titre-8-1-1024x1024.jpg 1024w, https:\/\/obera.fr\/wp-content\/uploads\/2024\/04\/design-sans-titre-8-1-300x300.jpg 300w, https:\/\/obera.fr\/wp-content\/uploads\/2024\/04\/design-sans-titre-8-1-150x150.jpg 150w, https:\/\/obera.fr\/wp-content\/uploads\/2024\/04\/design-sans-titre-8-1-768x768.jpg 768w, https:\/\/obera.fr\/wp-content\/uploads\/2024\/04\/design-sans-titre-8-1.jpg 1200w\" sizes=\"(max-width: 1024px) 100vw, 1024px\" \/><\/figure>\n\n<p>Az <em>egyes tev\u00e9kenys\u00e9gekn\u00e9l \u00e9s l\u00e9tes\u00edtm\u00e9nyekben<a href=\"https:\/\/obera.fr\/hu\/a-mi-tanacsunk\/cov-aspiration-vapeurs-solvants\/\">szerves old\u00f3szerek haszn\u00e1lata <\/a>sor\u00e1n keletkez\u0151 ill\u00e9kony szerves vegy\u00fcletek kibocs\u00e1t\u00e1s\u00e1nak korl\u00e1toz\u00e1s\u00e1r\u00f3l<\/em> sz\u00f3l\u00f3, 1999. m\u00e1rcius 11-i 1999\/13\/EK tan\u00e1csi ir\u00e1nyelv 2. cikk\u00e9nek 16. \u00e9s 17. \u00a7-a a k\u00f6vetkez\u0151 k\u00e9t fogalommeghat\u00e1roz\u00e1st tartalmazza:<\/p>\n\n<p><strong>Szerves vegy\u00fclet:<\/strong> \u201eminden olyan vegy\u00fclet, amely a met\u00e1n kiv\u00e9tel\u00e9vel szenet \u00e9s hidrog\u00e9nt tartalmaz, \u00e9s amelyet m\u00e1s atomok, p\u00e9ld\u00e1ul halog\u00e9nek (\u201d<em>pl. fluor, kl\u00f3r, br\u00f3m, j\u00f3d),<\/em> oxig\u00e9n, k\u00e9n, nitrog\u00e9n vagy foszfor helyettes\u00edthet, kiv\u00e9ve a sz\u00e9n-oxidokat (\u201d<em>pl. CO<\/em><em><sub>2<\/sub><\/em>) \u00e9s a karbon\u00e1tokat (\u201d<em>pl. CO<\/em><em><sub>3<\/sub><\/em><em><sup>2-<\/sup><\/em>) \u00e9s a bikarbon\u00e1tokat (<em>pl. HCO<\/em><em><sub>3<\/sub><\/em><em><sup>&#8211;<\/sup><\/em>) <strong>szervetlen<\/strong>.\u201d &#8221;  <\/p>\n\n<p><strong>Ill\u00e9kony szerves vegy\u00fclet (VOC) <\/strong>: minden olyan szerves vegy\u00fclet, amelynek g\u0151znyom\u00e1sa 293,15 K<em>(20\u00b0C<\/em>) h\u0151m\u00e9rs\u00e9kleten 0,01 kPa vagy ann\u00e1l nagyobb, vagy amelynek ill\u00e9konys\u00e1ga az adott felhaszn\u00e1l\u00e1si k\u00f6r\u00fclm\u00e9nyek k\u00f6z\u00f6tt ennek megfelel\u0151.<\/p>\n\n<p>Az ir\u00e1nyelvet a francia jogba a k\u00f6rnyezetv\u00e9delmi t\u00f6rv\u00e9nyk\u00f6nyv R224-48. cikke \u00fcltette \u00e1t. A VOC-t \u00fagy hat\u00e1rozza meg, mint \u201eminden olyan szerves vegy\u00fcletet, amelynek kezdeti forr\u00e1spontja, 101,3 kPa standard nyom\u00e1son m\u00e9rve, 250\u00b0C-n\u00e1l alacsonyabb vagy azzal egyenl\u0151.\u201d<\/p>\n\n<h2 class=\"wp-block-heading\">Ill\u00e9konyak? Igen, de t\u00f6bb\u00e9-kev\u00e9sb\u00e9! A VOC-k fizikai oszt\u00e1lyoz\u00e1sa<\/h2>\n\n<p>Ahhoz, hogy meg\u00e9rts\u00fck a <strong>VOC-k kibocs\u00e1t\u00e1s\u00e1nak m\u00e9rt\u00e9k\u00e9t<\/strong>, amelyek rontj\u00e1k a <a href=\"https:\/\/obera.fr\/hu\/ujrahasznositas\/\">k\u00f6rnyezeti leveg\u0151 min\u0151s\u00e9g\u00e9t<\/a>, meg kell ismern\u00fcnk a koncentr\u00e1ci\u00f3jukat. Ehhez egy fizikai jellemz\u0151re, az ill\u00e9konys\u00e1gra t\u00e1maszkodunk. <\/p>\n\n<p>Az ill\u00e9konys\u00e1g egy anyag k\u00f6rnyezeti h\u0151m\u00e9rs\u00e9kleten \u00e9s nyom\u00e1son val\u00f3 elp\u00e1rolg\u00e1si k\u00e9pess\u00e9ge.  <\/p>\n\n<p>A VOC-k ill\u00e9konyak, de t\u00f6bb\u00e9-kev\u00e9sb\u00e9. Mivel egy VOC ill\u00e9konys\u00e1ga a g\u0151znyom\u00e1s\u00e1t\u00f3l f\u00fcgg, a t\u00e9nyleges tel\u00edt\u00e9si koncentr\u00e1ci\u00f3t ???????? (\u00b5g.m<sup>-3<\/sup>-ben) haszn\u00e1lhatjuk <strong>oszt\u00e1lyoz\u00e1si krit\u00e9riumk\u00e9nt<\/strong>. Ezenk\u00edv\u00fcl az ill\u00e9konys\u00e1g cs\u00f6kken, ha a VOC molekulat\u00f6mege n\u00f6vekszik. A VOC-kat a szerkezet\u00fckben l\u00e9v\u0151 sz\u00e9natomok sz\u00e1ma szerint is oszt\u00e1lyozhatjuk. <\/p>\n\n<figure class=\"wp-block-table\"><table><tbody><tr><td><strong>a volatilit\u00e1s \u00e9s a nem volatilit\u00e1s k\u00f6z\u00f6tt<\/strong><\/td><td><strong>sz\u00e9natomok sz\u00e1ma<\/strong><\/td><td><strong>effekt\u00edv tel\u00edt\u00e9si koncentr\u00e1ci\u00f3 <\/strong><strong>????????<\/strong><\/td><\/tr><tr><td>VOC Nagyon ill\u00e9kony vagy ill\u00e9kony<\/td><td>nb C \u2264 11<\/td><td>???????? &gt; <sup>106 \u03bcg <\/sup><sup>.m-3<\/sup><\/td><\/tr><tr><td>VOC-IVolatilit\u00e1s K\u00f6zbens\u0151<\/td><td>12 \u2264 nb C \u2264 18<\/td><td><sup>103<\/sup> \u03bcg<sup>.m-3<\/sup> &lt;???????? \u2264<sup>106<\/sup> \u03bcg<sup>.m-3<\/sup><\/td><\/tr><tr><td>COSVSemi Volatil<\/td><td>18 &lt; nb C \u2264 32<\/td><td><sup>10-1<\/sup> \u03bcg<sup>.m-3<\/sup> &lt;???????? \u2264<sup>103<\/sup> \u03bcg<sup>.m-3<\/sup><\/td><\/tr><tr><td>CONV Szobah\u0151m\u00e9rs\u00e9kleten nem ill\u00e9kony (r\u00e9szecske)<\/td><td>nb C &gt; 32<\/td><td>???????? &lt; <sup> 10-1<\/sup> \u03bcg<sup>.m-3<\/sup><\/td><\/tr><\/tbody><\/table><\/figure>\n\n<p>Meg kell jegyezni, hogy a k\u00f6rnyezeti h\u0151m\u00e9rs\u00e9kleten nem ill\u00e9kony szerves vegy\u00fcletek (NVOCC-k) a haszn\u00e1lat meghat\u00e1rozott k\u00f6r\u00fclm\u00e9nyei k\u00f6z\u00f6tt, <a href=\"https:\/\/obera.fr\/hu\/a-mi-tanacsunk\/cov-processus-industriels-quelle-strategie-attenuation\/\">ipari folyamatokhoz kapcsol\u00f3d\u00f3<\/a>an vagy baleset (t\u0171z, robban\u00e1s) eset\u00e9n elp\u00e1rolognak.<\/p>\n\n<p>A VOC-ok egy m\u00e1sik oszt\u00e1lyoz\u00e1sa a forr\u00e1sh\u0151m\u00e9rs\u00e9kletet tekinti krit\u00e9riumnak.  <\/p>\n\n<figure class=\"wp-block-table\"><table><tbody><tr><td><strong>Volatilit\u00e1s  <\/strong><\/td><td><strong>Forral\u00e1si h\u0151m\u00e9rs\u00e9klet<\/strong><\/td><\/tr><tr><td>Nagyon ill\u00e9kony  <\/td><td>&lt; (50 &#8211; 100 \u00b0C)<\/td><\/tr><tr><td>Ill\u00e9kony<\/td><td>(50 &#8211; 100 \u00b0C) \u00e9s (240 &#8211; 260 \u00b0C) k\u00f6z\u00f6tt.<\/td><\/tr><tr><td>F\u00e9lig ill\u00e9kony  <\/td><td>(240 &#8211; 260 \u00b0C) \u00e9s (380 &#8211; 400 \u00b0C) k\u00f6z\u00f6tt.<\/td><\/tr><\/tbody><\/table><\/figure>\n\n<h2 class=\"wp-block-heading\">VOC-ok \u00e9s szagok<\/h2>\n\n<p>Egyes VOC-k szagtalanok (but\u00e1n, prop\u00e1n). M\u00e1s VOC-k t\u00f6bb\u00e9-kev\u00e9sb\u00e9 jellegzetes szaggal rendelkezhetnek. A k\u00e9ntartalm\u00fa vegy\u00fcletek, az aminok, az oxig\u00e9ntartalm\u00fa vegy\u00fcletek (ketonok, aldehidek), egyes arom\u00e1s vegy\u00fcletek k\u00fcl\u00f6n\u00f6sen illatosak. <\/p>\n\n<h2 class=\"wp-block-heading\">A VOC-ok oszt\u00e1lyoz\u00e1sa k\u00e9miai szerkezet\u00fck szerint<\/h2>\n\n<p>A <strong>VOC-k a k\u00e9miai vegy\u00fcletek sz\u00e9les oszt\u00e1ly\u00e1t alkotj\u00e1k<\/strong>, amelyek szerkezet\u00fckben \u00e9s tulajdons\u00e1gaikban nagy sokf\u00e9les\u00e9get mutatnak. K\u00f6z\u00f6s hat\u00e1suk, mint leveg\u0151-, v\u00edz- \u00e9s talajszennyez\u0151 anyagok, egyes\u00edti \u0151ket ebben az oszt\u00e1lyban. Szerkezet\u00fck azonban, k\u00fcl\u00f6n\u00f6sen a C-t\u0151l \u00e9s H-t\u00f3l elt\u00e9r\u0151 atomcsoportok jelenl\u00e9te, befoly\u00e1solja k\u00e9miai tulajdons\u00e1gaikat, \u00edgy az emberre \u00e9s a term\u00e9szetre gyakorolt <strong>toxicit\u00e1suk saj\u00e1toss\u00e1gait<\/strong>; \u00e9s ebb\u0151l k\u00f6vetkez\u0151en a gazdas\u00e1gi hat\u00e1sokat is. <\/p>\n\n<h3 class=\"wp-block-heading\">VOC szerkezeti krit\u00e9riumok<\/h3>\n\n<p>A VOC-okat t\u00f6bb, nem kiz\u00e1r\u00f3lagos szerkezeti krit\u00e9rium alapj\u00e1n k\u00fcl\u00f6nb\u00f6ztetik meg, amelyek mindegyike hozz\u00e1j\u00e1rul szennyez\u0151 tulajdons\u00e1gaik jelleg\u00e9hez \u00e9s m\u00e9rt\u00e9k\u00e9hez:  <\/p>\n\n<ul class=\"wp-block-list\">\n<li><strong>ciklikus<\/strong><em>(k\u00f6rbe z\u00e1r\u00f3d\u00f3 sz\u00e9natomok l\u00e1nca<\/em>) \u00e9s <strong>nem ciklikus<\/strong><em>(nem z\u00e1rt sz\u00e9nl\u00e1nc,<\/em> <em>a C-atomok line\u00e1risan kapcsol\u00f3dnak egym\u00e1shoz<\/em>);<\/li>\n\n\n\n<li><strong>arom\u00e1s<\/strong><em>(egy speci\u00e1lis hatsz\u00f6glet\u0171 sz\u00e9nl\u00e1nc, az \u00fagynevezett benzolgy\u0171r\u0171, amely 6 sz\u00e9natomb\u00f3l \u00e1ll, amelyek egy-egy hidrog\u00e9natomhoz kapcsol\u00f3dnak<\/em>) \u00e9s <strong>nem arom\u00e1s<\/strong><em>(egy l\u00e1nc, amely nem rendelkezik ezzel a speci\u00e1lis konfigur\u00e1ci\u00f3val<\/em>);  <\/li>\n\n\n\n<li><strong>monociklusos<\/strong><em>(egyetlen ciklikus sz\u00e9nl\u00e1nc<\/em>) kontra <strong>policiklusos<\/strong><em>(t\u00f6bb azonos gy\u0171r\u0171, amelyek egy vagy k\u00e9t k\u00f6z\u00f6s sz\u00e9natom \u00e1ltal kapcsol\u00f3dnak<\/em> egym\u00e1shoz)<\/li>\n\n\n\n<li><strong>homociklusos<\/strong><em>(kiz\u00e1r\u00f3lag C-atomokb\u00f3l \u00e1ll\u00f3 gy\u0171r\u0171<\/em>) \u00e9s <strong>heterociklusos<\/strong><em>(sz\u00e9n \u00e9s m\u00e1s, a szenet helyettes\u00edt\u0151 atomokat tartalmaz\u00f3 gy\u0171r\u0171<\/em>);<\/li>\n\n\n\n<li><strong>tel\u00edtett<\/strong> (<em>csak<\/em> <em>egyszeres sz\u00e9nk\u00f6t\u00e9sek jelenl\u00e9te<\/em>) versus <strong>tel\u00edtetlen<\/strong> (<em>kett\u0151s vagy h\u00e1rmas sz\u00e9nk\u00f6t\u00e9sek<\/em>). A tel\u00edtetlens\u00e9g fokozott reaktivit\u00e1st biztos\u00edt a VOC-knak, ami kihat a toxicit\u00e1sukra. Az arom\u00e1s szerkezetek mind tel\u00edtetlenek.<\/li>\n\n\n\n<li><strong>el\u00e1gaz\u00e1s n\u00e9lk\u00fcli <\/strong>vagy<strong> el\u00e1gaz\u00f3<\/strong><em>(a f\u0151 sz\u00e9nl\u00e1ncnak egy vagy t\u00f6bb el\u00e1gaz\u00e1sa van, amelyek vagy csak C- \u00e9s H-atomokb\u00f3l \u00e1llnak, vagy m\u00e1s atomokat tartalmaznak, amelyek jellegzetes reakci\u00f3k\u00e9pess\u00e9get [funkci\u00f3s csoportot] adnak nekik).<\/em> <\/li>\n<\/ul>\n\n<h3 class=\"wp-block-heading\">A VOC-ok oszt\u00e1lyoz\u00e1sa<\/h3>\n\n<p>A VOC-oknak k\u00e9t f\u0151 kateg\u00f3ri\u00e1ja van: az <strong>arom\u00e1s VOC-ok<\/strong> \u00e9s az <strong>alif\u00e1s<\/strong> (nem arom\u00e1s) <strong>VOC-ok<\/strong>.  <\/p>\n\n<p>Az <strong>arom\u00e1s<\/strong> VOC-k alapv\u00e1za egy benzol <strong>gy\u0171r\u0171<\/strong> (= benzolgy\u0171r\u0171). T\u00f6bb alkateg\u00f3ri\u00e1ra oszthat\u00f3k:<\/p>\n\n<ul class=\"wp-block-list\">\n<li><strong> Monociklikus<\/strong> arom\u00e1s sz\u00e9nhidrog\u00e9nek, k\u00f6zt\u00fck a BTEX (a benzol, toluol, etilbenzol, xilol r\u00f6vid\u00edt\u00e9se), amelyek mind m\u00e9rgez\u0151ek \u00e9s \u00f6kotoxikusak.<\/li>\n\n\n\n<li>a r\u00e1kkelt\u0151 tulajdons\u00e1g\u00fa <strong>policiklusos<\/strong> arom\u00e1s sz\u00e9nhidrog\u00e9nek (PAH). Ezek a <a href=\"https:\/\/obera.fr\/hu\/vegyszerek-petrolkemiai-termekek-parakemiai-termekek\/\">fosszilis energiahordoz\u00f3k k\u00e9pz\u0151d\u00e9se<\/a> (k\u0151olaj, sz\u00e9n) sor\u00e1n, vagy szerves anyagok t\u00f6k\u00e9letlen \u00e9g\u00e9sekor (f\u0171t\u0151olaj-f\u0171t\u00e9s, erd\u0151t\u00fczek stb.) szintetiz\u00e1l\u00f3dnak. <\/li>\n\n\n\n<li>arom\u00e1s <strong>heterociklusos<\/strong> vegy\u00fcletek vagy arom\u00e1s heterociklusok, amelyekben a benzolgy\u0171r\u0171 egy vagy t\u00f6bb C atomj\u00e1t m\u00e1s, a fenti meghat\u00e1roz\u00e1sban eml\u00edtett atomokkal (vagy atomcsoportokkal) helyettes\u00edtik.  <\/li>\n<\/ul>\n\n<p><strong>Az alif\u00e1s <\/strong> VOC-ok (=<strong> nem arom\u00e1s<\/strong> VOC-ok) k\u00f6z\u00e9 tartoznak a :<\/p>\n\n<ul class=\"wp-block-list\">\n<li><strong>tel\u00edtett<\/strong>: az <strong>alk\u00e1nok<\/strong>; p\u00e9ld\u00e1ul: a hex\u00e1n C<sub>6<\/sub>H<sub>14<\/sub>, amelyet ragaszt\u00f3kban, tapad\u00f3anyagokban, zs\u00edrtalan\u00edt\u00f3 folyad\u00e9kokban haszn\u00e1lnak, \u00e9s benzing\u0151z\u00f6kben is megtal\u00e1lhat\u00f3. Bel\u00e9gz\u00e9ssel \u00e9s b\u0151r\u00f6n kereszt\u00fcl is bejuthat a szervezetbe. Bel\u00e9gz\u00e9s eset\u00e9n hat\u00e1sai a sz\u00e9d\u00fcl\u00e9st\u0151l az eszm\u00e9letveszt\u00e9sig terjednek. B\u0151rrel \u00e9rintkezve b\u0151rgyullad\u00e1st okoz.<\/li>\n\n\n\n<li><strong>insatur\u00e9e<\/strong> aux propri\u00e9t\u00e9s plus polluantes&nbsp;:\n<ul class=\"wp-block-list\">\n<li>az <strong>alk\u00e9nek<\/strong> (kett\u0151s sz\u00e9nk\u00f6t\u00e9s); p\u00e9ld\u00e1ul: az etil\u00e9n C<sub>2<\/sub>H<sub>4<\/sub>, amelyet a legt\u00f6bb gy\u00fcm\u00f6lcs \u00e9s z\u00f6lds\u00e9g \u00e9r\u00e9si szerk\u00e9nt bocs\u00e1t ki, kipufog\u00f3g\u00e1zok, prop\u00e1n\u00fczem\u0171 targonc\u00e1k \u00e9s f\u00e9ny hat\u00e1s\u00e1ra m\u0171anyag zacsk\u00f3k bocs\u00e1tanak ki. Bel\u00e9gz\u00e9s eset\u00e9n sz\u00e9d\u00fcl\u00e9st, fejf\u00e1j\u00e1st, eszm\u00e9letveszt\u00e9st okozhat, \u00e9s hozz\u00e1j\u00e1rul az \u00fcvegh\u00e1zhat\u00e1shoz; <\/li>\n\n\n\n<li><strong>alkinok<\/strong> (h\u00e1rmas sz\u00e9nk\u00f6t\u00e9s); p\u00e9lda: etin vagy acetil\u00e9n<sub>C2H2<\/sub><sub>; <\/sub><sub> <\/sub> rendk\u00edv\u00fcl gy\u00fal\u00e9kony \u00e9s robban\u00e1svesz\u00e9lyes, hegeszt\u00e9shez vagy bizonyos analitikai berendez\u00e9sekben \u00fczemanyagk\u00e9nt haszn\u00e1lj\u00e1k.<\/li>\n<\/ul>\n<\/li>\n<\/ul>\n\n<p><strong>Az alk\u00e1nok, alk\u00e9nek \u00e9s alkinek<\/strong> is tartalmaznak szerkezeteket:  <\/p>\n\n<ul class=\"wp-block-list\">\n<li><strong>non-cycliques,<\/strong> les <strong>aliphatiques acycliques<\/strong>, qui sont constitu\u00e9es de cha\u00eenes&nbsp;:\n<ul class=\"wp-block-list\">\n<li>vagy line\u00e1risak. P\u00e9ld\u00e1ul <em>n<\/em>-hex\u00e1n.<\/li>\n\n\n\n<li>vagy el\u00e1gaz\u00f3.  <\/li>\n<\/ul>\n<\/li>\n\n\n\n<li><strong>cycliques (<\/strong>cycles non-aromatiques<strong>)<\/strong>, les <strong>alicycliques<\/strong> (= <strong>ali<\/strong>phatiques <strong>cycliques<\/strong>)&nbsp;: cycloalcanes, cycloalc\u00e8nes, cycloalcynes.\n<ul class=\"wp-block-list\">\n<li>A molekul\u00e1k t\u00f6bb ciklusb\u00f3l \u00e1llhatnak\n<ul class=\"wp-block-list\">\n<li>vagy 2 k\u00f6z\u00f6s sz\u00e9natom \u00e1ltal \u00f6sszekapcsol\u00f3dnak; p\u00e9lda: policiklusos cikloalk\u00e1nok<\/li>\n\n\n\n<li>vagy 1 k\u00f6z\u00f6s sz\u00e9natom \u00e1ltal \u00f6sszekapcsolva: spir\u00e1nok.  <\/li>\n<\/ul>\n<\/li>\n\n\n\n<li>A gy\u0171r\u0171 tartalmazhat a sz\u00e9nt\u0151l elt\u00e9r\u0151 atomokat is (heterociklus)  <\/li>\n\n\n\n<li>Egy gy\u0171r\u0171 el\u00e1gaz\u00e1st hordozhat. P\u00e9ld\u00e1ul a metilciklohex\u00e1n (C<sub>6<\/sub>H<sub>11<\/sub>CH<sub>3<\/sub>), amely szerves szint\u00e9zis alapja, \u00e9terek \u00e9s cellul\u00f3z old\u00f3szere, <a href=\"https:\/\/obera.fr\/hu\/tag\/repulogepipar\/\">rep\u00fcl\u0151g\u00e9p-\u00fczemanyag<\/a>. K\u00e1ros\u00edthatja a l\u00e9gutakat, a k\u00f6zponti idegrendszert, a b\u0151rt \u00e9s a szemet.  <\/li>\n<\/ul>\n<\/li>\n<\/ul>\n\n<p>Ha az <strong>alif\u00e1s vagy arom\u00e1s szerkezet<\/strong> funkcion\u00e1lis csoportk\u00e9nt azonos\u00edtott el\u00e1gaz\u00e1st tartalmaz (atomcsoport, amely jellegzetes k\u00e9miai tulajdons\u00e1gokat k\u00f6lcs\u00f6n\u00f6z neki), mint p\u00e9ld\u00e1ul egyes alk\u00e1nsz\u00e1rmaz\u00e9kok vagy PAH-ok, a VOC specifikusan befoly\u00e1solja a <a href=\"https:\/\/obera.fr\/hu\/a-mi-tanacsunk\/quels-procedes-ameliorent-qualite-air-eliminant-cov\/\">leveg\u0151 min\u0151s\u00e9g\u00e9t<\/a>. Ekkor a VOC-kat egy k\u00fcl\u00f6nleges csal\u00e1dba soroljuk:<\/p>\n\n<ul class=\"wp-block-list\">\n<li>Halog\u00e9nezett VOC-k, pl. kl\u00f3rmet\u00e1n CH\u2083Cl  <\/li>\n\n\n\n<li>K\u00e9ntartalm\u00fa VOC-k, pl.: \u03b2-merkaptoetanol C<sub>2<\/sub>H<sub>6<\/sub>OS, <\/li>\n\n\n\n<li>COV oxyg\u00e9n\u00e9s dont des&nbsp;:\n<ul class=\"wp-block-list\">\n<li>Alkoholos VOC-k, pl.: etil\u00e9nglikol C<sub>2<\/sub>H<sub>6<\/sub>O<sub>2<\/sub>; fagy\u00e1ll\u00f3k\u00e9nt, old\u00f3szerk\u00e9nt, f\u00e9kfolyad\u00e9kokban, sz\u00ednez\u00e9kekben haszn\u00e1lj\u00e1k&#8230; Bel\u00e9gz\u00e9se k\u00f6h\u00f6g\u00e9st \u00e9s fejf\u00e1j\u00e1st, lenyel\u00e9se hasi f\u00e1jdalmat, h\u00e1nyingert okoz.<\/li>\n\n\n\n<li>Ketonos VOC-k, pl.: aceton C<sub>3<\/sub>H<sub>6<\/sub>O, old\u00f3szer, amelyet a fest\u00e9k-, lakk-, gumi- \u00e9s m\u0171anyagiparban haszn\u00e1lnak&#8230; Nagyon ill\u00e9kony, nagy mennyis\u00e9gben bel\u00e9legezhet\u0151, ha a leveg\u0151ben magas a koncentr\u00e1ci\u00f3ja. A t\u00fcd\u0151n kereszt\u00fcl bejuthat a v\u00e9rbe \u00e9s sz\u00e9tterjedhet az eg\u00e9sz testben. A t\u00fcnetek az orrirrit\u00e1ci\u00f3t\u00f3l a k\u00f6zponti idegrendszer depresszi\u00f3j\u00e1ig terjednek.<\/li>\n\n\n\n<li>VOC aldehidek, pl. <sub>CH2O<\/sub>formaldehid, amelyet kisebb-nagyobb m\u00e9rt\u00e9kben minden ipari \u00e1gazatban kibocs\u00e1tanak, \u00e9s r\u00e1kkelt\u0151 anyagk\u00e9nt ismert.<\/li>\n\n\n\n<li>\u00c9teres VOC-k, pl.: etil\u00e9nglikol-n-butil-\u00e9ter (<em>EGBE<\/em>) C<sub>6<\/sub>H<sub>14<\/sub>O<sub>2<\/sub>,<\/li>\n\n\n\n<li>\u00c9szteres VOC-k, pl.: metil-acet\u00e1t C<sub>3<\/sub>H<sub>6<\/sub>O<sub>2<\/sub>. <\/li>\n<\/ul>\n<\/li>\n\n\n\n<li>Nitrog\u00e9ntartalm\u00fa VOC-k, pl.: nitroet\u00e1n C<sub>2<\/sub>H<sub>5<\/sub>NO<sub>2<\/sub>, irrit\u00e1lja a l\u00e9gutakat, k\u00e1ros\u00edthatja a v\u00e9rt, g\u00f6rcs\u00f6ket okozhat. <\/li>\n\n\n\n<li>Amino VOC-ok, mint p\u00e9ld\u00e1ul az anilin, amelyek k\u00f6nnyen adszorbe\u00e1l\u00f3dnak a munkaruh\u00e1n, a falakon, a g\u00e9peken \u00e9s a munkafel\u00fcleteken.<\/li>\n<\/ul>\n\n<p><strong>T\u00f6bb ezer anyag felel meg a VOC defin\u00edci\u00f3j\u00e1nak<\/strong>. Minden ipari \u00e1gazat leveg\u0151min\u0151s\u00e9g\u00e9t befoly\u00e1solj\u00e1k. Term\u00e9szet\u00fck ismerete seg\u00edt meg\u00e9rteni, hogyan reag\u00e1lnak az ipari telephely leveg\u0151j\u00e9ben l\u00e9v\u0151 g\u00e1zokkal \u00e9s porokkal. \u00cdgy a k\u00e9miai \u00f6sszet\u00e9tel\u00fcknek megfelel\u0151 megel\u0151z\u0151 int\u00e9zked\u00e9seket hozhatunk, k\u00fcl\u00f6n\u00f6sen a forr\u00e1sn\u00e1l t\u00f6rt\u00e9n\u0151 elsz\u00edv\u00e1s, sz\u0171r\u00e9s \u00e9s kezel\u00e9s ter\u00e9n.<\/p>\n","protected":false},"excerpt":{"rendered":"<p>Egy ipari telephelyen az ill\u00e9kony szerves vegy\u00fcletek (VOC) a k\u00f6rnyezeti l\u00e9gszennyez\u0151 anyagok r\u00e9sz\u00e9t k\u00e9pezik, mind a belt\u00e9ri, mind a k\u00fclt\u00e9ri leveg\u0151ben. A VOC kifejez\u00e9s a vegyi anyagok sz\u00e9les sk\u00e1l\u00e1j\u00e1t foglalja mag\u00e1ban.   <\/p>\n","protected":false},"author":4,"featured_media":81989,"comment_status":"open","ping_status":"closed","sticky":false,"template":"","format":"standard","meta":{"_acf_changed":false,"_seopress_robots_primary_cat":"none","_seopress_titles_title":"Ill\u00e9kony szerves vegy\u00fcletek (VOC): hat\u00e1sok \u00e9s kezel\u00e9s","_seopress_titles_desc":"Egy ipari telephelyen az ill\u00e9kony szerves vegy\u00fcletek (VOC) a k\u00f6rnyezeti l\u00e9gszennyez\u0151 anyagok r\u00e9sz\u00e9t k\u00e9pezik, mind a belt\u00e9ri, mind a k\u00fclt\u00e9ri leveg\u0151ben. A VOC kifejez\u00e9s a vegyi anyagok sz\u00e9les sk\u00e1l\u00e1j\u00e1t foglalja mag\u00e1ban. ","_seopress_robots_index":"","footnotes":""},"categories":[314],"tags":[323],"class_list":["post-82606","post","type-post","status-publish","format-standard","has-post-thumbnail","hentry","category-a-mi-tanacsunk","tag-entete-kicsi","generate-columns","tablet-grid-50","mobile-grid-100","grid-parent","grid-50","no-featured-image-padding","resize-featured-image"],"acf":[],"_links":{"self":[{"href":"https:\/\/obera.fr\/hu\/wp-json\/wp\/v2\/posts\/82606","targetHints":{"allow":["GET"]}}],"collection":[{"href":"https:\/\/obera.fr\/hu\/wp-json\/wp\/v2\/posts"}],"about":[{"href":"https:\/\/obera.fr\/hu\/wp-json\/wp\/v2\/types\/post"}],"author":[{"embeddable":true,"href":"https:\/\/obera.fr\/hu\/wp-json\/wp\/v2\/users\/4"}],"replies":[{"embeddable":true,"href":"https:\/\/obera.fr\/hu\/wp-json\/wp\/v2\/comments?post=82606"}],"version-history":[{"count":2,"href":"https:\/\/obera.fr\/hu\/wp-json\/wp\/v2\/posts\/82606\/revisions"}],"predecessor-version":[{"id":135194,"href":"https:\/\/obera.fr\/hu\/wp-json\/wp\/v2\/posts\/82606\/revisions\/135194"}],"wp:featuredmedia":[{"embeddable":true,"href":"https:\/\/obera.fr\/hu\/wp-json\/wp\/v2\/media\/81989"}],"wp:attachment":[{"href":"https:\/\/obera.fr\/hu\/wp-json\/wp\/v2\/media?parent=82606"}],"wp:term":[{"taxonomy":"category","embeddable":true,"href":"https:\/\/obera.fr\/hu\/wp-json\/wp\/v2\/categories?post=82606"},{"taxonomy":"post_tag","embeddable":true,"href":"https:\/\/obera.fr\/hu\/wp-json\/wp\/v2\/tags?post=82606"}],"curies":[{"name":"wp","href":"https:\/\/api.w.org\/{rel}","templated":true}]}}