{"id":82728,"date":"2024-01-23T11:11:27","date_gmt":"2024-01-23T09:11:27","guid":{"rendered":"https:\/\/obera.fr\/a-mi-tanacsunk\/quelles-innovations-actuelles-filtration-emissions-industrielles\/"},"modified":"2025-06-30T12:00:58","modified_gmt":"2025-06-30T10:00:58","slug":"quelles-innovations-actuelles-filtration-emissions-industrielles","status":"publish","type":"post","link":"https:\/\/obera.fr\/hu\/a-mi-tanacsunk\/quelles-innovations-actuelles-filtration-emissions-industrielles\/","title":{"rendered":"Melyek a jelenlegi innov\u00e1ci\u00f3k az ipari kibocs\u00e1t\u00e1sok portalan\u00edt\u00e1sa \u00e9s sz\u0171r\u00e9se ter\u00e9n?"},"content":{"rendered":"\n<p>Az ipari kibocs\u00e1t\u00e1sok porelt\u00e1vol\u00edt\u00e1sa \u00e9s sz\u0171r\u00e9se ter\u00e9n az innov\u00e1ci\u00f3 a sz\u0171r\u0151anyagokra \u00e9s a<strong> berendez\u00e9sek ellen\u0151rz\u00e9s\u00e9re \u00e9s karbantart\u00e1s\u00e1ra szolg\u00e1l\u00f3 technol\u00f3gi\u00e1kra<\/strong> \u00f6sszpontos\u00edt<strong>.<\/strong> A c\u00e9l a porelt\u00e1vol\u00edt\u00f3 rendszerek gyakorlatiasabb\u00e1 \u00e9s hat\u00e9konyabb\u00e1 t\u00e9tele.   <\/p>\n\n<figure class=\"wp-block-image size-large\"><img decoding=\"async\" width=\"1024\" height=\"213\" src=\"https:\/\/obera.fr\/wp-content\/uploads\/2024\/04\/design-sans-titre-19-1-1024x213.jpg\" alt=\"c&#xED;m n&#xE9;lk&#xFC;li terv 19 1\" class=\"wp-image-30193\" srcset=\"https:\/\/obera.fr\/wp-content\/uploads\/2024\/04\/design-sans-titre-19-1-1024x213.jpg 1024w, https:\/\/obera.fr\/wp-content\/uploads\/2024\/04\/design-sans-titre-19-1-300x63.jpg 300w, https:\/\/obera.fr\/wp-content\/uploads\/2024\/04\/design-sans-titre-19-1-768x160.jpg 768w, https:\/\/obera.fr\/wp-content\/uploads\/2024\/04\/design-sans-titre-19-1-1536x320.jpg 1536w, https:\/\/obera.fr\/wp-content\/uploads\/2024\/04\/design-sans-titre-19-1.jpg 1920w\" sizes=\"(max-width: 1024px) 100vw, 1024px\" \/><\/figure>\n\n<h2 class=\"wp-block-heading\">A porlev\u00e1laszt\u00f3k \u00e9s l\u00e9gsz\u0171r\u0151k jelenlegi innov\u00e1ci\u00f3s trendjei<\/h2>\n\n<h3 class=\"wp-block-heading\"><strong>Innov\u00e1ci\u00f3k a<\/strong>porelt\u00e1vol\u00edt\u00f3 rendszerek \u00e9s <strong>sz\u0171r\u0151berendez\u00e9sek <\/strong><strong>t\u00e1vkarbantart\u00e1s\u00e1ban<\/strong> <strong>: <\/strong> <\/h3>\n\n<p>Az \u00e9rz\u00e9kel\u0151k \u00e9s a &#8222;dolgok internete&#8221; technol\u00f3gi\u00e1k integr\u00e1ci\u00f3j\u00e1nak c\u00e9lja, hogy val\u00f3s idej\u0171 inform\u00e1ci\u00f3kat szolg\u00e1ltasson a porgy\u0171jt\u0151 rendszer viselked\u00e9s\u00e9r\u0151l, \u00e9s hogy ezeket az inform\u00e1ci\u00f3kat megossza a gy\u00e1rt\u00f3 \u00e9s a besz\u00e1ll\u00edt\u00f3ja k\u00f6z\u00f6tt. A <strong>porgy\u0171jt\u0151 t\u00e1voli karbantart\u00e1s\u00e1ra<\/strong> p\u00e9ld\u00e1ul modemh\u00e1zakat haszn\u00e1lnak. A c\u00e9l az, hogy az \u00fczemeltet\u0151 \u00e9s a gy\u00e1rt\u00f3 k\u00f6z\u00f6tt val\u00f3s id\u0151ben vagy ig\u00e9ny szerint meg lehessen osztani az elsz\u00edv\u00f3rendszer f\u0151bb m\u0171k\u00f6d\u00e9si param\u00e9tereit (delta P elszennyez\u0151d\u00e9s, energiafogyaszt\u00e1s, hibat\u00f6rt\u00e9net, \u00fczem\u00f3r\u00e1k sz\u00e1ma, a k\u00fcl\u00f6nb\u00f6z\u0151 alegys\u00e9gek m\u0171k\u00f6d\u00e9se stb.). Ezek a megold\u00e1sok lehet\u0151v\u00e9 teszik a berendez\u00e9s fejl\u0151d\u00e9s\u00e9nek pontosabb nyomon k\u00f6vet\u00e9s\u00e9t \u00e9s a <strong>megb\u00edzhat\u00f3s\u00e1g\u00e1nak n\u00f6vel\u00e9s\u00e9t<\/strong>, mik\u00f6zben cs\u00f6kkentik a karbantart\u00f3 szakemberek bevet\u00e9seinek sz\u00e1m\u00e1t.  <\/p>\n\n<h3 class=\"wp-block-heading\"><strong>Innov\u00e1ci\u00f3k az energiatakar\u00e9koss\u00e1g ter\u00e9n :<\/strong><\/h3>\n\n<p><strong>A tiszt\u00edt\u00e1s pontos ellen\u0151rz\u00e9se<\/strong> az egyik p\u00e9lda erre. A s\u0171r\u00edtett leveg\u0151 nagyon dr\u00e1ga folyad\u00e9k. A pontos szab\u00e1lyoz\u00e1s cs\u00f6kkenti a s\u0171r\u00edtett leveg\u0151 fogyaszt\u00e1s\u00e1t. A tiszt\u00edt\u00e1si folyamat a megfelel\u0151 pillanatban (programozott id\u0151 vagy nyom\u00e1sk\u00fcl\u00f6nbs\u00e9g) indul el. Ez cs\u00f6kkenti a tiszt\u00edt\u00e1si m\u0171veletek sz\u00e1m\u00e1t, \u00e9s k\u00f6vetkez\u00e9sk\u00e9ppen a sz\u0171r\u0151k\u00f6zegek kop\u00e1s\u00e1t \u00e9s fogyaszt\u00e1s\u00e1t. R\u00e1ad\u00e1sul az <strong>\u00faj portalan\u00edt\u00f3 berendez\u00e9st<\/strong> \u00fagy tervezt\u00e9k, hogy energiatakar\u00e9kos legyen. P\u00e9ld\u00e1ul az \u00faj Venturi s\u0171r\u00edtettleveg\u0151-befecskendez\u0151 f\u00fav\u00f3k\u00e1k haszn\u00e1lata a tiszt\u00edt\u00e1si m\u0171veletekben<strong> azonos tiszt\u00edt\u00e1si hat\u00e1s<\/strong> mellett 20-40%-kal cs\u00f6kkenti a s\u0171r\u00edtettleveg\u0151-fogyaszt\u00e1st<strong>.<\/strong>       <\/p>\n\n<p>V\u00e9g\u00fcl a sz\u00edv\u00f3\u00e1ram pontos szab\u00e1lyoz\u00e1sa jelent\u0151s megtakar\u00edt\u00e1sokat eredm\u00e9nyezhet. A ventil\u00e1tor teljes\u00edtm\u00e9nye egyenesen ar\u00e1nyos a sz\u00edv\u00f3\u00e1raml\u00e1ssal. Ez\u00e9rt fontos, hogy a sz\u00edv\u00f3\u00e1ramot ne m\u00e9retezz\u00fck t\u00fal. M\u00e1s megold\u00e1sok k\u00f6z\u00e9 tartozik <strong>a ventil\u00e1tor frekvenciav\u00e1lt\u00f3val val\u00f3 felszerel\u00e9se<\/strong> \u00e9s az \u00e1raml\u00e1si sebess\u00e9gnek a sz\u00edv\u00e1si ig\u00e9nynek megfelel\u0151 be\u00e1ll\u00edt\u00e1sa. A v\u00e1ltoztathat\u00f3 frekvenciav\u00e1lt\u00f3 a sz\u00edv\u00f3teljes\u00edtm\u00e9nyt a be\u00e1ll\u00edtott v\u00e1kuum vagy \u00e1raml\u00e1si sebess\u00e9g, illetve a felsz\u00edvand\u00f3 g\u00e9pek sz\u00e1ma szerint \u00e1ll\u00edtja be. Az \u00e1raml\u00e1si sebess\u00e9g be\u00e1ll\u00edt\u00e1sa jelent\u0151sen cs\u00f6kkenti a ventil\u00e1tor fogyaszt\u00e1s\u00e1t, valamint a f\u0171t\u00e9si fogyaszt\u00e1st, amikor a besz\u00edvott leveg\u0151t kifel\u00e9 elsz\u00edvj\u00e1k.     <\/p>\n\n<h3 class=\"wp-block-heading\"><strong>Innov\u00e1ci\u00f3k a sz\u0171r\u00e9si technol\u00f3gi\u00e1ban  <\/strong><\/h3>\n\n<p>A tev\u00e9kenys\u00e9gb\u0151l sz\u00e1rmaz\u00f3 <strong>r\u00e9szecskekibocs\u00e1t\u00e1s sokf\u00e9les\u00e9g\u00e9re<\/strong> v\u00e1laszul egy \u00faj\u00edt\u00e1st alkalmaznak: az addit\u00edv sz\u0171r\u00e9st. Ennek l\u00e9nyege, hogy egy <a href=\"https:\/\/obera.fr\/hu\/produits\/depoussiereurs-industriels\/\">porlev\u00e1laszt\u00f3 berendez\u00e9s<\/a> ben sorba rendezik a speci\u00e1lis sz\u0171r\u0151k\u00f6zegeket, hogy egy ipari folyamatb\u00f3l sz\u00e1rmaz\u00f3 \u00f6sszes port \u00e9s VOC-ot felfogj\u00e1k (pl. Dustomat 24, ePUR Box). Az eredm\u00e9ny egy szem\u00e9lyre szabott, adapt\u00edv megold\u00e1s a gy\u00e1rt\u00f3 sz\u00e1m\u00e1ra. P\u00e9ld\u00e1ul a <strong>kompozit anyagokkal<\/strong> val\u00f3 munka, a l\u00e9zerhegeszt\u00e9s vagy a 3D nyomtat\u00e1s k\u00fcl\u00f6nb\u00f6z\u0151 t\u00edpus\u00fa \u00e9s szerkezet\u0171 kibocs\u00e1t\u00e1sokat gener\u00e1l: port, nagyon finom f\u00fcst\u00f6t \u00e9s g\u00e1znem\u0171 vegy\u00fcleteket (VOC, szagok stb.).   <\/p>\n\n<p>Az anyagok \u00e9s a <strong>sz\u0171r\u0151k\u00f6zegek tervez\u00e9s\u00e9nek<\/strong> innov\u00e1ci\u00f3ja a nanotechnol\u00f3gi\u00e1kra \u00e9s a biomimikri\u00e1ra \u00f6sszpontos\u00edt. Olyan nanoanyagokat hozunk l\u00e9tre, amelyek egy bizonyos t\u00edpus\u00fa molekula<sub>(CO2<\/sub> <sub>CH4<\/sub>) sz\u0171r\u00e9s\u00e9re specializ\u00e1l\u00f3dtak, vagy \u00e9ppen ellenkez\u0151leg, k\u00e9pesek egy ipari folyamat \u00e1ltal kibocs\u00e1tott r\u00e9szecsk\u00e9k sokf\u00e9les\u00e9g\u00e9nek felfog\u00e1s\u00e1ra.   <\/p>\n\n<h2 class=\"wp-block-heading\">A l\u00e9gr\u00e9szecsk\u00e9k kimutat\u00e1s\u00e1ra, sz\u0171r\u00e9s\u00e9re \u00e9s semleges\u00edt\u00e9s\u00e9re szolg\u00e1l\u00f3 innovat\u00edv anyagokra \u00f6sszpontos\u00edtva<\/h2>\n\n<figure class=\"wp-block-image alignright size-large is-resized\"><img decoding=\"async\" width=\"1024\" height=\"1024\" src=\"https:\/\/obera.fr\/wp-content\/uploads\/2024\/04\/design-sans-titre-22-1024x1024.jpg\" alt=\"c&#xED;m n&#xE9;lk&#xFC;li terv 22\" class=\"wp-image-30197\" style=\"width:248px;height:auto\" srcset=\"https:\/\/obera.fr\/wp-content\/uploads\/2024\/04\/design-sans-titre-22-1024x1024.jpg 1024w, https:\/\/obera.fr\/wp-content\/uploads\/2024\/04\/design-sans-titre-22-300x300.jpg 300w, https:\/\/obera.fr\/wp-content\/uploads\/2024\/04\/design-sans-titre-22-150x150.jpg 150w, https:\/\/obera.fr\/wp-content\/uploads\/2024\/04\/design-sans-titre-22-768x768.jpg 768w, https:\/\/obera.fr\/wp-content\/uploads\/2024\/04\/design-sans-titre-22.jpg 1200w\" sizes=\"(max-width: 1024px) 100vw, 1024px\" \/><\/figure>\n\n<h3 class=\"wp-block-heading\">Kukoricafeh\u00e9rj\u00e9kb\u0151l k\u00e9sz\u00fclt nanosz\u0171r\u0151 el\u0151\u00e1ll\u00edt\u00e1sa<\/h3>\n\n<p>A <strong>k\u00f6rnyezetbar\u00e1t anyagok fejleszt\u00e9se az innov\u00e1ci\u00f3 egyik \u00fatja<\/strong>. P\u00e9ld\u00e1ul kukoricafeh\u00e9rj\u00e9kb\u0151l nanosz\u0171r\u0151k\u00f6zeget gy\u00e1rtottak. Ez a sz\u0171r\u0151 a r\u00e9szecsk\u00e9k 99,5%-\u00e1t k\u00e9pes felfogni, mint a jelenlegi HEPA-sz\u0171r\u0151k, de a formaldehidek 87%-\u00e1t is. Ez ut\u00f3bbi teljes\u00edtm\u00e9nye fel\u00fclm\u00falja az ilyen t\u00edpus\u00fa m\u00e9rgez\u0151 molekul\u00e1kra specializ\u00e1l\u00f3dott sz\u0171r\u0151k\u00e9t. A befog\u00e1si mechanizmus a feh\u00e9rje fel\u00fclet\u00e9n l\u00e9v\u0151 funkcion\u00e1lis csoportok azon k\u00e9pess\u00e9g\u00e9n alapul, hogy molekulafog\u00f3 cs\u00e1pokk\u00e9nt viselkednek. A feh\u00e9rje aminosavainak \u00e1trendez\u0151d\u00e9s\u00e9nek k\u00f6sz\u00f6nhet\u0151en<strong> k\u00fcl\u00f6nb\u00f6z\u0151 g\u00e1zmolekul\u00e1k egyidej\u0171 befog\u00e1s\u00e1t<\/strong> tervezik. Ezenk\u00edv\u00fcl, mivel a feh\u00e9rje hidrof\u00f3b, a sz\u0171r\u0151 nedves leveg\u0151ben is haszn\u00e1lhat\u00f3.      <\/p>\n\n<h3 class=\"wp-block-heading\">M\u00e9rgez\u0151 molekul\u00e1k semleges\u00edt\u00e9se<\/h3>\n\n<p>Az egyik<strong> \u00faj\u00edt\u00e1s egy<\/strong> t\u00f6bbkomponens\u0171<strong> sz\u00e1l nano-el\u0151\u00e1ll\u00edt\u00e1s\u00e1t foglalja mag\u00e1ban<\/strong>, amely a sz\u00e1lszerkezetbe fotokatalitikus anyagot \u00e9p\u00edt be. Ez elpuszt\u00edtja a VOC-okat, szagokat \u00e9s k\u00f3rokoz\u00f3kat, mik\u00f6zben elker\u00fcli a m\u00e1sodlagos szennyez\u0151anyagok kibocs\u00e1t\u00e1s\u00e1t. A biomimetikus szerkezet a diat\u00f3ma szerkezet\u00e9hez hasonl\u00f3, hogy maximaliz\u00e1lja a leveg\u0151 \u00e9s a tiszt\u00edt\u00f3szer k\u00f6z\u00f6tti cser\u00e9t. Ez az innov\u00e1ci\u00f3<strong> kiv\u00e1lthatja az akt\u00edvszenes sz\u0171r\u0151ket<\/strong>, kevesebb karbantart\u00e1ssal \u00e9s alacsonyabb sz\u0171r\u00e9si energi\u00e1val. Ezt az innov\u00e1ci\u00f3t a francia Purenat c\u00e9g szabadalmaztatta.    <\/p>\n\n<p>Az innov\u00e1ci\u00f3 m\u00e1sik forr\u00e1sa a<strong> sz\u0171r\u0151sz\u00f6vetek fel\u00fcletkezel\u00e9se<\/strong>. Egy \u00faj bevonat r\u00e9z prekurzort haszn\u00e1l, hogy vezet\u0151 f\u00e9m-szerves szerkezetet hozzon l\u00e9tre. Ez a m\u00e9rgez\u0151 g\u00e1zokat semleges anyagg\u00e1 alak\u00edtja \u00e1t: a nitrog\u00e9n-monoxid nitritt\u00e9 \u00e9s nitr\u00e1tt\u00e1, a hidrog\u00e9n-szulfid pedig r\u00e9z-szulf\u00e1tt\u00e1 alakul \u00e1t. A pamutba vagy <strong>poli\u00e9szterbe<\/strong> integr\u00e1lt f\u00e9m-szerves strukt\u00fara <strong>egy reakt\u00edv \u00e9s \u00fajrafelhaszn\u00e1lhat\u00f3 anyagot hoz l\u00e9tre<\/strong>. A fel\u00fcletkezel\u00e9s lehet\u0151v\u00e9 teszi egyedi mint\u00e1k l\u00e9trehoz\u00e1s\u00e1t \u00e9s a sz\u00f6vetsz\u00e1lak k\u00f6z\u00f6tti terek prec\u00edz kit\u00f6lt\u00e9s\u00e9t. Ez az anyag ellen\u00e1ll a kop\u00e1snak, az elhaszn\u00e1l\u00f3d\u00e1snak \u00e9s a szok\u00e1sos mos\u00e1snak. <strong>Intelligens sz\u0171r\u0151k<\/strong>, k\u00f6rnyezeti \u00e9rz\u00e9kel\u0151k \u00e9s egy\u00e9ni v\u00e9d\u0151felszerel\u00e9sek sz\u00e1m\u00e1ra haszn\u00e1lhat\u00f3.        <\/p>\n\n<h3 class=\"wp-block-heading\">Innov\u00e1ci\u00f3 az aeroszolos k\u00f3rokoz\u00f3k felfog\u00e1s\u00e1ban \u00e9s kimutat\u00e1s\u00e1ban.<\/h3>\n\n<p>\u00daj antiallerg\u00e9n \u00e9s antibakteri\u00e1lis technol\u00f3gi\u00e1kat \u00e9p\u00edtenek be <strong>az anyagokba, hogy eg\u00e9szs\u00e9gesebb k\u00f6rnyezetet biztos\u00edtsanak<\/strong>. A j\u00f6v\u0151ben a porgy\u0171jt\u0151 egys\u00e9gek egyes r\u00e9szei is k\u00e9sz\u00fclhetnek ilyen anyagokb\u00f3l.   <\/p>\n\n<p><a href=\"https:\/\/obera.fr\/hu\/a-mi-tanacsunk\/comment-entretenir-depoussiereur-industriel\/\">A szigor\u00fa tiszt\u00edt\u00e1si \u00e9s fert\u0151tlen\u00edt\u00e9si elj\u00e1r\u00e1sok <\/a>ellen\u00e9re a k\u00f3rh\u00e1zakban fenn\u00e1ll a fert\u0151z\u00e9svesz\u00e9ly. Erre v\u00e1laszul egy m\u0171anyagot, az akrilnitril-butadi\u00e9n-sztirolt (vagy ABS-t), amelyet sz\u00e9les k\u00f6rben haszn\u00e1lnak a k\u00f3rh\u00e1zi berendez\u00e9sekben (valamint az aut\u00f3k \u00e9s h\u00e1ztart\u00e1si elektromos k\u00e9sz\u00fcl\u00e9kek burkolat\u00e1ban, a telefon-, informatikai \u00e9s 3D nyomtat\u00e1si huzalokban),<strong> kl\u00f3rhexidinnel olvasztottak \u00f6ssze<\/strong>. Az eredm\u00e9ny egy \u00faj fel\u00fcletkezel\u0151 anyag, amely 30 perc alatt k\u00e9pes elpuszt\u00edtani a bakt\u00e9riumokat. Ez az innov\u00e1ci\u00f3 megoldja a <strong>hagyom\u00e1nyos fert\u0151tlen\u00edt\u0151szerek<\/strong> h\u00e1tr\u00e1nyait, amelyek a leveg\u0151be terjednek, \u00e9s \u00e9rint\u00e9skor kiszabadulnak a fel\u00fcletekr\u0151l. A tervek szerint a m\u0171anyag gy\u00e1rt\u00e1sakor ezt az \u00faj anyagot is hozz\u00e1adj\u00e1k.    <\/p>\n\n<p>Ugyanebben az ir\u00e1nyban kifejlesztettek egy kl\u00f3rhexidin-diglikon\u00e1ton alapul\u00f3<strong> antimikrobi\u00e1lis<\/strong>, gomba- \u00e9s v\u00edrusellenes<strong> fel\u00fcletkezel\u0151t<\/strong>, amelyet a piacon l\u00e9v\u0151 sz\u0171r\u0151k\u00f6zegekhez lehet igaz\u00edtani. Ezt a technol\u00f3gi\u00e1t a szabadalmaztat\u00e1s el\u0151tt a brit vas\u00fath\u00e1l\u00f3zat vonatain tesztelt\u00e9k. <\/p>\n\n<p>V\u00e9g\u00fcl a <strong>sz\u0171r\u0151k\u00f6zegek fel\u00fcleti bevonat\u00e1nak<\/strong> \u00faj\u00edt\u00e1sa a leveg\u0151b\u0151l t\u00f6rt\u00e9n\u0151 biol\u00f3giai mintav\u00e9telez\u00e9s fejleszt\u00e9s\u00e9t c\u00e9lozza. A c\u00e9l a bakt\u00e9riumok \u00e9s v\u00edrusok min\u00e9l kor\u00e1bbi kimutat\u00e1sa \u00e9s azonos\u00edt\u00e1sa az\u00e1ltal, hogy \u00e9lve r\u00f6gz\u00edtik \u0151ket. Ez a biol\u00f3giai kock\u00e1zat korai felismer\u00e9s\u00e9nek el\u0151felt\u00e9tele. M\u00edg a HEPA-sz\u0171r\u0151k hat\u00e9konyan k\u00e9pesek a k\u00f3rokoz\u00f3k befog\u00e1s\u00e1ra, addig \u00e9letben tart\u00e1sukra hat\u00e1stalanok. <strong>Az innov\u00e1ci\u00f3 egy \u00f6sszetett membr\u00e1nb\u00f3l \u00e1ll <\/strong>, amely egy folyad\u00e9kr\u00e9teggel van ell\u00e1tva, \u00e9s amelynek c\u00e9lja, hogy meg\u0151rizze a laborat\u00f3riumi vizsg\u00e1latra befogott bakt\u00e9rium- vagy v\u00edrusmint\u00e1k \u00e9letk\u00e9pess\u00e9g\u00e9t.     <\/p>\n\n<h3 class=\"wp-block-heading\">Innov\u00e1ci\u00f3 az ipari<sub>CO2-kibocs\u00e1t\u00e1s <\/sub> forr\u00e1sn\u00e1l t\u00f6rt\u00e9n\u0151 sz\u0171r\u00e9s\u00e9ben  <\/h3>\n\n<p>A sz\u00e9n-dioxid-kibocs\u00e1t\u00e1s sz\u0171r\u00e9se az iparban a forr\u00e1sn\u00e1l a lev\u00e1laszt\u00f3 anyagok jav\u00edt\u00e1s\u00e1val j\u00e1r.  <\/p>\n\n<p>A Si-CHA egy<strong> szil\u00edcium-dioxid-alap\u00fa krist\u00e1lyos szerkezet, amelyet egy egyenletesen por\u00f3zus membr\u00e1n l\u00e9trehoz\u00e1s\u00e1ra haszn\u00e1lnak<\/strong>, amely elv\u00e1lasztja a sz\u00e9n-dioxidot a met\u00e1nt\u00f3l vagy m\u00e1s nagyobb molekul\u00e1kt\u00f3l. A tiszta Si-CHA membr\u00e1n szint\u00e9zis\u00e9re szolg\u00e1l\u00f3 m\u00f3dszer kifejleszt\u00e9se n\u00f6veli a<sub>CO2<\/sub> elv\u00e1laszt\u00e1si teljes\u00edtm\u00e9nyt, mik\u00f6zben kevesebb gy\u00e1rt\u00e1si id\u0151t \u00e9s energi\u00e1t ig\u00e9nyel. A kutat\u00e1s folytat\u00f3dik az elj\u00e1r\u00e1s iparos\u00edt\u00e1sa \u00e9rdek\u00e9ben.  <\/p>\n\n<p>Egy m\u00e1sik innov\u00e1ci\u00f3 a <strong>piacon l\u00e9v\u0151 membr\u00e1nokat<\/strong> haszn\u00e1lja fel a<sub>CO2-szelektivit\u00e1suk<\/sub> jav\u00edt\u00e1s\u00e1ra. Ez a nanogy\u00e1rt\u00e1si technol\u00f3gia hidrofil,<sub>CO2-\u00e1tereszt\u0151<\/sub> polimerl\u00e1ncokat n\u00f6veszt a membr\u00e1n fel\u00fclet\u00e9n. Ez 150-szeres\u00e9re n\u00f6veli egy szabv\u00e1nyos membr\u00e1n<sub>CO2-szelektivit\u00e1s\u00e1t<\/sub>. A m\u00f3dos\u00edtott membr\u00e1nok a nanogy\u00e1rt\u00e1s t\u00f6bbletk\u00f6lts\u00e9gei ellen\u00e9re is nyeres\u00e9gesek maradnak. A kezdetben <strong>er\u0151m\u0171vek sz\u00e1m\u00e1ra kifejlesztett<\/strong> \u00faj membr\u00e1ntechnol\u00f3gi\u00e1t a gy\u00e1rt\u00f3kkal egy\u00fcttm\u0171k\u00f6dve optimaliz\u00e1lj\u00e1k \u00e9s diverzifik\u00e1lj\u00e1k m\u00e1s polimerek bevon\u00e1s\u00e1val, hogy megfeleljen a gy\u00e1rt\u00f3k egyedi ig\u00e9nyeinek.    <\/p>\n\n<p>Az er\u0151m\u0171vekb\u0151l sz\u00e1rmaz\u00f3<sub>CO2<\/sub> sz\u0171r\u00e9s\u00e9re szolg\u00e1l\u00f3 textilipari innov\u00e1ci\u00f3 80%-os CO2-lev\u00e1laszt\u00e1si ar\u00e1nyt \u00e9r el. A pamutsz\u00f6vetbe a term\u00e9szetes sz\u00e9nhidr\u00e1t enzimet \u00e9p\u00edti be, hogy <strong>felgyors\u00edtsa a reakci\u00f3t, amely a vizet \u00e9s a<sub>CO2-t<\/sub> bikarbon\u00e1tt\u00e1 alak\u00edtja<\/strong>. A leveg\u0151 ezut\u00e1n 4 l\/perc sebess\u00e9ggel halad \u00e1t a sz\u0171r\u0151n, ami m\u00e9g mindig messze van att\u00f3l a 10 milli\u00f3 liter leveg\u0151t\u0151l, amelyet egy er\u0151m\u0171h\u00f6z kell kezelni. Mivel azonban a sz\u0171r\u0151 hagyom\u00e1nyos textilipari m\u00f3dszerekkel k\u00e9sz\u00fcl, k\u00f6nnyebb lesz az ipari termel\u00e9sre val\u00f3 \u00e1tt\u00e9r\u00e9s, ami a k\u00f6vetkez\u0151 szakasz t\u00e9m\u00e1ja lesz. A sz\u0171r\u0151 m\u0171k\u00f6d\u00e9s\u00e9re vonatkoz\u00f3 tesztek a mos\u00e1si, sz\u00e1r\u00edt\u00e1si \u00e9s t\u00e1rol\u00e1si ciklusok ut\u00e1n is meger\u0151s\u00edtett\u00e9k, hogy a sz\u0171r\u0151 teljes\u00edtm\u00e9nye megmaradt.      <\/p>\n\n<p>A<sub>CO2-sz\u0171r\u0151k<\/sub> 3D nyomtat\u00e1sa, amely alapanyagk\u00e9nt egy sz\u00e9nsav-anhidr\u00e1z enzimet tartalmaz\u00f3 hidrog\u00e9lt haszn\u00e1l, egy m\u00e1sik innovat\u00edv megk\u00f6zel\u00edt\u00e9s. Ez a technol\u00f3gia lehet\u0151v\u00e9 tette egy 1D-s sz\u00e1l \u00e9s egy 2D-s szerkezet extrud\u00e1l\u00e1s\u00e1t. A c\u00e9l a<sub>CO2-sz\u0171r\u0151k<\/sub> sokoldal\u00fabb\u00e1 \u00e9s gyorsabb\u00e1 t\u00e9tele. Egy 2 cm-n\u00e9l kisebb \u00e1tm\u00e9r\u0151j\u0171 sz\u0171r\u0151 k\u00eds\u00e9rleti c\u00e9l\u00fa el\u0151\u00e1ll\u00edt\u00e1sa eddig csak 24%-os befog\u00e1si ar\u00e1nyt eredm\u00e9nyezett, \u00e9s 1000 \u00f3ra m\u0171k\u00f6d\u00e9s ut\u00e1n ez az ar\u00e1ny a fel\u00e9re cs\u00f6kkent. Ennek az ar\u00e1nynak a n\u00f6vel\u00e9se \u00e9rdek\u00e9ben a kutat\u00f3k<strong>modul\u00e1ris elemek egym\u00e1sra helyez\u00e9s\u00e9t<\/strong> fontolgatj\u00e1k. Ez a kutat\u00e1s m\u00e9g csak a kezdeti st\u00e1diumban van.     <\/p>\n\n<p>Egy m\u00e1sik technol\u00f3giai innov\u00e1ci\u00f3 a<sub>CO2<\/sub> megk\u00f6t\u00e9s\u00e9re egy innovat\u00edv, rezet tartalmaz\u00f3 polimer sz\u0171r\u0151 alkalmaz\u00e1sa. Ez a sz\u0171r\u0151 a<sub>CO2-t<\/sub> alapvet\u0151en <strong>n\u00e1trium-bikarbon\u00e1tt\u00e1<\/strong> alak\u00edtja \u00e1t. Ez az \u00faj hibrid anyag mechanikailag szil\u00e1rd \u00e9s k\u00e9miailag stabil szorbens. H\u00e1romszor t\u00f6bb<sub>CO2-t<\/sub> k\u00e9pes megk\u00f6tni, mint a jelenlegi k\u00f6zvetlen leveg\u0151lev\u00e1laszt\u00e1si technik\u00e1k. A<sub>CO2-koncentr\u00e1ci\u00f3 szintj\u00e9t\u0151l f\u00fcggetlen\u00fcl (a term\u00e9szetesCO2-koncentr\u00e1ci\u00f3t\u00f3l<\/sub> az ipari CO2-koncentr\u00e1ci\u00f3ig) a sz\u0171r\u0151 tel\u00edt\u0151d\u00e9s\u00e9ig folytat\u00f3dik a lev\u00e1laszt\u00e1s. Amint a sz\u0171r\u0151 tel\u00edt\u0151d\u00f6tt, s\u00f3s v\u00edz \u00e1ramlik \u00e1t a sz\u0171r\u0151n, \u00e9s a<sub>CO2-t<\/sub> n\u00e1trium-bikarbon\u00e1tt\u00e1 alak\u00edtja \u00e1t. A n\u00e1trium-bikarbon\u00e1t ezut\u00e1n minden negat\u00edv hat\u00e1s n\u00e9lk\u00fcl a tengerbe engedhet\u0151. A megl\u00e9v\u0151 technik\u00e1k a k\u00f6vetkez\u0151kre is alkalmazhat\u00f3k: a sz\u0171r\u0151 desorb\u00e1l\u00e1sa (forr\u00f3 v\u00edz vagy g\u0151z \u00e1raml\u00e1sa), <strong>a<sub>CO2<\/sub><\/strong> visszanyer\u00e9se, t\u00f6m\u00f6r\u00edt\u00e9se \u00e9s <strong>t\u00e1rol\u00e1sa.<\/strong>       <\/p>\n\n<h3 class=\"wp-block-heading\">A fel\u00fcletkezel\u00e9sre szolg\u00e1l\u00f3 porellenes nanotechnol\u00f3gi\u00e1k iparos\u00edt\u00e1sa<\/h3>\n\n<p><strong> A porellenes technol\u00f3gi\u00e1k <\/strong>m\u00e1r r\u00e9g\u00f3ta l\u00e9teznek. Azonban soha nem jutottak t\u00fal a kutat\u00e1si szakaszon, mert az ipari m\u00e9ret\u0171re val\u00f3 m\u00e9retn\u00f6vel\u00e9s\u00fck t\u00fal neh\u00e9znek bizonyult. Az \u00faj gy\u00e1rt\u00e1si koncepci\u00f3k lek\u00fczd\u00f6tt\u00e9k ezt az akad\u00e1lyt. A nanoelakad\u00e1s \u00e9s a nano-nyomtat\u00e1s <strong>moderniz\u00e1l egy <sup>19.<\/sup> sz\u00e1zadi \u00fajs\u00e1gnyomtat\u00e1si technik\u00e1t<\/strong>. Olyan nanom\u00e9ret\u0171 piramisszer\u0171 strukt\u00far\u00e1kat helyeznek el, amelyek megakad\u00e1lyozz\u00e1k a por megtapad\u00e1s\u00e1t. Ez az innov\u00e1ci\u00f3 sz\u00e1mos anyagt\u00edpust ellen\u00e1ll\u00f3v\u00e1 tesz a porral szemben. A j\u00f6v\u0151beni alkalmaz\u00e1sok ipari berendez\u00e9seken is elk\u00e9pzelhet\u0151ek, k\u00fcl\u00f6n\u00f6sen a porelt\u00e1vol\u00edt\u00f3 rendszer alkatr\u00e9szeinek bels\u0151 fel\u00fcletein \u00e9s a berendez\u00e9sek k\u00fcls\u0151 fel\u00fcletein.      <\/p>\n","protected":false},"excerpt":{"rendered":"<p>Az ipari kibocs\u00e1t\u00e1sok porelt\u00e1vol\u00edt\u00e1sa \u00e9s sz\u0171r\u00e9se ter\u00e9n az innov\u00e1ci\u00f3 a sz\u0171r\u0151anyagokra \u00e9s a berendez\u00e9sek ellen\u0151rz\u00e9s\u00e9re \u00e9s karbantart\u00e1s\u00e1ra szolg\u00e1l\u00f3 technol\u00f3gi\u00e1kra \u00f6sszpontos\u00edt. A c\u00e9l a porelt\u00e1vol\u00edt\u00f3 rendszerek gyakorlatiasabb\u00e1 \u00e9s hat\u00e9konyabb\u00e1 t\u00e9tele.   <\/p>\n","protected":false},"author":4,"featured_media":82201,"comment_status":"open","ping_status":"closed","sticky":false,"template":"","format":"standard","meta":{"_acf_changed":false,"_seopress_robots_primary_cat":"none","_seopress_titles_title":"Melyek a leg\u00fajabb innov\u00e1ci\u00f3k a porelt\u00e1vol\u00edt\u00e1s ter\u00e9n?","_seopress_titles_desc":"Az ipari kibocs\u00e1t\u00e1sok porelt\u00e1vol\u00edt\u00e1sa \u00e9s sz\u0171r\u00e9se ter\u00e9n az innov\u00e1ci\u00f3 a sz\u0171r\u0151anyagokra \u00e9s a berendez\u00e9sek ellen\u0151rz\u00e9s\u00e9re \u00e9s karbantart\u00e1s\u00e1ra szolg\u00e1l\u00f3 technol\u00f3gi\u00e1kra \u00f6sszpontos\u00edt. A c\u00e9l a porelt\u00e1vol\u00edt\u00f3 rendszerek gyakorlatiasabb\u00e1 \u00e9s hat\u00e9konyabb\u00e1 t\u00e9tele. ","_seopress_robots_index":"","footnotes":""},"categories":[314],"tags":[323],"class_list":["post-82728","post","type-post","status-publish","format-standard","has-post-thumbnail","hentry","category-a-mi-tanacsunk","tag-entete-kicsi","generate-columns","tablet-grid-50","mobile-grid-100","grid-parent","grid-50","no-featured-image-padding","resize-featured-image"],"acf":[],"_links":{"self":[{"href":"https:\/\/obera.fr\/hu\/wp-json\/wp\/v2\/posts\/82728","targetHints":{"allow":["GET"]}}],"collection":[{"href":"https:\/\/obera.fr\/hu\/wp-json\/wp\/v2\/posts"}],"about":[{"href":"https:\/\/obera.fr\/hu\/wp-json\/wp\/v2\/types\/post"}],"author":[{"embeddable":true,"href":"https:\/\/obera.fr\/hu\/wp-json\/wp\/v2\/users\/4"}],"replies":[{"embeddable":true,"href":"https:\/\/obera.fr\/hu\/wp-json\/wp\/v2\/comments?post=82728"}],"version-history":[{"count":3,"href":"https:\/\/obera.fr\/hu\/wp-json\/wp\/v2\/posts\/82728\/revisions"}],"predecessor-version":[{"id":118044,"href":"https:\/\/obera.fr\/hu\/wp-json\/wp\/v2\/posts\/82728\/revisions\/118044"}],"wp:featuredmedia":[{"embeddable":true,"href":"https:\/\/obera.fr\/hu\/wp-json\/wp\/v2\/media\/82201"}],"wp:attachment":[{"href":"https:\/\/obera.fr\/hu\/wp-json\/wp\/v2\/media?parent=82728"}],"wp:term":[{"taxonomy":"category","embeddable":true,"href":"https:\/\/obera.fr\/hu\/wp-json\/wp\/v2\/categories?post=82728"},{"taxonomy":"post_tag","embeddable":true,"href":"https:\/\/obera.fr\/hu\/wp-json\/wp\/v2\/tags?post=82728"}],"curies":[{"name":"wp","href":"https:\/\/api.w.org\/{rel}","templated":true}]}}