{"id":82773,"date":"2024-01-30T09:55:50","date_gmt":"2024-01-30T07:55:50","guid":{"rendered":"https:\/\/obera.fr\/a-mi-tanacsunk\/comment-entretenir-depoussiereur-industriel\/"},"modified":"2025-04-15T11:30:34","modified_gmt":"2025-04-15T09:30:34","slug":"comment-entretenir-depoussiereur-industriel","status":"publish","type":"post","link":"https:\/\/obera.fr\/hu\/a-mi-tanacsunk\/comment-entretenir-depoussiereur-industriel\/","title":{"rendered":"Hogyan kell karbantartani az ipari porlev\u00e1laszt\u00f3t?"},"content":{"rendered":"\n<p>Az <strong>ipari porlev\u00e1laszt\u00f3<\/strong> rendszer az <strong>ipari<\/strong> l\u00e9tes\u00edtm\u00e9nyekben a porkibocs\u00e1t\u00e1s ellen\u0151rz\u00e9s\u00e9re tervezett alapvet\u0151 fontoss\u00e1g\u00fa berendez\u00e9s. E berendez\u00e9s hat\u00e9kony m\u0171k\u00f6d\u00e9s\u00e9nek biztos\u00edt\u00e1sa \u00e9s \u00e9lettartam\u00e1nak meghosszabb\u00edt\u00e1sa megel\u0151z\u0151 karbantart\u00e1s k\u00e9rd\u00e9se. A porlev\u00e1laszt\u00f3 a porlev\u00e1laszt\u00f3 rendszer legfontosabb eleme. Ahhoz, hogy a porlev\u00e1laszt\u00f3 j\u00f3 m\u0171k\u00f6d\u00e9si \u00e1llapotban maradjon, elengedhetetlen <strong>a porlev\u00e1laszt\u00f3 n\u00e9h\u00e1ny kulcsfontoss\u00e1g\u00fa alkatr\u00e9sz\u00e9nek rendszeres ellen\u0151rz\u00e9se \u00e9s karbantart\u00e1sa<\/strong>. Ezek az \u00d6n \u00e1ltal haszn\u00e1lt porlev\u00e1laszt\u00f3 t\u00edpus\u00e1t\u00f3l f\u00fcgg\u0151en v\u00e1ltoznak. \u00cdme n\u00e9h\u00e1ny f\u0151 alkatr\u00e9sz, amelyet egy <a href=\"https:\/\/obera.fr\/hu\/produits\/depoussiereurs-industriels\/\">ipari porlev\u00e1laszt\u00f3n\u00e1l<\/a> karbantartani kell. Ezek gondolat\u00e9breszt\u0151t adnak \u00d6nnek a megel\u0151z\u0151 karbantart\u00e1si terv elk\u00e9sz\u00edt\u00e9sekor.      <\/p>\n\n<figure class=\"wp-block-image aligncenter size-large is-resized\"><img decoding=\"async\" width=\"1024\" height=\"213\" src=\"https:\/\/obera.fr\/wp-content\/uploads\/2024\/04\/design-sans-titre-19-1024x213.jpg\" alt=\"c&#xED;m n&#xE9;lk&#xFC;li terv 19\" class=\"wp-image-30183\" style=\"width:856px;height:auto\" srcset=\"https:\/\/obera.fr\/wp-content\/uploads\/2024\/04\/design-sans-titre-19-1024x213.jpg 1024w, https:\/\/obera.fr\/wp-content\/uploads\/2024\/04\/design-sans-titre-19-300x63.jpg 300w, https:\/\/obera.fr\/wp-content\/uploads\/2024\/04\/design-sans-titre-19-768x160.jpg 768w, https:\/\/obera.fr\/wp-content\/uploads\/2024\/04\/design-sans-titre-19-1536x320.jpg 1536w, https:\/\/obera.fr\/wp-content\/uploads\/2024\/04\/design-sans-titre-19.jpg 1920w\" sizes=\"(max-width: 1024px) 100vw, 1024px\" \/><\/figure>\n\n<h3 class=\"wp-block-heading\">A por- \u00e9s g\u00e1zlev\u00e1laszt\u00f3 alkatr\u00e9szek karbantart\u00e1sa<\/h3>\n\n<p>Feladatuk a por felfog\u00e1sa. A porlev\u00e1laszt\u00f3 t\u00edpus\u00e1t\u00f3l f\u00fcgg\u0151en gyakran \u0151k a legkritikusabb alkatr\u00e9sz. A t\u00falzott <strong>porfelhalmoz\u00f3d\u00e1s<\/strong> ezen alkatr\u00e9szek <strong>fel\u00fcleteinek elt\u00f6m\u0151d\u00e9s\u00e9hez<\/strong> \u00e9s k\u00f6vetkez\u00e9sk\u00e9ppen a g\u00e1z\/porlev\u00e1laszt\u00e1s cs\u00f6kken\u00e9s\u00e9hez <strong>vezet<\/strong>. Kialak\u00edt\u00e1sukt\u00f3l f\u00fcgg\u0151en a porlev\u00e1laszt\u00f3 hat\u00e9konys\u00e1g\u00e1nak fenntart\u00e1sa \u00e9rdek\u00e9ben rendszeresen ki kell \u0151ket dugul\u00e1smentes\u00edteni, tiszt\u00edtani vagy cser\u00e9lni kell. A fel\u00fclet\u00fck\u00f6n l\u00e9v\u0151 anyageloszl\u00e1st vizu\u00e1lisan ellen\u0151rizni kell az esetleges rendelleness\u00e9gek \u00e9szlel\u00e9se \u00e9rdek\u00e9ben.    <\/p>\n\n<p><strong>A sz\u0171r\u0151r\u00e9teges porlev\u00e1laszt\u00f3kban<\/strong> a sz\u0171r\u0151k\u00f6zeg zs\u00e1k, zseb vagy patron form\u00e1j\u00e1ban van. A sz\u0171r\u0151elem id\u0151vel elhaszn\u00e1l\u00f3dhat a porszemcs\u00e9k \u00e1ltal okozott kop\u00e1s miatt. \u00dcgyeljen arra, hogy rendszeres id\u0151k\u00f6z\u00f6nk\u00e9nt ellen\u0151rizze azt a kop\u00e1s, szakad\u00e1s vagy s\u00e9r\u00fcl\u00e9s jelei miatt. A megel\u0151z\u0151 karbantart\u00e1s mag\u00e1ban foglalja a sz\u0171r\u0151k\u00f6zegek tervezett cser\u00e9j\u00e9t a v\u00e1rhat\u00f3 \u00e9lettartamuknak megfelel\u0151en, vagy a gy\u00e1rt\u00f3 aj\u00e1nl\u00e1sai szerint. A porlev\u00e1laszt\u00f3 felszerelhet\u0151 tiszta leveg\u0151 porszond\u00e1val (opacim\u00e9ter, triboelektromos szonda) az esetleges sziv\u00e1rg\u00e1sok (szakad\u00e1sok, rossz r\u00f6gz\u00edt\u00e9s stb.) \u00e9szlel\u00e9s\u00e9re.    <\/p>\n\n<p><strong>Az elektrosztatikus sz\u0171r\u0151<\/strong> eset\u00e9ben az elektr\u00f3d\u00e1k sz\u0171r\u0151elemk\u00e9nt m\u0171k\u00f6dnek. Rendszeres szemrev\u00e9telez\u00e9ses ellen\u0151rz\u00e9s sz\u00fcks\u00e9ges a kop\u00e1s, reped\u00e9sek \u00e9s szerkezeti s\u00e9r\u00fcl\u00e9sek jeleinek \u00e9szlel\u00e9s\u00e9re. A por felhalmoz\u00f3d\u00e1sa az elektr\u00f3d\u00e1kon cs\u00f6kkenti a r\u00e9szecsk\u00e9k lev\u00e1laszt\u00e1s\u00e1nak hat\u00e9konys\u00e1g\u00e1t. A r\u00e9szecskelerak\u00f3d\u00e1sok elt\u00e1vol\u00edt\u00e1sa \u00e9rdek\u00e9ben rendszeresen tiszt\u00edtsa meg az elektr\u00f3d\u00e1kat.   <\/p>\n\n<p><strong>A ciklonos porgy\u0171jt\u0151ben<\/strong> a bels\u0151 perif\u00e9ri\u00e1s falak centrifug\u00e1lis er\u0151vel fogadj\u00e1k be a port. E falak egy r\u00e9sze id\u0151vel elkophat a r\u00e9szecsk\u00e9k becsap\u00f3d\u00e1sa miatt. A falak rendszeres ellen\u0151rz\u00e9se hozz\u00e1j\u00e1rul a megel\u0151z\u0151 karbantart\u00e1shoz.    <\/p>\n\n<figure class=\"wp-block-image alignright size-large is-resized\"><img decoding=\"async\" width=\"1024\" height=\"1024\" src=\"https:\/\/obera.fr\/wp-content\/uploads\/2024\/04\/design-sans-titre-21-1024x1024.jpg\" alt=\"c&#xED;m n&#xE9;lk&#xFC;li design 21\" class=\"wp-image-30189\" style=\"width:317px;height:auto\" srcset=\"https:\/\/obera.fr\/wp-content\/uploads\/2024\/04\/design-sans-titre-21-1024x1024.jpg 1024w, https:\/\/obera.fr\/wp-content\/uploads\/2024\/04\/design-sans-titre-21-300x300.jpg 300w, https:\/\/obera.fr\/wp-content\/uploads\/2024\/04\/design-sans-titre-21-150x150.jpg 150w, https:\/\/obera.fr\/wp-content\/uploads\/2024\/04\/design-sans-titre-21-768x768.jpg 768w, https:\/\/obera.fr\/wp-content\/uploads\/2024\/04\/design-sans-titre-21.jpg 1200w\" sizes=\"(max-width: 1024px) 100vw, 1024px\" \/><\/figure>\n\n<h3 class=\"wp-block-heading\">A leveg\u0151nyom\u00e1s ellen\u0151rz\u00e9se a porgy\u0171jt\u0151ben<\/h3>\n\n<p><strong>Sz\u0171r\u0151\u00e1gyas porlev\u00e1laszt\u00f3<\/strong> eset\u00e9n ellen\u0151rizze a sz\u0171r\u0151rendszeren kereszt\u00fcli nyom\u00e1sk\u00fcl\u00f6nbs\u00e9get a sz\u0171r\u0151k\u00f6zeg elt\u00f6m\u0151d\u00e9s\u00e9nek \u00e9szlel\u00e9se \u00e9rdek\u00e9ben. Jelent\u0151s n\u00f6veked\u00e9s jelezheti a tiszt\u00edt\u00e1s vagy csere sz\u00fcks\u00e9gess\u00e9g\u00e9t. A cs\u00f6kken\u00e9s a k\u00f6zeg szakad\u00e1s\u00e1ra utalhat. Az \u00faj gener\u00e1ci\u00f3s porlev\u00e1laszt\u00f3k \u00e1ltal\u00e1ban folyamatos nyom\u00e1sk\u00fcl\u00f6nbs\u00e9g-m\u00e9r\u00e9ssel vannak felszerelve, amely m\u00e9ri a sz\u0171r\u0151k\u00f6zeg elt\u00f6m\u0151d\u00e9s\u00e9t. <strong>A tiszt\u00edt\u00e1s a nyom\u00e1sk\u00fcl\u00f6nbs\u00e9g param\u00e9ter\u00e9nek megfelel\u0151en indul \u00e9s \u00e1ll le<\/strong>.      <\/p>\n\n<p>A<strong> ciklonos porlev\u00e1laszt\u00f3<\/strong> eset\u00e9ben a ciklon m\u0171k\u00f6d\u00e9si hat\u00e9konys\u00e1ga szempontj\u00e1b\u00f3l fontos a ciklon bels\u0151 nyom\u00e1sa \u00e9s a l\u00e9gk\u00f6ri nyom\u00e1s k\u00f6z\u00f6tti k\u00fcl\u00f6nbs\u00e9g a centrifug\u00e1l\u00e1s miatt. Ellen\u0151rizze a ciklonos porgy\u0171jt\u0151 \u00fczemi nyom\u00e1s\u00e1t, hogy az megfeleljen a gy\u00e1rt\u00f3 el\u0151\u00edr\u00e1sainak. Jelent\u0151s elt\u00e9r\u00e9sek m\u0171k\u00f6d\u00e9si probl\u00e9m\u00e1kra utalhatnak.  <\/p>\n\n<h3 class=\"wp-block-heading\">Leveg\u0151\u00e1raml\u00e1s-szab\u00e1lyoz\u00e1s<\/h3>\n\n<p>Ellen\u0151rizze a <strong>porlev\u00e1laszt\u00f3n \u00e1thalad\u00f3 l\u00e9g\u00e1raml\u00e1st<\/strong>, hogy az megfeleljen a gy\u00e1rt\u00f3 el\u0151\u00edr\u00e1sainak. Jelent\u0151s v\u00e1ltoz\u00e1sok a rendszerrel kapcsolatos probl\u00e9m\u00e1kra utalhatnak. Ezek t\u00f6bbf\u00e9le eredet\u0171ek lehetnek; p\u00e9ld\u00e1ul:  <\/p>\n\n<ul class=\"wp-block-list\">\n<li>A <strong>ventil\u00e1torok \u00e9s motorok<\/strong> meghib\u00e1sodhatnak, ami a l\u00e9g\u00e1raml\u00e1s cs\u00f6kken\u00e9s\u00e9hez vezethet.  <\/li>\n\n\n\n<li>A<strong> l\u00e9gcsatorn\u00e1kat<\/strong> elt\u00f6m\u00edtheti a felgy\u00fclemlett por.<\/li>\n\n\n\n<li>El\u0151fordulhat, hogy a <strong>l\u00e9g\u00e1raml\u00e1s- <\/strong>vagy <strong>nyom\u00e1s\u00e9rz\u00e9kel\u0151k <\/strong>nem m\u0171k\u00f6dnek megfelel\u0151en.<\/li>\n\n\n\n<li>A <strong>sz\u0171r\u0151k\u00f6zegek<\/strong> elt\u00f6m\u0151dtek  <\/li>\n<\/ul>\n\n<p>A k\u00fcl\u00f6nb\u00f6z\u0151 alkatr\u00e9szek tiszt\u00edt\u00e1sa, \u00e1llapot\u00e1nak \u00e9s helyes m\u0171k\u00f6d\u00e9s\u00e9nek ellen\u0151rz\u00e9se biztos\u00edtja, hogy a k\u00e9sz\u00fcl\u00e9ket az el\u0151\u00edrt specifik\u00e1ci\u00f3knak megfelel\u0151en tarts\u00e1k karban.<\/p>\n\n<h3 class=\"wp-block-heading\">T\u00f6m\u00edt\u00e9sek \u00e9s szerelv\u00e9nyek ellen\u0151rz\u00e9se<\/h3>\n\n<p>B\u00e1rmilyen<strong> l\u00e9gsziv\u00e1rg\u00e1s<\/strong> cs\u00f6kkenti a porelsz\u00edv\u00f3 rendszer hat\u00e9konys\u00e1g\u00e1t. Ez\u00e9rt fontos biztos\u00edtani, hogy a t\u00f6m\u00edt\u00e9sek, szerelv\u00e9nyek \u00e9s csatlakoz\u00e1sok j\u00f3 \u00e1llapotban legyenek. Ez mag\u00e1ban foglalja a rendszeres ellen\u0151rz\u00e9st a l\u00e9gsziv\u00e1rg\u00e1sok felder\u00edt\u00e9s\u00e9re, majd sz\u00fcks\u00e9g eset\u00e9n a hib\u00e1s t\u00f6m\u00edt\u00e9sek cser\u00e9j\u00e9t vagy a csatlakoz\u00e1sok be\u00e1ll\u00edt\u00e1s\u00e1t, mindezt a megel\u0151z\u0151 karbantart\u00e1s r\u00e9szek\u00e9nt. Ezen k\u00edv\u00fcl   <strong> <\/strong>k\u00fcl\u00f6n\u00f6sen ellen\u0151rizze, hogy a szennyezett leveg\u0151t\u00e9r k\u00f6z\u00f6tti<strong>t\u00f6m\u00edt\u00e9st <\/strong><strong> <\/strong>\u00e9s a tiszta leveg\u0151 rekesz t\u00f6k\u00e9letes. K\u00e9ts\u00e9g eset\u00e9n sziv\u00e1rg\u00e1svizsg\u00e1latot lehet v\u00e9gezni a cs\u0151vezet\u00e9kekbe befecskendezett fluoreszcens por (fluoreszcein) \u00e9s egy UV-l\u00e1mpa seg\u00edts\u00e9g\u00e9vel, hogy a sz\u0171r\u0151 tiszta leveg\u0151s oldal\u00e1n a por nyomai kimutathat\u00f3k legyenek. E nyomok elhelyezked\u00e9se jelzi a sziv\u00e1rg\u00e1s eredet\u00e9t.    <\/p>\n\n<h3 class=\"wp-block-heading\">A tiszt\u00edt\u00f3rendszer ellen\u0151rz\u00e9se  <\/h3>\n\n<p><strong>A sz\u0171r\u0151r\u00e9teggel ell\u00e1tott porlev\u00e1laszt\u00f3kban<\/strong> a porsz\u0171r\u0151 elemeket rendszeresen tiszt\u00edtani kell. A porlev\u00e1laszt\u00f3t\u00f3l f\u00fcgg\u0151en a tiszt\u00edt\u00e1si technik\u00e1k lehetnek k\u00e9zi vagy automatikusak. Ezek k\u00f6z\u00e9 tartozik a r\u00e1z\u00e1s, a ford\u00edtott l\u00e9gbef\u00fav\u00e1s, a s\u0171r\u00edtett leveg\u0151 befecskendez\u00e9se \u00e9s a mos\u00e1s. Az automatikus tiszt\u00edt\u00f3rendszereket jobban figyelemmel kell k\u00eds\u00e9rni, mivel \u00f6sszetettebbek.     <\/p>\n\n<figure class=\"wp-block-image alignright size-large is-resized\"><img decoding=\"async\" width=\"1024\" height=\"1024\" src=\"https:\/\/obera.fr\/wp-content\/uploads\/2024\/04\/design-sans-titre-20-1024x1024.jpg\" alt=\"c&#xED;m n&#xE9;lk&#xFC;li design 20\" class=\"wp-image-30186\" style=\"width:104px;height:auto\" srcset=\"https:\/\/obera.fr\/wp-content\/uploads\/2024\/04\/design-sans-titre-20-1024x1024.jpg 1024w, https:\/\/obera.fr\/wp-content\/uploads\/2024\/04\/design-sans-titre-20-300x300.jpg 300w, https:\/\/obera.fr\/wp-content\/uploads\/2024\/04\/design-sans-titre-20-150x150.jpg 150w, https:\/\/obera.fr\/wp-content\/uploads\/2024\/04\/design-sans-titre-20-768x768.jpg 768w, https:\/\/obera.fr\/wp-content\/uploads\/2024\/04\/design-sans-titre-20.jpg 1200w\" sizes=\"(max-width: 1024px) 100vw, 1024px\" \/><\/figure>\n\n<ul class=\"wp-block-list\">\n<li>Ha a <strong>porlev\u00e1laszt\u00f3<\/strong> m\u0171k\u00f6d\u00e9s k\u00f6zben s\u0171r\u00edtett leveg\u0151vel t\u00f6rt\u00e9n\u0151 <strong>automatikus tiszt\u00edt\u00e1st alkalmaz<\/strong>, ellen\u0151rizze, hogy a s\u0171r\u00edtett leveg\u0151s rendszer megfelel\u0151en m\u0171k\u00f6dik-e. Bizonyos alkatr\u00e9szeket ellen\u0151rizni kell: kompresszor (olajszint, leereszt\u0151 szelep, l\u00e9gsz\u0171r\u0151bet\u00e9t stb.), nyom\u00e1sszab\u00e1lyoz\u00f3, s\u0171r\u00edtettleveg\u0151-eloszt\u00f3 eloszt\u00f3 (ellen\u0151rizze, hogy az O-gy\u0171r\u0171k j\u00f3 \u00e1llapotban vannak-e), m\u00e1gnesszelepek (kop\u00e1si szint, esetleges elakad\u00e1s), injektor (kop\u00e1si szint), <a href=\"https:\/\/obera.fr\/hu\/produits\/bras-dispositifs-captation\/capot-industriel\/\">l\u00e9gnyom\u00e1s\u00e9rz\u00e9kel\u0151k.<\/a> A megel\u0151z\u0151 karbantart\u00e1s mag\u00e1ban foglalhatja bizonyos alkatr\u00e9szek cser\u00e9j\u00e9t vagy a param\u00e9terek vissza\u00e1ll\u00edt\u00e1s\u00e1t. <\/li>\n\n\n\n<li>Ha a <strong>porgy\u0171jt\u0151<\/strong> a tiszt\u00edt\u00e1shoz <strong>ford\u00edtott l\u00e9g\u00e1raml\u00e1st haszn\u00e1l<\/strong>, ellen\u0151rizze, hogy a motoros ventil\u00e1tor megfelel\u0151en m\u0171k\u00f6dik-e (l\u00e1sd al\u00e1bb).  <\/li>\n\n\n\n<li>Ha a m\u00f3dszer mechanikus r\u00e1z\u00e1s, a mechanikus alkatr\u00e9szek ellen\u0151rz\u00e9se a karbantart\u00e1s r\u00e9sze.<\/li>\n\n\n\n<li>B\u00e1rmelyik m\u00f3dszerr\u0151l legyen is sz\u00f3, a karbantart\u00e1s sor\u00e1n tesztelik az automatikus tiszt\u00edt\u00f3rendszert, \u00e9s sz\u00fcks\u00e9g eset\u00e9n be\u00e1ll\u00edtj\u00e1k.<\/li>\n<\/ul>\n\n<p><strong>Az elektrosztatikus sz\u0171r\u0151k<\/strong> eset\u00e9ben a fent eml\u00edtett vagy m\u00e1s eszk\u00f6z\u00f6ket, p\u00e9ld\u00e1ul vibr\u00e1l\u00f3 kalap\u00e1csokat, mechanikus kapar\u00f3kat, forg\u00f3 kef\u00e9ket, ultrahangos kibocs\u00e1t\u00f3kat \u00e9s nyom\u00e1s alatti v\u00edzinjektorokat haszn\u00e1lnak a porlerak\u00f3d\u00e1sok elt\u00e1vol\u00edt\u00e1s\u00e1ra a gy\u0171jt\u0151elektr\u00f3d\u00e1kon. Ezeket az eszk\u00f6z\u00f6ket rendszeresen ellen\u0151rzik. <\/p>\n\n<h3 class=\"wp-block-heading\">A tart\u00e1lyok \u00e9s \u00fcr\u00edt\u0151szelepek ellen\u0151rz\u00e9se \u00e9s tiszt\u00edt\u00e1sa<\/h3>\n\n<p>Az alkalmazott <a href=\"https:\/\/obera.fr\/hu\/a-mi-tanacsunk\/quelles-innovations-actuelles-filtration-emissions-industrielles\/\">porgy\u0171jt\u00e9si technol\u00f3gi\u00e1t\u00f3l<\/a> f\u00fcgg\u0151en a porgy\u0171jt\u0151 a sz\u0171r\u0151k\u00f6zegre, a falra vagy a gy\u0171jt\u0151elektr\u00f3d\u00e1ra felfogott port gy\u0171jti \u00f6ssze.<strong>A t\u00falzott felhalmoz\u00f3d\u00e1s a kollektor deform\u00e1ci\u00f3j\u00e1hoz<\/strong>, a l\u00e9g\u00e1raml\u00e1s destabiliz\u00e1l\u00f3d\u00e1s\u00e1hoz \u00e9s<a href=\"https:\/\/obera.fr\/hu\/a-mi-tanacsunk\/procede-depoussierage-risque-explosion-incendie\/\"> robban\u00e1svesz\u00e9lyes por eset\u00e9n robban\u00e1svesz\u00e9lyhez<\/a><strong>vezethet<\/strong>. A megel\u0151z\u0151 karbantart\u00e1s a porfelhalmoz\u00f3d\u00e1s megel\u0151z\u00e9se \u00e9rdek\u00e9ben a tart\u00e1lyok \u00e9s a kipufog\u00f3k rendszeres tiszt\u00edt\u00e1s\u00e1b\u00f3l, a kipufog\u00f3szelepek megfelel\u0151 nyit\u00e1s\u00e1nak \u00e9s z\u00e1r\u00e1s\u00e1nak biztos\u00edt\u00e1s\u00e1b\u00f3l, valamint a zsilip megfelel\u0151 forg\u00e1s\u00e1b\u00f3l \u00e1ll. Fontos ellen\u0151rizni, hogy <strong>az elsz\u00edv\u00f3 berendez\u00e9sek<\/strong> megfelel\u0151en <strong>t\u00f6m\u00edtettek-e<\/strong>. Amikor a porgy\u0171jt\u0151 negat\u00edv nyom\u00e1son van, a rossz t\u00f6m\u00edt\u00e9s az elsz\u00edv\u00f3k elt\u00f6m\u0151d\u00e9s\u00e9hez vezet.      <\/p>\n\n<h3 class=\"wp-block-heading\">A sz\u00edv\u00f3- \u00e9s kipufog\u00f3csatorn\u00e1k ellen\u0151rz\u00e9se<\/h3>\n\n<p>A besz\u00edv\u00f3- \u00e9s kipufog\u00f3csatorn\u00e1k rendszeres vizu\u00e1lis ellen\u0151rz\u00e9se biztos\u00edtja, hogy ne halmoz\u00f3djanak fel r\u00e9szecsk\u00e9k. A rendszeres tiszt\u00edt\u00e1ssal megel\u0151zhet\u0151k az elt\u00f6m\u0151d\u00e9sek, amelyek cs\u00f6kkenthetik a porlev\u00e1laszt\u00f3 hat\u00e9konys\u00e1g\u00e1t. Meg kell jegyezni, hogy a por jelenl\u00e9te a <strong>tiszta leveg\u0151 elsz\u00edv\u00f3csatorn\u00e1ban<\/strong> a sz\u0171r\u0151r\u00e9teg porlev\u00e1laszt\u00f3 <strong>meghib\u00e1sod\u00e1s\u00e1nak t\u00fcnete<\/strong>. Mivel a ciklonikus porlev\u00e1laszt\u00f3 csak a por egy r\u00e9sz\u00e9t fogja fel, a l\u00e9gkivezet\u0151 ny\u00edl\u00e1s rendszeres tiszt\u00edt\u00e1sa a megel\u0151z\u0151 karbantart\u00e1s r\u00e9sz\u00e9t k\u00e9pezi.     <\/p>\n\n<h3 class=\"wp-block-heading\">Falvez\u00e9rl\u00e9s (ciklon)<\/h3>\n\n<p><strong>A ciklon bels\u0151 falai<\/strong> id\u0151vel elhaszn\u00e1l\u00f3dhatnak a porszemcs\u00e9k hat\u00e1s\u00e1ra. Rendszeresen ellen\u0151rizze a bels\u0151 falakat, \u00e9s cser\u00e9lje ki az elhaszn\u00e1l\u00f3dott r\u00e9szeket.   <\/p>\n\n<p><strong>A bels\u0151 b\u00e9l\u00e9sek v\u00e9dik a ciklont <\/strong>a koptat\u00f3 r\u00e9szecsk\u00e9k okozta kop\u00e1st\u00f3l. Ha a ciklon ilyen b\u00e9l\u00e9ssel van felszerelve, gy\u0151z\u0151dj\u00f6n meg arr\u00f3l, hogy j\u00f3 \u00e1llapotban van. Vegye figyelembe, hogy egyes ciklonok cser\u00e9lhet\u0151 b\u00e9l\u00e9sekkel szerelhet\u0151k fel az \u00e9lettartamuk meghosszabb\u00edt\u00e1sa \u00e9rdek\u00e9ben.    <\/p>\n\n<h3 class=\"wp-block-heading\">Konzolok \u00e9s r\u00f6gz\u00edt\u00e9sek ellen\u0151rz\u00e9se<\/h3>\n\n<p>A porgy\u0171jt\u0151 konzoljai \u00e9s r\u00f6gz\u00edt\u00e9sei <strong>t\u00falterhel\u0151dhetnek, \u00e9s ennek k\u00f6vetkezt\u00e9ben t\u00f6nkremehetnek<\/strong>. A megel\u0151z\u0151 karbantart\u00e1s mag\u00e1ban foglalja a konzolok \u00e9s a r\u00f6gz\u00edt\u00e9sek rendszeres ellen\u0151rz\u00e9s\u00e9t, hogy azok j\u00f3 \u00e1llapotban legyenek, vagy kiigaz\u00edt\u00e1sra szoruljanak. Term\u00e9szetesen minden olyan alkatr\u00e9szt, amely kop\u00e1s vagy s\u00e9r\u00fcl\u00e9s jeleit mutatja, ki kell cser\u00e9lni.  <\/p>\n\n<h3 class=\"wp-block-heading\">A ventil\u00e1torok \u00e9s motorjaik ellen\u0151rz\u00e9se.<\/h3>\n\n<p>B\u00e1rmilyen<strong> t\u00edpus\u00fa porlev\u00e1laszt\u00f3r\u00f3l<\/strong> legyen is sz\u00f3, az egy motoros ventil\u00e1torral ir\u00e1ny\u00edtja a g\u00e1z\u00e1ramot a g\u00e1z\/porlev\u00e1laszt\u00f3 komponens fel\u00e9. Ha a porlev\u00e1laszt\u00f3 ford\u00edtott l\u00e9gtiszt\u00edt\u00f3 rendszerrel van felszerelve, akkor ez egy speci\u00e1lis motoros ventil\u00e1tort haszn\u00e1l. A ventil\u00e1torok \u00e9s a motorok meghib\u00e1sod\u00e1sa a l\u00e9g\u00e1raml\u00e1s cs\u00f6kken\u00e9s\u00e9t eredm\u00e9nyezi.    <\/p>\n\n<p>El\u0151sz\u00f6r is <strong>ellen\u0151rizze a l\u00e9g\u00e1raml\u00e1si sebess\u00e9get, hogy az megfelel-e a gy\u00e1rt\u00f3 el\u0151\u00edr\u00e1sainak.<\/strong> Jelent\u0151s elt\u00e9r\u00e9s a szell\u0151z\u0151rendszerrel kapcsolatos probl\u00e9m\u00e1ra utalhat, k\u00fcl\u00f6n\u00f6sen a ciklonok \u00e9s az elektrosztatikus sz\u0171r\u0151k eset\u00e9ben. A l\u00e9g\u00e1raml\u00e1sban mutatkoz\u00f3 elt\u00e9r\u00e9s azonban a porgy\u0171jt\u0151 rendszer m\u00e1s probl\u00e9m\u00e1ira is utalhat, mint p\u00e9ld\u00e1ul l\u00e9gsziv\u00e1rg\u00e1s, elt\u00f6m\u0151d\u00e9s, elt\u00f6m\u0151d\u00e9s stb. <\/p>\n\n<ul class=\"wp-block-list\">\n<li>A <strong>ventil\u00e1tor eset\u00e9ben figyelmet kell ford\u00edtani a rendellenes rezg\u00e9sek<\/strong>, a lap\u00e1tok f\u00e1rad\u00e1sa \u00e9s kop\u00e1sa <strong>\u00e9szlel\u00e9s\u00e9re<\/strong>, amelyek arra utalnak, hogy a ventil\u00e1tor nincs egyens\u00falyban. A csap\u00e1gyakat is ellen\u0151rizni kell. A karbantart\u00e1s mag\u00e1ban foglalhatja a csap\u00e1gyak zs\u00edroz\u00e1s\u00e1t, a ventil\u00e1tor kiegyens\u00falyoz\u00e1s\u00e1t, az alkatr\u00e9szek megh\u00faz\u00e1s\u00e1t \u00e9s a j\u00e1r\u00f3ker\u00e9k cser\u00e9j\u00e9t. A j\u00e1r\u00f3ker\u00e9k szemrev\u00e9telez\u00e9ses vizsg\u00e1lata felt\u00e1rja az egyens\u00falyhi\u00e1nyt okoz\u00f3 kop\u00e1st vagy rendellenes anyaglerak\u00f3d\u00e1sokat.     <\/li>\n<\/ul>\n\n<ul class=\"wp-block-list\">\n<li>Ami <strong>a motort<\/strong> illeti, a megel\u0151z\u0151 karbantart\u00e1s mag\u00e1ban foglalja a r\u00f6gz\u00edt\u00e9sek ellen\u0151rz\u00e9s\u00e9t, a rezg\u00e9s, a t\u00falmeleged\u00e9s vagy a rendellenes zaj \u00e9szlel\u00e9s\u00e9t, a rotor \u00e9s az \u00e1ll\u00f3r\u00e9sz k\u00f6z\u00f6tti illeszked\u00e9s be\u00e1ll\u00edt\u00e1s\u00e1t \u00e9s a csap\u00e1gyak zs\u00edroz\u00e1s\u00e1t.  <\/li>\n\n\n\n<li>V\u00e9g\u00fcl ellen\u0151rizni kell a motor \u00e9s a ventil\u00e1tor k\u00f6z\u00f6tti \u00e1tvitelt, k\u00fcl\u00f6n\u00f6sen e k\u00e9t elem \u00f6sszehangol\u00e1s\u00e1t \u00e9s az \u00e1tviteli sz\u00edj feszess\u00e9g\u00e9t.<\/li>\n<\/ul>\n\n<h3 class=\"wp-block-heading\">Elektromos rendszer vez\u00e9rl\u00e9se<\/h3>\n\n<p>A megel\u0151z\u0151 karbantart\u00e1s c\u00e9lja, hogy megel\u0151zze az id\u0151vel felmer\u00fcl\u0151 elektromos probl\u00e9m\u00e1kat, p\u00e9ld\u00e1ul a r\u00f6vidz\u00e1rlatokat, \u00e1ramsz\u00fcneteket vagy az elektromos alkatr\u00e9szek meghib\u00e1sod\u00e1s\u00e1t. A karbantart\u00e1s mag\u00e1ban foglalja annak biztos\u00edt\u00e1s\u00e1t, hogy <strong>az elektromos<\/strong> <strong>csatlakoz\u00e1sok \u00e9s<\/strong> <strong>t\u00e1pegys\u00e9gek biztons\u00e1gosak<\/strong> \u00e9s korr\u00f3zi\u00f3mentesek <strong>legyenek<\/strong>. Az elektromos alkatr\u00e9szeket \u00e9s az elektromos panelt is ellen\u0151rizni kell. Az elektromos rendszer megfelel\u0151 v\u00e9delm\u00e9nek biztos\u00edt\u00e1sa \u00e9rdek\u00e9ben k\u00fcl\u00f6n\u00f6s figyelmet kell ford\u00edtani a t\u00falterhel\u00e9sv\u00e9delmi eszk\u00f6z\u00f6kre (biztos\u00edt\u00e9kok, megszak\u00edt\u00f3k). A nagyfesz\u00fclts\u00e9gen m\u0171k\u00f6d\u0151 elektrofilterek eset\u00e9ben az elektromos ell\u00e1t\u00e1st is ellen\u0151rizni kell, bele\u00e9rtve a transzform\u00e1torokat, egyenir\u00e1ny\u00edt\u00f3kat \u00e9s kondenz\u00e1torokat. Az<strong> elektr\u00f3d\u00e1k ellen\u00e1ll\u00e1s\u00e1nak<\/strong> rendszeres m\u00e9r\u00e9s\u00e9vel az elektrofilter hat\u00e9konys\u00e1g\u00e1val kapcsolatos esetleges probl\u00e9m\u00e1k felder\u00edthet\u0151k.     <\/p>\n\n<h3 class=\"wp-block-heading\">Az automatikus vez\u00e9rl\u0151rendszer ellen\u0151rz\u00e9se  <\/h3>\n\n<p>A karbantart\u00e1s a porlev\u00e1laszt\u00f3 meghib\u00e1sod\u00e1sainak megel\u0151z\u00e9s\u00e9re is szolg\u00e1l, amelyek az <strong>automatikus vez\u00e9rl\u0151rendszer<\/strong> probl\u00e9m\u00e1ihoz kapcsol\u00f3dhatnak. Ez mag\u00e1ban foglalja a k\u00fcl\u00f6nb\u00f6z\u0151 alkatr\u00e9szek &#8211; \u00e9rz\u00e9kel\u0151k, m\u00e9r\u0151m\u0171szerek, programozhat\u00f3 logikai vez\u00e9rl\u0151 (szekvencer stb.) \u00e9s vez\u00e9rl\u0151doboz &#8211; \u00e1llapot\u00e1nak \u00e9s helyes m\u0171k\u00f6d\u00e9s\u00e9nek ellen\u0151rz\u00e9s\u00e9t. Azt is ellen\u0151rizz\u00fck, hogy ezek megfelel\u0151en kalibr\u00e1lva vannak-e. Ehhez a k\u00fcl\u00f6nb\u00f6z\u0151 m\u0171k\u00f6d\u00e9si ciklusokat tesztelj\u00fck.   <\/p>\n\n<h3 class=\"wp-block-heading\">Biztons\u00e1gi eszk\u00f6z\u00f6k ellen\u0151rz\u00e9se<\/h3>\n\n<p><strong>\u00c1ltal\u00e1noss\u00e1gban v\u00e9ve<\/strong> gy\u0151z\u0151dj\u00f6n meg arr\u00f3l, hogy minden biztons\u00e1gi berendez\u00e9s, p\u00e9ld\u00e1ul a riaszt\u00f3k, v\u00e9szle\u00e1ll\u00edt\u00f3 berendez\u00e9sek, biztons\u00e1gi kapcsol\u00f3k \u00e9s t\u0171zjelz\u0151 rendszerek megfelel\u0151en m\u0171k\u00f6dnek. A karbantart\u00e1si terv r\u00e9szek\u00e9nt a biztons\u00e1gi eszk\u00f6z\u00f6k id\u0151szakos ellen\u0151rz\u00e9s\u00e9t, bele\u00e9rtve a funkcion\u00e1lis teszteket is, tartalmazza. <\/p>\n\n<p><strong>Ha a porlev\u00e1laszt\u00f3nak meg kell felelnie az ATEX-ir\u00e1nyelvnek<\/strong>, akkor ezt a megfelel\u0151s\u00e9get a fent l\u00e1that\u00f3 porlev\u00e1laszt\u00f3 alkatr\u00e9szek eset\u00e9ben ellen\u0151rizni kell. <a href=\"https:\/\/obera.fr\/conseils\/aspiration-depoussierage-poussieres-explosives\/\">K\u00fcl\u00f6n\u00f6s figyelmet kell ford\u00edtani a robban\u00e1sbiztos szell\u0151z\u0151ny\u00edl\u00e1sokra<\/a>, a forg\u00f3szelepekre, a szikrasz\u0171r\u0151kre, az elektromos t\u00falterhel\u00e9s elleni v\u00e9delemre \u00e9s a sz\u0171r\u0151k\u00f6zegek f\u00f6ldel\u00e9s\u00e9re. <\/p>\n\n<h3 class=\"wp-block-heading\">K\u00f6vetkeztet\u00e9s<\/h3>\n\n<p>Fontos, hogy k\u00f6vesse a gy\u00e1rt\u00f3 konkr\u00e9t karbantart\u00e1si aj\u00e1nl\u00e1sait, mivel a karbantart\u00e1si k\u00f6vetelm\u00e9nyek a <strong>berendez\u00e9s<\/strong> t\u00edpus\u00e1t\u00f3l \u00e9s <strong>kialak\u00edt\u00e1s\u00e1t\u00f3l<\/strong> f\u00fcgg\u0151en v\u00e1ltozhatnak. A megel\u0151z\u0151 karbantart\u00e1si terv seg\u00edt fenntartani a porlev\u00e1laszt\u00f3 optim\u00e1lis teljes\u00edtm\u00e9ny\u00e9t, \u00e9s lehet\u0151v\u00e9 teszi a rendszeres ellen\u0151rz\u00e9sek \u00fctemez\u00e9s\u00e9t a lehets\u00e9ges probl\u00e9m\u00e1k azonos\u00edt\u00e1sa \u00e9rdek\u00e9ben, miel\u0151tt azok vesz\u00e9lyeztetn\u00e9k a porlev\u00e1laszt\u00f3 hat\u00e9konys\u00e1g\u00e1t. Seg\u00edt tov\u00e1bb\u00e1 fenntartani a <strong>biztons\u00e1gos munkak\u00f6r\u00fclm\u00e9nyeket<\/strong> a szem\u00e9lyzet sz\u00e1m\u00e1ra, \u00e9s megfelel a francia munka t\u00f6rv\u00e9nyk\u00f6nyv\u00e9nek.  <\/p>\n","protected":false},"excerpt":{"rendered":"<p>Az ipari porlev\u00e1laszt\u00f3 rendszer az ipari l\u00e9tes\u00edtm\u00e9nyekben a porkibocs\u00e1t\u00e1s ellen\u0151rz\u00e9s\u00e9hez sz\u00fcks\u00e9ges alapvet\u0151 berendez\u00e9s. A hat\u00e9kony m\u0171k\u00f6d\u00e9s biztos\u00edt\u00e1sa \u00e9s \u00e9lettartam\u00e1nak meghosszabb\u00edt\u00e1sa megel\u0151z\u0151 karbantart\u00e1s k\u00e9rd\u00e9se. A porlev\u00e1laszt\u00f3 a porlev\u00e1laszt\u00f3 rendszer legfontosabb eleme. Ahhoz, hogy a porlev\u00e1laszt\u00f3 berendez\u00e9s j\u00f3 \u00fczemk\u00e9pess\u00e9g\u0171 maradjon, fontos bizonyos kulcsfontoss\u00e1g\u00fa alkatr\u00e9szek rendszeres ellen\u0151rz\u00e9se \u00e9s karbantart\u00e1sa.     <\/p>\n","protected":false},"author":4,"featured_media":0,"comment_status":"open","ping_status":"closed","sticky":false,"template":"","format":"standard","meta":{"_acf_changed":false,"_seopress_robots_primary_cat":"none","_seopress_titles_title":"Hogyan kell karbantartani az ipari porlev\u00e1laszt\u00f3t?","_seopress_titles_desc":"Az ipari porlev\u00e1laszt\u00f3 rendszer az ipari l\u00e9tes\u00edtm\u00e9nyekben a porkibocs\u00e1t\u00e1s ellen\u0151rz\u00e9s\u00e9hez sz\u00fcks\u00e9ges alapvet\u0151 berendez\u00e9s.","_seopress_robots_index":"","footnotes":""},"categories":[314],"tags":[323],"class_list":["post-82773","post","type-post","status-publish","format-standard","hentry","category-a-mi-tanacsunk","tag-entete-kicsi","generate-columns","tablet-grid-50","mobile-grid-100","grid-parent","grid-50","no-featured-image-padding"],"acf":[],"_links":{"self":[{"href":"https:\/\/obera.fr\/hu\/wp-json\/wp\/v2\/posts\/82773","targetHints":{"allow":["GET"]}}],"collection":[{"href":"https:\/\/obera.fr\/hu\/wp-json\/wp\/v2\/posts"}],"about":[{"href":"https:\/\/obera.fr\/hu\/wp-json\/wp\/v2\/types\/post"}],"author":[{"embeddable":true,"href":"https:\/\/obera.fr\/hu\/wp-json\/wp\/v2\/users\/4"}],"replies":[{"embeddable":true,"href":"https:\/\/obera.fr\/hu\/wp-json\/wp\/v2\/comments?post=82773"}],"version-history":[{"count":1,"href":"https:\/\/obera.fr\/hu\/wp-json\/wp\/v2\/posts\/82773\/revisions"}],"predecessor-version":[{"id":82776,"href":"https:\/\/obera.fr\/hu\/wp-json\/wp\/v2\/posts\/82773\/revisions\/82776"}],"wp:attachment":[{"href":"https:\/\/obera.fr\/hu\/wp-json\/wp\/v2\/media?parent=82773"}],"wp:term":[{"taxonomy":"category","embeddable":true,"href":"https:\/\/obera.fr\/hu\/wp-json\/wp\/v2\/categories?post=82773"},{"taxonomy":"post_tag","embeddable":true,"href":"https:\/\/obera.fr\/hu\/wp-json\/wp\/v2\/tags?post=82773"}],"curies":[{"name":"wp","href":"https:\/\/api.w.org\/{rel}","templated":true}]}}