{"id":84893,"date":"2023-11-14T12:01:34","date_gmt":"2023-11-14T10:01:34","guid":{"rendered":"https:\/\/obera.fr\/a-mi-tanacsunk\/cas-usage-traitement-formaldehydes-emballage-industriel\/"},"modified":"2025-04-23T08:33:06","modified_gmt":"2025-04-23T06:33:06","slug":"cas-usage-traitement-formaldehydes-emballage-industriel","status":"publish","type":"post","link":"https:\/\/obera.fr\/hu\/a-mi-tanacsunk\/cas-usage-traitement-formaldehydes-emballage-industriel\/","title":{"rendered":"oberA felhaszn\u00e1l\u00e1si eset: Formaldehid kezel\u00e9se ipari csomagol\u00f3anyagokban"},"content":{"rendered":"\n<figure class=\"wp-block-image alignright size-full is-resized\"><img decoding=\"async\" width=\"275\" height=\"183\" src=\"https:\/\/obera.fr\/wp-content\/uploads\/2023\/12\/impression-emballage-2.jpg\" alt=\"csomagol&#xE1;si nyomtat&#xE1;s 2\" class=\"wp-image-26468\" style=\"width:316px;height:auto\"\/><\/figure>\n\n<p>Az OberA nemr\u00e9giben egy <strong>csomagol\u00e1sra szakosodott nemzetk\u00f6zi \u00fcgyf\u00e9llel<\/strong> dolgozott egy\u00fctt. Az \u00fcgyf\u00e9l a gy\u00e1rt\u00e1si folyamatuk sor\u00e1n, pontosabban az alum\u00edniumf\u00f3lia ragaszt\u00e1sa sor\u00e1n keletkez\u0151 formaldehid-kibocs\u00e1t\u00e1s kezel\u00e9se \u00e9rdek\u00e9ben keresett meg minket. <\/p>\n\n<p>A formaldehid az emberi eg\u00e9szs\u00e9gre potenci\u00e1lisan k\u00e1ros k\u00e9miai anyag, amelyet \u00e1ltal\u00e1ban bizonyos ipari folyamatokban haszn\u00e1lnak, t\u00f6bbek k\u00f6z\u00f6tt a csomagol\u00e1shoz haszn\u00e1lt alum\u00edniumf\u00f3lia ragaszt\u00e1s\u00e1hoz.<\/p>\n\n<p>A <a href=\"https:\/\/obera.fr\/conseils\/traitement-odeurs-industrielles\/\">l\u00e9gkezel\u00e9s ter\u00e9n szerzett szak\u00e9rtelm\u00fcnk<\/a> lehet\u0151v\u00e9 tette sz\u00e1munkra, hogy 2 <a href=\"https:\/\/obera.fr\/hu\/produits\/traitement-cov\/aspiration-mobile-odeurs-epur-box\/\">ePURBOX-b\u00f3l<\/a> \u00e1ll\u00f3 berendez\u00e9st tervezz\u00fcnk \u00e9s telep\u00edts\u00fcnk, mindkett\u0151t egy-egy tov\u00e1bbi nagy akt\u00edvszenes patronnal felszerelve. Ez a m\u00e9retre szabott megold\u00e1s k\u00f6zvetlen\u00fcl az alum\u00edniumf\u00f3lia-ragaszt\u00f3 \u00e1llom\u00e1son hat\u00e9konyan felfogja \u00e9s megsz\u00fcnteti a formaldehid-kibocs\u00e1t\u00e1st. Ily m\u00f3don seg\u00edtett\u00fcnk megv\u00e9deni \u00fcgyfel\u00fcnk dolgoz\u00f3inak eg\u00e9szs\u00e9g\u00e9t \u00e9s biztons\u00e1g\u00e1t, mik\u00f6zben biztos\u00edtottuk a hat\u00e1lyos szabv\u00e1nyoknak \u00e9s el\u0151\u00edr\u00e1soknak val\u00f3 megfelel\u00e9st.  <\/p>\n\n<p><strong>Szem\u00e9lyre szabott megk\u00f6zel\u00edt\u00e9s\u00fcnknek<\/strong> \u00e9s a k\u00f6rnyezetv\u00e9delmi kiv\u00e1l\u00f3s\u00e1g ir\u00e1nti elk\u00f6telezetts\u00e9g\u00fcnknek k\u00f6sz\u00f6nhet\u0151en \u00fcgyfel\u00fcnk jav\u00edtani tudta a leveg\u0151 min\u0151s\u00e9g\u00e9t a munkak\u00f6rnyezet\u00e9ben, cs\u00f6kkentve ezzel az alkalmazottak eg\u00e9szs\u00e9g\u00fcgyi kock\u00e1zat\u00e1t \u00e9s meger\u0151s\u00edtve a k\u00f6rnyezetv\u00e9delem ir\u00e1nti <strong>t\u00e1rsadalmi felel\u0151ss\u00e9g\u00e9t<\/strong>.<\/p>\n\n<h2 class=\"wp-block-heading\"><strong>A formaldehidet el\u0151\u00e1ll\u00edt\u00f3 folyamat \u00e9s annak vesz\u00e9lyei<\/strong><\/h2>\n\n<figure class=\"wp-block-image alignleft size-large is-resized\"><img decoding=\"async\" width=\"1024\" height=\"538\" src=\"https:\/\/obera.fr\/wp-content\/uploads\/2023\/12\/impression-emballage-aluminium-1024x538.jpg\" alt=\"alum&#xED;nium csomagol&#xE1;s nyomtat&#xE1;s\" class=\"wp-image-26471\" style=\"width:304px;height:auto\" srcset=\"https:\/\/obera.fr\/wp-content\/uploads\/2023\/12\/impression-emballage-aluminium-1024x538.jpg 1024w, https:\/\/obera.fr\/wp-content\/uploads\/2023\/12\/impression-emballage-aluminium-300x158.jpg 300w, https:\/\/obera.fr\/wp-content\/uploads\/2023\/12\/impression-emballage-aluminium-768x403.jpg 768w, https:\/\/obera.fr\/wp-content\/uploads\/2023\/12\/impression-emballage-aluminium.jpg 1200w\" sizes=\"(max-width: 1024px) 100vw, 1024px\" \/><\/figure>\n\n<p>Az alum\u00edniumf\u00f3lia ragaszt\u00e1sa sor\u00e1n<strong> keletkez\u0151 formaldehid-kibocs\u00e1t\u00e1s<\/strong> els\u0151sorban a formaldehidgyant\u00e1t (fenoplasztot vagy fenol-formaldehidgyant\u00e1t) tartalmaz\u00f3 ragaszt\u00f3k vagy ragaszt\u00f3k haszn\u00e1lat\u00e1b\u00f3l ered.<\/p>\n\n<p>A formaldehid egy ill\u00e9kony k\u00e9miai vegy\u00fclet, amely szobah\u0151m\u00e9rs\u00e9kleten g\u00e1zk\u00e9nt szabadul fel, \u00e9s a<strong>ragaszt\u00f3k felhord\u00e1sakor<\/strong> a leveg\u0151be p\u00e1rolog.<\/p>\n\n<p>A formaldehidet ragaszt\u00e1si \u00e9s gyorsan sz\u00e1rad\u00f3 tulajdons\u00e1gai miatt gyakran haszn\u00e1lj\u00e1k sz\u00e1mos ragaszt\u00f3- \u00e9s ragaszt\u00f3anyagt\u00edpusban, valamint h\u0151re kem\u00e9nyed\u0151 polimerek gy\u00e1rt\u00e1s\u00e1ban. Ez az <strong>anyag azonban kock\u00e1zatot jelent az emberi eg\u00e9szs\u00e9gre<\/strong>, k\u00fcl\u00f6n\u00f6sen, ha nagy \u00e9s tart\u00f3s mennyis\u00e9gben bel\u00e9legzik. <\/p>\n\n<p>A formaldehid bel\u00e9legz\u00e9se sz\u00e1mos eg\u00e9szs\u00e9g\u00fcgyi probl\u00e9m\u00e1t okozhat, t\u00f6bbek k\u00f6z\u00f6tt l\u00e9g\u00fati irrit\u00e1ci\u00f3t, fejf\u00e1j\u00e1st, h\u00e1nyingert, l\u00e9gz\u00e9si probl\u00e9m\u00e1kat, allergi\u00e1s reakci\u00f3kat \u00e9s b\u0151rirrit\u00e1ci\u00f3t. Ezenk\u00edv\u00fcl a formaldehidet a <strong>Nemzetk\u00f6zi R\u00e1kkutat\u00e1si \u00dcgyn\u00f6ks\u00e9g (IARC<\/strong> ) az emberekben r\u00e1kot okoz\u00f3 CMR-nek min\u0151s\u00edti, ami azt jelenti, hogy az anyagnak val\u00f3 kr\u00f3nikus expoz\u00edci\u00f3 n\u00f6velheti a r\u00e1k bizonyos t\u00edpusainak kialakul\u00e1s\u00e1nak kock\u00e1zat\u00e1t. <\/p>\n\n<p>Az alum\u00edniumf\u00f3lia ragaszt\u00e1sa sor\u00e1n a felhaszn\u00e1lt ragaszt\u00f3kb\u00f3l vagy ragaszt\u00f3kb\u00f3l, valamint a ragasztott f\u00f3li\u00e1k sz\u00e1rad\u00e1sa sor\u00e1n formaldehidg\u0151z\u00f6k ker\u00fclhetnek a k\u00f6rnyezeti leveg\u0151be. Ezek a f\u00fcst\u00f6k jelen lehetnek a<strong>gy\u00e1rt\u00f3m\u0171helyben, \u00e9s a dolgoz\u00f3k potenci\u00e1lisan bel\u00e9legezhetik \u0151ket<\/strong>, ami eg\u00e9szs\u00e9g\u00fcgyi kock\u00e1zatoknak teszi ki \u0151ket. <\/p>\n\n<h2 class=\"wp-block-heading\"><strong>A formaldehid kezel\u00e9s\u00e9nek el\u0151nyei ipari k\u00f6rnyezetben<\/strong><\/h2>\n\n<figure class=\"wp-block-image alignright size-full\"><img decoding=\"async\" width=\"283\" height=\"225\" src=\"https:\/\/obera.fr\/wp-content\/uploads\/2023\/12\/formaldehyde.png\" alt=\"formaldehid\" class=\"wp-image-26477\"\/><\/figure>\n\n<p>A formaldehid ipari k\u00f6rnyezetben t\u00f6rt\u00e9n\u0151 kezel\u00e9se sz\u00e1mos fontos el\u0151nnyel j\u00e1r. El\u0151sz\u00f6r is <strong>v\u00e9di a munkav\u00e1llal\u00f3k eg\u00e9szs\u00e9g\u00e9t<\/strong> az\u00e1ltal, hogy megsz\u00fcnteti vagy cs\u00f6kkenti a formaldehid kibocs\u00e1t\u00e1s\u00e1t a k\u00f6rnyezeti leveg\u0151be. Ez cs\u00f6kkenti a l\u00e9g\u00fati irrit\u00e1ci\u00f3, a l\u00e9gz\u0151szervi probl\u00e9m\u00e1k, az allergi\u00e1s reakci\u00f3k \u00e9s az ezzel a potenci\u00e1lisan k\u00e1ros anyaggal kapcsolatos s\u00falyosabb eg\u00e9szs\u00e9g\u00fcgyi probl\u00e9m\u00e1k kock\u00e1zat\u00e1t.  <\/p>\n\n<p>A<strong> formaldehid-kezel\u00e9s<\/strong> emellett seg\u00edt a v\u00e1llalatoknak a formaldehid-kibocs\u00e1t\u00e1sra vonatkoz\u00f3 szigor\u00fa el\u0151\u00edr\u00e1soknak val\u00f3 megfelel\u00e9sben. A k\u00f6rnyezetv\u00e9delmi \u00e9s eg\u00e9szs\u00e9g\u00fcgyi el\u0151\u00edr\u00e1soknak val\u00f3 megfelel\u00e9ssel a v\u00e1llalatok elker\u00fclhetik a nem megfelel\u00e9ssel j\u00e1r\u00f3 b\u00edrs\u00e1gokat \u00e9s b\u00fcntet\u00e9seket. <\/p>\n\n<p>A l\u00e9gkezel\u00e9s m\u00e1sik el\u0151nye a munkak\u00f6rnyezet<strong>leveg\u0151min\u0151s\u00e9g\u00e9nek jav\u00edt\u00e1sa<\/strong>. A formaldehid-kibocs\u00e1t\u00e1s felfog\u00e1s\u00e1val \u00e9s megsz\u00fcntet\u00e9s\u00e9vel eg\u00e9szs\u00e9gesebb k\u00f6rnyezetet teremt az alkalmazottak sz\u00e1m\u00e1ra, cs\u00f6kkentve a fejf\u00e1j\u00e1s, a h\u00e1nyinger \u00e9s a rossz leveg\u0151min\u0151s\u00e9ggel j\u00e1r\u00f3 egy\u00e9b t\u00fcnetek kock\u00e1zat\u00e1t. <\/p>\n\n<p>A formaldehid-kezel\u00e9s emellett seg\u00edt cs\u00f6kkenteni az ezzel az anyaggal kapcsolatos foglalkoz\u00e1si megbeteged\u00e9sek, p\u00e9ld\u00e1ul a<strong>foglalkoz\u00e1si asztma vagy a b\u0151rirrit\u00e1ci\u00f3<\/strong> kock\u00e1zat\u00e1t. A formaldehidnek val\u00f3 t\u00falzott expoz\u00edci\u00f3 megsz\u00fcntet\u00e9s\u00e9vel hossz\u00fa t\u00e1von hozz\u00e1j\u00e1rul a munkav\u00e1llal\u00f3k eg\u00e9szs\u00e9g\u00e9nek v\u00e9delm\u00e9hez. <\/p>\n\n<p>A v\u00e1llalati im\u00e1zs szempontj\u00e1b\u00f3l a felel\u0151s formaldehidkezel\u00e9si gyakorlatok elfogad\u00e1sa a<strong>munkav\u00e1llal\u00f3k eg\u00e9szs\u00e9ge \u00e9s biztons\u00e1ga<\/strong>, valamint a k\u00f6rnyezeti felel\u0151ss\u00e9gv\u00e1llal\u00e1s<strong>ir\u00e1nti elk\u00f6telezetts\u00e9get<\/strong> mutatja. Ez jav\u00edthatja az \u00fcgyfelek, \u00fczleti partnerek \u00e9s a k\u00f6zv\u00e9lem\u00e9ny meg\u00edt\u00e9l\u00e9s\u00e9t. <\/p>\n\n<p>V\u00e9g\u00fcl a formaldehidkezel\u00e9s az er\u0151forr\u00e1sok \u00e9s nyersanyagok hat\u00e9konyabb felhaszn\u00e1l\u00e1sa r\u00e9v\u00e9n a v\u00e1llalat sz\u00e1m\u00e1ra k\u00f6lts\u00e9gmegtakar\u00edt\u00e1st is eredm\u00e9nyezhet.<\/p>\n\n<p>\u00d6sszefoglalva, a <strong>formaldehidek ipari k\u00f6rnyezetben t\u00f6rt\u00e9n\u0151 kezel\u00e9se <\/strong>sz\u00e1mos alapvet\u0151 el\u0151nnyel j\u00e1r a biztons\u00e1gosabb, eg\u00e9szs\u00e9gesebb \u00e9s k\u00f6rnyezetbar\u00e1tabb munkak\u00f6rnyezet megteremt\u00e9s\u00e9ben az \u00e9rintett ipar\u00e1gakban. Ez egy olyan proakt\u00edv int\u00e9zked\u00e9s, amely el\u0151seg\u00edti a munkav\u00e1llal\u00f3k eg\u00e9szs\u00e9g\u00e9t, a jogszab\u00e1lyoknak val\u00f3 megfelel\u00e9st, a m\u0171k\u00f6d\u00e9si hat\u00e9konys\u00e1got \u00e9s a pozit\u00edv v\u00e1llalati im\u00e1zst. <\/p>\n\n<h2 class=\"wp-block-heading\"><strong>Az akt\u00edv sz\u00e9n hat\u00e9konys\u00e1ga a formaldehidekkel szemben ipari k\u00f6rnyezetben<\/strong><\/h2>\n\n<figure class=\"wp-block-image alignleft size-large is-resized\"><img decoding=\"async\" width=\"1024\" height=\"549\" src=\"https:\/\/obera.fr\/wp-content\/uploads\/2023\/12\/cko-charbon-purple-1024x549.jpg\" alt=\"cko sz&#xE9;n lila\" class=\"wp-image-26474\" style=\"width:429px;height:auto\" srcset=\"https:\/\/obera.fr\/wp-content\/uploads\/2023\/12\/cko-charbon-purple-1024x549.jpg 1024w, https:\/\/obera.fr\/wp-content\/uploads\/2023\/12\/cko-charbon-purple-300x161.jpg 300w, https:\/\/obera.fr\/wp-content\/uploads\/2023\/12\/cko-charbon-purple-768x412.jpg 768w, https:\/\/obera.fr\/wp-content\/uploads\/2023\/12\/cko-charbon-purple.jpg 1200w\" sizes=\"(max-width: 1024px) 100vw, 1024px\" \/><\/figure>\n\n<p>A formaldehid molekul\u00e1k kicsik, \u00e9s nehezen lehet \u0151ket hat\u00e9konyan felfogni. Az akt\u00edv sz\u00e9n azonban nagy fajlagos fel\u00fclettel rendelkezik, <strong>k\u00fcl\u00f6nb\u00f6z\u0151 m\u00e9ret\u0171 p\u00f3rusokkal<\/strong>, ami lehet\u0151v\u00e9 teszi a formaldehid molekul\u00e1k befog\u00e1s\u00e1t \u00e9s adszorbe\u00e1l\u00e1s\u00e1t. Ahogy a formaldehiddel szennyezett leveg\u0151 \u00e1thalad az akt\u00edv sz\u00e9nen, ezek a molekul\u00e1k megragadnak \u00e9s visszatart\u00f3dnak az anyag fel\u00fclet\u00e9n, seg\u00edtve ezzel a <strong>leveg\u0151ben l\u00e9v\u0151 formaldehid koncentr\u00e1ci\u00f3j\u00e1nak cs\u00f6kkent\u00e9s\u00e9t<\/strong>.  <\/p>\n\n<p>Fontos megjegyezni, hogy az akt\u00edv sz\u00e9n hat\u00e9konys\u00e1ga olyan t\u00e9nyez\u0151kt\u0151l f\u00fcgg, mint az ipari ragaszt\u00f3k \u00f6sszet\u00e9tele, a h\u0151m\u00e9rs\u00e9klet, a leveg\u0151 \u00e1raml\u00e1si sebess\u00e9ge \u00e9s az akt\u00edv sz\u00e9nnel val\u00f3 \u00e9rintkez\u00e9s id\u0151tartama. Ez\u00e9rt alapvet\u0151 fontoss\u00e1g\u00fa a megfelel\u0151 t\u00edpus\u00fa akt\u00edv sz\u00e9n kiv\u00e1laszt\u00e1sa az adott alkalmaz\u00e1shoz, hogy biztos\u00edtsuk a<strong> formaldehidek hat\u00e9kony elt\u00e1vol\u00edt\u00e1s\u00e1t<\/strong> \u00e9s a leveg\u0151 min\u0151s\u00e9g\u00e9nek javul\u00e1s\u00e1t ipari k\u00f6rnyezetben. <\/p>\n\n<blockquote class=\"wp-block-quote is-layout-flow wp-block-quote-is-layout-flow\">\n<p>Olvassa el a <a href=\"https:\/\/obera.fr\/conseils\/cas-usage-traitements-covs-secteur-serigraphie\/\">VOC-ok szitanyom\u00e1sban t\u00f6rt\u00e9n\u0151 kezel\u00e9s\u00e9r\u0151l<\/a> sz\u00f3l\u00f3 esettanulm\u00e1nyunkat. <\/p>\n<\/blockquote>\n","protected":false},"excerpt":{"rendered":"<p>Az OberA nemr\u00e9giben egy csomagol\u00e1sra szakosodott nemzetk\u00f6zi \u00fcgyf\u00e9llel dolgozott egy\u00fctt. Az \u00fcgyf\u00e9l a gy\u00e1rt\u00e1si folyamatuk sor\u00e1n, pontosabban az alum\u00edniumf\u00f3lia ragaszt\u00e1sa sor\u00e1n keletkez\u0151 formaldehid-kibocs\u00e1t\u00e1s kezel\u00e9se \u00e9rdek\u00e9ben keresett meg minket. <\/p>\n","protected":false},"author":4,"featured_media":0,"comment_status":"open","ping_status":"closed","sticky":false,"template":"","format":"standard","meta":{"_acf_changed":false,"_seopress_robots_primary_cat":"none","_seopress_titles_title":"oberA felhaszn\u00e1l\u00e1si eset: Formaldehid kezel\u00e9se ipari csomagol\u00f3anyagokban","_seopress_titles_desc":"Az OberA nemr\u00e9giben egy csomagol\u00e1sra szakosodott nemzetk\u00f6zi \u00fcgyf\u00e9llel dolgozott egy\u00fctt. Tudjon meg t\u00f6bbet a formaldehid-kezel\u00e9si k\u00f6vetelm\u00e9nyeik teljes\u00edt\u00e9s\u00e9hez sz\u00fcks\u00e9ges folyamatainkr\u00f3l.","_seopress_robots_index":"","footnotes":""},"categories":[314],"tags":[323],"class_list":["post-84893","post","type-post","status-publish","format-standard","hentry","category-a-mi-tanacsunk","tag-entete-kicsi","generate-columns","tablet-grid-50","mobile-grid-100","grid-parent","grid-50","no-featured-image-padding"],"acf":[],"_links":{"self":[{"href":"https:\/\/obera.fr\/hu\/wp-json\/wp\/v2\/posts\/84893","targetHints":{"allow":["GET"]}}],"collection":[{"href":"https:\/\/obera.fr\/hu\/wp-json\/wp\/v2\/posts"}],"about":[{"href":"https:\/\/obera.fr\/hu\/wp-json\/wp\/v2\/types\/post"}],"author":[{"embeddable":true,"href":"https:\/\/obera.fr\/hu\/wp-json\/wp\/v2\/users\/4"}],"replies":[{"embeddable":true,"href":"https:\/\/obera.fr\/hu\/wp-json\/wp\/v2\/comments?post=84893"}],"version-history":[{"count":1,"href":"https:\/\/obera.fr\/hu\/wp-json\/wp\/v2\/posts\/84893\/revisions"}],"predecessor-version":[{"id":84896,"href":"https:\/\/obera.fr\/hu\/wp-json\/wp\/v2\/posts\/84893\/revisions\/84896"}],"wp:attachment":[{"href":"https:\/\/obera.fr\/hu\/wp-json\/wp\/v2\/media?parent=84893"}],"wp:term":[{"taxonomy":"category","embeddable":true,"href":"https:\/\/obera.fr\/hu\/wp-json\/wp\/v2\/categories?post=84893"},{"taxonomy":"post_tag","embeddable":true,"href":"https:\/\/obera.fr\/hu\/wp-json\/wp\/v2\/tags?post=84893"}],"curies":[{"name":"wp","href":"https:\/\/api.w.org\/{rel}","templated":true}]}}