{"id":85059,"date":"2023-11-14T11:45:05","date_gmt":"2023-11-14T09:45:05","guid":{"rendered":"https:\/\/obera.fr\/a-mi-tanacsunk\/cas-usage-traitement-cov-fonderie-metallurgie\/"},"modified":"2025-04-23T08:41:06","modified_gmt":"2025-04-23T06:41:06","slug":"cas-usage-traitement-cov-fonderie-metallurgie","status":"publish","type":"post","link":"https:\/\/obera.fr\/hu\/a-mi-tanacsunk\/cas-usage-traitement-cov-fonderie-metallurgie\/","title":{"rendered":"oberA felhaszn\u00e1l\u00e1si eset: VOC-kezel\u00e9s az \u00f6nt\u00f6dei \u00e9s koh\u00e1szati \u00e1gazatban"},"content":{"rendered":"\n<p>Volt szerencs\u00e9nk egy\u00fctt dolgozni egy <strong>\u00f6nt\u00f6dei<\/strong> \u00e9s megmunk\u00e1l\u00f3ipari <strong>\u00e1gazatra szakosodott \u00fcgyf\u00e9llel<\/strong>, aki egy nagy kih\u00edv\u00e1s megold\u00e1s\u00e1t k\u00e9rte t\u0151l\u00fcnk: az \u00f6nt\u00e9si z\u00f3n\u00e1ban az olvadt f\u00e9m ki\u00f6nt\u00e9se sor\u00e1n \u00e9s az <strong>\u00f6nt\u0151forma h\u0171t\u00e9si<\/strong> vonal\u00e1n kibocs\u00e1tott <a href=\"https:\/\/obera.fr\/conseils\/traitement-odeurs-industrielles\/\">ill\u00e9kony szerves vegy\u00fcletek (VOC) kezel\u00e9s\u00e9t<\/a>.<\/p>\n\n<figure class=\"wp-block-image alignright size-full is-resized\"><img decoding=\"async\" width=\"600\" height=\"600\" src=\"https:\/\/obera.fr\/wp-content\/uploads\/2022\/12\/dustomat-4-24-atex.png\" alt=\"porszelv&#xE9;ny 4 24 atex\" class=\"wp-image-17273\" style=\"width:390px;height:auto\" srcset=\"https:\/\/obera.fr\/wp-content\/uploads\/2022\/12\/dustomat-4-24-atex.png 600w, https:\/\/obera.fr\/wp-content\/uploads\/2022\/12\/dustomat-4-24-atex-300x300.png 300w, https:\/\/obera.fr\/wp-content\/uploads\/2022\/12\/dustomat-4-24-atex-150x150.png 150w\" sizes=\"(max-width: 600px) 100vw, 600px\" \/><\/figure>\n\n<p>Az olvadt f\u00e9m \u00f6nt\u00e9se sor\u00e1n VOC-kibocs\u00e1t\u00e1s \u00e9s szagok keletkezhetnek, amelyek mind<strong> a dolgoz\u00f3k eg\u00e9szs\u00e9g\u00e9re<\/strong>, mind a k\u00f6rnyezetre gyakorolt hat\u00e1suk miatt aggodalomra adhatnak okot. \u00dcgyfel\u00fcnk hat\u00e9kony megold\u00e1st akart tal\u00e1lni e kibocs\u00e1t\u00e1sok cs\u00f6kkent\u00e9s\u00e9re, mik\u00f6zben megfelelt a hat\u00e1lyos k\u00f6rnyezetv\u00e9delmi el\u0151\u00edr\u00e1soknak. <\/p>\n\n<p>A<strong> l\u00e9gkezel\u00e9s<\/strong> \u00e9s a szennyez\u0151anyag-kibocs\u00e1t\u00e1s cs\u00f6kkent\u00e9se ter\u00e9n szerzett szak\u00e9rtelm\u00fcnkre t\u00e1maszkodva innovat\u00edv, az \u00fcgyf\u00e9l egyedi ig\u00e9nyeire szabott megk\u00f6zel\u00edt\u00e9st javasoltunk. Az olvasztott f\u00e9m\u00f6nt\u0151 telephely\u00fck\u00f6n egy <strong>Dustomat 4-24 mobil porlev\u00e1laszt\u00f3<\/strong> rendszert telep\u00edtett\u00fcnk akt\u00edvszenes patronokkal. <\/p>\n\n<p>Ezt a rendszert \u00fagy tervezt\u00e9k, hogy felfogja \u00e9s megsz\u0171rje a kibocs\u00e1tott VOC-ket, \u00edgy biztos\u00edtva a jobb leveg\u0151min\u0151s\u00e9get a munkahelyen. A VOC-ok forr\u00e1sn\u00e1l t\u00f6rt\u00e9n\u0151 megsz\u00fcntet\u00e9s\u00e9vel nemcsak <strong>a munkav\u00e1llal\u00f3k eg\u00e9szs\u00e9g\u00e9t<\/strong> v\u00e9dt\u00fck, hanem hozz\u00e1j\u00e1rultunk az e szennyez\u0151 anyagok kibocs\u00e1t\u00e1s\u00e1val kapcsolatos tev\u00e9kenys\u00e9g\u00fck k\u00f6rnyezeti hat\u00e1sainak cs\u00f6kkent\u00e9s\u00e9hez is. A <strong>porlev\u00e1laszt\u00f3<\/strong> a maga r\u00e9sz\u00e9r\u0151l megsz\u0171ri a z\u00f6ld homokform\u00e1k h\u0171t\u00e9se sor\u00e1n felsz\u00e1ll\u00f3 szilikaporokat, \u00e9s v\u00e9di az akt\u00edv szenet, hogy az ne tel\u00edt\u0151dj\u00f6n id\u0151 el\u0151tt a por \u00e1ltal.  <\/p>\n\n<p>\u00dcgyfel\u00fcnk lelkesen fogadta a szem\u00e9lyre szabott megold\u00e1sunkat, amely a munkak\u00f6r\u00fclm\u00e9nyek jelent\u0151s javul\u00e1s\u00e1t \u00e9s a jelenlegi szabv\u00e1nyoknak val\u00f3 nagyobb m\u00e9rt\u00e9k\u0171 megfelel\u00e9st eredm\u00e9nyezte.<\/p>\n\n<p>Ez a sikeres egy\u00fcttm\u0171k\u00f6d\u00e9s <strong>\u00f6nt\u00f6dei \u00e9s megmunk\u00e1l\u00f3 \u00fcgyfel\u00fcnkkel<\/strong> j\u00f3l p\u00e9ld\u00e1zza elk\u00f6telezetts\u00e9g\u00fcnket az ir\u00e1nt, hogy innovat\u00edv \u00e9s hat\u00e9kony megold\u00e1sokat k\u00edn\u00e1ljunk az ipari v\u00e1llalatok k\u00f6rnyezeti \u00e9s k\u00f6zeg\u00e9szs\u00e9g\u00fcgyi kih\u00edv\u00e1saira. B\u00fcszk\u00e9k vagyunk arra, hogy hozz\u00e1j\u00e1rulhattunk a siker\u00fckh\u00f6z, mik\u00f6zben meger\u0151s\u00edtett\u00fck k\u00fcldet\u00e9s\u00fcnket, hogy felel\u0151s szerepl\u0151i legy\u00fcnk az<strong> ipari kibocs\u00e1t\u00e1sok kezel\u00e9s\u00e9nek<\/strong>. <\/p>\n\n<h2 class=\"wp-block-heading\">Az \u00f6nt\u00f6dei\/koh\u00e1szati \u00e1gazatban az olvadt f\u00e9m \u00f6nt\u00e9se sor\u00e1n keletkez\u0151 VOC-ket el\u0151\u00e1ll\u00edt\u00f3 folyamatok<\/h2>\n\n<p>Az <strong>olvadt f\u00e9m \u00f6nt\u00f6d\u00e9kben<\/strong> vagy <strong>ac\u00e9lm\u0171vekben t\u00f6rt\u00e9n\u0151 \u00f6nt\u00e9se<\/strong> sor\u00e1n sz\u00e1mos folyamat sor\u00e1n keletkezhetnek ill\u00e9kony szerves vegy\u00fcletek (VOC). A VOC-ok \u00e9s szagok g\u00e1zok \u00e9s g\u0151z\u00f6k form\u00e1j\u00e1ban az \u00f6nt\u00e9s \u00e9s a forma h\u0171t\u00e9se sor\u00e1n szabadulnak fel. Az al\u00e1bbiakban bemutatjuk azokat a f\u0151bb folyamatokat, amelyek <strong>VOC-ok \u00e9s szagok keletkez\u00e9s\u00e9hez vezethetnek<\/strong>.  <\/p>\n\n<h3 class=\"wp-block-heading\">Form\u00e1z\u00f3homok haszn\u00e1lata  <\/h3>\n\n<figure class=\"wp-block-image alignleft size-large is-resized\"><img decoding=\"async\" width=\"1024\" height=\"683\" src=\"https:\/\/obera.fr\/wp-content\/uploads\/2023\/12\/fonderie-sable-1024x683.jpg\" alt=\"platina equity magas h&#x151;m&#xE9;rs&#xE9;klet&#x171; oldatok\" class=\"wp-image-26514\" style=\"width:303px;height:auto\" srcset=\"https:\/\/obera.fr\/wp-content\/uploads\/2023\/12\/fonderie-sable-1024x683.jpg 1024w, https:\/\/obera.fr\/wp-content\/uploads\/2023\/12\/fonderie-sable-300x200.jpg 300w, https:\/\/obera.fr\/wp-content\/uploads\/2023\/12\/fonderie-sable-768x512.jpg 768w, https:\/\/obera.fr\/wp-content\/uploads\/2023\/12\/fonderie-sable-1536x1024.jpg 1536w, https:\/\/obera.fr\/wp-content\/uploads\/2023\/12\/fonderie-sable-2048x1365.jpg 2048w\" sizes=\"(max-width: 1024px) 100vw, 1024px\" \/><\/figure>\n\n<p>Az olvadt f\u00e9m \u00f6nt\u00e9se sor\u00e1n a form\u00e1t \u00e9s a magokat gyakran form\u00e1z\u00f3 homokb\u00f3l (szil\u00edcium-agyag alap\u00fa homok) k\u00e9sz\u00edtik. Az \u00f6nt\u0151homok \u00e9s a magok<strong> szerves vegy\u00fcleteket <\/strong>tartalmazhatnak, amelyek az olvadt f\u00e9m h\u0151j\u00e9nek hat\u00e1s\u00e1ra lebomlanak, ami VOC-kibocs\u00e1t\u00e1st eredm\u00e9nyez a leveg\u0151be. Az \u00f6nt\u0151forma szelet alap\u00fa z\u00f6ld homokot tartalmaz. Ezt a homokot a homokhoz hozz\u00e1adott szerves vagy \u00e1sv\u00e1nyi k\u00f6t\u0151anyagok (kataliz\u00e1tor, kem\u00e9ny\u00edt\u0151, szil\u00e1rdul\u00e1sgyors\u00edt\u00f3 stb.) agglomer\u00e1lj\u00e1k. K\u00fcl\u00f6nb\u00f6z\u0151 gyantaalap\u00fa elj\u00e1r\u00e1sok l\u00e9teznek, amelyek a homok meleg\u00edt\u00e9sekor VOC-ket termelnek:<strong> fenolgyant\u00e1k, poliuret\u00e1ngyant\u00e1k, fenol\u00e1tok, fur\u00e1ngyant\u00e1k<\/strong>, alkidgyant\u00e1k stb.    <\/p>\n\n<p>Az \u00f6nt\u00e9s el\u0151tt a form\u00e1kat zs\u00edrtalan\u00edtani lehet, hogy elt\u00e1vol\u00edts\u00e1k az olaj- \u00e9s zs\u00edrnyomokat. A zs\u00edrtalan\u00edt\u00e1s sor\u00e1n haszn\u00e1lt old\u00f3szerek elp\u00e1rolg\u00e1suk sor\u00e1n VOC-ket szabad\u00edthatnak fel. <\/p>\n\n<h3 class=\"wp-block-heading\">Form\u00e1k zs\u00edrtalan\u00edt\u00e1sa  <\/h3>\n\n<p>Az \u00f6nt\u00e9s el\u0151tt a form\u00e1kat zs\u00edrtalan\u00edtani lehet, hogy<strong> elt\u00e1vol\u00edts\u00e1k az olaj- \u00e9s zs\u00edrnyomokat<\/strong>. A zs\u00edrtalan\u00edt\u00e1s sor\u00e1n haszn\u00e1lt old\u00f3szerek elp\u00e1rolg\u00e1suk sor\u00e1n VOC-ket szabad\u00edthatnak fel. <\/p>\n\n<h3 class=\"wp-block-heading\">T\u0171z\u00e1ll\u00f3 b\u00e9l\u00e9sek  <\/h3>\n\n<p>Egyes t\u0171z\u00e1ll\u00f3 b\u00e9l\u00e9sek, amelyeket az \u00f6nt\u0151form\u00e1k belsej\u00e9ben alkalmaznak a h\u0151nek val\u00f3 ellen\u00e1ll\u00e1s \u00e9rdek\u00e9ben, ill\u00e9kony <strong>szerves vegy\u00fcleteket tartalmazhatnak <\/strong>, amelyek az olvadt f\u00e9m ki\u00f6nt\u00e9sekor felszabadulhatnak.<\/p>\n\n<h3 class=\"wp-block-heading\">G\u00e1zok vagy t\u00fczel\u0151anyagok \u00e9get\u00e9se  <\/h3>\n\n<p>Egyes f\u00e9molvaszt\u00e1si elj\u00e1r\u00e1sok g\u00e1zokat vagy t\u00fczel\u0151anyagokat haszn\u00e1lnak h\u0151forr\u00e1sk\u00e9nt. Ezeknek a t\u00fczel\u0151anyagoknak az el\u00e9get\u00e9se VOC-ket termelhet. <\/p>\n\n<h3 class=\"wp-block-heading\">Olvadt f\u00e9m kezel\u00e9se  <\/h3>\n\n<p>Amikor az olvadt f\u00e9met kezelik \u00e9s egyik helyr\u0151l a m\u00e1sikra sz\u00e1ll\u00edtj\u00e1k, a forr\u00f3 f\u00e9m \u00e9s a k\u00f6rnyezeti leveg\u0151 k\u00f6z\u00f6tti reakci\u00f3 eredm\u00e9nyek\u00e9nt <strong>f\u0151k\u00e9nt mikroporszemcs\u00e9ket<\/strong> \u00e9s g\u00e1zokat <strong>tartalmaz\u00f3 f\u00fcst\u00f6k<\/strong> szabadulhatnak fel.<\/p>\n\n<h3 class=\"wp-block-heading\">Az olvadt f\u00e9m gyors h\u0171t\u00e9se  <\/h3>\n\n<p>Az olvadt f\u00e9m gyors leh\u0171l\u00e9se <strong>g\u00e1zg\u0151z\u00f6k k\u00e9pz\u0151d\u00e9s\u00e9hez vezethet<\/strong>, amikor az olvadt f\u00e9m h\u0171v\u00f6sebb fel\u00fcletekkel \u00e9rintkezik.<\/p>\n\n<p>Ezek a f\u00fcst\u00f6k, g\u00e1zok \u00e9s VOC-kibocs\u00e1t\u00e1sok aggodalomra adhatnak okot a munkav\u00e1llal\u00f3k \u00e9s a k\u00f6rnyezet eg\u00e9szs\u00e9g\u00e9t illet\u0151en. A kezel\u0151i expoz\u00edci\u00f3 cs\u00f6kkent\u00e9se \u00e9rdek\u00e9ben alapvet\u0151 fontoss\u00e1g\u00fa a megel\u0151z\u0151 int\u00e9zked\u00e9sek v\u00e9grehajt\u00e1sa, p\u00e9ld\u00e1ul a kibocs\u00e1t\u00e1st a forr\u00e1sn\u00e1l korl\u00e1toz\u00f3<strong>felfog\u00f3<\/strong> \u00e9s szell\u0151ztet\u0151<strong>rendszerek haszn\u00e1lata<\/strong>, valamint a kevesebbet kibocs\u00e1t\u00f3 anyagok \u00e9s elj\u00e1r\u00e1sok alkalmaz\u00e1sa. A poroknak \u00e9s VOC-oknak kitett munkav\u00e1llal\u00f3k sz\u00e1m\u00e1ra megfelel\u0151 egy\u00e9ni v\u00e9d\u0151felszerel\u00e9s (PPE) haszn\u00e1lata is sz\u00fcks\u00e9ges lehet az eg\u00e9szs\u00e9g\u00fcgyi kock\u00e1zatok minimaliz\u00e1l\u00e1sa \u00e9rdek\u00e9ben.  <\/p>\n\n<h2 class=\"wp-block-heading\">VOC-okkal kapcsolatos vesz\u00e9lyek a f\u00e9m-\/\u00f6nt\u00f6deiparban<\/h2>\n\n<p>Az \u00f6nt\u00f6d\u00e9kben \u00e9s a koh\u00e1szatban az \u00f6nt\u00f6d\u00e9kben j\u00f3l ismert krist\u00e1lyos szil\u00edcium-dioxid-alap\u00fa porok mellett az ill\u00e9kony szerves vegy\u00fcletek (VOC) is <strong>hozz\u00e1j\u00e1rulhatnak a l\u00e9gk\u00f6ri szennyez\u0151 anyagok kialakul\u00e1s\u00e1hoz<\/strong>, \u00e9s eg\u00e9szs\u00e9g\u00fcgyi probl\u00e9m\u00e1kat okozhatnak a magas koncentr\u00e1ci\u00f3nak kr\u00f3nikusan kitett munkav\u00e1llal\u00f3k sz\u00e1m\u00e1ra. \u00cdme n\u00e9h\u00e1ny gyakori betegs\u00e9g, amely a VOC-okkal kapcsolatos ezen a ter\u00fcleten. <\/p>\n\n<h3 class=\"wp-block-heading\">A l\u00e9gutak irrit\u00e1ci\u00f3ja  <\/h3>\n\n<figure class=\"wp-block-image alignleft size-full is-resized\"><img decoding=\"async\" width=\"600\" height=\"600\" src=\"https:\/\/obera.fr\/wp-content\/uploads\/2023\/12\/picto-risque-mutagene.jpg\" alt=\"picto mutag&#xE9;n kock&#xE1;zat\" class=\"wp-image-26440\" style=\"width:55px;height:auto\" srcset=\"https:\/\/obera.fr\/wp-content\/uploads\/2023\/12\/picto-risque-mutagene.jpg 600w, https:\/\/obera.fr\/wp-content\/uploads\/2023\/12\/picto-risque-mutagene-300x300.jpg 300w, https:\/\/obera.fr\/wp-content\/uploads\/2023\/12\/picto-risque-mutagene-150x150.jpg 150w\" sizes=\"(max-width: 600px) 100vw, 600px\" \/><\/figure>\n\n<p>A VOC-ok l\u00e9g\u00fati irrit\u00e1ci\u00f3t okozhatnak, amelynek t\u00fcnetei k\u00f6h\u00f6g\u00e9s, torokf\u00e1j\u00e1s, orrdugul\u00e1s \u00e9s t\u00fcssz\u00f6g\u00e9s. Az<strong> \u00f6nt\u00f6dei\/koh\u00e1szati dolgoz\u00f3k<\/strong>, akik rendszeresen ki vannak t\u00e9ve a VOC-kibocs\u00e1t\u00e1snak, kr\u00f3nikus l\u00e9gz\u00e9si probl\u00e9m\u00e1kt\u00f3l szenvedhetnek.<\/p>\n\n<h3 class=\"wp-block-heading\">Asztma<\/h3>\n\n<p>A VOC-oknak val\u00f3 tart\u00f3s expoz\u00edci\u00f3 s\u00falyosb\u00edthatja az asztm\u00e1s t\u00fcneteket a hajlamos egy\u00e9nekn\u00e9l. <strong>Az asztm\u00e1ban szenved\u0151<\/strong> munkav\u00e1llal\u00f3k t\u00fcnetei s\u00falyosbodhatnak a VOC-ok jelenl\u00e9te miatt a munkahelyi k\u00f6rnyezetben. <\/p>\n\n<h3 class=\"wp-block-heading\">Neurol\u00f3giai rendelleness\u00e9gek<\/h3>\n\n<p>Egyes VOC-k idegm\u00e9regnek min\u0151s\u00fclnek, \u00e9s hat\u00e1ssal lehetnek a k\u00f6zponti idegrendszerre. A magas VOC-szinteknek val\u00f3 kr\u00f3nikus kitetts\u00e9g fejf\u00e1j\u00e1ssal, sz\u00e9d\u00fcl\u00e9ssel, <strong>mem\u00f3riazavarral<\/strong> \u00e9s koncentr\u00e1ci\u00f3s zavarokkal j\u00e1rhat. <\/p>\n\n<h3 class=\"wp-block-heading\">Dermatitis  <\/h3>\n\n<p>N\u00e9h\u00e1ny embern\u00e9l allergi\u00e1s b\u0151rreakci\u00f3k alakulhatnak ki az \u00f6nt\u00f6dei\/koh\u00e1szati iparban haszn\u00e1lt VOC-oknak \u00e9s vegyi anyagoknak val\u00f3 ism\u00e9telt kitetts\u00e9get k\u00f6vet\u0151en.<\/p>\n\n<h3 class=\"wp-block-heading\">A m\u00e1jra \u00e9s a ves\u00e9re gyakorolt hat\u00e1sok<\/h3>\n\n<p>Egyes VOC-ok m\u00e9rgez\u0151ek lehetnek a m\u00e1jra \u00e9s a ves\u00e9re, hosszan tart\u00f3 expoz\u00edci\u00f3 \u00e9s magas koncentr\u00e1ci\u00f3 eset\u00e9n <strong>k\u00e1ros\u00edthatj\u00e1k ezeket a szerveket<\/strong>.<\/p>\n\n<p>Fontos megjegyezni, hogy<strong> az eg\u00e9szs\u00e9g\u00fcgyi hat\u00e1sok s\u00falyoss\u00e1ga<\/strong> a VOC-k leveg\u0151ben l\u00e9v\u0151 koncentr\u00e1ci\u00f3j\u00e1t\u00f3l, az expoz\u00edci\u00f3 id\u0151tartam\u00e1t\u00f3l \u00e9s gyakoris\u00e1g\u00e1t\u00f3l, valamint az egy\u00e9ni \u00e9rz\u00e9kenys\u00e9gt\u0151l f\u00fcgg. A munk\u00e1ltat\u00f3knak \u00e9s a munkav\u00e1llal\u00f3knak megel\u0151z\u0151 int\u00e9zked\u00e9seket kell tenni\u00fck a VOC-oknak val\u00f3 kitetts\u00e9g minimaliz\u00e1l\u00e1sa \u00e9s a munkav\u00e1llal\u00f3k eg\u00e9szs\u00e9g\u00e9nek v\u00e9delme \u00e9rdek\u00e9ben. <\/p>\n\n<p>A megel\u0151z\u0151 int\u00e9zked\u00e9sek k\u00f6z\u00e9 tartozhat a z\u00e1rt munkafolyamatok vagy felfog\u00f3 rendszerek alkalmaz\u00e1sa a <strong>VOC-kibocs\u00e1t\u00e1s korl\u00e1toz\u00e1s\u00e1ra<\/strong>, valamint a megfelel\u0151 egy\u00e9ni v\u00e9d\u0151felszerel\u00e9s (PPE) haszn\u00e1lata a VOC-oknak kitett munkav\u00e1llal\u00f3k sz\u00e1m\u00e1ra.  <\/p>\n\n<p>L\u00e9nyeges tov\u00e1bb\u00e1 a munkater\u00fcletek megfelel\u0151 szell\u0151ztet\u00e9s\u00e9nek biztos\u00edt\u00e1sa a VOC-koncentr\u00e1ci\u00f3 cs\u00f6kkent\u00e9se \u00e9rdek\u00e9ben, valamint a munkav\u00e1llal\u00f3k oktat\u00e1sa a VOC-okkal kapcsolatos kock\u00e1zatokr\u00f3l \u00e9s a helyes biztons\u00e1gi gyakorlatr\u00f3l.<\/p>\n\n<h2 class=\"wp-block-heading\">A l\u00e9gkezel\u00e9s el\u0151nyei a f\u00e9mmegmunk\u00e1l\u00f3\/\u00f6nt\u00f6dei \u00e1gazatban<\/h2>\n\n<p>A leveg\u0151kezel\u00e9s az<strong> \u00f6nt\u00f6dei \u00e9s koh\u00e1szati \u00e1gazatban<\/strong> sz\u00e1mos jelent\u0151s el\u0151nnyel j\u00e1r. El\u0151sz\u00f6r is, jelent\u0151sen cs\u00f6kkenti az ill\u00e9kony szerves vegy\u00fcletek (VOC) kibocs\u00e1t\u00e1s\u00e1t \u00e9s a maggy\u00e1rt\u00e1s \u00e9s az olvadt f\u00e9m ki\u00f6nt\u00e9se sor\u00e1n keletkez\u0151 szagokat. A VOC-ok hat\u00e9kony felfog\u00e1s\u00e1val \u00e9s sz\u0171r\u00e9s\u00e9vel a forr\u00e1sn\u00e1l a l\u00e9gkezel\u00e9s hozz\u00e1j\u00e1rul a munkater\u00fcletek k\u00f6rnyezeti leveg\u0151min\u0151s\u00e9g\u00e9nek jav\u00edt\u00e1s\u00e1hoz.  <\/p>\n\n<p>Egy m\u00e1sik l\u00e9nyeges el\u0151ny a <strong>munkav\u00e1llal\u00f3k eg\u00e9szs\u00e9g\u00e9nek v\u00e9delme<\/strong>. A k\u00e1ros kibocs\u00e1t\u00e1soknak val\u00f3 kitetts\u00e9g cs\u00f6kkent\u00e9s\u00e9vel a l\u00e9gkezel\u00e9s megel\u0151zi az olyan eg\u00e9szs\u00e9g\u00fcgyi probl\u00e9m\u00e1kat, mint a l\u00e9g\u00fati irrit\u00e1ci\u00f3, b\u0151rallergia, neurol\u00f3giai rendelleness\u00e9gek \u00e9s kr\u00f3nikus l\u00e9gz\u00e9si probl\u00e9m\u00e1k. Emellett <strong>biztons\u00e1gosabb, eg\u00e9szs\u00e9gesebb munkak\u00f6rnyezetet<\/strong> teremt a munkav\u00e1llal\u00f3k sz\u00e1m\u00e1ra, hozz\u00e1j\u00e1rulva ezzel j\u00f3l\u00e9t\u00fckh\u00f6z \u00e9s termel\u00e9kenys\u00e9g\u00fckh\u00f6z.  <\/p>\n\n<p>A l\u00e9gkezel\u00e9s seg\u00edthet az \u00f6nt\u00f6d\u00e9knek \u00e9s a koh\u00e1szati v\u00e1llalatoknak abban is, hogy megfeleljenek a VOC-kibocs\u00e1t\u00e1sra vonatkoz\u00f3 szigor\u00fa el\u0151\u00edr\u00e1soknak. Ezen el\u0151\u00edr\u00e1sok betart\u00e1s\u00e1val a v\u00e1llalatok elker\u00fclhetik <strong>a lehets\u00e9ges b\u00fcntet\u00e9seket<\/strong>, \u00e9s meger\u0151s\u00edthetik t\u00e1rsadalmi \u00e9s k\u00f6rnyezeti felel\u0151ss\u00e9gv\u00e1llal\u00e1sukr\u00f3l alkotott k\u00e9p\u00fcket. <\/p>\n\n<p>\u00d6sszefoglalva, a leveg\u0151kezel\u00e9s az \u00f6nt\u00f6dei \u00e9s koh\u00e1szati \u00e1gazatban jelent\u0151s el\u0151ny\u00f6kkel j\u00e1r, a VOC-kibocs\u00e1t\u00e1s cs\u00f6kkent\u00e9s\u00e9t\u0151l kezdve a munkav\u00e1llal\u00f3k eg\u00e9szs\u00e9g\u00e9nek v\u00e9delm\u00e9n \u00e1t a munkak\u00f6rnyezet meg\u00f3v\u00e1s\u00e1ig. Ez alapvet\u0151 fontoss\u00e1g\u00fa int\u00e9zked\u00e9s a <strong>biztons\u00e1gos<\/strong>, eg\u00e9szs\u00e9ges \u00e9s k\u00f6rnyezetbar\u00e1t <strong>munkak\u00f6rnyezet megteremt\u00e9s\u00e9hez<\/strong>, mik\u00f6zben biztos\u00edtja a fenntarthat\u00f3s\u00e1got \u00e9s a jogszab\u00e1lyoknak val\u00f3 megfelel\u00e9st az ebben az ipari \u00e1gazatban m\u0171k\u00f6d\u0151 v\u00e1llalatok sz\u00e1m\u00e1ra. <\/p>\n\n<figure class=\"wp-block-image alignright size-full is-resized\"><img decoding=\"async\" width=\"166\" height=\"551\" src=\"https:\/\/obera.fr\/wp-content\/uploads\/2023\/12\/cartouche-charbon-actif.png\" alt=\"akt&#xED;vszenes patron\" class=\"wp-image-26494\" style=\"width:80px;height:auto\" srcset=\"https:\/\/obera.fr\/wp-content\/uploads\/2023\/12\/cartouche-charbon-actif.png 166w, https:\/\/obera.fr\/wp-content\/uploads\/2023\/12\/cartouche-charbon-actif-90x300.png 90w\" sizes=\"(max-width: 166px) 100vw, 166px\" \/><\/figure>\n\n<h2 class=\"wp-block-heading\">Az akt\u00edv sz\u00e9n hat\u00e9konys\u00e1ga a VOC-ok tekintet\u00e9ben<\/h2>\n\n<p>A Dustomat 4-24 portalan\u00edt\u00f3 megold\u00e1sunkban haszn\u00e1lt akt\u00edv sz\u00e9n rendk\u00edv\u00fcl hat\u00e9konyan <strong>t\u00e1vol\u00edtja el az ill\u00e9kony szerves vegy\u00fcleteket<\/strong> (VOC) \u00e9s a szagokat a leveg\u0151b\u0151l. A VOC-k olyan szerves k\u00e9miai vegy\u00fcletek, amelyek szobah\u0151m\u00e9rs\u00e9kleten k\u00f6nnyen elp\u00e1rolognak olyan forr\u00e1sokb\u00f3l, mint az old\u00f3szerek, tiszt\u00edt\u00f3szerek, fest\u00e9kek, b\u00fatorok \u00e9s sok m\u00e1s. Ezek az anyagok k\u00e1rosak lehetnek az emberi eg\u00e9szs\u00e9gre \u00e9s<strong> hozz\u00e1j\u00e1rulhatnak a leveg\u0151szennyez\u00e9shez<\/strong>.  <\/p>\n\n<p>Az akt\u00edv sz\u00e9n egy por\u00f3zus anyag, amely nagy fajlagos fel\u00fclettel rendelkezik, \u00edgy k\u00e9pes a leveg\u0151b\u0151l a VOC molekul\u00e1kat \u00e9s szagokat megk\u00f6tni \u00e9s adszorbe\u00e1lni. Ahogy a leveg\u0151 \u00e1thalad az akt\u00edv sz\u00e9nen, a<strong> VOC-molekul\u00e1kat<\/strong> a sz\u00e9n fel\u00fclet\u00e9n l\u00e9v\u0151 p\u00f3rusok felfogj\u00e1k, \u00e9s hat\u00e9konyan megk\u00f6tik azokat. Ez\u00e1ltal a VOC-ok sz\u00e9les sk\u00e1l\u00e1ja megsz\u0171nik, seg\u00edt megtiszt\u00edtani a leveg\u0151t \u00e9s cs\u00f6kkenti az ezen anyagok bel\u00e9legz\u00e9s\u00e9vel j\u00e1r\u00f3 eg\u00e9szs\u00e9g\u00fcgyi kock\u00e1zatokat.  <\/p>\n\n<blockquote class=\"wp-block-quote is-layout-flow wp-block-quote-is-layout-flow\">\n<p>Fedezze fel a<a href=\"https:\/\/obera.fr\/hu\/a-mi-tanacsunk\/cas-usage-traitement-formaldehydes-emballage-industriel\/\"> formaldehidek kezel\u00e9s\u00e9re vonatkoz\u00f3 \u00faj felhaszn\u00e1l\u00e1si eset\u00fcnket<\/a> egy ipari csomagol\u00e1si szak\u00e9rt\u0151n\u00e9l.<\/p>\n<\/blockquote>\n","protected":false},"excerpt":{"rendered":"<p>Volt szerencs\u00e9nk egy\u00fctt dolgozni egy \u00f6nt\u00f6dei \u00e9s megmunk\u00e1l\u00f3ipari \u00e1gazatra szakosodott \u00fcgyf\u00e9llel, aki egy nagy kih\u00edv\u00e1s megold\u00e1s\u00e1t k\u00e9rte t\u0151l\u00fcnk: az \u00f6nt\u00e9si z\u00f3n\u00e1ban az olvadt f\u00e9m ki\u00f6nt\u00e9se sor\u00e1n \u00e9s az \u00f6nt\u0151forma h\u0171t\u00e9si vonal\u00e1n kibocs\u00e1tott ill\u00e9kony szerves vegy\u00fcletek (VOC) kezel\u00e9s\u00e9t.<\/p>\n","protected":false},"author":4,"featured_media":84920,"comment_status":"open","ping_status":"closed","sticky":false,"template":"","format":"standard","meta":{"_acf_changed":false,"_seopress_robots_primary_cat":"none","_seopress_titles_title":"oberA felhaszn\u00e1l\u00e1si eset: VOC-kezel\u00e9s az \u00f6nt\u00f6dei \u00e9s koh\u00e1szati \u00e1gazatban","_seopress_titles_desc":"Fedezze fel a cov-kezel\u00e9ssel kapcsolatos felhaszn\u00e1l\u00e1si eset\u00fcnket egy \u00f6nt\u00f6dei \u00e9s megmunk\u00e1l\u00f3ipari \u00e1gazatra szakosodott \u00fcgyf\u00e9l sz\u00e1m\u00e1ra.","_seopress_robots_index":"","footnotes":""},"categories":[314],"tags":[323],"class_list":["post-85059","post","type-post","status-publish","format-standard","has-post-thumbnail","hentry","category-a-mi-tanacsunk","tag-entete-kicsi","generate-columns","tablet-grid-50","mobile-grid-100","grid-parent","grid-50","no-featured-image-padding","resize-featured-image"],"acf":[],"_links":{"self":[{"href":"https:\/\/obera.fr\/hu\/wp-json\/wp\/v2\/posts\/85059","targetHints":{"allow":["GET"]}}],"collection":[{"href":"https:\/\/obera.fr\/hu\/wp-json\/wp\/v2\/posts"}],"about":[{"href":"https:\/\/obera.fr\/hu\/wp-json\/wp\/v2\/types\/post"}],"author":[{"embeddable":true,"href":"https:\/\/obera.fr\/hu\/wp-json\/wp\/v2\/users\/4"}],"replies":[{"embeddable":true,"href":"https:\/\/obera.fr\/hu\/wp-json\/wp\/v2\/comments?post=85059"}],"version-history":[{"count":1,"href":"https:\/\/obera.fr\/hu\/wp-json\/wp\/v2\/posts\/85059\/revisions"}],"predecessor-version":[{"id":85086,"href":"https:\/\/obera.fr\/hu\/wp-json\/wp\/v2\/posts\/85059\/revisions\/85086"}],"wp:featuredmedia":[{"embeddable":true,"href":"https:\/\/obera.fr\/hu\/wp-json\/wp\/v2\/media\/84920"}],"wp:attachment":[{"href":"https:\/\/obera.fr\/hu\/wp-json\/wp\/v2\/media?parent=85059"}],"wp:term":[{"taxonomy":"category","embeddable":true,"href":"https:\/\/obera.fr\/hu\/wp-json\/wp\/v2\/categories?post=85059"},{"taxonomy":"post_tag","embeddable":true,"href":"https:\/\/obera.fr\/hu\/wp-json\/wp\/v2\/tags?post=85059"}],"curies":[{"name":"wp","href":"https:\/\/api.w.org\/{rel}","templated":true}]}}